{"id":30411,"date":"2020-05-01T12:15:00","date_gmt":"2020-05-01T10:15:00","guid":{"rendered":"https:\/\/marketingpamplonaenproceso.com\/bedda\/?p=30411"},"modified":"2024-01-25T15:44:35","modified_gmt":"2024-01-25T14:44:35","slug":"aprovecha-el-final-de-la-cuarentena-para-cuidar-tu-piel","status":"publish","type":"post","link":"https:\/\/agenciaseolocal.eu\/bedda\/aprovecha-el-final-de-la-cuarentena-para-cuidar-tu-piel\/","title":{"rendered":"Aprovecha el final de la cuarentena para cuidar tu piel"},"content":{"rendered":"\n<p>Si algo bueno tiene esta cuarentena, es que nuestra piel no sufre los efectos nocivos de la contaminaci\u00f3n ni de los rayos UVB, por lo que cuidarla ser\u00e1 mucho m\u00e1s r\u00e1pido y los productos resultar\u00e1n m\u00e1s efectivos.<\/p>\n\n\n\n<p>Al no salir pr\u00e1cticamente de casa,&nbsp;<strong>el rostro no sufre el efecto de agresores como la contaminaci\u00f3n<\/strong>, los rayos solares UV o la obstrucci\u00f3n producida por el maquillaje y la suciedad. Eso s\u00ed, la falta de ventilaci\u00f3n y el aire acondicionado pueden afectar al rostro, ya que si se tiene el aire acondicionado encendido muchas horas, habr\u00e1 alg\u00fan efecto negativo en la piel. Si es as\u00ed, las molestias que aparecer\u00e1n principalmente ser\u00e1n sequedad de piel por deshidrataci\u00f3n, volvi\u00e9ndola m\u00e1s sensible e irritable.<\/p>\n\n\n\n<p>Al respecto, r<strong>ecientemente se asoci\u00f3 a la luz azul al envejecimiento de la piel y a la aparici\u00f3n de manchas<\/strong>. Se ha visto que la luz de las pantallas promueve el estr\u00e9s oxidativo en las c\u00e9lulas de nuestra piel. Y esto provoca un envejecimiento prematuro y activa la generaci\u00f3n de la melanina, lo cual desencadena la aparici\u00f3n de manchas. Adem\u00e1s, este tipo de luz parece estar relacionado con la deshidrataci\u00f3n de la piel. Es por eso que para evitarlo,&nbsp;<strong>se debe aplicar en rostro protecci\u00f3n solar factor 50<\/strong>&nbsp;adem\u00e1s de reforzar los activos antioxidantes. Finalmente, si se nota la piel m\u00e1s reseca que de costumbre, se debe aumentar la frecuencia diaria de aplicaci\u00f3n de la crema hidratante y combinar con una humectante para retener por m\u00e1s tiempo la hidrataci\u00f3n.<\/p>\n\n\n\n<p>Es por ello que recomiendo un buen uso de los m\u00f3viles para evitar el envejecimiento prematuro facial y corporal.<\/p>\n\n\n\n<h3 class=\"wp-block-heading\"><strong>Los principales problemas est\u00e9ticos por el mal uso de los m\u00f3viles y las nuevas tecnolog\u00edas son:<\/strong><\/h3>\n\n\n\n<ul class=\"wp-block-list\">\n<li><strong><a href=\"https:\/\/agenciaseolocal.eu\/bedda\/tratamiento-ojeras-bolsas\/\">Las ojeras y las bolsas<\/a><\/strong>\u00a0por la sobreexposici\u00f3n a las pantallas; el sedentarismo y el sobrepeso, que potencian el riesgo cardiovascular.<\/li>\n\n\n\n<li>El incremento de la&nbsp;<strong>grasa localizada en el cuello<\/strong>, por la inclinaci\u00f3n constante de la cabeza para ver el m\u00f3vil.<\/li>\n\n\n\n<li>La&nbsp;<strong>flacidez<\/strong>&nbsp;en la cara interna de los brazos.<\/li>\n\n\n\n<li>Las&nbsp;<strong>lesiones en el cart\u00edlago auricular,<\/strong>&nbsp;por la presi\u00f3n del tel\u00e9fono sobre la oreja o por el uso de auriculares.<\/li>\n<\/ul>\n\n\n\n<p>En cualquier caso, una alimentaci\u00f3n poco adecuada, la falta de ejercicio y los problemas para que la piel respire pueden perjudicar su estado en estos d\u00edas.<\/p>\n\n\n\n<p>Con una hidrataci\u00f3n profunda con <a href=\"https:\/\/agenciaseolocal.eu\/bedda\/acido-hialuronico\/\">\u00e1cido hialur\u00f3nico<\/a>, sesiones de plasma rico en plaquetas entre otros tratamientos nos ayudar\u00e1n en la piel aportando mayor elasticidad, mejor\u00eda de la textura, reducci\u00f3n del poro y luminosidad&#8221;.<\/p>\n\n\n\n<p>Si te interesa la <a href=\"https:\/\/agenciaseolocal.eu\/bedda\/hidratacion-profunda\/\">hidrataci\u00f3n profunda<\/a>,\u00a0<strong>en<\/strong>\u00a0<strong><a href=\"https:\/\/agenciaseolocal.eu\/bedda\/\">Centros bedda<\/a> tenemos una oferta del 50% de descuento<\/strong>\u00a0para que la pruebes con toda la confianza y calidad de nuestros servicios.<\/p>\n","protected":false},"excerpt":{"rendered":"<p>Si algo bueno tiene esta cuarentena, es que nuestra piel no sufre los efectos nocivos de la contaminaci\u00f3n ni de los rayos UVB, por lo que cuidarla ser\u00e1 mucho m\u00e1s r\u00e1pido y los productos resultar\u00e1n m\u00e1s efectivos. Al no salir pr\u00e1cticamente de casa,&nbsp;el rostro no sufre el efecto de agresores como la contaminaci\u00f3n, los rayos [&hellip;]<\/p>\n","protected":false},"author":3,"featured_media":30412,"comment_status":"open","ping_status":"closed","sticky":false,"template":"","format":"standard","meta":{"_et_pb_use_builder":"off","_et_pb_old_content":"","_et_gb_content_width":"","_joinchat":[],"footnotes":""},"categories":[51],"tags":[],"class_list":["post-30411","post","type-post","status-publish","format-standard","has-post-thumbnail","hentry","category-blog"],"yoast_head":"<!-- This site is optimized with the Yoast SEO plugin v25.9 - https:\/\/yoast.com\/wordpress\/plugins\/seo\/ -->\n<title>Final de la cuarentena para cuidar tu piel | bedda<\/title>\n<meta name=\"description\" content=\"\u00bfQuieres aprovechar el final de la cuarentena para cuidar tu piel? Entra en el blog de Centros bedda y desc\u00fabre c\u00f3mo. \u00a1Te lo contamos!\" \/>\n<meta name=\"robots\" content=\"noindex, follow, max-snippet:-1, max-image-preview:large, max-video-preview:-1\" \/>\n<meta property=\"og:locale\" content=\"es_ES\" \/>\n<meta property=\"og:type\" content=\"article\" \/>\n<meta property=\"og:title\" content=\"Final de la cuarentena para cuidar tu piel | bedda\" \/>\n<meta property=\"og:description\" content=\"\u00bfQuieres aprovechar el final de la cuarentena para cuidar tu piel? Entra en el blog de Centros bedda y desc\u00fabre c\u00f3mo. \u00a1Te lo contamos!\" \/>\n<meta property=\"og:url\" content=\"https:\/\/agenciaseolocal.eu\/bedda\/aprovecha-el-final-de-la-cuarentena-para-cuidar-tu-piel\/\" \/>\n<meta property=\"og:site_name\" content=\"Centros bedda\" \/>\n<meta property=\"article:publisher\" content=\"https:\/\/www.facebook.com\/centrobedda\" \/>\n<meta property=\"article:published_time\" content=\"2020-05-01T10:15:00+00:00\" \/>\n<meta property=\"article:modified_time\" content=\"2024-01-25T14:44:35+00:00\" \/>\n<meta property=\"og:image\" content=\"https:\/\/agenciaseolocal.eu\/bedda\/wp-content\/uploads\/2023\/06\/cuarentena-cuidar-tu-piel.jpg\" \/>\n\t<meta property=\"og:image:width\" content=\"1000\" \/>\n\t<meta property=\"og:image:height\" content=\"667\" \/>\n\t<meta property=\"og:image:type\" content=\"image\/jpeg\" \/>\n<meta name=\"author\" content=\"Centros bedda\" \/>\n<meta name=\"twitter:card\" content=\"summary_large_image\" \/>\n<meta name=\"twitter:creator\" content=\"@centrosbedda\" \/>\n<meta name=\"twitter:site\" content=\"@centrosbedda\" \/>\n<meta name=\"twitter:label1\" content=\"Escrito por\" \/>\n\t<meta name=\"twitter:data1\" content=\"Centros bedda\" \/>\n\t<meta name=\"twitter:label2\" content=\"Tiempo de lectura\" \/>\n\t<meta name=\"twitter:data2\" content=\"3 minutos\" \/>\n<!-- \/ Yoast SEO plugin. -->","yoast_head_json":{"title":"Final de la cuarentena para cuidar tu piel | bedda","description":"\u00bfQuieres aprovechar el final de la cuarentena para cuidar tu piel? Entra en el blog de Centros bedda y desc\u00fabre c\u00f3mo. \u00a1Te lo contamos!","robots":{"index":"noindex","follow":"follow","max-snippet":"max-snippet:-1","max-image-preview":"max-image-preview:large","max-video-preview":"max-video-preview:-1"},"og_locale":"es_ES","og_type":"article","og_title":"Final de la cuarentena para cuidar tu piel | bedda","og_description":"\u00bfQuieres aprovechar el final de la cuarentena para cuidar tu piel? Entra en el blog de Centros bedda y desc\u00fabre c\u00f3mo. \u00a1Te lo contamos!","og_url":"https:\/\/agenciaseolocal.eu\/bedda\/aprovecha-el-final-de-la-cuarentena-para-cuidar-tu-piel\/","og_site_name":"Centros bedda","article_publisher":"https:\/\/www.facebook.com\/centrobedda","article_published_time":"2020-05-01T10:15:00+00:00","article_modified_time":"2024-01-25T14:44:35+00:00","og_image":[{"width":1000,"height":667,"url":"https:\/\/agenciaseolocal.eu\/bedda\/wp-content\/uploads\/2023\/06\/cuarentena-cuidar-tu-piel.jpg","type":"image\/jpeg"}],"author":"Centros bedda","twitter_card":"summary_large_image","twitter_creator":"@centrosbedda","twitter_site":"@centrosbedda","twitter_misc":{"Escrito por":"Centros bedda","Tiempo de lectura":"3 minutos"},"schema":{"@context":"https:\/\/schema.org","@graph":[{"@type":"Article","@id":"https:\/\/agenciaseolocal.eu\/bedda\/aprovecha-el-final-de-la-cuarentena-para-cuidar-tu-piel\/#article","isPartOf":{"@id":"https:\/\/agenciaseolocal.eu\/bedda\/aprovecha-el-final-de-la-cuarentena-para-cuidar-tu-piel\/"},"author":{"name":"Centros bedda","@id":"https:\/\/agenciaseolocal.eu\/bedda\/#\/schema\/person\/ca3010faf67f189fd2de8d61a763fc8b"},"headline":"Aprovecha el final de la cuarentena para cuidar tu piel","datePublished":"2020-05-01T10:15:00+00:00","dateModified":"2024-01-25T14:44:35+00:00","mainEntityOfPage":{"@id":"https:\/\/agenciaseolocal.eu\/bedda\/aprovecha-el-final-de-la-cuarentena-para-cuidar-tu-piel\/"},"wordCount":503,"commentCount":0,"publisher":{"@id":"https:\/\/agenciaseolocal.eu\/bedda\/#organization"},"image":{"@id":"https:\/\/agenciaseolocal.eu\/bedda\/aprovecha-el-final-de-la-cuarentena-para-cuidar-tu-piel\/#primaryimage"},"thumbnailUrl":"https:\/\/agenciaseolocal.eu\/bedda\/wp-content\/uploads\/2023\/06\/cuarentena-cuidar-tu-piel.jpg","articleSection":["Blog"],"inLanguage":"es","potentialAction":[{"@type":"CommentAction","name":"Comment","target":["https:\/\/agenciaseolocal.eu\/bedda\/aprovecha-el-final-de-la-cuarentena-para-cuidar-tu-piel\/#respond"]}]},{"@type":"WebPage","@id":"https:\/\/agenciaseolocal.eu\/bedda\/aprovecha-el-final-de-la-cuarentena-para-cuidar-tu-piel\/","url":"https:\/\/agenciaseolocal.eu\/bedda\/aprovecha-el-final-de-la-cuarentena-para-cuidar-tu-piel\/","name":"Final de la cuarentena para cuidar tu piel | bedda","isPartOf":{"@id":"https:\/\/agenciaseolocal.eu\/bedda\/#website"},"primaryImageOfPage":{"@id":"https:\/\/agenciaseolocal.eu\/bedda\/aprovecha-el-final-de-la-cuarentena-para-cuidar-tu-piel\/#primaryimage"},"image":{"@id":"https:\/\/agenciaseolocal.eu\/bedda\/aprovecha-el-final-de-la-cuarentena-para-cuidar-tu-piel\/#primaryimage"},"thumbnailUrl":"https:\/\/agenciaseolocal.eu\/bedda\/wp-content\/uploads\/2023\/06\/cuarentena-cuidar-tu-piel.jpg","datePublished":"2020-05-01T10:15:00+00:00","dateModified":"2024-01-25T14:44:35+00:00","description":"\u00bfQuieres aprovechar el final de la cuarentena para cuidar tu piel? Entra en el blog de Centros bedda y desc\u00fabre c\u00f3mo. \u00a1Te lo contamos!","breadcrumb":{"@id":"https:\/\/agenciaseolocal.eu\/bedda\/aprovecha-el-final-de-la-cuarentena-para-cuidar-tu-piel\/#breadcrumb"},"inLanguage":"es","potentialAction":[{"@type":"ReadAction","target":["https:\/\/agenciaseolocal.eu\/bedda\/aprovecha-el-final-de-la-cuarentena-para-cuidar-tu-piel\/"]}]},{"@type":"ImageObject","inLanguage":"es","@id":"https:\/\/agenciaseolocal.eu\/bedda\/aprovecha-el-final-de-la-cuarentena-para-cuidar-tu-piel\/#primaryimage","url":"https:\/\/agenciaseolocal.eu\/bedda\/wp-content\/uploads\/2023\/06\/cuarentena-cuidar-tu-piel.jpg","contentUrl":"https:\/\/agenciaseolocal.eu\/bedda\/wp-content\/uploads\/2023\/06\/cuarentena-cuidar-tu-piel.jpg","width":1000,"height":667,"caption":"Aprovecha el final de la cuarentena para cuidar tu piel"},{"@type":"BreadcrumbList","@id":"https:\/\/agenciaseolocal.eu\/bedda\/aprovecha-el-final-de-la-cuarentena-para-cuidar-tu-piel\/#breadcrumb","itemListElement":[{"@type":"ListItem","position":1,"name":"Portada","item":"https:\/\/agenciaseolocal.eu\/bedda\/"},{"@type":"ListItem","position":2,"name":"Aprovecha el final de la cuarentena para cuidar tu piel"}]},{"@type":"WebSite","@id":"https:\/\/agenciaseolocal.eu\/bedda\/#website","url":"https:\/\/agenciaseolocal.eu\/bedda\/","name":"Centros bedda","description":"Centro de depilaci\u00f3n l\u00e1ser","publisher":{"@id":"https:\/\/agenciaseolocal.eu\/bedda\/#organization"},"potentialAction":[{"@type":"SearchAction","target":{"@type":"EntryPoint","urlTemplate":"https:\/\/agenciaseolocal.eu\/bedda\/?s={search_term_string}"},"query-input":{"@type":"PropertyValueSpecification","valueRequired":true,"valueName":"search_term_string"}}],"inLanguage":"es"},{"@type":"Organization","@id":"https:\/\/agenciaseolocal.eu\/bedda\/#organization","name":"Centros bedda","url":"https:\/\/agenciaseolocal.eu\/bedda\/","logo":{"@type":"ImageObject","inLanguage":"es","@id":"https:\/\/agenciaseolocal.eu\/bedda\/#\/schema\/logo\/image\/","url":"https:\/\/agenciaseolocal.eu\/bedda\/wp-content\/uploads\/2024\/04\/centros-bedda-depilacion-laser-logo.png","contentUrl":"https:\/\/agenciaseolocal.eu\/bedda\/wp-content\/uploads\/2024\/04\/centros-bedda-depilacion-laser-logo.png","width":220,"height":220,"caption":"Centros bedda"},"image":{"@id":"https:\/\/agenciaseolocal.eu\/bedda\/#\/schema\/logo\/image\/"},"sameAs":["https:\/\/www.facebook.com\/centrobedda","https:\/\/x.com\/centrosbedda","https:\/\/www.youtube.com\/channel\/UCV57tDnQcnHfTici1funk4g?app=desktop","https:\/\/www.instagram.com\/centrosbedda\/","https:\/\/www.linkedin.com\/company\/centros-bedda\/"]},{"@type":"Person","@id":"https:\/\/agenciaseolocal.eu\/bedda\/#\/schema\/person\/ca3010faf67f189fd2de8d61a763fc8b","name":"Centros bedda","image":{"@type":"ImageObject","inLanguage":"es","@id":"https:\/\/agenciaseolocal.eu\/bedda\/#\/schema\/person\/image\/","url":"https:\/\/secure.gravatar.com\/avatar\/ea1f00b0a249719594f6b50ee5d3214c2c192531d8f80f789208e2aa9605ac08?s=96&d=mm&r=g","contentUrl":"https:\/\/secure.gravatar.com\/avatar\/ea1f00b0a249719594f6b50ee5d3214c2c192531d8f80f789208e2aa9605ac08?s=96&d=mm&r=g","caption":"Centros bedda"},"url":"https:\/\/agenciaseolocal.eu\/bedda\/author\/mktpmp_gedfwb31y\/"}]}},"_links":{"self":[{"href":"https:\/\/agenciaseolocal.eu\/bedda\/wp-json\/wp\/v2\/posts\/30411","targetHints":{"allow":["GET"]}}],"collection":[{"href":"https:\/\/agenciaseolocal.eu\/bedda\/wp-json\/wp\/v2\/posts"}],"about":[{"href":"https:\/\/agenciaseolocal.eu\/bedda\/wp-json\/wp\/v2\/types\/post"}],"author":[{"embeddable":true,"href":"https:\/\/agenciaseolocal.eu\/bedda\/wp-json\/wp\/v2\/users\/3"}],"replies":[{"embeddable":true,"href":"https:\/\/agenciaseolocal.eu\/bedda\/wp-json\/wp\/v2\/comments?post=30411"}],"version-history":[{"count":1,"href":"https:\/\/agenciaseolocal.eu\/bedda\/wp-json\/wp\/v2\/posts\/30411\/revisions"}],"predecessor-version":[{"id":987514305,"href":"https:\/\/agenciaseolocal.eu\/bedda\/wp-json\/wp\/v2\/posts\/30411\/revisions\/987514305"}],"wp:featuredmedia":[{"embeddable":true,"href":"https:\/\/agenciaseolocal.eu\/bedda\/wp-json\/wp\/v2\/media\/30412"}],"wp:attachment":[{"href":"https:\/\/agenciaseolocal.eu\/bedda\/wp-json\/wp\/v2\/media?parent=30411"}],"wp:term":[{"taxonomy":"category","embeddable":true,"href":"https:\/\/agenciaseolocal.eu\/bedda\/wp-json\/wp\/v2\/categories?post=30411"},{"taxonomy":"post_tag","embeddable":true,"href":"https:\/\/agenciaseolocal.eu\/bedda\/wp-json\/wp\/v2\/tags?post=30411"}],"curies":[{"name":"wp","href":"https:\/\/api.w.org\/{rel}","templated":true}]}}