{"id":30421,"date":"2020-06-04T12:26:00","date_gmt":"2020-06-04T10:26:00","guid":{"rendered":"https:\/\/marketingpamplonaenproceso.com\/bedda\/?p=30421"},"modified":"2024-02-21T11:51:38","modified_gmt":"2024-02-21T10:51:38","slug":"laser-diodo-la-solucion-para-terminar-con-el-vello-facial","status":"publish","type":"post","link":"https:\/\/agenciaseolocal.eu\/bedda\/laser-diodo-la-solucion-para-terminar-con-el-vello-facial\/","title":{"rendered":"L\u00e1ser diodo, la soluci\u00f3n para terminar con el vello facial"},"content":{"rendered":"\n<p>S\u00ed,\u00a0<strong>es posible eliminar permanentemente el vello facial gracias al l\u00e1ser diodo<\/strong>. Sea cual sea el motivo como, por ejemplo, s\u00edndrome del ovario poliqu\u00edstico o el popular &#8220;cuello ejecutivo&#8221; entre los hombres, en <a href=\"https:\/\/agenciaseolocal.eu\/bedda\/\">Centro Bedda<\/a> podr\u00e1s olvidarte del vello indeseado gracias a la depilaci\u00f3n eficaz e indolora con los equipos\u00a0<strong><em>Leaseir<\/em><\/strong>.<\/p>\n\n\n\n<h2 class=\"wp-block-heading\"><strong>ELIMINAR EL VELLO FACIAL, MUCHO M\u00c1S QUE UNA CUESTI\u00d3N EST\u00c9TICA<\/strong><\/h2>\n\n\n\n<p>Para muchas personas es un problema que genera inseguridad, verg\u00fcenza e incluso puede afectar a la vida social y laboral. En algunos casos puede generar problemas psicol\u00f3gicos importantes, as\u00ed como de salud emocional.<br><br>Problem\u00e1ticas de salud (s\u00edndrome del ovario poliqu\u00edstico que provoca hirsutismo), cuestiones gen\u00e9ticas, algunos tratamientos m\u00e9dicos con f\u00e1rmacos, el uso de anabolizantes\u2026\u00a0<strong>provocan un aumento indeseado del vello facial.<\/strong><br><br>Si te encuentras en dicha situaci\u00f3n y quieres ponerle punto final, toma las riendas y\u00a0<strong>elim\u00ednalo definitivamente<\/strong>. Olv\u00eddate de las leyendas urbanas sobre la depilaci\u00f3n l\u00e1ser y conf\u00eda en nuestros especialistas para atajar el problema.<\/p>\n\n\n\n<p>Somos expertos en <a href=\"https:\/\/agenciaseolocal.eu\/bedda\/tratamientos\/depilacion-laser-facial-mujer\/\">depilaci\u00f3n l\u00e1ser facial para mujer<\/a> y adem\u00e1s realizamos depilaci\u00f3n l\u00e1ser por zonas: <a href=\"https:\/\/agenciaseolocal.eu\/bedda\/tratamientos\/depilacion-laser-patillas-mujer\/\">patillas<\/a>, <a href=\"https:\/\/agenciaseolocal.eu\/bedda\/tratamientos\/depilacion-laser-labio-superior-mujer\/\">labio superior<\/a>, <a href=\"https:\/\/agenciaseolocal.eu\/bedda\/tratamientos\/depilacion-laser-cuello-mujer\/\">cuello<\/a>, <a href=\"https:\/\/agenciaseolocal.eu\/bedda\/tratamientos\/depilacion-laser-entrecejo-mujer\/\">entrecejo<\/a>, <a href=\"https:\/\/agenciaseolocal.eu\/bedda\/tratamientos\/depilacion-laser-menton-mujer\/\">ment\u00f3n<\/a>, <a href=\"https:\/\/agenciaseolocal.eu\/bedda\/tratamientos\/depilacion-laser-nariz-mujer\/\">nariz<\/a>&#8230; <\/p>\n\n\n\n<p>Tambi\u00e9n realizamos depilaci\u00f3n l\u00e1ser facial en hombres en zonas como la <a href=\"https:\/\/agenciaseolocal.eu\/bedda\/tratamientos\/depilacion-laser-barba-hombre\/\">barba<\/a>, <a href=\"https:\/\/agenciaseolocal.eu\/bedda\/tratamientos\/depilacion-laser-nariz-hombre\/\">nariz<\/a>, <a href=\"https:\/\/agenciaseolocal.eu\/bedda\/tratamientos\/depilacion-laser-mejillas-hombre\/\">mejillas<\/a>, <a href=\"https:\/\/agenciaseolocal.eu\/bedda\/tratamientos\/depilacion-laser-prolongacion-menton-hombre\/\">prolongaci\u00f3n del ment\u00f3n<\/a>, <a href=\"https:\/\/agenciaseolocal.eu\/bedda\/tratamientos\/depilacion-laser-orejas-hombre\/\">orejas<\/a>, etc.<\/p>\n\n\n\n<h2 class=\"wp-block-heading\"><strong>POR QU\u00c9 ELEGIR LA DEPILACI\u00d3N CON L\u00c1SER DIODO<\/strong><\/h2>\n\n\n\n<p>Sin duda alguna, es el mejor m\u00e9todo para eliminar de una vez por todas la vellosidad que tanto te molesta por las siguientes razones:<\/p>\n\n\n\n<ul class=\"wp-block-list\">\n<li>Produce una&nbsp;<strong>destrucci\u00f3n permanente<\/strong>&nbsp;del fol\u00edculo piloso. Esto quiere decir que cada vello eliminado no vuelve a crecer.<\/li>\n\n\n\n<li><strong>R\u00e1pida e indolora<\/strong>. En Centros bedda utilizamos los equipos Leaiser, la tecnolog\u00eda m\u00e1s avanzada y potente del mercado con un sistema de fr\u00edo \u00fanico, que mantiene la parte que est\u00e1 en contacto con la piel a 0\u00ba, generando as\u00ed un efecto anest\u00e9sico.<\/li>\n\n\n\n<li><strong>Econ\u00f3mica<\/strong>. Al necesitar menos sesiones y lograr eliminar el vello facial para siempre es una soluci\u00f3n mucho m\u00e1s econ\u00f3mica que el resto de los m\u00e9todos de depilaci\u00f3n.<\/li>\n<\/ul>\n\n\n\n<p>En Centros bedda llevamos a cabo esta depilaci\u00f3n con l\u00e1ser diodo gracias al personal cualificado y especializado del cual disponemos, entendiendo las particularidades de cada tipo de piel y planteando el tratamiento m\u00e1s efectivo para la eliminaci\u00f3n permanente del vello.<\/p>\n","protected":false},"excerpt":{"rendered":"<p>S\u00ed,\u00a0es posible eliminar permanentemente el vello facial gracias al l\u00e1ser diodo. Sea cual sea el motivo como, por ejemplo, s\u00edndrome del ovario poliqu\u00edstico o el popular &#8220;cuello ejecutivo&#8221; entre los hombres, en Centro Bedda podr\u00e1s olvidarte del vello indeseado gracias a la depilaci\u00f3n eficaz e indolora con los equipos\u00a0Leaseir. ELIMINAR EL VELLO FACIAL, MUCHO M\u00c1S [&hellip;]<\/p>\n","protected":false},"author":3,"featured_media":30422,"comment_status":"open","ping_status":"closed","sticky":false,"template":"","format":"standard","meta":{"_et_pb_use_builder":"off","_et_pb_old_content":"","_et_gb_content_width":"","_joinchat":[],"footnotes":""},"categories":[51,65],"tags":[],"class_list":["post-30421","post","type-post","status-publish","format-standard","has-post-thumbnail","hentry","category-blog","category-depilacion"],"yoast_head":"<!-- This site is optimized with the Yoast SEO plugin v25.9 - https:\/\/yoast.com\/wordpress\/plugins\/seo\/ -->\n<title>L\u00e1ser diodo para terminar con el vello facial | bedda<\/title>\n<meta name=\"description\" content=\"En este art\u00edculo te respondemos a si el l\u00e1ser diodo es la soluci\u00f3n para terminar con el vello facial. Entra en el blog y desc\u00fabrelo.\" \/>\n<meta name=\"robots\" content=\"noindex, follow, max-snippet:-1, max-image-preview:large, max-video-preview:-1\" \/>\n<meta property=\"og:locale\" content=\"es_ES\" \/>\n<meta property=\"og:type\" content=\"article\" \/>\n<meta property=\"og:title\" content=\"L\u00e1ser diodo para terminar con el vello facial | bedda\" \/>\n<meta property=\"og:description\" content=\"En este art\u00edculo te respondemos a si el l\u00e1ser diodo es la soluci\u00f3n para terminar con el vello facial. Entra en el blog y desc\u00fabrelo.\" \/>\n<meta property=\"og:url\" content=\"https:\/\/agenciaseolocal.eu\/bedda\/laser-diodo-la-solucion-para-terminar-con-el-vello-facial\/\" \/>\n<meta property=\"og:site_name\" content=\"Centros bedda\" \/>\n<meta property=\"article:publisher\" content=\"https:\/\/www.facebook.com\/centrobedda\" \/>\n<meta property=\"article:published_time\" content=\"2020-06-04T10:26:00+00:00\" \/>\n<meta property=\"article:modified_time\" content=\"2024-02-21T10:51:38+00:00\" \/>\n<meta property=\"og:image\" content=\"https:\/\/agenciaseolocal.eu\/bedda\/wp-content\/uploads\/2023\/06\/laser-diodo-como-solucion-vello-facial.jpg\" \/>\n\t<meta property=\"og:image:width\" content=\"1000\" \/>\n\t<meta property=\"og:image:height\" content=\"667\" \/>\n\t<meta property=\"og:image:type\" content=\"image\/jpeg\" \/>\n<meta name=\"author\" content=\"Centros bedda\" \/>\n<meta name=\"twitter:card\" content=\"summary_large_image\" \/>\n<meta name=\"twitter:creator\" content=\"@centrosbedda\" \/>\n<meta name=\"twitter:site\" content=\"@centrosbedda\" \/>\n<meta name=\"twitter:label1\" content=\"Escrito por\" \/>\n\t<meta name=\"twitter:data1\" content=\"Centros bedda\" \/>\n\t<meta name=\"twitter:label2\" content=\"Tiempo de lectura\" \/>\n\t<meta name=\"twitter:data2\" content=\"2 minutos\" \/>\n<!-- \/ Yoast SEO plugin. -->","yoast_head_json":{"title":"L\u00e1ser diodo para terminar con el vello facial | bedda","description":"En este art\u00edculo te respondemos a si el l\u00e1ser diodo es la soluci\u00f3n para terminar con el vello facial. Entra en el blog y desc\u00fabrelo.","robots":{"index":"noindex","follow":"follow","max-snippet":"max-snippet:-1","max-image-preview":"max-image-preview:large","max-video-preview":"max-video-preview:-1"},"og_locale":"es_ES","og_type":"article","og_title":"L\u00e1ser diodo para terminar con el vello facial | bedda","og_description":"En este art\u00edculo te respondemos a si el l\u00e1ser diodo es la soluci\u00f3n para terminar con el vello facial. Entra en el blog y desc\u00fabrelo.","og_url":"https:\/\/agenciaseolocal.eu\/bedda\/laser-diodo-la-solucion-para-terminar-con-el-vello-facial\/","og_site_name":"Centros bedda","article_publisher":"https:\/\/www.facebook.com\/centrobedda","article_published_time":"2020-06-04T10:26:00+00:00","article_modified_time":"2024-02-21T10:51:38+00:00","og_image":[{"width":1000,"height":667,"url":"https:\/\/agenciaseolocal.eu\/bedda\/wp-content\/uploads\/2023\/06\/laser-diodo-como-solucion-vello-facial.jpg","type":"image\/jpeg"}],"author":"Centros bedda","twitter_card":"summary_large_image","twitter_creator":"@centrosbedda","twitter_site":"@centrosbedda","twitter_misc":{"Escrito por":"Centros bedda","Tiempo de lectura":"2 minutos"},"schema":{"@context":"https:\/\/schema.org","@graph":[{"@type":"Article","@id":"https:\/\/agenciaseolocal.eu\/bedda\/laser-diodo-la-solucion-para-terminar-con-el-vello-facial\/#article","isPartOf":{"@id":"https:\/\/agenciaseolocal.eu\/bedda\/laser-diodo-la-solucion-para-terminar-con-el-vello-facial\/"},"author":{"name":"Centros bedda","@id":"https:\/\/agenciaseolocal.eu\/bedda\/#\/schema\/person\/ca3010faf67f189fd2de8d61a763fc8b"},"headline":"L\u00e1ser diodo, la soluci\u00f3n para terminar con el vello facial","datePublished":"2020-06-04T10:26:00+00:00","dateModified":"2024-02-21T10:51:38+00:00","mainEntityOfPage":{"@id":"https:\/\/agenciaseolocal.eu\/bedda\/laser-diodo-la-solucion-para-terminar-con-el-vello-facial\/"},"wordCount":423,"commentCount":0,"publisher":{"@id":"https:\/\/agenciaseolocal.eu\/bedda\/#organization"},"image":{"@id":"https:\/\/agenciaseolocal.eu\/bedda\/laser-diodo-la-solucion-para-terminar-con-el-vello-facial\/#primaryimage"},"thumbnailUrl":"https:\/\/agenciaseolocal.eu\/bedda\/wp-content\/uploads\/2023\/06\/laser-diodo-como-solucion-vello-facial.jpg","articleSection":["Blog","Depilaci\u00f3n"],"inLanguage":"es","potentialAction":[{"@type":"CommentAction","name":"Comment","target":["https:\/\/agenciaseolocal.eu\/bedda\/laser-diodo-la-solucion-para-terminar-con-el-vello-facial\/#respond"]}]},{"@type":"WebPage","@id":"https:\/\/agenciaseolocal.eu\/bedda\/laser-diodo-la-solucion-para-terminar-con-el-vello-facial\/","url":"https:\/\/agenciaseolocal.eu\/bedda\/laser-diodo-la-solucion-para-terminar-con-el-vello-facial\/","name":"L\u00e1ser diodo para terminar con el vello facial | bedda","isPartOf":{"@id":"https:\/\/agenciaseolocal.eu\/bedda\/#website"},"primaryImageOfPage":{"@id":"https:\/\/agenciaseolocal.eu\/bedda\/laser-diodo-la-solucion-para-terminar-con-el-vello-facial\/#primaryimage"},"image":{"@id":"https:\/\/agenciaseolocal.eu\/bedda\/laser-diodo-la-solucion-para-terminar-con-el-vello-facial\/#primaryimage"},"thumbnailUrl":"https:\/\/agenciaseolocal.eu\/bedda\/wp-content\/uploads\/2023\/06\/laser-diodo-como-solucion-vello-facial.jpg","datePublished":"2020-06-04T10:26:00+00:00","dateModified":"2024-02-21T10:51:38+00:00","description":"En este art\u00edculo te respondemos a si el l\u00e1ser diodo es la soluci\u00f3n para terminar con el vello facial. Entra en el blog y desc\u00fabrelo.","breadcrumb":{"@id":"https:\/\/agenciaseolocal.eu\/bedda\/laser-diodo-la-solucion-para-terminar-con-el-vello-facial\/#breadcrumb"},"inLanguage":"es","potentialAction":[{"@type":"ReadAction","target":["https:\/\/agenciaseolocal.eu\/bedda\/laser-diodo-la-solucion-para-terminar-con-el-vello-facial\/"]}]},{"@type":"ImageObject","inLanguage":"es","@id":"https:\/\/agenciaseolocal.eu\/bedda\/laser-diodo-la-solucion-para-terminar-con-el-vello-facial\/#primaryimage","url":"https:\/\/agenciaseolocal.eu\/bedda\/wp-content\/uploads\/2023\/06\/laser-diodo-como-solucion-vello-facial.jpg","contentUrl":"https:\/\/agenciaseolocal.eu\/bedda\/wp-content\/uploads\/2023\/06\/laser-diodo-como-solucion-vello-facial.jpg","width":1000,"height":667,"caption":"L\u00e1ser diodo, la soluci\u00f3n para terminar con el vello facial"},{"@type":"BreadcrumbList","@id":"https:\/\/agenciaseolocal.eu\/bedda\/laser-diodo-la-solucion-para-terminar-con-el-vello-facial\/#breadcrumb","itemListElement":[{"@type":"ListItem","position":1,"name":"Portada","item":"https:\/\/agenciaseolocal.eu\/bedda\/"},{"@type":"ListItem","position":2,"name":"L\u00e1ser diodo, la soluci\u00f3n para terminar con el vello facial"}]},{"@type":"WebSite","@id":"https:\/\/agenciaseolocal.eu\/bedda\/#website","url":"https:\/\/agenciaseolocal.eu\/bedda\/","name":"Centros bedda","description":"Centro de depilaci\u00f3n l\u00e1ser","publisher":{"@id":"https:\/\/agenciaseolocal.eu\/bedda\/#organization"},"potentialAction":[{"@type":"SearchAction","target":{"@type":"EntryPoint","urlTemplate":"https:\/\/agenciaseolocal.eu\/bedda\/?s={search_term_string}"},"query-input":{"@type":"PropertyValueSpecification","valueRequired":true,"valueName":"search_term_string"}}],"inLanguage":"es"},{"@type":"Organization","@id":"https:\/\/agenciaseolocal.eu\/bedda\/#organization","name":"Centros bedda","url":"https:\/\/agenciaseolocal.eu\/bedda\/","logo":{"@type":"ImageObject","inLanguage":"es","@id":"https:\/\/agenciaseolocal.eu\/bedda\/#\/schema\/logo\/image\/","url":"https:\/\/agenciaseolocal.eu\/bedda\/wp-content\/uploads\/2024\/04\/centros-bedda-depilacion-laser-logo.png","contentUrl":"https:\/\/agenciaseolocal.eu\/bedda\/wp-content\/uploads\/2024\/04\/centros-bedda-depilacion-laser-logo.png","width":220,"height":220,"caption":"Centros bedda"},"image":{"@id":"https:\/\/agenciaseolocal.eu\/bedda\/#\/schema\/logo\/image\/"},"sameAs":["https:\/\/www.facebook.com\/centrobedda","https:\/\/x.com\/centrosbedda","https:\/\/www.youtube.com\/channel\/UCV57tDnQcnHfTici1funk4g?app=desktop","https:\/\/www.instagram.com\/centrosbedda\/","https:\/\/www.linkedin.com\/company\/centros-bedda\/"]},{"@type":"Person","@id":"https:\/\/agenciaseolocal.eu\/bedda\/#\/schema\/person\/ca3010faf67f189fd2de8d61a763fc8b","name":"Centros bedda","image":{"@type":"ImageObject","inLanguage":"es","@id":"https:\/\/agenciaseolocal.eu\/bedda\/#\/schema\/person\/image\/","url":"https:\/\/secure.gravatar.com\/avatar\/ea1f00b0a249719594f6b50ee5d3214c2c192531d8f80f789208e2aa9605ac08?s=96&d=mm&r=g","contentUrl":"https:\/\/secure.gravatar.com\/avatar\/ea1f00b0a249719594f6b50ee5d3214c2c192531d8f80f789208e2aa9605ac08?s=96&d=mm&r=g","caption":"Centros bedda"},"url":"https:\/\/agenciaseolocal.eu\/bedda\/author\/mktpmp_gedfwb31y\/"}]}},"_links":{"self":[{"href":"https:\/\/agenciaseolocal.eu\/bedda\/wp-json\/wp\/v2\/posts\/30421","targetHints":{"allow":["GET"]}}],"collection":[{"href":"https:\/\/agenciaseolocal.eu\/bedda\/wp-json\/wp\/v2\/posts"}],"about":[{"href":"https:\/\/agenciaseolocal.eu\/bedda\/wp-json\/wp\/v2\/types\/post"}],"author":[{"embeddable":true,"href":"https:\/\/agenciaseolocal.eu\/bedda\/wp-json\/wp\/v2\/users\/3"}],"replies":[{"embeddable":true,"href":"https:\/\/agenciaseolocal.eu\/bedda\/wp-json\/wp\/v2\/comments?post=30421"}],"version-history":[{"count":2,"href":"https:\/\/agenciaseolocal.eu\/bedda\/wp-json\/wp\/v2\/posts\/30421\/revisions"}],"predecessor-version":[{"id":987514338,"href":"https:\/\/agenciaseolocal.eu\/bedda\/wp-json\/wp\/v2\/posts\/30421\/revisions\/987514338"}],"wp:featuredmedia":[{"embeddable":true,"href":"https:\/\/agenciaseolocal.eu\/bedda\/wp-json\/wp\/v2\/media\/30422"}],"wp:attachment":[{"href":"https:\/\/agenciaseolocal.eu\/bedda\/wp-json\/wp\/v2\/media?parent=30421"}],"wp:term":[{"taxonomy":"category","embeddable":true,"href":"https:\/\/agenciaseolocal.eu\/bedda\/wp-json\/wp\/v2\/categories?post=30421"},{"taxonomy":"post_tag","embeddable":true,"href":"https:\/\/agenciaseolocal.eu\/bedda\/wp-json\/wp\/v2\/tags?post=30421"}],"curies":[{"name":"wp","href":"https:\/\/api.w.org\/{rel}","templated":true}]}}