{"id":30429,"date":"2020-09-07T12:38:00","date_gmt":"2020-09-07T10:38:00","guid":{"rendered":"https:\/\/marketingpamplonaenproceso.com\/bedda\/?p=30429"},"modified":"2024-01-29T12:46:13","modified_gmt":"2024-01-29T11:46:13","slug":"como-revivir-tu-piel-despues-del-verano","status":"publish","type":"post","link":"https:\/\/agenciaseolocal.eu\/bedda\/como-revivir-tu-piel-despues-del-verano\/","title":{"rendered":"\u00bfC\u00f3mo revivir tu piel despu\u00e9s del verano?"},"content":{"rendered":"\n<p>Nuestra doctora\u00a0<strong>Ninibeth Montezuma Diaz<\/strong>\u00a0nos habla en el blog de <a href=\"https:\/\/agenciaseolocal.eu\/bedda\/\">Centros bedda<\/a> de hoy acerca de un tratamiento fabuloso para\u00a0<strong>revivir nuestra piel despu\u00e9s del verano<\/strong>.<\/p>\n\n\n\n<p>La prevenci\u00f3n siempre supera a una cura, por eso la combinaci\u00f3n de <a href=\"https:\/\/agenciaseolocal.eu\/bedda\/acido-hialuronico\/\">\u00e1cido hialur\u00f3nico<\/a> y glicerol ayuda a limitar la formaci\u00f3n de arrugas, hidratando la piel y redefiniendo las estructuras, para aportar un aspecto joven y radiante.<\/p>\n\n\n\n<p>Todo esto se logra sin cambios dr\u00e1sticos de volumen, manteniendo tu toque natural y proporcionando una&nbsp;<strong>hidrataci\u00f3n instant\u00e1nea<\/strong>&nbsp;que refuerza tu belleza desde adentro hacia fuera.<\/p>\n\n\n\n<p>Y os preguntar\u00e9is&#8230; \u00bfQu\u00e9 tratamiento es?<\/p>\n\n\n\n<p>Se trata de la\u00a0<strong><a href=\"https:\/\/agenciaseolocal.eu\/bedda\/hidratacion-profunda\/\">hidrataci\u00f3n profunda<\/a> con \u00e1cido hialur\u00f3nico<\/strong>, en este caso, con el\u00a0<strong><em>Belotero revive<\/em><\/strong>.<\/p>\n\n\n\n<p>A diferencia de una crema,&nbsp;<em>Belotero \u00ae Revive<\/em>&nbsp;se aplica por inyecci\u00f3n, logrando que los activos act\u00faen en el interior de la piel proporcionando una hidrataci\u00f3n directa.<\/p>\n\n\n\n<p><em>Belotero Revive<\/em>, como su propio nombre indica, es el mejor&nbsp;<em>skin booster<\/em>&nbsp;para&nbsp;revivir la piel, prevenir las primeras arrugas y tratar las ya presentes, por lo que&nbsp;<strong>es perfecto tanto para pieles j\u00f3venes como maduras.<\/strong><\/p>\n\n\n\n<p>El proceso del tratamiento&nbsp;<strong>es muy r\u00e1pido<\/strong>, durando menos de una hora y siendo m\u00ednimamente doloroso,&nbsp;<strong>sin necesidad de reposo<\/strong>, por lo que se puede volver inmediatamente a la actividad laboral en la mayor\u00eda de los casos.&nbsp;<\/p>\n\n\n\n<h2 class=\"wp-block-heading\"><strong><em>\u00bfPUEDO EXPERIMENTAR EFECTOS SECUNDARIOS?<\/em><\/strong><\/h2>\n\n\n\n<p>Tanto el \u00e1cido hialur\u00f3nico como el glicerol son sustancias naturales presentes en la piel, por lo que&nbsp;<strong>todo efecto secundario es m\u00ednimo y pasajero<\/strong>: leves inflamaciones y\/o posibles hematomas que remitir\u00e1n a los pocos d\u00edas.<\/p>\n\n\n\n<h2 class=\"wp-block-heading\"><strong><em>\u00bfA QUI\u00c9N VA DIRIGIDO EL TRATAMIENTO?<\/em><\/strong><\/h2>\n\n\n\n<p>La&nbsp;<strong>versatilidad<\/strong>&nbsp;de los&nbsp;<em>Skinboosters Belotero\u00ae Revive<\/em>, hacen que puedan utilizarse:<\/p>\n\n\n\n<ul class=\"wp-block-list\">\n<li>Para hombres y mujeres de todo tipo de pieles.<\/li>\n\n\n\n<li>Para personas con piel m\u00e1s joven (prevenci\u00f3n) o m\u00e1s madura.<\/li>\n\n\n\n<li>Para la cara, el cuello y el escote.<\/li>\n\n\n\n<li>Para las personas que quieren mejorar su estructura cut\u00e1nea. Por ejemplo, en los casos de piel con cicatrices de acn\u00e9 o foto da\u00f1ada.<\/li>\n<\/ul>\n\n\n\n<h2 class=\"wp-block-heading\"><strong><em>RESULTADOS<\/em><\/strong><\/h2>\n\n\n\n<ul class=\"wp-block-list\">\n<li>Mejora la hidrataci\u00f3n de la piel<\/li>\n\n\n\n<li>Redefine la textura de la piel<\/li>\n\n\n\n<li>Potencia la calidad de la piel<\/li>\n\n\n\n<li>Rellena las depresiones causadas por cicatrices faciales atr\u00f3ficas<\/li>\n\n\n\n<li>Alisa la piel<\/li>\n\n\n\n<li>Reduce el enrojecimiento<\/li>\n<\/ul>\n\n\n\n<h2 class=\"wp-block-heading\"><strong><em>\u00bfCU\u00c1L ES EL PROTOCOLO DEL TRATAMIENTO?<\/em><\/strong><\/h2>\n\n\n\n<p>Se recomienda realizar 1 sesi\u00f3n mensual por 3 sesiones y la duraci\u00f3n del tratamiento ser\u00eda de 8\/12 meses. Sin embargo, puede variar seg\u00fan cada paciente.<\/p>\n\n\n\n<p>Os invitamos a probar los maravillosos efectos que tiene el \u00e1cido hialur\u00f3nico en nuestra piel, sobre todo para revivirla.\u00a0Pod\u00e9is\u00a0consultar nuestra secci\u00f3n de <a href=\"https:\/\/agenciaseolocal.eu\/bedda\/medicina-estetica\/\">medicina est\u00e9tica<\/a>.<\/p>\n\n\n\n<p>Al final de la misma est\u00e1 el formulario de contacto para poder consultar por este maravilloso tratamiento.&nbsp;<\/p>\n\n\n\n<p><strong>ATT DRA NINIBETH MONTEZUMA DIAZ<\/strong><\/p>\n","protected":false},"excerpt":{"rendered":"<p>Nuestra doctora\u00a0Ninibeth Montezuma Diaz\u00a0nos habla en el blog de Centros bedda de hoy acerca de un tratamiento fabuloso para\u00a0revivir nuestra piel despu\u00e9s del verano. La prevenci\u00f3n siempre supera a una cura, por eso la combinaci\u00f3n de \u00e1cido hialur\u00f3nico y glicerol ayuda a limitar la formaci\u00f3n de arrugas, hidratando la piel y redefiniendo las estructuras, para [&hellip;]<\/p>\n","protected":false},"author":3,"featured_media":30434,"comment_status":"open","ping_status":"closed","sticky":false,"template":"","format":"standard","meta":{"_et_pb_use_builder":"off","_et_pb_old_content":"","_et_gb_content_width":"","_joinchat":[],"footnotes":""},"categories":[51],"tags":[],"class_list":["post-30429","post","type-post","status-publish","format-standard","has-post-thumbnail","hentry","category-blog"],"yoast_head":"<!-- This site is optimized with the Yoast SEO plugin v25.9 - https:\/\/yoast.com\/wordpress\/plugins\/seo\/ -->\n<title>\u00bfC\u00f3mo revivir tu piel despu\u00e9s del verano? | Centros bedda<\/title>\n<meta name=\"description\" content=\"\u00bfC\u00f3mo revivir tu piel despu\u00e9s del verano? Entra en el blog de Centros bedda y desc\u00fabre c\u00f3mo. \u00a1Te lo contamos!\" \/>\n<meta name=\"robots\" content=\"noindex, follow, max-snippet:-1, max-image-preview:large, max-video-preview:-1\" \/>\n<meta property=\"og:locale\" content=\"es_ES\" \/>\n<meta property=\"og:type\" content=\"article\" \/>\n<meta property=\"og:title\" content=\"\u00bfC\u00f3mo revivir tu piel despu\u00e9s del verano? | Centros bedda\" \/>\n<meta property=\"og:description\" content=\"\u00bfC\u00f3mo revivir tu piel despu\u00e9s del verano? Entra en el blog de Centros bedda y desc\u00fabre c\u00f3mo. \u00a1Te lo contamos!\" \/>\n<meta property=\"og:url\" content=\"https:\/\/agenciaseolocal.eu\/bedda\/como-revivir-tu-piel-despues-del-verano\/\" \/>\n<meta property=\"og:site_name\" content=\"Centros bedda\" \/>\n<meta property=\"article:publisher\" content=\"https:\/\/www.facebook.com\/centrobedda\" \/>\n<meta property=\"article:published_time\" content=\"2020-09-07T10:38:00+00:00\" \/>\n<meta property=\"article:modified_time\" content=\"2024-01-29T11:46:13+00:00\" \/>\n<meta property=\"og:image\" content=\"https:\/\/agenciaseolocal.eu\/bedda\/wp-content\/uploads\/2023\/06\/revivir-tu-piel-despues-verano.jpg\" \/>\n\t<meta property=\"og:image:width\" content=\"1000\" \/>\n\t<meta property=\"og:image:height\" content=\"667\" \/>\n\t<meta property=\"og:image:type\" content=\"image\/jpeg\" \/>\n<meta name=\"author\" content=\"Centros bedda\" \/>\n<meta name=\"twitter:card\" content=\"summary_large_image\" \/>\n<meta name=\"twitter:creator\" content=\"@centrosbedda\" \/>\n<meta name=\"twitter:site\" content=\"@centrosbedda\" \/>\n<meta name=\"twitter:label1\" content=\"Escrito por\" \/>\n\t<meta name=\"twitter:data1\" content=\"Centros bedda\" \/>\n\t<meta name=\"twitter:label2\" content=\"Tiempo de lectura\" \/>\n\t<meta name=\"twitter:data2\" content=\"3 minutos\" \/>\n<!-- \/ Yoast SEO plugin. -->","yoast_head_json":{"title":"\u00bfC\u00f3mo revivir tu piel despu\u00e9s del verano? | Centros bedda","description":"\u00bfC\u00f3mo revivir tu piel despu\u00e9s del verano? Entra en el blog de Centros bedda y desc\u00fabre c\u00f3mo. \u00a1Te lo contamos!","robots":{"index":"noindex","follow":"follow","max-snippet":"max-snippet:-1","max-image-preview":"max-image-preview:large","max-video-preview":"max-video-preview:-1"},"og_locale":"es_ES","og_type":"article","og_title":"\u00bfC\u00f3mo revivir tu piel despu\u00e9s del verano? | Centros bedda","og_description":"\u00bfC\u00f3mo revivir tu piel despu\u00e9s del verano? Entra en el blog de Centros bedda y desc\u00fabre c\u00f3mo. \u00a1Te lo contamos!","og_url":"https:\/\/agenciaseolocal.eu\/bedda\/como-revivir-tu-piel-despues-del-verano\/","og_site_name":"Centros bedda","article_publisher":"https:\/\/www.facebook.com\/centrobedda","article_published_time":"2020-09-07T10:38:00+00:00","article_modified_time":"2024-01-29T11:46:13+00:00","og_image":[{"width":1000,"height":667,"url":"https:\/\/agenciaseolocal.eu\/bedda\/wp-content\/uploads\/2023\/06\/revivir-tu-piel-despues-verano.jpg","type":"image\/jpeg"}],"author":"Centros bedda","twitter_card":"summary_large_image","twitter_creator":"@centrosbedda","twitter_site":"@centrosbedda","twitter_misc":{"Escrito por":"Centros bedda","Tiempo de lectura":"3 minutos"},"schema":{"@context":"https:\/\/schema.org","@graph":[{"@type":"Article","@id":"https:\/\/agenciaseolocal.eu\/bedda\/como-revivir-tu-piel-despues-del-verano\/#article","isPartOf":{"@id":"https:\/\/agenciaseolocal.eu\/bedda\/como-revivir-tu-piel-despues-del-verano\/"},"author":{"name":"Centros bedda","@id":"https:\/\/agenciaseolocal.eu\/bedda\/#\/schema\/person\/ca3010faf67f189fd2de8d61a763fc8b"},"headline":"\u00bfC\u00f3mo revivir tu piel despu\u00e9s del verano?","datePublished":"2020-09-07T10:38:00+00:00","dateModified":"2024-01-29T11:46:13+00:00","mainEntityOfPage":{"@id":"https:\/\/agenciaseolocal.eu\/bedda\/como-revivir-tu-piel-despues-del-verano\/"},"wordCount":491,"commentCount":0,"publisher":{"@id":"https:\/\/agenciaseolocal.eu\/bedda\/#organization"},"image":{"@id":"https:\/\/agenciaseolocal.eu\/bedda\/como-revivir-tu-piel-despues-del-verano\/#primaryimage"},"thumbnailUrl":"https:\/\/agenciaseolocal.eu\/bedda\/wp-content\/uploads\/2023\/06\/revivir-tu-piel-despues-verano.jpg","articleSection":["Blog"],"inLanguage":"es","potentialAction":[{"@type":"CommentAction","name":"Comment","target":["https:\/\/agenciaseolocal.eu\/bedda\/como-revivir-tu-piel-despues-del-verano\/#respond"]}]},{"@type":"WebPage","@id":"https:\/\/agenciaseolocal.eu\/bedda\/como-revivir-tu-piel-despues-del-verano\/","url":"https:\/\/agenciaseolocal.eu\/bedda\/como-revivir-tu-piel-despues-del-verano\/","name":"\u00bfC\u00f3mo revivir tu piel despu\u00e9s del verano? | Centros bedda","isPartOf":{"@id":"https:\/\/agenciaseolocal.eu\/bedda\/#website"},"primaryImageOfPage":{"@id":"https:\/\/agenciaseolocal.eu\/bedda\/como-revivir-tu-piel-despues-del-verano\/#primaryimage"},"image":{"@id":"https:\/\/agenciaseolocal.eu\/bedda\/como-revivir-tu-piel-despues-del-verano\/#primaryimage"},"thumbnailUrl":"https:\/\/agenciaseolocal.eu\/bedda\/wp-content\/uploads\/2023\/06\/revivir-tu-piel-despues-verano.jpg","datePublished":"2020-09-07T10:38:00+00:00","dateModified":"2024-01-29T11:46:13+00:00","description":"\u00bfC\u00f3mo revivir tu piel despu\u00e9s del verano? Entra en el blog de Centros bedda y desc\u00fabre c\u00f3mo. \u00a1Te lo contamos!","breadcrumb":{"@id":"https:\/\/agenciaseolocal.eu\/bedda\/como-revivir-tu-piel-despues-del-verano\/#breadcrumb"},"inLanguage":"es","potentialAction":[{"@type":"ReadAction","target":["https:\/\/agenciaseolocal.eu\/bedda\/como-revivir-tu-piel-despues-del-verano\/"]}]},{"@type":"ImageObject","inLanguage":"es","@id":"https:\/\/agenciaseolocal.eu\/bedda\/como-revivir-tu-piel-despues-del-verano\/#primaryimage","url":"https:\/\/agenciaseolocal.eu\/bedda\/wp-content\/uploads\/2023\/06\/revivir-tu-piel-despues-verano.jpg","contentUrl":"https:\/\/agenciaseolocal.eu\/bedda\/wp-content\/uploads\/2023\/06\/revivir-tu-piel-despues-verano.jpg","width":1000,"height":667,"caption":"\u00bfC\u00f3mo revivir tu piel despu\u00e9s del verano?"},{"@type":"BreadcrumbList","@id":"https:\/\/agenciaseolocal.eu\/bedda\/como-revivir-tu-piel-despues-del-verano\/#breadcrumb","itemListElement":[{"@type":"ListItem","position":1,"name":"Portada","item":"https:\/\/agenciaseolocal.eu\/bedda\/"},{"@type":"ListItem","position":2,"name":"\u00bfC\u00f3mo revivir tu piel despu\u00e9s del verano?"}]},{"@type":"WebSite","@id":"https:\/\/agenciaseolocal.eu\/bedda\/#website","url":"https:\/\/agenciaseolocal.eu\/bedda\/","name":"Centros bedda","description":"Centro de depilaci\u00f3n l\u00e1ser","publisher":{"@id":"https:\/\/agenciaseolocal.eu\/bedda\/#organization"},"potentialAction":[{"@type":"SearchAction","target":{"@type":"EntryPoint","urlTemplate":"https:\/\/agenciaseolocal.eu\/bedda\/?s={search_term_string}"},"query-input":{"@type":"PropertyValueSpecification","valueRequired":true,"valueName":"search_term_string"}}],"inLanguage":"es"},{"@type":"Organization","@id":"https:\/\/agenciaseolocal.eu\/bedda\/#organization","name":"Centros bedda","url":"https:\/\/agenciaseolocal.eu\/bedda\/","logo":{"@type":"ImageObject","inLanguage":"es","@id":"https:\/\/agenciaseolocal.eu\/bedda\/#\/schema\/logo\/image\/","url":"https:\/\/agenciaseolocal.eu\/bedda\/wp-content\/uploads\/2024\/04\/centros-bedda-depilacion-laser-logo.png","contentUrl":"https:\/\/agenciaseolocal.eu\/bedda\/wp-content\/uploads\/2024\/04\/centros-bedda-depilacion-laser-logo.png","width":220,"height":220,"caption":"Centros bedda"},"image":{"@id":"https:\/\/agenciaseolocal.eu\/bedda\/#\/schema\/logo\/image\/"},"sameAs":["https:\/\/www.facebook.com\/centrobedda","https:\/\/x.com\/centrosbedda","https:\/\/www.youtube.com\/channel\/UCV57tDnQcnHfTici1funk4g?app=desktop","https:\/\/www.instagram.com\/centrosbedda\/","https:\/\/www.linkedin.com\/company\/centros-bedda\/"]},{"@type":"Person","@id":"https:\/\/agenciaseolocal.eu\/bedda\/#\/schema\/person\/ca3010faf67f189fd2de8d61a763fc8b","name":"Centros bedda","image":{"@type":"ImageObject","inLanguage":"es","@id":"https:\/\/agenciaseolocal.eu\/bedda\/#\/schema\/person\/image\/","url":"https:\/\/secure.gravatar.com\/avatar\/ea1f00b0a249719594f6b50ee5d3214c2c192531d8f80f789208e2aa9605ac08?s=96&d=mm&r=g","contentUrl":"https:\/\/secure.gravatar.com\/avatar\/ea1f00b0a249719594f6b50ee5d3214c2c192531d8f80f789208e2aa9605ac08?s=96&d=mm&r=g","caption":"Centros bedda"},"url":"https:\/\/agenciaseolocal.eu\/bedda\/author\/mktpmp_gedfwb31y\/"}]}},"_links":{"self":[{"href":"https:\/\/agenciaseolocal.eu\/bedda\/wp-json\/wp\/v2\/posts\/30429","targetHints":{"allow":["GET"]}}],"collection":[{"href":"https:\/\/agenciaseolocal.eu\/bedda\/wp-json\/wp\/v2\/posts"}],"about":[{"href":"https:\/\/agenciaseolocal.eu\/bedda\/wp-json\/wp\/v2\/types\/post"}],"author":[{"embeddable":true,"href":"https:\/\/agenciaseolocal.eu\/bedda\/wp-json\/wp\/v2\/users\/3"}],"replies":[{"embeddable":true,"href":"https:\/\/agenciaseolocal.eu\/bedda\/wp-json\/wp\/v2\/comments?post=30429"}],"version-history":[{"count":1,"href":"https:\/\/agenciaseolocal.eu\/bedda\/wp-json\/wp\/v2\/posts\/30429\/revisions"}],"predecessor-version":[{"id":987514342,"href":"https:\/\/agenciaseolocal.eu\/bedda\/wp-json\/wp\/v2\/posts\/30429\/revisions\/987514342"}],"wp:featuredmedia":[{"embeddable":true,"href":"https:\/\/agenciaseolocal.eu\/bedda\/wp-json\/wp\/v2\/media\/30434"}],"wp:attachment":[{"href":"https:\/\/agenciaseolocal.eu\/bedda\/wp-json\/wp\/v2\/media?parent=30429"}],"wp:term":[{"taxonomy":"category","embeddable":true,"href":"https:\/\/agenciaseolocal.eu\/bedda\/wp-json\/wp\/v2\/categories?post=30429"},{"taxonomy":"post_tag","embeddable":true,"href":"https:\/\/agenciaseolocal.eu\/bedda\/wp-json\/wp\/v2\/tags?post=30429"}],"curies":[{"name":"wp","href":"https:\/\/api.w.org\/{rel}","templated":true}]}}