{"id":30625,"date":"2023-06-27T13:30:22","date_gmt":"2023-06-27T11:30:22","guid":{"rendered":"https:\/\/marketingpamplonaenproceso.com\/bedda\/?p=30625"},"modified":"2024-02-21T11:50:32","modified_gmt":"2024-02-21T10:50:32","slug":"mesoterapia-facial","status":"publish","type":"post","link":"https:\/\/agenciaseolocal.eu\/bedda\/mesoterapia-facial\/","title":{"rendered":"Mesoterapia facial: Antes y despu\u00e9s, precio y resultados"},"content":{"rendered":"\n<p>La <strong>mesoterapia facial<\/strong> es un <strong>tratamiento de medicina est\u00e9tica<\/strong> para el rostro muy demandado. Es una <strong>soluci\u00f3n antiedad muy efectiva con excelentes resultados<\/strong> para mostrar unos <strong>rasgos de la cara m\u00e1s relajados y de aspecto rejuvenecido<\/strong> durante m\u00e1s tiempo.&nbsp;<\/p>\n\n\n\n<h2 class=\"wp-block-heading\">Qu\u00e9 es la mesoterapia facial<\/h2>\n\n\n\n<p>La mesoterapia facial es un <strong>tratamiento m\u00e9dico est\u00e9tico para prevenir y tratar el envejecimiento cut\u00e1neo del rostro<\/strong>. Consiste en la aplicaci\u00f3n de un <strong>mix de vitaminas, \u00e1cido hialur\u00f3nico y minerales beneficiosos para la piel de la cara<\/strong>. Estos productos tienen <strong>propiedades beneficiosas para la estructura, estado y salud de la piel del cutis<\/strong>.&nbsp;<\/p>\n\n\n\n<p>Son <strong>principios activos revitalizantes, nutritivos e hidratantes<\/strong> que se introducen por <strong>microinfiltraci\u00f3n<\/strong> en puntos determinados de la cara. El resultado es un r<strong>ostro m\u00e1s firme y mejor definido, con una piel m\u00e1s tersa, luminosa e hidratada, con menos arrugas y marcas de expresi\u00f3n suavizadas<\/strong>. Y eso se traduce en una cara de apariencia m\u00e1s joven, relajada, sana y cuidada.&nbsp;<\/p>\n\n\n\n<h2 class=\"wp-block-heading\">Beneficios del tratamiento: pros y contras<\/h2>\n\n\n\n<p>Ya sabes qu\u00e9 es la mesoterapia facial, \u00bfpero qu\u00e9 <strong>beneficios <\/strong>proporciona y qu\u00e9 <strong>ventajas<\/strong> tiene este <strong>tratamiento preventivo<\/strong> respecto a otros tratamientos <strong>anti-aging<\/strong>?<\/p>\n\n\n\n<ul class=\"wp-block-list\">\n<li><strong>Revitalizaci\u00f3n de la piel desde el interior para unos resultados m\u00e1s efectivos y duraderos<\/strong>. La <strong>penetraci\u00f3n del producto bajo la dermis <\/strong>multiplica su efectividad potenciando los resultados positivos de estos principios activos.<\/li>\n\n\n\n<li><strong>Hidrataci\u00f3n inmediata e intensa de la piel<\/strong> para prevenir el envejecimiento, evitar la sequedad y mostrar un aspecto m\u00e1s sano y bonito.<\/li>\n\n\n\n<li><strong>Reducci\u00f3n de arrugas y pliegues<\/strong>: aten\u00faa peque\u00f1as arrugas y l\u00edneas de expresi\u00f3n para una piel facial m\u00e1s lisa, fresca, firme y luminosa.<\/li>\n\n\n\n<li><strong>Mejor definici\u00f3n del rostro y firmeza<\/strong> con la redensificaci\u00f3n de la dermis y la estimulaci\u00f3n de la actividad de los fibroblastos. Esto contribuye a proporcionar un <strong>efecto tensor inmediato <\/strong>perceptible desde el t\u00e9rmino de la sesi\u00f3n de mesoterapia facial.<\/li>\n\n\n\n<li><strong>Estimula la producci\u00f3n natural de col\u00e1geno y elastina<\/strong> fortaleciendo el tejido conductivo para una mayor firmeza facial reduciendo la flacidez. Y proporciona una hidrataci\u00f3n m\u00e1s profunda y duradera.<\/li>\n\n\n\n<li>Logra la <strong>bioestimulaci\u00f3n y reestructuraci\u00f3n cut\u00e1neas<\/strong> mejorando la calidad y salud de la piel del rostro.<\/li>\n\n\n\n<li><strong>Activa la microcirculaci\u00f3n sangu\u00ednea<\/strong> para una <strong>piel m\u00e1s radiante<\/strong> y una mejor regeneraci\u00f3n celular.<\/li>\n\n\n\n<li><strong>Unifica y homogeniza el tono de la piel<\/strong> atenuando peque\u00f1as manchas faciales y previniendo problemas de pigmentaci\u00f3n cut\u00e1nea.<\/li>\n\n\n\n<li><strong>Efecto antioxidante<\/strong> que contribuye a la <strong>mejor regeneraci\u00f3n celular <\/strong>para ralentizar el envejecimiento facial.<\/li>\n\n\n\n<li><strong>Mejora de la calidad, estructura y salud del tejido cut\u00e1neo en todas sus capas<\/strong> para una mejor respuesta al paso del tiempo. Y frente a los efectos adversos de los agentes externos ambientales responsables del envejecimiento facial a los que se enfrenta, como la exposici\u00f3n solar y las part\u00edculas contaminantes.<\/li>\n<\/ul>\n\n\n\n<p><strong>El tratamiento de mesoterapia facial<\/strong> tiene <strong>pros y contras<\/strong>. Estos son los beneficios pero, \u00bftiene alg\u00fan contra destacable? <strong>El efecto es temporal, aunque duradero<\/strong>: no es una operaci\u00f3n est\u00e9tica permanente. Se considera invasivo ya que consiste en la <strong>aplicaci\u00f3n de inyecciones que son indoloras<\/strong> gracias a que previamente se aplica una <strong>crema de efecto anest\u00e9sico<\/strong> en el rostro.<\/p>\n\n\n\n<p>Las<strong> opiniones<\/strong> sobre <strong>el tratamiento y sus resultados<\/strong> son muy positivas.&nbsp;<\/p>\n\n\n\n<h2 class=\"wp-block-heading\">\u00bfCu\u00e1nto cuesta la mesoterapia facial? Precios<\/h2>\n\n\n\n<p><strong>La mesoterapia facial tiene precios que dependen de muchos factores<\/strong>. Entre ellos el tipo, <strong>concentraci\u00f3n y calidad de los principios activos inyectados<\/strong>.&nbsp;<\/p>\n\n\n\n<p>Se puede hablar de la <strong>mesoterapia facial precio por sesi\u00f3n <\/strong>o por <strong>tratamiento completo<\/strong>. Aunque los resultados son visibles tras la primera sesi\u00f3n el tratamiento completo suele constar de unas tres sesiones de media.&nbsp;<\/p>\n\n\n\n<p>Para un <strong>presupuesto personalizado<\/strong> acude a los <strong>Centros bedda con tratamientos de medicina est\u00e9tica<\/strong>. Recibir\u00e1s una valoraci\u00f3n, conocer\u00e1s qu\u00e9 puedes esperar del tratamiento, su duraci\u00f3n aproximado y coste.<\/p>\n\n\n\n<h2 class=\"wp-block-heading\">Resultados de la mesoterapia facial: Antes y despu\u00e9s<\/h2>\n\n\n\n<p>Los <strong>resultados antes y despu\u00e9s del tratamiento de mesoterapia facial<\/strong> son sorprendentes. El efecto es natural porque la mejora de la piel es real.<\/p>\n\n\n\n<ul class=\"wp-block-list\">\n<li><strong>Rostro m\u00e1s firme<\/strong>, terso, con reducci\u00f3n de la flacidez.<\/li>\n\n\n\n<li><strong>Cutis m\u00e1s suave, liso, con menos arrugas<\/strong> y la minimizaci\u00f3n de marcas de expresi\u00f3n y arruguitas de la cara.<\/li>\n\n\n\n<li><strong>Piel m\u00e1s hidratada y con mejor microirrigaci\u00f3n sangu\u00ednea<\/strong>: cutis m\u00e1s suave, menos seco, m\u00e1s luminoso y radiante.<\/li>\n\n\n\n<li><strong>Piel m\u00e1s sana<\/strong> y protegida, mejor preparada para <strong>prevenir los signos del fotoenvejecimiento<\/strong>.&nbsp;<\/li>\n\n\n\n<li><strong>Cutis mejor preparado para recibir cosm\u00e9ticos y tratamientos<\/strong> logrando mejores resultados de estos.<\/li>\n\n\n\n<li><strong>Unificaci\u00f3n del tono facial <\/strong>con la atenuaci\u00f3n del color de peque\u00f1as manchas y la prevenci\u00f3n de da\u00f1os de pigmentaci\u00f3n por la edad.&nbsp;<\/li>\n<\/ul>\n\n\n\n<h2 class=\"wp-block-heading\">Por qu\u00e9 elegir Centros bedda para tu tratamiento de mesoterapia facial<\/h2>\n\n\n\n<p>En Centros bedda te proporcionamos un <strong>tratamiento de mesoterapia facial de calidad proporcionado por profesionales especialistas titulados en medicina est\u00e9tica<\/strong>.&nbsp;<\/p>\n\n\n\n<p>Aplicamos <strong>productos de alta calidad<\/strong> con m\u00e9todos y protocolos eficientes. Te atendemos en establecimientos confortables, limpios y cuidados en un ambiente agradable y seguro.<\/p>\n","protected":false},"excerpt":{"rendered":"<p>La mesoterapia facial es un tratamiento de medicina est\u00e9tica para el rostro muy demandado. Es una soluci\u00f3n antiedad muy efectiva con excelentes resultados para mostrar unos rasgos de la cara m\u00e1s relajados y de aspecto rejuvenecido durante m\u00e1s tiempo.&nbsp; Qu\u00e9 es la mesoterapia facial La mesoterapia facial es un tratamiento m\u00e9dico est\u00e9tico para prevenir y [&hellip;]<\/p>\n","protected":false},"author":3,"featured_media":30626,"comment_status":"open","ping_status":"closed","sticky":false,"template":"","format":"standard","meta":{"_et_pb_use_builder":"off","_et_pb_old_content":"","_et_gb_content_width":"","_joinchat":[],"footnotes":""},"categories":[66,50,54],"tags":[],"class_list":["post-30625","post","type-post","status-publish","format-standard","has-post-thumbnail","hentry","category-estetica-premium","category-facial","category-medicina-estetica"],"yoast_head":"<!-- This site is optimized with the Yoast SEO plugin v25.9 - https:\/\/yoast.com\/wordpress\/plugins\/seo\/ -->\n<title>Mesoterapia facial: Gu\u00eda Completa | Centros bedda<\/title>\n<meta name=\"description\" content=\"\u00bfQuieres saberlo todo sobre la mesoterapia facial? Entra en el blog de Centros bedda y desc\u00fabrelo. \u00a1Te lo contamos!\" \/>\n<meta name=\"robots\" content=\"noindex, follow, max-snippet:-1, max-image-preview:large, max-video-preview:-1\" \/>\n<meta property=\"og:locale\" content=\"es_ES\" \/>\n<meta property=\"og:type\" content=\"article\" \/>\n<meta property=\"og:title\" content=\"Mesoterapia facial: Gu\u00eda Completa | Centros bedda\" \/>\n<meta property=\"og:description\" content=\"\u00bfQuieres saberlo todo sobre la mesoterapia facial? Entra en el blog de Centros bedda y desc\u00fabrelo. \u00a1Te lo contamos!\" \/>\n<meta property=\"og:url\" content=\"https:\/\/agenciaseolocal.eu\/bedda\/mesoterapia-facial\/\" \/>\n<meta property=\"og:site_name\" content=\"Centros bedda\" \/>\n<meta property=\"article:publisher\" content=\"https:\/\/www.facebook.com\/centrobedda\" \/>\n<meta property=\"article:published_time\" content=\"2023-06-27T11:30:22+00:00\" \/>\n<meta property=\"article:modified_time\" content=\"2024-02-21T10:50:32+00:00\" \/>\n<meta property=\"og:image\" content=\"https:\/\/agenciaseolocal.eu\/bedda\/wp-content\/uploads\/2023\/06\/mesoterapia-facial-todo-lo-que-debes-saber.jpg\" \/>\n\t<meta property=\"og:image:width\" content=\"1000\" \/>\n\t<meta property=\"og:image:height\" content=\"667\" \/>\n\t<meta property=\"og:image:type\" content=\"image\/jpeg\" \/>\n<meta name=\"author\" content=\"Centros bedda\" \/>\n<meta name=\"twitter:card\" content=\"summary_large_image\" \/>\n<meta name=\"twitter:creator\" content=\"@centrosbedda\" \/>\n<meta name=\"twitter:site\" content=\"@centrosbedda\" \/>\n<meta name=\"twitter:label1\" content=\"Escrito por\" \/>\n\t<meta name=\"twitter:data1\" content=\"Centros bedda\" \/>\n\t<meta name=\"twitter:label2\" content=\"Tiempo de lectura\" \/>\n\t<meta name=\"twitter:data2\" content=\"4 minutos\" \/>\n<!-- \/ Yoast SEO plugin. -->","yoast_head_json":{"title":"Mesoterapia facial: Gu\u00eda Completa | Centros bedda","description":"\u00bfQuieres saberlo todo sobre la mesoterapia facial? Entra en el blog de Centros bedda y desc\u00fabrelo. \u00a1Te lo contamos!","robots":{"index":"noindex","follow":"follow","max-snippet":"max-snippet:-1","max-image-preview":"max-image-preview:large","max-video-preview":"max-video-preview:-1"},"og_locale":"es_ES","og_type":"article","og_title":"Mesoterapia facial: Gu\u00eda Completa | Centros bedda","og_description":"\u00bfQuieres saberlo todo sobre la mesoterapia facial? Entra en el blog de Centros bedda y desc\u00fabrelo. \u00a1Te lo contamos!","og_url":"https:\/\/agenciaseolocal.eu\/bedda\/mesoterapia-facial\/","og_site_name":"Centros bedda","article_publisher":"https:\/\/www.facebook.com\/centrobedda","article_published_time":"2023-06-27T11:30:22+00:00","article_modified_time":"2024-02-21T10:50:32+00:00","og_image":[{"width":1000,"height":667,"url":"https:\/\/agenciaseolocal.eu\/bedda\/wp-content\/uploads\/2023\/06\/mesoterapia-facial-todo-lo-que-debes-saber.jpg","type":"image\/jpeg"}],"author":"Centros bedda","twitter_card":"summary_large_image","twitter_creator":"@centrosbedda","twitter_site":"@centrosbedda","twitter_misc":{"Escrito por":"Centros bedda","Tiempo de lectura":"4 minutos"},"schema":{"@context":"https:\/\/schema.org","@graph":[{"@type":"Article","@id":"https:\/\/agenciaseolocal.eu\/bedda\/mesoterapia-facial\/#article","isPartOf":{"@id":"https:\/\/agenciaseolocal.eu\/bedda\/mesoterapia-facial\/"},"author":{"name":"Centros bedda","@id":"https:\/\/agenciaseolocal.eu\/bedda\/#\/schema\/person\/ca3010faf67f189fd2de8d61a763fc8b"},"headline":"Mesoterapia facial: Antes y despu\u00e9s, precio y resultados","datePublished":"2023-06-27T11:30:22+00:00","dateModified":"2024-02-21T10:50:32+00:00","mainEntityOfPage":{"@id":"https:\/\/agenciaseolocal.eu\/bedda\/mesoterapia-facial\/"},"wordCount":881,"commentCount":0,"publisher":{"@id":"https:\/\/agenciaseolocal.eu\/bedda\/#organization"},"image":{"@id":"https:\/\/agenciaseolocal.eu\/bedda\/mesoterapia-facial\/#primaryimage"},"thumbnailUrl":"https:\/\/agenciaseolocal.eu\/bedda\/wp-content\/uploads\/2023\/06\/mesoterapia-facial-todo-lo-que-debes-saber.jpg","articleSection":["Est\u00e9tica Premium","Facial","Medicina est\u00e9tica"],"inLanguage":"es","potentialAction":[{"@type":"CommentAction","name":"Comment","target":["https:\/\/agenciaseolocal.eu\/bedda\/mesoterapia-facial\/#respond"]}]},{"@type":"WebPage","@id":"https:\/\/agenciaseolocal.eu\/bedda\/mesoterapia-facial\/","url":"https:\/\/agenciaseolocal.eu\/bedda\/mesoterapia-facial\/","name":"Mesoterapia facial: Gu\u00eda Completa | Centros bedda","isPartOf":{"@id":"https:\/\/agenciaseolocal.eu\/bedda\/#website"},"primaryImageOfPage":{"@id":"https:\/\/agenciaseolocal.eu\/bedda\/mesoterapia-facial\/#primaryimage"},"image":{"@id":"https:\/\/agenciaseolocal.eu\/bedda\/mesoterapia-facial\/#primaryimage"},"thumbnailUrl":"https:\/\/agenciaseolocal.eu\/bedda\/wp-content\/uploads\/2023\/06\/mesoterapia-facial-todo-lo-que-debes-saber.jpg","datePublished":"2023-06-27T11:30:22+00:00","dateModified":"2024-02-21T10:50:32+00:00","description":"\u00bfQuieres saberlo todo sobre la mesoterapia facial? Entra en el blog de Centros bedda y desc\u00fabrelo. \u00a1Te lo contamos!","breadcrumb":{"@id":"https:\/\/agenciaseolocal.eu\/bedda\/mesoterapia-facial\/#breadcrumb"},"inLanguage":"es","potentialAction":[{"@type":"ReadAction","target":["https:\/\/agenciaseolocal.eu\/bedda\/mesoterapia-facial\/"]}]},{"@type":"ImageObject","inLanguage":"es","@id":"https:\/\/agenciaseolocal.eu\/bedda\/mesoterapia-facial\/#primaryimage","url":"https:\/\/agenciaseolocal.eu\/bedda\/wp-content\/uploads\/2023\/06\/mesoterapia-facial-todo-lo-que-debes-saber.jpg","contentUrl":"https:\/\/agenciaseolocal.eu\/bedda\/wp-content\/uploads\/2023\/06\/mesoterapia-facial-todo-lo-que-debes-saber.jpg","width":1000,"height":667,"caption":"Mesoterapia facial: Antes y despu\u00e9s, precio y resultados"},{"@type":"BreadcrumbList","@id":"https:\/\/agenciaseolocal.eu\/bedda\/mesoterapia-facial\/#breadcrumb","itemListElement":[{"@type":"ListItem","position":1,"name":"Portada","item":"https:\/\/agenciaseolocal.eu\/bedda\/"},{"@type":"ListItem","position":2,"name":"Mesoterapia facial: Antes y despu\u00e9s, precio y resultados"}]},{"@type":"WebSite","@id":"https:\/\/agenciaseolocal.eu\/bedda\/#website","url":"https:\/\/agenciaseolocal.eu\/bedda\/","name":"Centros bedda","description":"Centro de depilaci\u00f3n l\u00e1ser","publisher":{"@id":"https:\/\/agenciaseolocal.eu\/bedda\/#organization"},"potentialAction":[{"@type":"SearchAction","target":{"@type":"EntryPoint","urlTemplate":"https:\/\/agenciaseolocal.eu\/bedda\/?s={search_term_string}"},"query-input":{"@type":"PropertyValueSpecification","valueRequired":true,"valueName":"search_term_string"}}],"inLanguage":"es"},{"@type":"Organization","@id":"https:\/\/agenciaseolocal.eu\/bedda\/#organization","name":"Centros bedda","url":"https:\/\/agenciaseolocal.eu\/bedda\/","logo":{"@type":"ImageObject","inLanguage":"es","@id":"https:\/\/agenciaseolocal.eu\/bedda\/#\/schema\/logo\/image\/","url":"https:\/\/agenciaseolocal.eu\/bedda\/wp-content\/uploads\/2024\/04\/centros-bedda-depilacion-laser-logo.png","contentUrl":"https:\/\/agenciaseolocal.eu\/bedda\/wp-content\/uploads\/2024\/04\/centros-bedda-depilacion-laser-logo.png","width":220,"height":220,"caption":"Centros bedda"},"image":{"@id":"https:\/\/agenciaseolocal.eu\/bedda\/#\/schema\/logo\/image\/"},"sameAs":["https:\/\/www.facebook.com\/centrobedda","https:\/\/x.com\/centrosbedda","https:\/\/www.youtube.com\/channel\/UCV57tDnQcnHfTici1funk4g?app=desktop","https:\/\/www.instagram.com\/centrosbedda\/","https:\/\/www.linkedin.com\/company\/centros-bedda\/"]},{"@type":"Person","@id":"https:\/\/agenciaseolocal.eu\/bedda\/#\/schema\/person\/ca3010faf67f189fd2de8d61a763fc8b","name":"Centros bedda","image":{"@type":"ImageObject","inLanguage":"es","@id":"https:\/\/agenciaseolocal.eu\/bedda\/#\/schema\/person\/image\/","url":"https:\/\/secure.gravatar.com\/avatar\/ea1f00b0a249719594f6b50ee5d3214c2c192531d8f80f789208e2aa9605ac08?s=96&d=mm&r=g","contentUrl":"https:\/\/secure.gravatar.com\/avatar\/ea1f00b0a249719594f6b50ee5d3214c2c192531d8f80f789208e2aa9605ac08?s=96&d=mm&r=g","caption":"Centros bedda"},"url":"https:\/\/agenciaseolocal.eu\/bedda\/author\/mktpmp_gedfwb31y\/"}]}},"_links":{"self":[{"href":"https:\/\/agenciaseolocal.eu\/bedda\/wp-json\/wp\/v2\/posts\/30625","targetHints":{"allow":["GET"]}}],"collection":[{"href":"https:\/\/agenciaseolocal.eu\/bedda\/wp-json\/wp\/v2\/posts"}],"about":[{"href":"https:\/\/agenciaseolocal.eu\/bedda\/wp-json\/wp\/v2\/types\/post"}],"author":[{"embeddable":true,"href":"https:\/\/agenciaseolocal.eu\/bedda\/wp-json\/wp\/v2\/users\/3"}],"replies":[{"embeddable":true,"href":"https:\/\/agenciaseolocal.eu\/bedda\/wp-json\/wp\/v2\/comments?post=30625"}],"version-history":[{"count":1,"href":"https:\/\/agenciaseolocal.eu\/bedda\/wp-json\/wp\/v2\/posts\/30625\/revisions"}],"predecessor-version":[{"id":987515073,"href":"https:\/\/agenciaseolocal.eu\/bedda\/wp-json\/wp\/v2\/posts\/30625\/revisions\/987515073"}],"wp:featuredmedia":[{"embeddable":true,"href":"https:\/\/agenciaseolocal.eu\/bedda\/wp-json\/wp\/v2\/media\/30626"}],"wp:attachment":[{"href":"https:\/\/agenciaseolocal.eu\/bedda\/wp-json\/wp\/v2\/media?parent=30625"}],"wp:term":[{"taxonomy":"category","embeddable":true,"href":"https:\/\/agenciaseolocal.eu\/bedda\/wp-json\/wp\/v2\/categories?post=30625"},{"taxonomy":"post_tag","embeddable":true,"href":"https:\/\/agenciaseolocal.eu\/bedda\/wp-json\/wp\/v2\/tags?post=30625"}],"curies":[{"name":"wp","href":"https:\/\/api.w.org\/{rel}","templated":true}]}}