{"id":30637,"date":"2023-06-08T13:44:36","date_gmt":"2023-06-08T11:44:36","guid":{"rendered":"https:\/\/marketingpamplonaenproceso.com\/bedda\/?p=30637"},"modified":"2024-02-21T11:50:48","modified_gmt":"2024-02-21T10:50:48","slug":"rejuvenecimiento-facial","status":"publish","type":"post","link":"https:\/\/agenciaseolocal.eu\/bedda\/rejuvenecimiento-facial\/","title":{"rendered":"Rejuvenecimiento Facial: Antes y despu\u00e9s, precios y opiniones"},"content":{"rendered":"\n<p>El <strong>rejuvenecimiento facial<\/strong> es un tipo de<strong> tratamiento de medicina est\u00e9tica<\/strong> muy solicitado. Mostrar un <strong>rostro terso, m\u00e1s libre de arrugas y l\u00edneas de expresi\u00f3n, <\/strong>proporciona un <strong>aspecto m\u00e1s joven<\/strong>. <strong>Restar a\u00f1os a la apariencia de la piel<\/strong> te ayuda a sentirse bien con uno mismo. Y muestra una imagen m\u00e1s cuidada y agradable frente a los dem\u00e1s.&nbsp;<\/p>\n\n\n\n<p>Los resultados antes y despu\u00e9s son excelentes cuando es un <strong>tratamiento de calidad<\/strong>. Las buenas <strong>opiniones de los pacientes<\/strong> dejan clara la raz\u00f3n del \u00e9xito y gran demanda de este tratamiento.<\/p>\n\n\n\n<h2 class=\"wp-block-heading\">Qu\u00e9 es el rejuvenecimiento facial<\/h2>\n\n\n\n<p><strong>El rejuvenecimiento facial sin cirug\u00eda <\/strong>comprende un conjunto de <strong>t\u00e9cnicas de medicina est\u00e9tica para corregir y prevenir el da\u00f1o causado por la edad en la piel <\/strong>sin intervenci\u00f3n quir\u00fargica. Las t\u00e9cnicas utilizadas tienen como fin <strong>recuperar el tono de la piel<\/strong>, <strong>corregir o prevenir la flacidez facial<\/strong>. Y <strong>minimizar la apariencia de las arrugas y manchas causadas por la edad<\/strong>.&nbsp;<\/p>\n\n\n\n<p>La utilizaci\u00f3n conjunta de t\u00e9cnicas que por s\u00ed solas ya son efectivas potencia los resultados. Su eficacia es mucho mayor y eso se refleja en la <strong>apariencia del rostro<\/strong> y la <strong>estructura del cutis<\/strong>.<\/p>\n\n\n\n<h2 class=\"wp-block-heading\">Cu\u00e1les son los tratamientos de rejuvenecimiento facial m\u00e1s utilizados<\/h2>\n\n\n\n<p>La elecci\u00f3n de las t\u00e9cnicas empleadas en un <strong>tratamiento facial<\/strong> dependen de las necesidades del paciente. Y de las especializaci\u00f3n de los profesionales o del centro en el que se realice.&nbsp;<\/p>\n\n\n\n<p>Entre las m\u00e1s utilizadas por su efectividad y buenos resultados est\u00e1n:<\/p>\n\n\n\n<ul class=\"wp-block-list\">\n<li><strong><a href=\"https:\/\/agenciaseolocal.eu\/bedda\/peeling-facial\/\">Peeling<\/a><\/strong>. Puede ser qu\u00edmico o ultras\u00f3nico. <strong>Mejora la estructura de la piel<\/strong>, su consistencia, <strong>hidrataci\u00f3n<\/strong> y <strong>reduce la apariencia de las arrugas<\/strong>. Actualmente el peeling qu\u00edmico presenta ventajas que proporcionan mejores resultados utilizando productos que contribuyen a mejorar la piel adem\u00e1s de exfoliar las capas profundas de la dermis facial.<\/li>\n\n\n\n<li><strong><a href=\"https:\/\/agenciaseolocal.eu\/bedda\/mesoterapia-facial\/\">Mesoterapia facial<\/a><\/strong>, con un mix de <strong>principios activos de reconocidas propiedades anti edad<\/strong>. Como el \u00e1cido hialur\u00f3nico y los <strong>antioxidantes<\/strong> en forma de vitaminas, entre otras <strong>sustancias anti-aging<\/strong>.<\/li>\n\n\n\n<li><strong>Microinyecciones de \u00e1cido hialur\u00f3nico<\/strong>. Aporta hidrataci\u00f3n masiva en puntos clave para <strong>mejorar la elasticidad y tersura del cutis<\/strong>. Y el <strong>relleno de arrugas y l\u00edneas de expresi\u00f3n<\/strong> que unifica y suaviza la piel.<\/li>\n\n\n\n<li><strong>Tratamiento de las ojeras<\/strong> para matizarlas y evitar el oscurecimiento que avejenta la apariencia del rostro.<\/li>\n\n\n\n<li><strong>Tratamiento de las arrugas sin cirug\u00eda<\/strong> con inyecciones, rellenos y otras t\u00e9cnicas como la hidrataci\u00f3n profunda del rostro.&nbsp;<\/li>\n<\/ul>\n\n\n\n<h2 class=\"wp-block-heading\">Resultados del rejuvenecimiento facial: antes y despu\u00e9s<\/h2>\n\n\n\n<p>Los <strong>tratamientos de rejuvenecimiento facial <\/strong>conjuntos logran una diferencia antes y despu\u00e9s abismal con una excelente mejora del conjunto del rostro.<\/p>\n\n\n\n<ul class=\"wp-block-list\">\n<li><strong>Piel m\u00e1s hidratada<\/strong>, con <strong>mayor elasticidad<\/strong> y m\u00e1s firmeza. <strong>\u00d3valo facial mejor definido<\/strong>, menos flacidez y mayor tersura.<\/li>\n\n\n\n<li><strong>Cutis m\u00e1s suave y unificado<\/strong>, sin pliegues, ni arrugas profundas, con una piel m\u00e1s rellena y matizada.&nbsp;<\/li>\n\n\n\n<li>Piel de <strong>tono unificado<\/strong>, con <strong>reducci\u00f3n de color de manchas de la piel<\/strong>, peque\u00f1as pigmentaciones y sombras causadas por el fotoenvejecimiento y la edad. El rostro se percibe matizado y cuidado.<\/li>\n\n\n\n<li><strong>Mejor estructura de la piel de la cara<\/strong>.&nbsp;<\/li>\n\n\n\n<li><strong>Rostro de apariencia m\u00e1s descansada y joven<\/strong>, libre de ojeras.<\/li>\n\n\n\n<li><strong>Piel m\u00e1s luminosa<\/strong> y radiante.<\/li>\n<\/ul>\n\n\n\n<h2 class=\"wp-block-heading\">\u00bfCu\u00e1nto cuesta el rejuvenecimiento facial? Precio<\/h2>\n\n\n\n<p>El <strong>precio de un tratamiento de envejecimiento facial<\/strong> es personalizado ya que no hay dos tratamientos iguales. Cada paciente tiene unas necesidades distintas. Los objetivos a lograr unidos al estado actual de <strong>la piel del rostro<\/strong> son un factor importante para determinar los <strong>precios de los tratamientos<\/strong>.<\/p>\n\n\n\n<p>Cada t\u00e9cnica empleada requiere el uso de unos productos, material o m\u00e1quinas de medicina est\u00e9tica. Esto var\u00eda en gran medida <strong>el coste de los tratamientos<\/strong> en unos u otros pacientes. Adem\u00e1s, la <strong>calidad de los productos utilizados y la cantidad precisa para cada paciente <\/strong>es otro punto a tener en cuenta.&nbsp;<\/p>\n\n\n\n<p>La duraci\u00f3n y n\u00famero de sesiones es otro factor importante, ya que hace <strong>variar el precio del tratamiento<\/strong>. Adem\u00e1s, las cl\u00ednicas en ubicaciones muy cotizadas deben repercutir en el coste de sus tratamientos lo que implica mantener ese lugar.<\/p>\n\n\n\n<p>Por todo ello es recomendable <strong>solicitar un presupuesto detallado con el precio del tratamiento a medida<\/strong>. En Centros bedda somos transparentes. Por eso te proporcionamos el presupuesto del tratamiento de <strong>rejuvenecimiento facial<\/strong> tras evaluar tu caso y realizar el diagn\u00f3stico del caso.<\/p>\n\n\n\n<h2 class=\"wp-block-heading\">Por qu\u00e9 elegir Centros bedda para tu tratamiento de rejuvenecimiento facial<\/h2>\n\n\n\n<p>En <strong>Centros bedda<\/strong> te atender\u00e1 un profesional titulado en medicina est\u00e9tica especializado en <strong>soluciones antiedad<\/strong>. Aplicamos las t\u00e9cnicas m\u00e1s efectivas para un <strong>tratamiento de rejuvenecimiento facial a medida <\/strong>exitoso. Cuidamos al m\u00e1ximo en <strong>confort y seguridad<\/strong> del paciente. Te atendemos en un <strong>espacio agradable y acogedor <\/strong>en el que te sentir\u00e1s bien durante las sesiones.&nbsp;<\/p>\n\n\n\n<p>Para una mayor garant\u00eda trabajamos \u00fanicamente con proveedores de <strong>productos y aparatos de medicina est\u00e9tica de alta calidad<\/strong>. Esto se refleja en los resultados y <strong>opiniones favorables de los pacientes<\/strong>.<\/p>\n","protected":false},"excerpt":{"rendered":"<p>El rejuvenecimiento facial es un tipo de tratamiento de medicina est\u00e9tica muy solicitado. Mostrar un rostro terso, m\u00e1s libre de arrugas y l\u00edneas de expresi\u00f3n, proporciona un aspecto m\u00e1s joven. Restar a\u00f1os a la apariencia de la piel te ayuda a sentirse bien con uno mismo. Y muestra una imagen m\u00e1s cuidada y agradable frente [&hellip;]<\/p>\n","protected":false},"author":3,"featured_media":30638,"comment_status":"open","ping_status":"closed","sticky":false,"template":"","format":"standard","meta":{"_et_pb_use_builder":"off","_et_pb_old_content":"","_et_gb_content_width":"","_joinchat":[],"footnotes":""},"categories":[66,50,54],"tags":[],"class_list":["post-30637","post","type-post","status-publish","format-standard","has-post-thumbnail","hentry","category-estetica-premium","category-facial","category-medicina-estetica"],"yoast_head":"<!-- This site is optimized with the Yoast SEO plugin v25.9 - https:\/\/yoast.com\/wordpress\/plugins\/seo\/ -->\n<title>Rejuvenecimiento facial: Gu\u00eda | Centros bedda<\/title>\n<meta name=\"description\" content=\"\u00bfQuieres saberlo todo sobre el servicio de rejuvenecimiento facial? Entra en el blog de Centros bedda y desc\u00fabrelo. \u00a1Te lo contamos!\" \/>\n<meta name=\"robots\" content=\"noindex, follow, max-snippet:-1, max-image-preview:large, max-video-preview:-1\" \/>\n<meta property=\"og:locale\" content=\"es_ES\" \/>\n<meta property=\"og:type\" content=\"article\" \/>\n<meta property=\"og:title\" content=\"Rejuvenecimiento facial: Gu\u00eda | Centros bedda\" \/>\n<meta property=\"og:description\" content=\"\u00bfQuieres saberlo todo sobre el servicio de rejuvenecimiento facial? Entra en el blog de Centros bedda y desc\u00fabrelo. \u00a1Te lo contamos!\" \/>\n<meta property=\"og:url\" content=\"https:\/\/agenciaseolocal.eu\/bedda\/rejuvenecimiento-facial\/\" \/>\n<meta property=\"og:site_name\" content=\"Centros bedda\" \/>\n<meta property=\"article:publisher\" content=\"https:\/\/www.facebook.com\/centrobedda\" \/>\n<meta property=\"article:published_time\" content=\"2023-06-08T11:44:36+00:00\" \/>\n<meta property=\"article:modified_time\" content=\"2024-02-21T10:50:48+00:00\" \/>\n<meta property=\"og:image\" content=\"https:\/\/agenciaseolocal.eu\/bedda\/wp-content\/uploads\/2023\/06\/rejuvenecimiento-facial-antes-despues-precios-opiniones.jpg\" \/>\n\t<meta property=\"og:image:width\" content=\"1000\" \/>\n\t<meta property=\"og:image:height\" content=\"667\" \/>\n\t<meta property=\"og:image:type\" content=\"image\/jpeg\" \/>\n<meta name=\"author\" content=\"Centros bedda\" \/>\n<meta name=\"twitter:card\" content=\"summary_large_image\" \/>\n<meta name=\"twitter:creator\" content=\"@centrosbedda\" \/>\n<meta name=\"twitter:site\" content=\"@centrosbedda\" \/>\n<meta name=\"twitter:label1\" content=\"Escrito por\" \/>\n\t<meta name=\"twitter:data1\" content=\"Centros bedda\" \/>\n\t<meta name=\"twitter:label2\" content=\"Tiempo de lectura\" \/>\n\t<meta name=\"twitter:data2\" content=\"4 minutos\" \/>\n<!-- \/ Yoast SEO plugin. -->","yoast_head_json":{"title":"Rejuvenecimiento facial: Gu\u00eda | Centros bedda","description":"\u00bfQuieres saberlo todo sobre el servicio de rejuvenecimiento facial? Entra en el blog de Centros bedda y desc\u00fabrelo. \u00a1Te lo contamos!","robots":{"index":"noindex","follow":"follow","max-snippet":"max-snippet:-1","max-image-preview":"max-image-preview:large","max-video-preview":"max-video-preview:-1"},"og_locale":"es_ES","og_type":"article","og_title":"Rejuvenecimiento facial: Gu\u00eda | Centros bedda","og_description":"\u00bfQuieres saberlo todo sobre el servicio de rejuvenecimiento facial? Entra en el blog de Centros bedda y desc\u00fabrelo. \u00a1Te lo contamos!","og_url":"https:\/\/agenciaseolocal.eu\/bedda\/rejuvenecimiento-facial\/","og_site_name":"Centros bedda","article_publisher":"https:\/\/www.facebook.com\/centrobedda","article_published_time":"2023-06-08T11:44:36+00:00","article_modified_time":"2024-02-21T10:50:48+00:00","og_image":[{"width":1000,"height":667,"url":"https:\/\/agenciaseolocal.eu\/bedda\/wp-content\/uploads\/2023\/06\/rejuvenecimiento-facial-antes-despues-precios-opiniones.jpg","type":"image\/jpeg"}],"author":"Centros bedda","twitter_card":"summary_large_image","twitter_creator":"@centrosbedda","twitter_site":"@centrosbedda","twitter_misc":{"Escrito por":"Centros bedda","Tiempo de lectura":"4 minutos"},"schema":{"@context":"https:\/\/schema.org","@graph":[{"@type":"Article","@id":"https:\/\/agenciaseolocal.eu\/bedda\/rejuvenecimiento-facial\/#article","isPartOf":{"@id":"https:\/\/agenciaseolocal.eu\/bedda\/rejuvenecimiento-facial\/"},"author":{"name":"Centros bedda","@id":"https:\/\/agenciaseolocal.eu\/bedda\/#\/schema\/person\/ca3010faf67f189fd2de8d61a763fc8b"},"headline":"Rejuvenecimiento Facial: Antes y despu\u00e9s, precios y opiniones","datePublished":"2023-06-08T11:44:36+00:00","dateModified":"2024-02-21T10:50:48+00:00","mainEntityOfPage":{"@id":"https:\/\/agenciaseolocal.eu\/bedda\/rejuvenecimiento-facial\/"},"wordCount":866,"commentCount":0,"publisher":{"@id":"https:\/\/agenciaseolocal.eu\/bedda\/#organization"},"image":{"@id":"https:\/\/agenciaseolocal.eu\/bedda\/rejuvenecimiento-facial\/#primaryimage"},"thumbnailUrl":"https:\/\/agenciaseolocal.eu\/bedda\/wp-content\/uploads\/2023\/06\/rejuvenecimiento-facial-antes-despues-precios-opiniones.jpg","articleSection":["Est\u00e9tica Premium","Facial","Medicina est\u00e9tica"],"inLanguage":"es","potentialAction":[{"@type":"CommentAction","name":"Comment","target":["https:\/\/agenciaseolocal.eu\/bedda\/rejuvenecimiento-facial\/#respond"]}]},{"@type":"WebPage","@id":"https:\/\/agenciaseolocal.eu\/bedda\/rejuvenecimiento-facial\/","url":"https:\/\/agenciaseolocal.eu\/bedda\/rejuvenecimiento-facial\/","name":"Rejuvenecimiento facial: Gu\u00eda | Centros bedda","isPartOf":{"@id":"https:\/\/agenciaseolocal.eu\/bedda\/#website"},"primaryImageOfPage":{"@id":"https:\/\/agenciaseolocal.eu\/bedda\/rejuvenecimiento-facial\/#primaryimage"},"image":{"@id":"https:\/\/agenciaseolocal.eu\/bedda\/rejuvenecimiento-facial\/#primaryimage"},"thumbnailUrl":"https:\/\/agenciaseolocal.eu\/bedda\/wp-content\/uploads\/2023\/06\/rejuvenecimiento-facial-antes-despues-precios-opiniones.jpg","datePublished":"2023-06-08T11:44:36+00:00","dateModified":"2024-02-21T10:50:48+00:00","description":"\u00bfQuieres saberlo todo sobre el servicio de rejuvenecimiento facial? Entra en el blog de Centros bedda y desc\u00fabrelo. \u00a1Te lo contamos!","breadcrumb":{"@id":"https:\/\/agenciaseolocal.eu\/bedda\/rejuvenecimiento-facial\/#breadcrumb"},"inLanguage":"es","potentialAction":[{"@type":"ReadAction","target":["https:\/\/agenciaseolocal.eu\/bedda\/rejuvenecimiento-facial\/"]}]},{"@type":"ImageObject","inLanguage":"es","@id":"https:\/\/agenciaseolocal.eu\/bedda\/rejuvenecimiento-facial\/#primaryimage","url":"https:\/\/agenciaseolocal.eu\/bedda\/wp-content\/uploads\/2023\/06\/rejuvenecimiento-facial-antes-despues-precios-opiniones.jpg","contentUrl":"https:\/\/agenciaseolocal.eu\/bedda\/wp-content\/uploads\/2023\/06\/rejuvenecimiento-facial-antes-despues-precios-opiniones.jpg","width":1000,"height":667,"caption":"Rejuvenecimiento Facial: Antes y despu\u00e9s, precios y opiniones"},{"@type":"BreadcrumbList","@id":"https:\/\/agenciaseolocal.eu\/bedda\/rejuvenecimiento-facial\/#breadcrumb","itemListElement":[{"@type":"ListItem","position":1,"name":"Portada","item":"https:\/\/agenciaseolocal.eu\/bedda\/"},{"@type":"ListItem","position":2,"name":"Rejuvenecimiento Facial: Antes y despu\u00e9s, precios y opiniones"}]},{"@type":"WebSite","@id":"https:\/\/agenciaseolocal.eu\/bedda\/#website","url":"https:\/\/agenciaseolocal.eu\/bedda\/","name":"Centros bedda","description":"Centro de depilaci\u00f3n l\u00e1ser","publisher":{"@id":"https:\/\/agenciaseolocal.eu\/bedda\/#organization"},"potentialAction":[{"@type":"SearchAction","target":{"@type":"EntryPoint","urlTemplate":"https:\/\/agenciaseolocal.eu\/bedda\/?s={search_term_string}"},"query-input":{"@type":"PropertyValueSpecification","valueRequired":true,"valueName":"search_term_string"}}],"inLanguage":"es"},{"@type":"Organization","@id":"https:\/\/agenciaseolocal.eu\/bedda\/#organization","name":"Centros bedda","url":"https:\/\/agenciaseolocal.eu\/bedda\/","logo":{"@type":"ImageObject","inLanguage":"es","@id":"https:\/\/agenciaseolocal.eu\/bedda\/#\/schema\/logo\/image\/","url":"https:\/\/agenciaseolocal.eu\/bedda\/wp-content\/uploads\/2024\/04\/centros-bedda-depilacion-laser-logo.png","contentUrl":"https:\/\/agenciaseolocal.eu\/bedda\/wp-content\/uploads\/2024\/04\/centros-bedda-depilacion-laser-logo.png","width":220,"height":220,"caption":"Centros bedda"},"image":{"@id":"https:\/\/agenciaseolocal.eu\/bedda\/#\/schema\/logo\/image\/"},"sameAs":["https:\/\/www.facebook.com\/centrobedda","https:\/\/x.com\/centrosbedda","https:\/\/www.youtube.com\/channel\/UCV57tDnQcnHfTici1funk4g?app=desktop","https:\/\/www.instagram.com\/centrosbedda\/","https:\/\/www.linkedin.com\/company\/centros-bedda\/"]},{"@type":"Person","@id":"https:\/\/agenciaseolocal.eu\/bedda\/#\/schema\/person\/ca3010faf67f189fd2de8d61a763fc8b","name":"Centros bedda","image":{"@type":"ImageObject","inLanguage":"es","@id":"https:\/\/agenciaseolocal.eu\/bedda\/#\/schema\/person\/image\/","url":"https:\/\/secure.gravatar.com\/avatar\/ea1f00b0a249719594f6b50ee5d3214c2c192531d8f80f789208e2aa9605ac08?s=96&d=mm&r=g","contentUrl":"https:\/\/secure.gravatar.com\/avatar\/ea1f00b0a249719594f6b50ee5d3214c2c192531d8f80f789208e2aa9605ac08?s=96&d=mm&r=g","caption":"Centros bedda"},"url":"https:\/\/agenciaseolocal.eu\/bedda\/author\/mktpmp_gedfwb31y\/"}]}},"_links":{"self":[{"href":"https:\/\/agenciaseolocal.eu\/bedda\/wp-json\/wp\/v2\/posts\/30637","targetHints":{"allow":["GET"]}}],"collection":[{"href":"https:\/\/agenciaseolocal.eu\/bedda\/wp-json\/wp\/v2\/posts"}],"about":[{"href":"https:\/\/agenciaseolocal.eu\/bedda\/wp-json\/wp\/v2\/types\/post"}],"author":[{"embeddable":true,"href":"https:\/\/agenciaseolocal.eu\/bedda\/wp-json\/wp\/v2\/users\/3"}],"replies":[{"embeddable":true,"href":"https:\/\/agenciaseolocal.eu\/bedda\/wp-json\/wp\/v2\/comments?post=30637"}],"version-history":[{"count":1,"href":"https:\/\/agenciaseolocal.eu\/bedda\/wp-json\/wp\/v2\/posts\/30637\/revisions"}],"predecessor-version":[{"id":987515076,"href":"https:\/\/agenciaseolocal.eu\/bedda\/wp-json\/wp\/v2\/posts\/30637\/revisions\/987515076"}],"wp:featuredmedia":[{"embeddable":true,"href":"https:\/\/agenciaseolocal.eu\/bedda\/wp-json\/wp\/v2\/media\/30638"}],"wp:attachment":[{"href":"https:\/\/agenciaseolocal.eu\/bedda\/wp-json\/wp\/v2\/media?parent=30637"}],"wp:term":[{"taxonomy":"category","embeddable":true,"href":"https:\/\/agenciaseolocal.eu\/bedda\/wp-json\/wp\/v2\/categories?post=30637"},{"taxonomy":"post_tag","embeddable":true,"href":"https:\/\/agenciaseolocal.eu\/bedda\/wp-json\/wp\/v2\/tags?post=30637"}],"curies":[{"name":"wp","href":"https:\/\/api.w.org\/{rel}","templated":true}]}}