{"id":987510228,"date":"2023-08-01T09:44:58","date_gmt":"2023-08-01T07:44:58","guid":{"rendered":"https:\/\/marketingpamplonaenproceso.com\/bedda\/?p=987510228"},"modified":"2024-02-21T11:50:19","modified_gmt":"2024-02-21T10:50:19","slug":"hidratacion-profunda","status":"publish","type":"post","link":"https:\/\/agenciaseolocal.eu\/bedda\/hidratacion-profunda\/","title":{"rendered":"Hidrataci\u00f3n profunda facial: La importancia de hidratar la cara"},"content":{"rendered":"\n<p>El<strong> tratamiento de hidrataci\u00f3n profunda facial<\/strong> es uno de los m\u00e1s demandados actualmente. Es l\u00f3gico dado que <strong>el rostro <\/strong>es la carta de presentaci\u00f3n de toda persona y una <strong>cara hidratada<\/strong> es clave para un <strong>buen aspecto<\/strong>. Hace que la piel est\u00e9 en mejores condiciones y se vea m\u00e1s <strong>joven, radiante y vital<\/strong>.&nbsp;<\/p>\n\n\n\n<p>La <strong>hidrataci\u00f3n desde las capas profundas<\/strong> proporciona mejoras imposibles de lograr con cosm\u00e9ticos de uso dom\u00e9stico.<\/p>\n\n\n\n<h2 class=\"wp-block-heading\">Qu\u00e9 es la hidrataci\u00f3n profunda facial<\/h2>\n\n\n\n<p>Es un <strong>tratamiento de medicina est\u00e9tica<\/strong> que consiste en la <strong>infiltraci\u00f3n mediante microinyecciones <\/strong>en puntos espec\u00edficos del rostro <strong>de <\/strong><a href=\"https:\/\/agenciaseolocal.eu\/bedda\/acido-hialuronico\/\"><strong>\u00e1cido hialur\u00f3nico<\/strong><\/a><strong>, <\/strong>que puede estar enriquecido con <strong>vitaminas<\/strong>.&nbsp;<\/p>\n\n\n\n<p>De esta manera <strong>la hidrataci\u00f3n es profunda y m\u00e1s efectiva<\/strong> que si fuera superficial. Permanece m\u00e1s tiempo y mejora los resultados de forma espectacular en las capas visibles de la piel.&nbsp;<\/p>\n\n\n\n<p>Es un tratamiento muy r\u00e1pido, ya que en una <strong>sesi\u00f3n de unos 15 o 20 minutos<\/strong> es lo habitual. Se realizan peque\u00f1os pinchazos en puntos muy concretos y dado que el rostro tiene una superficie relativamente peque\u00f1a, es un tratamiento que no requiere mucho tiempo.<\/p>\n\n\n\n<p>El<strong> tratamiento de hidrataci\u00f3n profunda realizado por expertos en medicina est\u00e9tica<\/strong> nada tiene que ver con los cuidados que puedes aplicarte en casa para mejorar la hidrataci\u00f3n del cutis.<\/p>\n\n\n\n<p>Lo que haces en casa con el uso de cremas es \u00fanicamente superficial para <strong>combatir la piel seca<\/strong> de la cara. El tratamiento de <strong>hidrataci\u00f3n facial profunda<\/strong> llega a <strong>capas interiores<\/strong> para que act\u00fae desde all\u00ed de forma m\u00e1s eficiente. Lo hace durante m\u00e1s tiempo y promoviendo mejoras reales por parte del organismo visibles en la <strong>estructura y aspecto de la piel<\/strong>.<\/p>\n\n\n\n<h2 class=\"wp-block-heading\">Beneficios de la hidrataci\u00f3n profunda en la cara<\/h2>\n\n\n\n<ul class=\"wp-block-list\">\n<li><strong>Piel m\u00e1s hidratada y firme<\/strong>, sin sequedad, con mayor jugosidad y luminosidad.&nbsp;<\/li>\n\n\n\n<li><a href=\"https:\/\/agenciaseolocal.eu\/bedda\/tratamiento-antiarrugas\/\"><strong>Reduce la apariencia de las arrugas<\/strong><\/a><strong> y l\u00edneas de expresi\u00f3n<\/strong> haci\u00e9ndolas menos evidentes y visibles y mostrando un cutis m\u00e1s liso.<\/li>\n\n\n\n<li><strong>Promueve la elasticidad de los tejidos y aumenta la generaci\u00f3n de col\u00e1geno y elastina<\/strong>. Piel del rostro con mejor elasticidad y firmeza para un \u00f3valo facial m\u00e1s definido, reduciendo la flacidez facial.<\/li>\n\n\n\n<li>Contribuye a la <strong>restauraci\u00f3n del volumen de la piel facial<\/strong>.<\/li>\n\n\n\n<li><strong>Revitaliza las capas externas de la piel actuando desde las capas profundas del rostro<\/strong>.&nbsp;<\/li>\n\n\n\n<li><strong>Estimula la renovaci\u00f3n celular<\/strong>.<\/li>\n\n\n\n<li><strong>Aporta nutrientes al rostro<\/strong>, fundamentalmente minerales, antioxidantes y amino\u00e1cidos.<\/li>\n\n\n\n<li><strong>Mejora la pigmentaci\u00f3n de la piel de la cara<\/strong> para un rostro de tono m\u00e1s uniforme.<\/li>\n<\/ul>\n\n\n\n<h2 class=\"wp-block-heading\">Resultados del tratamiento de hidrataci\u00f3n profunda facial: antes y despu\u00e9s<\/h2>\n\n\n\n<p>Los <strong>beneficios<\/strong> se perciben en los<strong> resultados<\/strong> con un <strong>antes y despu\u00e9s <\/strong>claramente diferenciado. Generalmente tras <strong>una sola sesi\u00f3n de hidrataci\u00f3n profunda facial<\/strong> y pasados un par de d\u00edas desde su realizaci\u00f3n las mejoras ya son evidentes e importantes.<\/p>\n\n\n\n<p>Por ello las <strong>opiniones de los pacientes<\/strong> sobre el <strong>resultado de la hidrataci\u00f3n profunda en la cara<\/strong> son tan positivas.&nbsp;<\/p>\n\n\n\n<ul class=\"wp-block-list\">\n<li>Rostro de <a href=\"https:\/\/agenciaseolocal.eu\/bedda\/rejuvenecimiento-facial\/\"><strong>aspecto rejuvenecido<\/strong><\/a> en su totalidad.&nbsp;<\/li>\n\n\n\n<li>Textura facial con<strong> mayor jugosidad y volumen<\/strong>, de aspecto m\u00e1s saludable y joven.<\/li>\n\n\n\n<li><strong>Piel m\u00e1s luminosa e hidratada<\/strong>, sin signos de sequedad.&nbsp;<\/li>\n\n\n\n<li><strong>Mayor uniformidad en tono y superficie<\/strong>.&nbsp;<\/li>\n\n\n\n<li><strong>Arrugas no visibles<\/strong>, rostro m\u00e1s suave, terso y firme, m\u00e1s liso.<\/li>\n\n\n\n<li><strong>Menos flacidez<\/strong> en el rostro.<\/li>\n\n\n\n<li><strong>\u00d3valo facial m\u00e1s definido<\/strong>.<\/li>\n<\/ul>\n\n\n\n<h2 class=\"wp-block-heading\">\u00bfCu\u00e1nto cuesta un tratamiento de hidrataci\u00f3n facial profunda? Precio<\/h2>\n\n\n\n<p>Los <strong>precios de la hidrataci\u00f3n profunda facial <\/strong>dependen de diversos <strong>factores<\/strong>. En primer lugar hay que tener en cuenta que es un tratamiento de <strong>medicina est\u00e9tica<\/strong>, y debe ser llevado a cabo por<strong> m\u00e9dicos titulados especializados<\/strong>.&nbsp;<\/p>\n\n\n\n<p>Uno de los factores que influyen en el precio es el <strong>tipo y cantidad de producto inyectado<\/strong>. Hay distintas posibilidades, concentraciones y calidades. L\u00f3gicamente, redunda en los resultados obtenidos y en la duraci\u00f3n de los mismos.&nbsp;<\/p>\n\n\n\n<p>No obstante, hay otras cuestiones que determinan <strong>el coste del tratamiento<\/strong>. En <strong>Centros bedda<\/strong> podemos ofrecer una <strong>magn\u00edfica relaci\u00f3n calidad precio <\/strong>porque atendemos a un n\u00famero importante de pacientes en nuestros distintos <strong>establecimientos<\/strong>. No somos una franquicia, ni somos una peque\u00f1a cl\u00ednica.&nbsp;<\/p>\n\n\n\n<p>Al atender a muchos<strong> pacientes<\/strong> y realizar compras grandes podemos <strong>acordar con los laboratorios proveedores un mejor precio<\/strong> y eso repercute positivamente para el paciente en <strong>el precio del tratamiento de hidrataci\u00f3n profunda facial<\/strong>.<\/p>\n\n\n\n<h2 class=\"wp-block-heading\">Por qu\u00e9 elegir Centros bedda para tu tratamiento de hidrataci\u00f3n profunda facial<\/h2>\n\n\n\n<p>En Centros bedda te proporcionamos un <strong>tratamiento de hidrataci\u00f3n facial profunda de calidad llevado a cabo por titulados en medicina est\u00e9tica con experiencia<\/strong>.&nbsp;<\/p>\n\n\n\n<p>Te atendemos en unas <strong>instalaciones confortables<\/strong>, modernas, perfectamente higienizadas y con todas las garant\u00edas de salubridad. En un <strong>ambiente acogedor y tranquilo<\/strong>.<\/p>\n\n\n\n<p>Trabajamos con <strong>laboratorios proveedores de primer nivel<\/strong> que nos proporcionan <strong>productos de alta calidad <\/strong>para un <strong>tratamiento seguro<\/strong> de <strong>resultados claros y evidentes<\/strong> con una buena duraci\u00f3n de las mejoras logradas.&nbsp;<\/p>\n","protected":false},"excerpt":{"rendered":"<p>El tratamiento de hidrataci\u00f3n profunda facial es uno de los m\u00e1s demandados actualmente. Es l\u00f3gico dado que el rostro es la carta de presentaci\u00f3n de toda persona y una cara hidratada es clave para un buen aspecto. Hace que la piel est\u00e9 en mejores condiciones y se vea m\u00e1s joven, radiante y vital.&nbsp; La hidrataci\u00f3n [&hellip;]<\/p>\n","protected":false},"author":3,"featured_media":987510230,"comment_status":"open","ping_status":"closed","sticky":false,"template":"","format":"standard","meta":{"_et_pb_use_builder":"off","_et_pb_old_content":"","_et_gb_content_width":"","_joinchat":[],"footnotes":""},"categories":[66,50,54],"tags":[],"class_list":["post-987510228","post","type-post","status-publish","format-standard","has-post-thumbnail","hentry","category-estetica-premium","category-facial","category-medicina-estetica"],"yoast_head":"<!-- This site is optimized with the Yoast SEO plugin v25.9 - https:\/\/yoast.com\/wordpress\/plugins\/seo\/ -->\n<title>Tratamiento Hidrataci\u00f3n Profunda | Centros bedda<\/title>\n<meta name=\"description\" content=\"\u00bfQuieres saberlo todo sobre nuestro tratamiento de hidrataci\u00f3n profunda? Entra en Centros bedda y desc\u00fabrelo. \u00a1Te lo contamos!\" \/>\n<meta name=\"robots\" content=\"noindex, follow, max-snippet:-1, max-image-preview:large, max-video-preview:-1\" \/>\n<meta property=\"og:locale\" content=\"es_ES\" \/>\n<meta property=\"og:type\" content=\"article\" \/>\n<meta property=\"og:title\" content=\"Tratamiento Hidrataci\u00f3n Profunda | Centros bedda\" \/>\n<meta property=\"og:description\" content=\"\u00bfQuieres saberlo todo sobre nuestro tratamiento de hidrataci\u00f3n profunda? Entra en Centros bedda y desc\u00fabrelo. \u00a1Te lo contamos!\" \/>\n<meta property=\"og:url\" content=\"https:\/\/agenciaseolocal.eu\/bedda\/hidratacion-profunda\/\" \/>\n<meta property=\"og:site_name\" content=\"Centros bedda\" \/>\n<meta property=\"article:publisher\" content=\"https:\/\/www.facebook.com\/centrobedda\" \/>\n<meta property=\"article:published_time\" content=\"2023-08-01T07:44:58+00:00\" \/>\n<meta property=\"article:modified_time\" content=\"2024-02-21T10:50:19+00:00\" \/>\n<meta property=\"og:image\" content=\"https:\/\/agenciaseolocal.eu\/bedda\/wp-content\/uploads\/2023\/08\/tratamiento-hidratacion-profunda-facial.jpg\" \/>\n\t<meta property=\"og:image:width\" content=\"1000\" \/>\n\t<meta property=\"og:image:height\" content=\"667\" \/>\n\t<meta property=\"og:image:type\" content=\"image\/jpeg\" \/>\n<meta name=\"author\" content=\"Centros bedda\" \/>\n<meta name=\"twitter:card\" content=\"summary_large_image\" \/>\n<meta name=\"twitter:creator\" content=\"@centrosbedda\" \/>\n<meta name=\"twitter:site\" content=\"@centrosbedda\" \/>\n<meta name=\"twitter:label1\" content=\"Escrito por\" \/>\n\t<meta name=\"twitter:data1\" content=\"Centros bedda\" \/>\n\t<meta name=\"twitter:label2\" content=\"Tiempo de lectura\" \/>\n\t<meta name=\"twitter:data2\" content=\"4 minutos\" \/>\n<!-- \/ Yoast SEO plugin. -->","yoast_head_json":{"title":"Tratamiento Hidrataci\u00f3n Profunda | Centros bedda","description":"\u00bfQuieres saberlo todo sobre nuestro tratamiento de hidrataci\u00f3n profunda? Entra en Centros bedda y desc\u00fabrelo. \u00a1Te lo contamos!","robots":{"index":"noindex","follow":"follow","max-snippet":"max-snippet:-1","max-image-preview":"max-image-preview:large","max-video-preview":"max-video-preview:-1"},"og_locale":"es_ES","og_type":"article","og_title":"Tratamiento Hidrataci\u00f3n Profunda | Centros bedda","og_description":"\u00bfQuieres saberlo todo sobre nuestro tratamiento de hidrataci\u00f3n profunda? Entra en Centros bedda y desc\u00fabrelo. \u00a1Te lo contamos!","og_url":"https:\/\/agenciaseolocal.eu\/bedda\/hidratacion-profunda\/","og_site_name":"Centros bedda","article_publisher":"https:\/\/www.facebook.com\/centrobedda","article_published_time":"2023-08-01T07:44:58+00:00","article_modified_time":"2024-02-21T10:50:19+00:00","og_image":[{"width":1000,"height":667,"url":"https:\/\/agenciaseolocal.eu\/bedda\/wp-content\/uploads\/2023\/08\/tratamiento-hidratacion-profunda-facial.jpg","type":"image\/jpeg"}],"author":"Centros bedda","twitter_card":"summary_large_image","twitter_creator":"@centrosbedda","twitter_site":"@centrosbedda","twitter_misc":{"Escrito por":"Centros bedda","Tiempo de lectura":"4 minutos"},"schema":{"@context":"https:\/\/schema.org","@graph":[{"@type":"Article","@id":"https:\/\/agenciaseolocal.eu\/bedda\/hidratacion-profunda\/#article","isPartOf":{"@id":"https:\/\/agenciaseolocal.eu\/bedda\/hidratacion-profunda\/"},"author":{"name":"Centros bedda","@id":"https:\/\/agenciaseolocal.eu\/bedda\/#\/schema\/person\/ca3010faf67f189fd2de8d61a763fc8b"},"headline":"Hidrataci\u00f3n profunda facial: La importancia de hidratar la cara","datePublished":"2023-08-01T07:44:58+00:00","dateModified":"2024-02-21T10:50:19+00:00","mainEntityOfPage":{"@id":"https:\/\/agenciaseolocal.eu\/bedda\/hidratacion-profunda\/"},"wordCount":858,"commentCount":0,"publisher":{"@id":"https:\/\/agenciaseolocal.eu\/bedda\/#organization"},"image":{"@id":"https:\/\/agenciaseolocal.eu\/bedda\/hidratacion-profunda\/#primaryimage"},"thumbnailUrl":"https:\/\/agenciaseolocal.eu\/bedda\/wp-content\/uploads\/2023\/08\/tratamiento-hidratacion-profunda-facial.jpg","articleSection":["Est\u00e9tica Premium","Facial","Medicina est\u00e9tica"],"inLanguage":"es","potentialAction":[{"@type":"CommentAction","name":"Comment","target":["https:\/\/agenciaseolocal.eu\/bedda\/hidratacion-profunda\/#respond"]}]},{"@type":"WebPage","@id":"https:\/\/agenciaseolocal.eu\/bedda\/hidratacion-profunda\/","url":"https:\/\/agenciaseolocal.eu\/bedda\/hidratacion-profunda\/","name":"Tratamiento Hidrataci\u00f3n Profunda | Centros bedda","isPartOf":{"@id":"https:\/\/agenciaseolocal.eu\/bedda\/#website"},"primaryImageOfPage":{"@id":"https:\/\/agenciaseolocal.eu\/bedda\/hidratacion-profunda\/#primaryimage"},"image":{"@id":"https:\/\/agenciaseolocal.eu\/bedda\/hidratacion-profunda\/#primaryimage"},"thumbnailUrl":"https:\/\/agenciaseolocal.eu\/bedda\/wp-content\/uploads\/2023\/08\/tratamiento-hidratacion-profunda-facial.jpg","datePublished":"2023-08-01T07:44:58+00:00","dateModified":"2024-02-21T10:50:19+00:00","description":"\u00bfQuieres saberlo todo sobre nuestro tratamiento de hidrataci\u00f3n profunda? Entra en Centros bedda y desc\u00fabrelo. \u00a1Te lo contamos!","breadcrumb":{"@id":"https:\/\/agenciaseolocal.eu\/bedda\/hidratacion-profunda\/#breadcrumb"},"inLanguage":"es","potentialAction":[{"@type":"ReadAction","target":["https:\/\/agenciaseolocal.eu\/bedda\/hidratacion-profunda\/"]}]},{"@type":"ImageObject","inLanguage":"es","@id":"https:\/\/agenciaseolocal.eu\/bedda\/hidratacion-profunda\/#primaryimage","url":"https:\/\/agenciaseolocal.eu\/bedda\/wp-content\/uploads\/2023\/08\/tratamiento-hidratacion-profunda-facial.jpg","contentUrl":"https:\/\/agenciaseolocal.eu\/bedda\/wp-content\/uploads\/2023\/08\/tratamiento-hidratacion-profunda-facial.jpg","width":1000,"height":667,"caption":"tratamiento hidratacion profunda facial"},{"@type":"BreadcrumbList","@id":"https:\/\/agenciaseolocal.eu\/bedda\/hidratacion-profunda\/#breadcrumb","itemListElement":[{"@type":"ListItem","position":1,"name":"Portada","item":"https:\/\/agenciaseolocal.eu\/bedda\/"},{"@type":"ListItem","position":2,"name":"Hidrataci\u00f3n profunda facial: La importancia de hidratar la cara"}]},{"@type":"WebSite","@id":"https:\/\/agenciaseolocal.eu\/bedda\/#website","url":"https:\/\/agenciaseolocal.eu\/bedda\/","name":"Centros bedda","description":"Centro de depilaci\u00f3n l\u00e1ser","publisher":{"@id":"https:\/\/agenciaseolocal.eu\/bedda\/#organization"},"potentialAction":[{"@type":"SearchAction","target":{"@type":"EntryPoint","urlTemplate":"https:\/\/agenciaseolocal.eu\/bedda\/?s={search_term_string}"},"query-input":{"@type":"PropertyValueSpecification","valueRequired":true,"valueName":"search_term_string"}}],"inLanguage":"es"},{"@type":"Organization","@id":"https:\/\/agenciaseolocal.eu\/bedda\/#organization","name":"Centros bedda","url":"https:\/\/agenciaseolocal.eu\/bedda\/","logo":{"@type":"ImageObject","inLanguage":"es","@id":"https:\/\/agenciaseolocal.eu\/bedda\/#\/schema\/logo\/image\/","url":"https:\/\/agenciaseolocal.eu\/bedda\/wp-content\/uploads\/2024\/04\/centros-bedda-depilacion-laser-logo.png","contentUrl":"https:\/\/agenciaseolocal.eu\/bedda\/wp-content\/uploads\/2024\/04\/centros-bedda-depilacion-laser-logo.png","width":220,"height":220,"caption":"Centros bedda"},"image":{"@id":"https:\/\/agenciaseolocal.eu\/bedda\/#\/schema\/logo\/image\/"},"sameAs":["https:\/\/www.facebook.com\/centrobedda","https:\/\/x.com\/centrosbedda","https:\/\/www.youtube.com\/channel\/UCV57tDnQcnHfTici1funk4g?app=desktop","https:\/\/www.instagram.com\/centrosbedda\/","https:\/\/www.linkedin.com\/company\/centros-bedda\/"]},{"@type":"Person","@id":"https:\/\/agenciaseolocal.eu\/bedda\/#\/schema\/person\/ca3010faf67f189fd2de8d61a763fc8b","name":"Centros bedda","image":{"@type":"ImageObject","inLanguage":"es","@id":"https:\/\/agenciaseolocal.eu\/bedda\/#\/schema\/person\/image\/","url":"https:\/\/secure.gravatar.com\/avatar\/ea1f00b0a249719594f6b50ee5d3214c2c192531d8f80f789208e2aa9605ac08?s=96&d=mm&r=g","contentUrl":"https:\/\/secure.gravatar.com\/avatar\/ea1f00b0a249719594f6b50ee5d3214c2c192531d8f80f789208e2aa9605ac08?s=96&d=mm&r=g","caption":"Centros bedda"},"url":"https:\/\/agenciaseolocal.eu\/bedda\/author\/mktpmp_gedfwb31y\/"}]}},"_links":{"self":[{"href":"https:\/\/agenciaseolocal.eu\/bedda\/wp-json\/wp\/v2\/posts\/987510228","targetHints":{"allow":["GET"]}}],"collection":[{"href":"https:\/\/agenciaseolocal.eu\/bedda\/wp-json\/wp\/v2\/posts"}],"about":[{"href":"https:\/\/agenciaseolocal.eu\/bedda\/wp-json\/wp\/v2\/types\/post"}],"author":[{"embeddable":true,"href":"https:\/\/agenciaseolocal.eu\/bedda\/wp-json\/wp\/v2\/users\/3"}],"replies":[{"embeddable":true,"href":"https:\/\/agenciaseolocal.eu\/bedda\/wp-json\/wp\/v2\/comments?post=987510228"}],"version-history":[{"count":1,"href":"https:\/\/agenciaseolocal.eu\/bedda\/wp-json\/wp\/v2\/posts\/987510228\/revisions"}],"predecessor-version":[{"id":987515071,"href":"https:\/\/agenciaseolocal.eu\/bedda\/wp-json\/wp\/v2\/posts\/987510228\/revisions\/987515071"}],"wp:featuredmedia":[{"embeddable":true,"href":"https:\/\/agenciaseolocal.eu\/bedda\/wp-json\/wp\/v2\/media\/987510230"}],"wp:attachment":[{"href":"https:\/\/agenciaseolocal.eu\/bedda\/wp-json\/wp\/v2\/media?parent=987510228"}],"wp:term":[{"taxonomy":"category","embeddable":true,"href":"https:\/\/agenciaseolocal.eu\/bedda\/wp-json\/wp\/v2\/categories?post=987510228"},{"taxonomy":"post_tag","embeddable":true,"href":"https:\/\/agenciaseolocal.eu\/bedda\/wp-json\/wp\/v2\/tags?post=987510228"}],"curies":[{"name":"wp","href":"https:\/\/api.w.org\/{rel}","templated":true}]}}