{"id":987510240,"date":"2023-08-25T10:16:36","date_gmt":"2023-08-25T08:16:36","guid":{"rendered":"https:\/\/marketingpamplonaenproceso.com\/bedda\/?p=987510240"},"modified":"2024-01-31T12:25:51","modified_gmt":"2024-01-31T11:25:51","slug":"radiofrecuencia","status":"publish","type":"post","link":"https:\/\/agenciaseolocal.eu\/bedda\/radiofrecuencia\/","title":{"rendered":"Radiofrecuencia: Qu\u00e9 es, antes y despu\u00e9s y opiniones"},"content":{"rendered":"\n<p>El <strong>tratamiento de <a href=\"https:\/\/agenciaseolocal.eu\/bedda\/tratamientos\/tratamiento-radiofrecuencia-corporal-bedda\/\">radiofrecuencia corporal<\/a> con fines est\u00e9ticos<\/strong> es uno de los m\u00e1s demandados para <strong>combatir la flacidez y la celulitis<\/strong>. No se debe confundir con la <strong><a href=\"https:\/\/agenciaseolocal.eu\/bedda\/tratamientos\/tratamiento-radiofrecuencia-facial-bedda\/\">radiofrecuencia facial<\/a><\/strong>, que si bien utiliza la misma tecnolog\u00eda, lo hace de un modo diferente para lograr otros objetivos. Esta \u00faltima se aplica como <strong>tratamiento para un efecto anti edad en el rostro y para mejorar el estado del cutis<\/strong>.\u00a0<\/p>\n\n\n\n<p>Ambos <a href=\"https:\/\/agenciaseolocal.eu\/bedda\/estetica-premium\/\">tratamientos est\u00e9ticos premium<\/a> requieren de un <strong>aparato de radiofrecuencia<\/strong> y son una alternativa perfecta para <strong>evitar tratamientos est\u00e9ticos que requieren cirug\u00eda<\/strong>.\u00a0<\/p>\n\n\n\n<h2 class=\"wp-block-heading\">Qu\u00e9 es la radiofrecuencia y para qu\u00e9 sirve<\/h2>\n\n\n\n<p>La radiofrecuencia es un tratamiento que <strong>aplica ondas electromagn\u00e9ticas de alta frecuencia sobre la piel que se desea tratar <\/strong>tras cubrirla con un gel. Provoca el <strong>calentamiento controlado de las diferentes capas de tejidos<\/strong> que tiene <strong>efectos beneficios para la est\u00e9tica y la salud<\/strong>.<\/p>\n\n\n\n<p>Seg\u00fan los objetivos que se quieren lograr, <strong>las ondas llegan a tejidos m\u00e1s o menos profundos<\/strong> con diferentes efectos y beneficios. Se puede utilizar para lograr fines est\u00e9ticos o sanitarios como el tratamiento Indiba para el dolor. En este art\u00edculo nos centramos en su <strong>uso para la est\u00e9tica<\/strong>. Los <strong>resultados antes y despu\u00e9s<\/strong> son evidentes y <strong>las opiniones de los pacientes que han recibido el tratamiento son muy positivas<\/strong>.<\/p>\n\n\n\n<p>\u00bfPara qu\u00e9 sirve? En el caso de <strong>la radiofrecuencia corporal<\/strong>, sobre todo para <strong>combatir la flacidez y la celulitis en la zona abdominal, lumbar, piernas, cartucheras y gl\u00fateos<\/strong>. En el caso del <strong>tratamiento facial<\/strong>, sobre todo para <strong>mejorar la elasticidad y firmeza de la piel del rostro y eliminar arrugas<\/strong>.&nbsp;<\/p>\n\n\n\n<p>La radiofrecuencia <strong>no es dolorosa<\/strong> y al no requerir inyecciones ni introducir productos, raramente existe efecto secundario alguno. Apenas hay <strong>pros y contras<\/strong>. Pero s\u00ed es un tratamiento que, como otros, no es aconsejado para embarazadas, personas que est\u00e1n recibiendo tratamiento de quimioterapia o personas con pr\u00f3tesis met\u00e1licas.&nbsp;<\/p>\n\n\n\n<p>En el centro donde vayas a recibir el tratamiento te hablar\u00e1n de ello y podr\u00e1s resolver cualquier duda.&nbsp;<\/p>\n\n\n\n<h2 class=\"wp-block-heading\">Beneficios&nbsp;<\/h2>\n\n\n\n<p>Ya sabes qu\u00e9 es y para qu\u00e9 sirve, pero, \u00bfcu\u00e1les son <strong>los beneficios est\u00e9ticos de la radiofrecuencia<\/strong>?<\/p>\n\n\n\n<p><strong>En el caso de la radiofrecuencia facial<\/strong> son:<\/p>\n\n\n\n<ul class=\"wp-block-list\">\n<li><strong>Estimulaci\u00f3n del col\u00e1geno<\/strong>, para un rostro de piel m\u00e1s el\u00e1stica.&nbsp;<\/li>\n\n\n\n<li><strong>Activaci\u00f3n de la circulaci\u00f3n sangu\u00ednea que mejora la oxigenaci\u00f3n y el reparto de nutrientes<\/strong> a los tejidos del rostro.<\/li>\n\n\n\n<li><strong>Eliminaci\u00f3n de arrugas, piel m\u00e1s lisa y de textura m\u00e1s uniforme<\/strong> para un rostro de aspecto rejuvenecido.<\/li>\n\n\n\n<li><strong>Reducci\u00f3n de la flacidez facial<\/strong> para un rostro de aspecto m\u00e1s firme y un \u00f3valo facial m\u00e1s definido.<\/li>\n<\/ul>\n\n\n\n<p>Los beneficios de la radiofrecuencia corporal m\u00e1s relevantes son:<\/p>\n\n\n\n<ul class=\"wp-block-list\">\n<li><strong>Piel m\u00e1s lisa y tensa<\/strong>, aspecto de mayor firmeza corporal.<\/li>\n\n\n\n<li><strong>Mejora la actividad del sistema linf\u00e1tico<\/strong>, ayudando a mover y a eliminar los l\u00edquidos retenidos en el organismo y la eliminaci\u00f3n de toxinas.<\/li>\n\n\n\n<li><strong>Contribuye a romper y movilizar los dep\u00f3sitos de grasa acumulada que provocan celulitis<\/strong> y cartucheras.<\/li>\n\n\n\n<li><strong>Mejora la circulaci\u00f3n sangu\u00ednea<\/strong> para un mejor estado de los tejidos.&nbsp;<\/li>\n\n\n\n<li><strong>Favorece la formaci\u00f3n de col\u00e1geno <\/strong>para reducir la flacidez corporal y mejorar la firmeza en las zonas tratadas.&nbsp;<\/li>\n<\/ul>\n\n\n\n<h2 class=\"wp-block-heading\">Resultados de la radiofrecuencia: antes y despu\u00e9s<\/h2>\n\n\n\n<p><strong>Los resultados del tratamiento de radioterapia <\/strong>son muy evidentes, con una clara mejora antes y despu\u00e9s proporcionando efectos duraderos.<\/p>\n\n\n\n<p>Resultados del tratamiento de radiofrecuencia facial:<\/p>\n\n\n\n<ul class=\"wp-block-list\">\n<li><strong>Rostro de cutis m\u00e1s el\u00e1stico y firme<\/strong>.<\/li>\n\n\n\n<li>Cara<strong> sin arrugas<\/strong>.<\/li>\n\n\n\n<li>Rostro de <strong>aspecto m\u00e1s j\u00f3ven<\/strong>.<\/li>\n\n\n\n<li><strong>Menor flacidez facial<\/strong>.<\/li>\n\n\n\n<li><strong>\u00d3valo facial mejor definido<\/strong>.<\/li>\n\n\n\n<li><strong>Cutis m\u00e1s radiante y luminoso<\/strong>, de aspecto m\u00e1s fresco y joven.<\/li>\n<\/ul>\n\n\n\n<p>Resultados del tratamiento de radiofrecuencia corporal:<\/p>\n\n\n\n<ul class=\"wp-block-list\">\n<li><strong>Menor volumen corporal<\/strong> en las zonas tratadas.<\/li>\n\n\n\n<li><strong>Aspecto m\u00e1s liso y firme<\/strong> con m\u00e1s col\u00e1geno en la piel, sin los ac\u00famulos de grasa y l\u00edquido que afectan a la apariencia de la piel en la zona tratada.&nbsp;<\/li>\n\n\n\n<li><strong>Menos celulitis<\/strong>.<\/li>\n\n\n\n<li><strong>Sin l\u00edquido retenido<\/strong>.<\/li>\n\n\n\n<li><strong>Mejor circulaci\u00f3n sangu\u00ednea<\/strong> para mantener m\u00e1s tiempo los resultados alcanzados.<\/li>\n\n\n\n<li><strong>Organismo con menos toxinas<\/strong>.<\/li>\n<\/ul>\n\n\n\n<h2 class=\"wp-block-heading\">\u00bfCu\u00e1nto cuesta?<\/h2>\n\n\n\n<p>Los <strong><a href=\"https:\/\/agenciaseolocal.eu\/bedda\/precio-radiofrecuencia\/\">precios de la radiofrecuencia<\/a> en Centros bedda<\/strong> son econ\u00f3micos. <strong>El precio del tratamiento completo de seis sesiones de radiofrecuencia facial es de 289 euros<\/strong>. El <strong>precio del tratamiento conjunto de diez sesiones de radiofrecuencia corporal y presoterapia es de 425 euros<\/strong>. Estos son precios para el tratamiento de radiofrecuencia corporal y no hay que confundirlos con los <a href=\"https:\/\/agenciaseolocal.eu\/bedda\/precio-radiofrecuencia-facial\/\">precios de la radiofrecuencia facial<\/a>.<\/p>\n\n\n\n<h2 class=\"wp-block-heading\">Por qu\u00e9 elegir Centros bedda para tu tratamiento de radiofrecuencia&nbsp;<\/h2>\n\n\n\n<p>En <a href=\"https:\/\/agenciaseolocal.eu\/bedda\/\">Centros bedda<\/a> contamos con la <strong>tecnolog\u00eda m\u00e1s segura<\/strong> y un <strong>equipo de profesionales especializados en el tratamiento de radiofrecuencia con fines est\u00e9ticos<\/strong>. Te atendemos en nuestros establecimientos en un <strong>espacio confortable, acogedor, seguro e \u00edntimo<\/strong>, en un ambiente amigable, cercano y profesional.<\/p>\n\n\n\n<p>Te ofrecemos <strong>la mejor relaci\u00f3n calidad precio en tratamientos faciales y corporales<\/strong> y la <strong>posibilidad de completar el tratamiento en distintos centros<\/strong> si te conviene.&nbsp;<\/p>\n","protected":false},"excerpt":{"rendered":"<p>El tratamiento de radiofrecuencia corporal con fines est\u00e9ticos es uno de los m\u00e1s demandados para combatir la flacidez y la celulitis. No se debe confundir con la radiofrecuencia facial, que si bien utiliza la misma tecnolog\u00eda, lo hace de un modo diferente para lograr otros objetivos. Esta \u00faltima se aplica como tratamiento para un efecto [&hellip;]<\/p>\n","protected":false},"author":3,"featured_media":987510241,"comment_status":"open","ping_status":"closed","sticky":false,"template":"","format":"standard","meta":{"_et_pb_use_builder":"off","_et_pb_old_content":"","_et_gb_content_width":"","_joinchat":[],"footnotes":""},"categories":[51,66,50,49],"tags":[],"class_list":["post-987510240","post","type-post","status-publish","format-standard","has-post-thumbnail","hentry","category-blog","category-estetica-premium","category-facial","category-zona-inferior"],"yoast_head":"<!-- This site is optimized with the Yoast SEO plugin v25.9 - https:\/\/yoast.com\/wordpress\/plugins\/seo\/ -->\n<title>Tratamiento Radiofrecuencia | Centros bedda<\/title>\n<meta name=\"description\" content=\"\u00bfQuieres saberlo todo sobre nuestro tratamiento de radiofrecuencia? Entra en Centros bedda y desc\u00fabrelo. \u00a1Te lo contamos!\" \/>\n<meta name=\"robots\" content=\"noindex, follow, max-snippet:-1, max-image-preview:large, max-video-preview:-1\" \/>\n<meta property=\"og:locale\" content=\"es_ES\" \/>\n<meta property=\"og:type\" content=\"article\" \/>\n<meta property=\"og:title\" content=\"Tratamiento Radiofrecuencia | Centros bedda\" \/>\n<meta property=\"og:description\" content=\"\u00bfQuieres saberlo todo sobre nuestro tratamiento de radiofrecuencia? Entra en Centros bedda y desc\u00fabrelo. \u00a1Te lo contamos!\" \/>\n<meta property=\"og:url\" content=\"https:\/\/agenciaseolocal.eu\/bedda\/radiofrecuencia\/\" \/>\n<meta property=\"og:site_name\" content=\"Centros bedda\" \/>\n<meta property=\"article:publisher\" content=\"https:\/\/www.facebook.com\/centrobedda\" \/>\n<meta property=\"article:published_time\" content=\"2023-08-25T08:16:36+00:00\" \/>\n<meta property=\"article:modified_time\" content=\"2024-01-31T11:25:51+00:00\" \/>\n<meta property=\"og:image\" content=\"https:\/\/agenciaseolocal.eu\/bedda\/wp-content\/uploads\/2023\/08\/tratamiento-de-radiofrecuencia-facial.jpg\" \/>\n\t<meta property=\"og:image:width\" content=\"1000\" \/>\n\t<meta property=\"og:image:height\" content=\"667\" \/>\n\t<meta property=\"og:image:type\" content=\"image\/jpeg\" \/>\n<meta name=\"author\" content=\"Centros bedda\" \/>\n<meta name=\"twitter:card\" content=\"summary_large_image\" \/>\n<meta name=\"twitter:creator\" content=\"@centrosbedda\" \/>\n<meta name=\"twitter:site\" content=\"@centrosbedda\" \/>\n<meta name=\"twitter:label1\" content=\"Escrito por\" \/>\n\t<meta name=\"twitter:data1\" content=\"Centros bedda\" \/>\n\t<meta name=\"twitter:label2\" content=\"Tiempo de lectura\" \/>\n\t<meta name=\"twitter:data2\" content=\"4 minutos\" \/>\n<!-- \/ Yoast SEO plugin. -->","yoast_head_json":{"title":"Tratamiento Radiofrecuencia | Centros bedda","description":"\u00bfQuieres saberlo todo sobre nuestro tratamiento de radiofrecuencia? Entra en Centros bedda y desc\u00fabrelo. \u00a1Te lo contamos!","robots":{"index":"noindex","follow":"follow","max-snippet":"max-snippet:-1","max-image-preview":"max-image-preview:large","max-video-preview":"max-video-preview:-1"},"og_locale":"es_ES","og_type":"article","og_title":"Tratamiento Radiofrecuencia | Centros bedda","og_description":"\u00bfQuieres saberlo todo sobre nuestro tratamiento de radiofrecuencia? Entra en Centros bedda y desc\u00fabrelo. \u00a1Te lo contamos!","og_url":"https:\/\/agenciaseolocal.eu\/bedda\/radiofrecuencia\/","og_site_name":"Centros bedda","article_publisher":"https:\/\/www.facebook.com\/centrobedda","article_published_time":"2023-08-25T08:16:36+00:00","article_modified_time":"2024-01-31T11:25:51+00:00","og_image":[{"width":1000,"height":667,"url":"https:\/\/agenciaseolocal.eu\/bedda\/wp-content\/uploads\/2023\/08\/tratamiento-de-radiofrecuencia-facial.jpg","type":"image\/jpeg"}],"author":"Centros bedda","twitter_card":"summary_large_image","twitter_creator":"@centrosbedda","twitter_site":"@centrosbedda","twitter_misc":{"Escrito por":"Centros bedda","Tiempo de lectura":"4 minutos"},"schema":{"@context":"https:\/\/schema.org","@graph":[{"@type":"Article","@id":"https:\/\/agenciaseolocal.eu\/bedda\/radiofrecuencia\/#article","isPartOf":{"@id":"https:\/\/agenciaseolocal.eu\/bedda\/radiofrecuencia\/"},"author":{"name":"Centros bedda","@id":"https:\/\/agenciaseolocal.eu\/bedda\/#\/schema\/person\/ca3010faf67f189fd2de8d61a763fc8b"},"headline":"Radiofrecuencia: Qu\u00e9 es, antes y despu\u00e9s y opiniones","datePublished":"2023-08-25T08:16:36+00:00","dateModified":"2024-01-31T11:25:51+00:00","mainEntityOfPage":{"@id":"https:\/\/agenciaseolocal.eu\/bedda\/radiofrecuencia\/"},"wordCount":858,"commentCount":0,"publisher":{"@id":"https:\/\/agenciaseolocal.eu\/bedda\/#organization"},"image":{"@id":"https:\/\/agenciaseolocal.eu\/bedda\/radiofrecuencia\/#primaryimage"},"thumbnailUrl":"https:\/\/agenciaseolocal.eu\/bedda\/wp-content\/uploads\/2023\/08\/tratamiento-de-radiofrecuencia-facial.jpg","articleSection":["Blog","Est\u00e9tica Premium","Facial","Zona Inferior"],"inLanguage":"es","potentialAction":[{"@type":"CommentAction","name":"Comment","target":["https:\/\/agenciaseolocal.eu\/bedda\/radiofrecuencia\/#respond"]}]},{"@type":"WebPage","@id":"https:\/\/agenciaseolocal.eu\/bedda\/radiofrecuencia\/","url":"https:\/\/agenciaseolocal.eu\/bedda\/radiofrecuencia\/","name":"Tratamiento Radiofrecuencia | Centros bedda","isPartOf":{"@id":"https:\/\/agenciaseolocal.eu\/bedda\/#website"},"primaryImageOfPage":{"@id":"https:\/\/agenciaseolocal.eu\/bedda\/radiofrecuencia\/#primaryimage"},"image":{"@id":"https:\/\/agenciaseolocal.eu\/bedda\/radiofrecuencia\/#primaryimage"},"thumbnailUrl":"https:\/\/agenciaseolocal.eu\/bedda\/wp-content\/uploads\/2023\/08\/tratamiento-de-radiofrecuencia-facial.jpg","datePublished":"2023-08-25T08:16:36+00:00","dateModified":"2024-01-31T11:25:51+00:00","description":"\u00bfQuieres saberlo todo sobre nuestro tratamiento de radiofrecuencia? Entra en Centros bedda y desc\u00fabrelo. \u00a1Te lo contamos!","breadcrumb":{"@id":"https:\/\/agenciaseolocal.eu\/bedda\/radiofrecuencia\/#breadcrumb"},"inLanguage":"es","potentialAction":[{"@type":"ReadAction","target":["https:\/\/agenciaseolocal.eu\/bedda\/radiofrecuencia\/"]}]},{"@type":"ImageObject","inLanguage":"es","@id":"https:\/\/agenciaseolocal.eu\/bedda\/radiofrecuencia\/#primaryimage","url":"https:\/\/agenciaseolocal.eu\/bedda\/wp-content\/uploads\/2023\/08\/tratamiento-de-radiofrecuencia-facial.jpg","contentUrl":"https:\/\/agenciaseolocal.eu\/bedda\/wp-content\/uploads\/2023\/08\/tratamiento-de-radiofrecuencia-facial.jpg","width":1000,"height":667,"caption":"tratamiento de radiofrecuencia facial"},{"@type":"BreadcrumbList","@id":"https:\/\/agenciaseolocal.eu\/bedda\/radiofrecuencia\/#breadcrumb","itemListElement":[{"@type":"ListItem","position":1,"name":"Portada","item":"https:\/\/agenciaseolocal.eu\/bedda\/"},{"@type":"ListItem","position":2,"name":"Radiofrecuencia: Qu\u00e9 es, antes y despu\u00e9s y opiniones"}]},{"@type":"WebSite","@id":"https:\/\/agenciaseolocal.eu\/bedda\/#website","url":"https:\/\/agenciaseolocal.eu\/bedda\/","name":"Centros bedda","description":"Centro de depilaci\u00f3n l\u00e1ser","publisher":{"@id":"https:\/\/agenciaseolocal.eu\/bedda\/#organization"},"potentialAction":[{"@type":"SearchAction","target":{"@type":"EntryPoint","urlTemplate":"https:\/\/agenciaseolocal.eu\/bedda\/?s={search_term_string}"},"query-input":{"@type":"PropertyValueSpecification","valueRequired":true,"valueName":"search_term_string"}}],"inLanguage":"es"},{"@type":"Organization","@id":"https:\/\/agenciaseolocal.eu\/bedda\/#organization","name":"Centros bedda","url":"https:\/\/agenciaseolocal.eu\/bedda\/","logo":{"@type":"ImageObject","inLanguage":"es","@id":"https:\/\/agenciaseolocal.eu\/bedda\/#\/schema\/logo\/image\/","url":"https:\/\/agenciaseolocal.eu\/bedda\/wp-content\/uploads\/2024\/04\/centros-bedda-depilacion-laser-logo.png","contentUrl":"https:\/\/agenciaseolocal.eu\/bedda\/wp-content\/uploads\/2024\/04\/centros-bedda-depilacion-laser-logo.png","width":220,"height":220,"caption":"Centros bedda"},"image":{"@id":"https:\/\/agenciaseolocal.eu\/bedda\/#\/schema\/logo\/image\/"},"sameAs":["https:\/\/www.facebook.com\/centrobedda","https:\/\/x.com\/centrosbedda","https:\/\/www.youtube.com\/channel\/UCV57tDnQcnHfTici1funk4g?app=desktop","https:\/\/www.instagram.com\/centrosbedda\/","https:\/\/www.linkedin.com\/company\/centros-bedda\/"]},{"@type":"Person","@id":"https:\/\/agenciaseolocal.eu\/bedda\/#\/schema\/person\/ca3010faf67f189fd2de8d61a763fc8b","name":"Centros bedda","image":{"@type":"ImageObject","inLanguage":"es","@id":"https:\/\/agenciaseolocal.eu\/bedda\/#\/schema\/person\/image\/","url":"https:\/\/secure.gravatar.com\/avatar\/ea1f00b0a249719594f6b50ee5d3214c2c192531d8f80f789208e2aa9605ac08?s=96&d=mm&r=g","contentUrl":"https:\/\/secure.gravatar.com\/avatar\/ea1f00b0a249719594f6b50ee5d3214c2c192531d8f80f789208e2aa9605ac08?s=96&d=mm&r=g","caption":"Centros bedda"},"url":"https:\/\/agenciaseolocal.eu\/bedda\/author\/mktpmp_gedfwb31y\/"}]}},"_links":{"self":[{"href":"https:\/\/agenciaseolocal.eu\/bedda\/wp-json\/wp\/v2\/posts\/987510240","targetHints":{"allow":["GET"]}}],"collection":[{"href":"https:\/\/agenciaseolocal.eu\/bedda\/wp-json\/wp\/v2\/posts"}],"about":[{"href":"https:\/\/agenciaseolocal.eu\/bedda\/wp-json\/wp\/v2\/types\/post"}],"author":[{"embeddable":true,"href":"https:\/\/agenciaseolocal.eu\/bedda\/wp-json\/wp\/v2\/users\/3"}],"replies":[{"embeddable":true,"href":"https:\/\/agenciaseolocal.eu\/bedda\/wp-json\/wp\/v2\/comments?post=987510240"}],"version-history":[{"count":3,"href":"https:\/\/agenciaseolocal.eu\/bedda\/wp-json\/wp\/v2\/posts\/987510240\/revisions"}],"predecessor-version":[{"id":987514517,"href":"https:\/\/agenciaseolocal.eu\/bedda\/wp-json\/wp\/v2\/posts\/987510240\/revisions\/987514517"}],"wp:featuredmedia":[{"embeddable":true,"href":"https:\/\/agenciaseolocal.eu\/bedda\/wp-json\/wp\/v2\/media\/987510241"}],"wp:attachment":[{"href":"https:\/\/agenciaseolocal.eu\/bedda\/wp-json\/wp\/v2\/media?parent=987510240"}],"wp:term":[{"taxonomy":"category","embeddable":true,"href":"https:\/\/agenciaseolocal.eu\/bedda\/wp-json\/wp\/v2\/categories?post=987510240"},{"taxonomy":"post_tag","embeddable":true,"href":"https:\/\/agenciaseolocal.eu\/bedda\/wp-json\/wp\/v2\/tags?post=987510240"}],"curies":[{"name":"wp","href":"https:\/\/api.w.org\/{rel}","templated":true}]}}