{"id":987513709,"date":"2023-11-03T13:10:57","date_gmt":"2023-11-03T12:10:57","guid":{"rendered":"https:\/\/centrosbedda.com\/?p=987513709"},"modified":"2024-07-10T14:20:55","modified_gmt":"2024-07-10T12:20:55","slug":"precio-depilacion-laser","status":"publish","type":"post","link":"https:\/\/agenciaseolocal.eu\/bedda\/precio-depilacion-laser\/","title":{"rendered":"Precio de la depilaci\u00f3n l\u00e1ser"},"content":{"rendered":"\n<p>La <a href=\"https:\/\/agenciaseolocal.eu\/bedda\/\">depilaci\u00f3n l\u00e1ser<\/a> es un procedimiento <strong>cada vez m\u00e1s popular<\/strong> para eliminar el vello no deseado de manera duradera. Sin embargo, antes de realizarla, es esencial tener en cuenta el precio de la depilaci\u00f3n l\u00e1ser y evaluar si se ajusta a tus necesidades y presupuesto.&nbsp;<\/p>\n\n\n\n<h2 class=\"wp-block-heading\">\u00bfEn qu\u00e9 consiste?<\/h2>\n\n\n\n<p>La depilaci\u00f3n l\u00e1ser es un m\u00e9todo que utiliza energ\u00eda lum\u00ednica para destruir los fol\u00edculos pilosos, impidiendo as\u00ed que el vello vuelva a crecer. El l\u00e1ser emite una luz pulsada intensa que es absorbida por la melanina (pigmento del vello), lo que produce un calentamiento en el fol\u00edculo y lo da\u00f1a de forma selectiva sin afectar la piel circundante.<\/p>\n\n\n\n<p>Este procedimiento es <strong>indoloro <\/strong>y suele ser mucho m\u00e1s r\u00e1pido que otros m\u00e9todos de depilaci\u00f3n tradicionales, como la cera o las cuchillas. Sin embargo, se requieren varias sesiones para obtener resultados efectivos y duraderos, ya que el vello tiene diferentes etapas de crecimiento y solo es posible tratar aquellos fol\u00edculos que est\u00e1n en la fase de crecimiento activo.<\/p>\n\n\n\n<p>Adem\u00e1s de ser una opci\u00f3n popular para eliminar el vello no deseado, la depilaci\u00f3n l\u00e1ser tambi\u00e9n ofrece otros beneficios. Por ejemplo, puede ayudar a reducir la foliculitis, una condici\u00f3n en la que los fol\u00edculos pilosos se inflaman y se infectan. Al destruir los fol\u00edculos pilosos, el l\u00e1ser puede prevenir la foliculitis y mejorar la apariencia de la piel.<\/p>\n\n\n\n<p>Otro beneficio de la depilaci\u00f3n l\u00e1ser es que <strong>puede ser utilizada en casi todas las \u00e1reas del cuerpo<\/strong>, incluyendo el rostro, las axilas, las piernas, el bikini y la espalda. Esto la convierte en una opci\u00f3n vers\u00e1til para hombres y mujeres que desean deshacerse del vello no deseado en diferentes partes del cuerpo.<\/p>\n\n\n\n<p>Es importante destacar que la depilaci\u00f3n l\u00e1ser <strong>no es adecuada para todos<\/strong>. Las personas con piel oscura o bronceada pueden experimentar resultados menos efectivos debido a la mayor cantidad de melanina en la piel, que puede absorber parte de la energ\u00eda del l\u00e1ser. Adem\u00e1s, las mujeres embarazadas o que est\u00e1n amamantando deben evitar este procedimiento, ya que no se ha establecido su seguridad en estas situaciones.<\/p>\n\n\n\n<h2 class=\"wp-block-heading\">\u00bfEn qu\u00e9 zonas del cuerpo se realiza con mayor frecuencia?<\/h2>\n\n\n\n<p>La depilaci\u00f3n l\u00e1ser se puede realizar en casi todas las partes del cuerpo. Las zonas m\u00e1s comunes de tratamiento incluyen las <a href=\"https:\/\/agenciaseolocal.eu\/bedda\/tratamientos\/depilacion-laser-piernas-completas-mujer\/\">piernas<\/a>, el \u00e1rea del bikini, las <a href=\"https:\/\/agenciaseolocal.eu\/bedda\/tratamientos\/depilacion-laser-axilas-mujer\/\">axilas<\/a>, el <a href=\"https:\/\/agenciaseolocal.eu\/bedda\/tratamientos\/depilacion-laser-facial-mujer\/\">rostro<\/a> (<a href=\"https:\/\/agenciaseolocal.eu\/bedda\/tratamientos\/depilacion-laser-labio-superior-mujer\/\">labio superior<\/a> y <a href=\"https:\/\/agenciaseolocal.eu\/bedda\/tratamientos\/depilacion-laser-menton-mujer\/\">ment\u00f3n<\/a>), el <a href=\"https:\/\/agenciaseolocal.eu\/bedda\/tratamientos\/depilacion-laser-pecho-hombre\/\">pecho<\/a>, la <a href=\"https:\/\/agenciaseolocal.eu\/bedda\/tratamientos\/depilacion-laser-espalda-completa-mujer\/\">espalda<\/a> y los <a href=\"https:\/\/agenciaseolocal.eu\/bedda\/tratamientos\/depilacion-laser-hombros-mujer\/\">hombros<\/a>. \u00a1Incluso se puede utilizar para eliminar el vello no deseado de las <a href=\"https:\/\/agenciaseolocal.eu\/bedda\/tratamientos\/depilacion-laser-orejas-hombre\/\">orejas<\/a> o el ombligo!<\/p>\n\n\n\n<p>Es importante tener en cuenta que <strong>cada zona del cuerpo tiene caracter\u00edsticas \u00fanicas<\/strong> y, por lo tanto, puede requerir una cantidad diferente de sesiones y mayor tiempo de tratamiento. Por ejemplo, las piernas suelen necesitar m\u00e1s sesiones que las axilas debido a la densidad del vello y al tama\u00f1o del \u00e1rea a tratar.<\/p>\n\n\n\n<h2 class=\"wp-block-heading\">\u00bfCu\u00e1nto cuesta la depilaci\u00f3n l\u00e1ser en cada zona?<\/h2>\n\n\n\n<p>El precio de la depilaci\u00f3n l\u00e1ser puede variar seg\u00fan diferentes factores, como el \u00e1rea del cuerpo que se est\u00e1 tratando, la cl\u00ednica o el centro est\u00e9tico en el que se realice y la cantidad de sesiones necesarias para alcanzar los resultados deseados. Te recomendamos leer el post sobre <a href=\"https:\/\/agenciaseolocal.eu\/bedda\/cuanto-cuesta-depilacion-laser-espana\/\">cu\u00e1nto vale depilarse en Espa\u00f1a<\/a>.<\/p>\n\n\n\n<h2 class=\"wp-block-heading\">\u00bfEl precio qu\u00e9 incluye?<\/h2>\n\n\n\n<p>El precio de la depilaci\u00f3n l\u00e1ser generalmente incluye el tratamiento en s\u00ed, el uso de la tecnolog\u00eda l\u00e1ser, la preparaci\u00f3n y la limpieza del \u00e1rea, as\u00ed como el asesoramiento antes y despu\u00e9s de cada sesi\u00f3n. Algunos centros tambi\u00e9n ofrecen paquetes promocionales que incluyen m\u00faltiples sesiones a un precio reducido.<\/p>\n\n\n\n<p><strong>Es importante que analices detenidamente lo que est\u00e1 incluido en el precio<\/strong> antes de iniciar el tratamiento. Por ejemplo, es posible que ciertos servicios adicionales, como el uso de cremas analg\u00e9sicas o la aplicaci\u00f3n de lociones despu\u00e9s del tratamiento, no est\u00e9n incluidos y deban pagarse por separado.<\/p>\n\n\n\n<h2 class=\"wp-block-heading\">\u00bfQu\u00e9 factores influyen en el precio de la depilaci\u00f3n l\u00e1ser?<\/h2>\n\n\n\n<p>El precio de la depilaci\u00f3n l\u00e1ser puede variar debido a diferentes factores, como el equipo utilizado, la experiencia del profesional que realiza el tratamiento, el tipo de piel y vello del paciente, as\u00ed como la ubicaci\u00f3n geogr\u00e1fica de la cl\u00ednica o el centro est\u00e9tico.<\/p>\n\n\n\n<p>Las cl\u00ednicas o centros est\u00e9ticos con tecnolog\u00eda de vanguardia y personal experimentado suelen tener precios m\u00e1s altos debido a la calidad y eficacia del tratamiento. Sin embargo, es importante recordar que <strong>la calidad de los resultados y la seguridad deben ser prioritarios<\/strong> al elegir un lugar para realizar la depilaci\u00f3n l\u00e1ser.<\/p>\n\n\n\n<h2 class=\"wp-block-heading\">\u00bfHay diferencias en el precio para hombres y mujeres?<\/h2>\n\n\n\n<p>No, el precio de la depilaci\u00f3n l\u00e1ser no suele variar en funci\u00f3n del g\u00e9nero del paciente. Ambos pueden someterse al tratamiento con los mismos resultados y considerando las mismas consideraciones, como el tipo de piel, el vello y el \u00e1rea a tratar.&nbsp;<\/p>\n\n\n\n<p>Sin embargo, es posible que algunos centros ofrezcan <a href=\"https:\/\/agenciaseolocal.eu\/bedda\/promociones\/\">promociones<\/a> espec\u00edficas para <a href=\"https:\/\/agenciaseolocal.eu\/bedda\/depilacion-laser-hombre\/\">depilaci\u00f3n l\u00e1ser en hombres<\/a> o <a href=\"https:\/\/agenciaseolocal.eu\/bedda\/depilacion-laser-mujer\/\">depilaci\u00f3n l\u00e1ser en mujeres<\/a>, como descuentos en zonas espec\u00edficas o paquetes de tratamiento combinados. Es recomendable <strong>consultar con los proveedores locales<\/strong> para conocer las opciones disponibles.<\/p>\n\n\n\n<h2 class=\"wp-block-heading\">Por qu\u00e9 escoger Centros bedda<\/h2>\n\n\n\n<p>Cuando se trata de depilaci\u00f3n l\u00e1ser, es vital elegir un centro seguro y profesional que cuente con a\u00f1os de experiencia en el campo. En Centros bedda destacamos por ofrecer tratamientos de depilaci\u00f3n l\u00e1ser de calidad, utilizando <strong>tecnolog\u00eda de vanguardia<\/strong> y contando con <strong>personal capacitado<\/strong>.<\/p>\n\n\n\n<p>Adem\u00e1s, en Centros bedda valoramos tu comodidad y bienestar. Sabemos que cada persona es \u00fanica, por lo que tenemos en cuenta tus necesidades y preferencias individuales. Te ofreceremos atenci\u00f3n personalizada y te asesoraremos en cada paso del proceso, asegur\u00e1ndonos de que obtengas resultados satisfactorios y duraderos.<\/p>\n","protected":false},"excerpt":{"rendered":"<p>La depilaci\u00f3n l\u00e1ser es un procedimiento cada vez m\u00e1s popular para eliminar el vello no deseado de manera duradera. Sin embargo, antes de realizarla, es esencial tener en cuenta el precio de la depilaci\u00f3n l\u00e1ser y evaluar si se ajusta a tus necesidades y presupuesto.&nbsp; \u00bfEn qu\u00e9 consiste? La depilaci\u00f3n l\u00e1ser es un m\u00e9todo que [&hellip;]<\/p>\n","protected":false},"author":3,"featured_media":987513710,"comment_status":"open","ping_status":"closed","sticky":false,"template":"","format":"standard","meta":{"_et_pb_use_builder":"off","_et_pb_old_content":"","_et_gb_content_width":"","_joinchat":[],"footnotes":""},"categories":[51,65],"tags":[],"class_list":["post-987513709","post","type-post","status-publish","format-standard","has-post-thumbnail","hentry","category-blog","category-depilacion"],"yoast_head":"<!-- This site is optimized with the Yoast SEO plugin v25.9 - https:\/\/yoast.com\/wordpress\/plugins\/seo\/ -->\n<title>Precio de la depilaci\u00f3n l\u00e1ser | Centros bedda<\/title>\n<meta name=\"description\" content=\"\u00bfEst\u00e1s buscando una cl\u00ednica que ofrezca tratamientos de depilaci\u00f3n l\u00e1ser? En Centros bedda somos expertos en este tipo de servicios. \u00a1Vis\u00edtanos!\" \/>\n<meta name=\"robots\" content=\"noindex, follow, max-snippet:-1, max-image-preview:large, max-video-preview:-1\" \/>\n<meta property=\"og:locale\" content=\"es_ES\" \/>\n<meta property=\"og:type\" content=\"article\" \/>\n<meta property=\"og:title\" content=\"Precio de la depilaci\u00f3n l\u00e1ser | Centros bedda\" \/>\n<meta property=\"og:description\" content=\"\u00bfEst\u00e1s buscando una cl\u00ednica que ofrezca tratamientos de depilaci\u00f3n l\u00e1ser? En Centros bedda somos expertos en este tipo de servicios. \u00a1Vis\u00edtanos!\" \/>\n<meta property=\"og:url\" content=\"https:\/\/agenciaseolocal.eu\/bedda\/precio-depilacion-laser\/\" \/>\n<meta property=\"og:site_name\" content=\"Centros bedda\" \/>\n<meta property=\"article:publisher\" content=\"https:\/\/www.facebook.com\/centrobedda\" \/>\n<meta property=\"article:published_time\" content=\"2023-11-03T12:10:57+00:00\" \/>\n<meta property=\"article:modified_time\" content=\"2024-07-10T12:20:55+00:00\" \/>\n<meta property=\"og:image\" content=\"https:\/\/agenciaseolocal.eu\/bedda\/wp-content\/uploads\/2023\/11\/depilacion-laser-terapia-depilacion.jpg\" \/>\n\t<meta property=\"og:image:width\" content=\"1699\" \/>\n\t<meta property=\"og:image:height\" content=\"667\" \/>\n\t<meta property=\"og:image:type\" content=\"image\/jpeg\" \/>\n<meta name=\"author\" content=\"Centros bedda\" \/>\n<meta name=\"twitter:card\" content=\"summary_large_image\" \/>\n<meta name=\"twitter:creator\" content=\"@centrosbedda\" \/>\n<meta name=\"twitter:site\" content=\"@centrosbedda\" \/>\n<meta name=\"twitter:label1\" content=\"Escrito por\" \/>\n\t<meta name=\"twitter:data1\" content=\"Centros bedda\" \/>\n\t<meta name=\"twitter:label2\" content=\"Tiempo de lectura\" \/>\n\t<meta name=\"twitter:data2\" content=\"5 minutos\" \/>\n<!-- \/ Yoast SEO plugin. -->","yoast_head_json":{"title":"Precio de la depilaci\u00f3n l\u00e1ser | Centros bedda","description":"\u00bfEst\u00e1s buscando una cl\u00ednica que ofrezca tratamientos de depilaci\u00f3n l\u00e1ser? En Centros bedda somos expertos en este tipo de servicios. \u00a1Vis\u00edtanos!","robots":{"index":"noindex","follow":"follow","max-snippet":"max-snippet:-1","max-image-preview":"max-image-preview:large","max-video-preview":"max-video-preview:-1"},"og_locale":"es_ES","og_type":"article","og_title":"Precio de la depilaci\u00f3n l\u00e1ser | Centros bedda","og_description":"\u00bfEst\u00e1s buscando una cl\u00ednica que ofrezca tratamientos de depilaci\u00f3n l\u00e1ser? En Centros bedda somos expertos en este tipo de servicios. \u00a1Vis\u00edtanos!","og_url":"https:\/\/agenciaseolocal.eu\/bedda\/precio-depilacion-laser\/","og_site_name":"Centros bedda","article_publisher":"https:\/\/www.facebook.com\/centrobedda","article_published_time":"2023-11-03T12:10:57+00:00","article_modified_time":"2024-07-10T12:20:55+00:00","og_image":[{"width":1699,"height":667,"url":"https:\/\/agenciaseolocal.eu\/bedda\/wp-content\/uploads\/2023\/11\/depilacion-laser-terapia-depilacion.jpg","type":"image\/jpeg"}],"author":"Centros bedda","twitter_card":"summary_large_image","twitter_creator":"@centrosbedda","twitter_site":"@centrosbedda","twitter_misc":{"Escrito por":"Centros bedda","Tiempo de lectura":"5 minutos"},"schema":{"@context":"https:\/\/schema.org","@graph":[{"@type":"Article","@id":"https:\/\/agenciaseolocal.eu\/bedda\/precio-depilacion-laser\/#article","isPartOf":{"@id":"https:\/\/agenciaseolocal.eu\/bedda\/precio-depilacion-laser\/"},"author":{"name":"Centros bedda","@id":"https:\/\/agenciaseolocal.eu\/bedda\/#\/schema\/person\/ca3010faf67f189fd2de8d61a763fc8b"},"headline":"Precio de la depilaci\u00f3n l\u00e1ser","datePublished":"2023-11-03T12:10:57+00:00","dateModified":"2024-07-10T12:20:55+00:00","mainEntityOfPage":{"@id":"https:\/\/agenciaseolocal.eu\/bedda\/precio-depilacion-laser\/"},"wordCount":1026,"commentCount":0,"publisher":{"@id":"https:\/\/agenciaseolocal.eu\/bedda\/#organization"},"image":{"@id":"https:\/\/agenciaseolocal.eu\/bedda\/precio-depilacion-laser\/#primaryimage"},"thumbnailUrl":"https:\/\/agenciaseolocal.eu\/bedda\/wp-content\/uploads\/2023\/11\/depilacion-laser-terapia-depilacion.jpg","articleSection":["Blog","Depilaci\u00f3n"],"inLanguage":"es","potentialAction":[{"@type":"CommentAction","name":"Comment","target":["https:\/\/agenciaseolocal.eu\/bedda\/precio-depilacion-laser\/#respond"]}]},{"@type":"WebPage","@id":"https:\/\/agenciaseolocal.eu\/bedda\/precio-depilacion-laser\/","url":"https:\/\/agenciaseolocal.eu\/bedda\/precio-depilacion-laser\/","name":"Precio de la depilaci\u00f3n l\u00e1ser | Centros bedda","isPartOf":{"@id":"https:\/\/agenciaseolocal.eu\/bedda\/#website"},"primaryImageOfPage":{"@id":"https:\/\/agenciaseolocal.eu\/bedda\/precio-depilacion-laser\/#primaryimage"},"image":{"@id":"https:\/\/agenciaseolocal.eu\/bedda\/precio-depilacion-laser\/#primaryimage"},"thumbnailUrl":"https:\/\/agenciaseolocal.eu\/bedda\/wp-content\/uploads\/2023\/11\/depilacion-laser-terapia-depilacion.jpg","datePublished":"2023-11-03T12:10:57+00:00","dateModified":"2024-07-10T12:20:55+00:00","description":"\u00bfEst\u00e1s buscando una cl\u00ednica que ofrezca tratamientos de depilaci\u00f3n l\u00e1ser? En Centros bedda somos expertos en este tipo de servicios. \u00a1Vis\u00edtanos!","breadcrumb":{"@id":"https:\/\/agenciaseolocal.eu\/bedda\/precio-depilacion-laser\/#breadcrumb"},"inLanguage":"es","potentialAction":[{"@type":"ReadAction","target":["https:\/\/agenciaseolocal.eu\/bedda\/precio-depilacion-laser\/"]}]},{"@type":"ImageObject","inLanguage":"es","@id":"https:\/\/agenciaseolocal.eu\/bedda\/precio-depilacion-laser\/#primaryimage","url":"https:\/\/agenciaseolocal.eu\/bedda\/wp-content\/uploads\/2023\/11\/depilacion-laser-terapia-depilacion.jpg","contentUrl":"https:\/\/agenciaseolocal.eu\/bedda\/wp-content\/uploads\/2023\/11\/depilacion-laser-terapia-depilacion.jpg","width":1699,"height":667,"caption":"depilaci\u00f3n laser terapia depilaci\u00f3n"},{"@type":"BreadcrumbList","@id":"https:\/\/agenciaseolocal.eu\/bedda\/precio-depilacion-laser\/#breadcrumb","itemListElement":[{"@type":"ListItem","position":1,"name":"Portada","item":"https:\/\/agenciaseolocal.eu\/bedda\/"},{"@type":"ListItem","position":2,"name":"Precio de la depilaci\u00f3n l\u00e1ser"}]},{"@type":"WebSite","@id":"https:\/\/agenciaseolocal.eu\/bedda\/#website","url":"https:\/\/agenciaseolocal.eu\/bedda\/","name":"Centros bedda","description":"Centro de depilaci\u00f3n l\u00e1ser","publisher":{"@id":"https:\/\/agenciaseolocal.eu\/bedda\/#organization"},"potentialAction":[{"@type":"SearchAction","target":{"@type":"EntryPoint","urlTemplate":"https:\/\/agenciaseolocal.eu\/bedda\/?s={search_term_string}"},"query-input":{"@type":"PropertyValueSpecification","valueRequired":true,"valueName":"search_term_string"}}],"inLanguage":"es"},{"@type":"Organization","@id":"https:\/\/agenciaseolocal.eu\/bedda\/#organization","name":"Centros bedda","url":"https:\/\/agenciaseolocal.eu\/bedda\/","logo":{"@type":"ImageObject","inLanguage":"es","@id":"https:\/\/agenciaseolocal.eu\/bedda\/#\/schema\/logo\/image\/","url":"https:\/\/agenciaseolocal.eu\/bedda\/wp-content\/uploads\/2024\/04\/centros-bedda-depilacion-laser-logo.png","contentUrl":"https:\/\/agenciaseolocal.eu\/bedda\/wp-content\/uploads\/2024\/04\/centros-bedda-depilacion-laser-logo.png","width":220,"height":220,"caption":"Centros bedda"},"image":{"@id":"https:\/\/agenciaseolocal.eu\/bedda\/#\/schema\/logo\/image\/"},"sameAs":["https:\/\/www.facebook.com\/centrobedda","https:\/\/x.com\/centrosbedda","https:\/\/www.youtube.com\/channel\/UCV57tDnQcnHfTici1funk4g?app=desktop","https:\/\/www.instagram.com\/centrosbedda\/","https:\/\/www.linkedin.com\/company\/centros-bedda\/"]},{"@type":"Person","@id":"https:\/\/agenciaseolocal.eu\/bedda\/#\/schema\/person\/ca3010faf67f189fd2de8d61a763fc8b","name":"Centros bedda","image":{"@type":"ImageObject","inLanguage":"es","@id":"https:\/\/agenciaseolocal.eu\/bedda\/#\/schema\/person\/image\/","url":"https:\/\/secure.gravatar.com\/avatar\/ea1f00b0a249719594f6b50ee5d3214c2c192531d8f80f789208e2aa9605ac08?s=96&d=mm&r=g","contentUrl":"https:\/\/secure.gravatar.com\/avatar\/ea1f00b0a249719594f6b50ee5d3214c2c192531d8f80f789208e2aa9605ac08?s=96&d=mm&r=g","caption":"Centros bedda"},"url":"https:\/\/agenciaseolocal.eu\/bedda\/author\/mktpmp_gedfwb31y\/"}]}},"_links":{"self":[{"href":"https:\/\/agenciaseolocal.eu\/bedda\/wp-json\/wp\/v2\/posts\/987513709","targetHints":{"allow":["GET"]}}],"collection":[{"href":"https:\/\/agenciaseolocal.eu\/bedda\/wp-json\/wp\/v2\/posts"}],"about":[{"href":"https:\/\/agenciaseolocal.eu\/bedda\/wp-json\/wp\/v2\/types\/post"}],"author":[{"embeddable":true,"href":"https:\/\/agenciaseolocal.eu\/bedda\/wp-json\/wp\/v2\/users\/3"}],"replies":[{"embeddable":true,"href":"https:\/\/agenciaseolocal.eu\/bedda\/wp-json\/wp\/v2\/comments?post=987513709"}],"version-history":[{"count":2,"href":"https:\/\/agenciaseolocal.eu\/bedda\/wp-json\/wp\/v2\/posts\/987513709\/revisions"}],"predecessor-version":[{"id":987517063,"href":"https:\/\/agenciaseolocal.eu\/bedda\/wp-json\/wp\/v2\/posts\/987513709\/revisions\/987517063"}],"wp:featuredmedia":[{"embeddable":true,"href":"https:\/\/agenciaseolocal.eu\/bedda\/wp-json\/wp\/v2\/media\/987513710"}],"wp:attachment":[{"href":"https:\/\/agenciaseolocal.eu\/bedda\/wp-json\/wp\/v2\/media?parent=987513709"}],"wp:term":[{"taxonomy":"category","embeddable":true,"href":"https:\/\/agenciaseolocal.eu\/bedda\/wp-json\/wp\/v2\/categories?post=987513709"},{"taxonomy":"post_tag","embeddable":true,"href":"https:\/\/agenciaseolocal.eu\/bedda\/wp-json\/wp\/v2\/tags?post=987513709"}],"curies":[{"name":"wp","href":"https:\/\/api.w.org\/{rel}","templated":true}]}}