{"id":987513725,"date":"2023-11-20T13:11:15","date_gmt":"2023-11-20T12:11:15","guid":{"rendered":"https:\/\/centrosbedda.com\/?p=987513725"},"modified":"2025-04-08T10:16:20","modified_gmt":"2025-04-08T08:16:20","slug":"precio-radiofrecuencia","status":"publish","type":"post","link":"https:\/\/agenciaseolocal.eu\/bedda\/precio-radiofrecuencia\/","title":{"rendered":"Precio de la radiofrecuencia"},"content":{"rendered":"\n<p>La radiofrecuencia es un tratamiento est\u00e9tico no invasivo que ha ganado popularidad en los \u00faltimos a\u00f1os. Se utiliza para tratar <strong>afecciones en la piel<\/strong>, como flacidez y arrugas. Adem\u00e1s de sus beneficios para mejorar la apariencia de la piel, muchos se preguntan sobre el precio del tratamiento.<\/p>\n\n\n\n<h2 class=\"wp-block-heading\">\u00bfEn qu\u00e9 consiste la radiofrecuencia?<\/h2>\n\n\n\n<p>Antes de adentrarnos en el precio de la radiofrecuencia, es importante comprender en qu\u00e9 consiste este tratamiento. La radiofrecuencia es una t\u00e9cnica que utiliza <strong>ondas electromagn\u00e9ticas de alta frecuencia<\/strong> para calentar las capas m\u00e1s profundas de la piel.&nbsp;<\/p>\n\n\n\n<p>El calor generado estimula la producci\u00f3n de col\u00e1geno y elastina, dos prote\u00ednas esenciales para mantener la piel firme y el\u00e1stica. El resultado es una piel m\u00e1s tersa y rejuvenecida.<\/p>\n\n\n\n<p>La <a href=\"https:\/\/agenciaseolocal.eu\/bedda\/radiofrecuencia\/\">radiofrecuencia<\/a> se ha convertido en uno de los tratamientos est\u00e9ticos m\u00e1s populares debido a sus numerosos beneficios. Adem\u00e1s de mejorar la apariencia de la piel, tambi\u00e9n puede ayudar a reducir la celulitis, eliminar las arrugas y mejorar la circulaci\u00f3n sangu\u00ednea. Este procedimiento no invasivo es <strong>seguro y efectivo<\/strong>, y no requiere tiempo de recuperaci\u00f3n. Hay que<\/p>\n\n\n\n<p>Durante el tratamiento de radiofrecuencia, se aplica un gel conductor en el \u00e1rea a tratar para facilitar el deslizamiento del cabezal del equipo. A continuaci\u00f3n, se realiza un masaje con movimientos circulares para distribuir uniformemente el calor. La sensaci\u00f3n durante el tratamiento puede variar, pero en general se describe como una sensaci\u00f3n de calor agradable.<\/p>\n\n\n\n<h2 class=\"wp-block-heading\">Caracter\u00edsticas de este tratamiento<\/h2>\n\n\n\n<p>Es importante destacar que la radiofrecuencia no es un procedimiento permanente. Para obtener resultados \u00f3ptimos, se recomienda realizar varias sesiones, generalmente de 6 a 8, espaciadas de 1 a 2 semanas. El n\u00famero exacto de sesiones depender\u00e1 de cada persona y de sus objetivos espec\u00edficos.<\/p>\n\n\n\n<p>Adem\u00e1s, es fundamental <strong>seguir una serie de cuidados antes y despu\u00e9s del tratamiento<\/strong> de radiofrecuencia. Es importante mantener la piel hidratada, evitar la exposici\u00f3n al sol y utilizar protector solar de forma regular. Tambi\u00e9n se recomienda llevar una dieta equilibrada y practicar ejercicio f\u00edsico para potenciar los resultados.<\/p>\n\n\n\n<p>En cuanto al precio de la radiofrecuencia, este puede variar dependiendo del lugar donde se realice el tratamiento, la reputaci\u00f3n del centro est\u00e9tico y la experiencia del profesional. Es recomendable realizar una consulta previa para obtener un presupuesto personalizado y conocer las opciones de financiamiento disponibles.<\/p>\n\n\n\n<h2 class=\"wp-block-heading\">\u00bfEn qu\u00e9 \u00e1reas del cuerpo se puede realizar?<\/h2>\n\n\n\n<p>La radiofrecuencia se puede realizar en <strong>diferentes \u00e1reas <\/strong>del cuerpo. Se utiliza com\u00fanmente en el rostro y el cuello para tratar la flacidez y las arrugas. Sin embargo, tambi\u00e9n se puede aplicar en otras zonas, como el abdomen, los muslos y los gl\u00fateos, para reducir la celulitis y mejorar la apariencia de la piel. Las m\u00e1s conocidas son la <a href=\"https:\/\/agenciaseolocal.eu\/bedda\/tratamientos\/tratamiento-radiofrecuencia-corporal-bedda\/\">radiofrecuencia corporal<\/a> y la <a href=\"https:\/\/agenciaseolocal.eu\/bedda\/tratamientos\/tratamiento-radiofrecuencia-facial-bedda\/\">radiofrecuencia facial<\/a>.<\/p>\n\n\n\n<p>Adem\u00e1s de las \u00e1reas mencionadas, la radiofrecuencia tambi\u00e9n puede ser utilizada en los brazos para combatir la flacidez y tonificar los m\u00fasculos. Este tratamiento es especialmente beneficioso para aquellas personas que desean mejorar la apariencia de sus brazos, ya sea por razones est\u00e9ticas o despu\u00e9s de una p\u00e9rdida de peso significativa.<\/p>\n\n\n\n<p>Otra \u00e1rea del cuerpo en la que se puede realizar la radiofrecuencia es en las piernas. Este tratamiento es ideal para aquellas personas que desean <strong>reducir la apariencia de la celulitis y mejorar la textura de la piel<\/strong> en esta zona. La radiofrecuencia ayuda a estimular la producci\u00f3n de col\u00e1geno y elastina, lo que a su vez mejora la firmeza y elasticidad de la piel en las piernas.<\/p>\n\n\n\n<p>Asimismo, la radiofrecuencia tambi\u00e9n puede ser aplicada en la espalda para tratar la flacidez y mejorar la apariencia de la piel en esta \u00e1rea. Este tratamiento es especialmente beneficioso para aquellas personas que desean reducir la apariencia de los pliegues y arrugas en la espalda, logrando as\u00ed una apariencia m\u00e1s tersa y juvenil.<\/p>\n\n\n\n<h2 class=\"wp-block-heading\">\u00bfCu\u00e1nto cuesta en cada zona del cuerpo?<\/h2>\n\n\n\n<p>El precio de la radiofrecuencia puede variar seg\u00fan la zona del cuerpo que se desee tratar. Por lo general, el rostro y el cuello suelen ser las \u00e1reas m\u00e1s caras, ya que requieren mayor precisi\u00f3n y cuidado. El abdomen, los muslos y los gl\u00fateos suelen tener un precio similar entre s\u00ed, pero tambi\u00e9n depende de la cl\u00ednica o centro est\u00e9tico donde se realice el tratamiento. No es lo mismo el precio de la radiofrecuencia corporal que el <a href=\"https:\/\/agenciaseolocal.eu\/bedda\/precio-radiofrecuencia-facial\/\">precio de la radiofrecuencia facial<\/a>, por ejemplo.<\/p>\n\n\n\n<p>Adem\u00e1s de estas zonas, existen otras partes del cuerpo donde tambi\u00e9n se puede aplicar la radiofrecuencia. Por ejemplo, los brazos son una opci\u00f3n popular para muchas personas que desean<strong> tonificar y mejorar la apariencia<\/strong> de esta \u00e1rea. El precio para tratar los brazos puede variar dependiendo del tama\u00f1o y la cantidad de sesiones necesarias para obtener los resultados deseados.<\/p>\n\n\n\n<p>Otra zona del cuerpo que se puede tratar con radiofrecuencia es la espalda. Muchas personas buscan este tratamiento para reducir la apariencia de la flacidez en la parte superior de la espalda o para mejorar la textura de la piel en esta \u00e1rea. El precio para tratar la espalda puede variar seg\u00fan el tama\u00f1o y la extensi\u00f3n del \u00e1rea a tratar.<\/p>\n\n\n\n<p>La radiofrecuencia tambi\u00e9n puede ser utilizada en las piernas, espec\u00edficamente en la zona de las rodillas. Esta \u00e1rea suele ser <strong>problem\u00e1tica para muchas personas<\/strong>, ya que tiende a acumular grasa y presentar flacidez. El precio para tratar las rodillas con radiofrecuencia puede variar dependiendo del grado de flacidez y la cantidad de sesiones necesarias para obtener resultados visibles.<\/p>\n\n\n\n<h2 class=\"wp-block-heading\">\u00bfEl precio del tratamiento qu\u00e9 incluye?<\/h2>\n\n\n\n<p>El precio de la radiofrecuencia puede incluir diferentes elementos, dependiendo de cada cl\u00ednica o centro est\u00e9tico. Generalmente, el precio incluye las sesiones de tratamiento espec\u00edficas para cada zona del cuerpo, as\u00ed como un seguimiento posterior para evaluar los resultados.&nbsp;<\/p>\n\n\n\n<p>Algunos lugares tambi\u00e9n incluyen cremas o productos para el cuidado de la piel como parte del tratamiento.<\/p>\n\n\n\n<h2 class=\"wp-block-heading\">\u00bfDe qu\u00e9 depende el precio de la radiofrecuencia?<\/h2>\n\n\n\n<p>El precio de la radiofrecuencia puede variar por diferentes factores. La reputaci\u00f3n y la experiencia del profesional que realiza el tratamiento pueden influir en el precio.&nbsp;<\/p>\n\n\n\n<p>Adem\u00e1s, el tipo de equipo utilizado y la duraci\u00f3n del tratamiento tambi\u00e9n pueden afectar el precio. Es importante tener en cuenta que <strong>el precio no siempre es sin\u00f3nimo de calidad<\/strong>, por lo que es recomendable buscar referencias y opiniones antes de tomar una decisi\u00f3n.<\/p>\n\n\n\n<h2 class=\"wp-block-heading\">\u00bfPor qu\u00e9 escoger Centros bedda?<\/h2>\n\n\n\n<p>A la hora de elegir un lugar donde realizar el tratamiento de radiofrecuencia, es importante buscar un centro que cuente con <strong>profesionales experimentados y equipos de \u00faltima generaci\u00f3n<\/strong>.&nbsp;<\/p>\n\n\n\n<p>En <a href=\"https:\/\/agenciaseolocal.eu\/bedda\/\">Centros bedda<\/a> destacamos en estos aspectos, ofreciendo un servicio de calidad y resultados visibles. Adem\u00e1s, nos preocupamos por dar una experiencia c\u00f3moda y segura para ti, poniendo \u00e9nfasis en tu satisfacci\u00f3n y bienestar.<\/p>\n","protected":false},"excerpt":{"rendered":"<p>La radiofrecuencia es un tratamiento est\u00e9tico no invasivo que ha ganado popularidad en los \u00faltimos a\u00f1os. Se utiliza para tratar afecciones en la piel, como flacidez y arrugas. Adem\u00e1s de sus beneficios para mejorar la apariencia de la piel, muchos se preguntan sobre el precio del tratamiento. \u00bfEn qu\u00e9 consiste la radiofrecuencia? Antes de adentrarnos [&hellip;]<\/p>\n","protected":false},"author":3,"featured_media":987518742,"comment_status":"open","ping_status":"closed","sticky":false,"template":"","format":"standard","meta":{"_et_pb_use_builder":"off","_et_pb_old_content":"","_et_gb_content_width":"","_joinchat":[],"footnotes":""},"categories":[51,66,54],"tags":[],"class_list":["post-987513725","post","type-post","status-publish","format-standard","has-post-thumbnail","hentry","category-blog","category-estetica-premium","category-medicina-estetica"],"yoast_head":"<!-- This site is optimized with the Yoast SEO plugin v25.9 - https:\/\/yoast.com\/wordpress\/plugins\/seo\/ -->\n<title>Precio de la radiofrecuencia | Centros bedda<\/title>\n<meta name=\"description\" content=\"\u00bfEst\u00e1s buscando una cl\u00ednica que ofrezca tratamientos de radiofrecuencia? En Centros bedda somos expertos en este tipo de servicios. \u00a1Vis\u00edtanos!\" \/>\n<meta name=\"robots\" content=\"noindex, follow, max-snippet:-1, max-image-preview:large, max-video-preview:-1\" \/>\n<meta property=\"og:locale\" content=\"es_ES\" \/>\n<meta property=\"og:type\" content=\"article\" \/>\n<meta property=\"og:title\" content=\"Precio de la radiofrecuencia | Centros bedda\" \/>\n<meta property=\"og:description\" content=\"\u00bfEst\u00e1s buscando una cl\u00ednica que ofrezca tratamientos de radiofrecuencia? En Centros bedda somos expertos en este tipo de servicios. \u00a1Vis\u00edtanos!\" \/>\n<meta property=\"og:url\" content=\"https:\/\/agenciaseolocal.eu\/bedda\/precio-radiofrecuencia\/\" \/>\n<meta property=\"og:site_name\" content=\"Centros bedda\" \/>\n<meta property=\"article:publisher\" content=\"https:\/\/www.facebook.com\/centrobedda\" \/>\n<meta property=\"article:published_time\" content=\"2023-11-20T12:11:15+00:00\" \/>\n<meta property=\"article:modified_time\" content=\"2025-04-08T08:16:20+00:00\" \/>\n<meta property=\"og:image\" content=\"https:\/\/agenciaseolocal.eu\/bedda\/wp-content\/uploads\/2023\/11\/mujer-haciendose-radiofrecuencia-facial.jpg\" \/>\n\t<meta property=\"og:image:width\" content=\"2000\" \/>\n\t<meta property=\"og:image:height\" content=\"700\" \/>\n\t<meta property=\"og:image:type\" content=\"image\/jpeg\" \/>\n<meta name=\"author\" content=\"Centros bedda\" \/>\n<meta name=\"twitter:card\" content=\"summary_large_image\" \/>\n<meta name=\"twitter:creator\" content=\"@centrosbedda\" \/>\n<meta name=\"twitter:site\" content=\"@centrosbedda\" \/>\n<meta name=\"twitter:label1\" content=\"Escrito por\" \/>\n\t<meta name=\"twitter:data1\" content=\"Centros bedda\" \/>\n\t<meta name=\"twitter:label2\" content=\"Tiempo de lectura\" \/>\n\t<meta name=\"twitter:data2\" content=\"6 minutos\" \/>\n<!-- \/ Yoast SEO plugin. -->","yoast_head_json":{"title":"Precio de la radiofrecuencia | Centros bedda","description":"\u00bfEst\u00e1s buscando una cl\u00ednica que ofrezca tratamientos de radiofrecuencia? En Centros bedda somos expertos en este tipo de servicios. \u00a1Vis\u00edtanos!","robots":{"index":"noindex","follow":"follow","max-snippet":"max-snippet:-1","max-image-preview":"max-image-preview:large","max-video-preview":"max-video-preview:-1"},"og_locale":"es_ES","og_type":"article","og_title":"Precio de la radiofrecuencia | Centros bedda","og_description":"\u00bfEst\u00e1s buscando una cl\u00ednica que ofrezca tratamientos de radiofrecuencia? En Centros bedda somos expertos en este tipo de servicios. \u00a1Vis\u00edtanos!","og_url":"https:\/\/agenciaseolocal.eu\/bedda\/precio-radiofrecuencia\/","og_site_name":"Centros bedda","article_publisher":"https:\/\/www.facebook.com\/centrobedda","article_published_time":"2023-11-20T12:11:15+00:00","article_modified_time":"2025-04-08T08:16:20+00:00","og_image":[{"width":2000,"height":700,"url":"https:\/\/agenciaseolocal.eu\/bedda\/wp-content\/uploads\/2023\/11\/mujer-haciendose-radiofrecuencia-facial.jpg","type":"image\/jpeg"}],"author":"Centros bedda","twitter_card":"summary_large_image","twitter_creator":"@centrosbedda","twitter_site":"@centrosbedda","twitter_misc":{"Escrito por":"Centros bedda","Tiempo de lectura":"6 minutos"},"schema":{"@context":"https:\/\/schema.org","@graph":[{"@type":"Article","@id":"https:\/\/agenciaseolocal.eu\/bedda\/precio-radiofrecuencia\/#article","isPartOf":{"@id":"https:\/\/agenciaseolocal.eu\/bedda\/precio-radiofrecuencia\/"},"author":{"name":"Centros bedda","@id":"https:\/\/agenciaseolocal.eu\/bedda\/#\/schema\/person\/ca3010faf67f189fd2de8d61a763fc8b"},"headline":"Precio de la radiofrecuencia","datePublished":"2023-11-20T12:11:15+00:00","dateModified":"2025-04-08T08:16:20+00:00","mainEntityOfPage":{"@id":"https:\/\/agenciaseolocal.eu\/bedda\/precio-radiofrecuencia\/"},"wordCount":1176,"commentCount":0,"publisher":{"@id":"https:\/\/agenciaseolocal.eu\/bedda\/#organization"},"image":{"@id":"https:\/\/agenciaseolocal.eu\/bedda\/precio-radiofrecuencia\/#primaryimage"},"thumbnailUrl":"https:\/\/agenciaseolocal.eu\/bedda\/wp-content\/uploads\/2023\/11\/mujer-haciendose-radiofrecuencia-facial.jpg","articleSection":["Blog","Est\u00e9tica Premium","Medicina est\u00e9tica"],"inLanguage":"es","potentialAction":[{"@type":"CommentAction","name":"Comment","target":["https:\/\/agenciaseolocal.eu\/bedda\/precio-radiofrecuencia\/#respond"]}]},{"@type":"WebPage","@id":"https:\/\/agenciaseolocal.eu\/bedda\/precio-radiofrecuencia\/","url":"https:\/\/agenciaseolocal.eu\/bedda\/precio-radiofrecuencia\/","name":"Precio de la radiofrecuencia | Centros bedda","isPartOf":{"@id":"https:\/\/agenciaseolocal.eu\/bedda\/#website"},"primaryImageOfPage":{"@id":"https:\/\/agenciaseolocal.eu\/bedda\/precio-radiofrecuencia\/#primaryimage"},"image":{"@id":"https:\/\/agenciaseolocal.eu\/bedda\/precio-radiofrecuencia\/#primaryimage"},"thumbnailUrl":"https:\/\/agenciaseolocal.eu\/bedda\/wp-content\/uploads\/2023\/11\/mujer-haciendose-radiofrecuencia-facial.jpg","datePublished":"2023-11-20T12:11:15+00:00","dateModified":"2025-04-08T08:16:20+00:00","description":"\u00bfEst\u00e1s buscando una cl\u00ednica que ofrezca tratamientos de radiofrecuencia? En Centros bedda somos expertos en este tipo de servicios. \u00a1Vis\u00edtanos!","breadcrumb":{"@id":"https:\/\/agenciaseolocal.eu\/bedda\/precio-radiofrecuencia\/#breadcrumb"},"inLanguage":"es","potentialAction":[{"@type":"ReadAction","target":["https:\/\/agenciaseolocal.eu\/bedda\/precio-radiofrecuencia\/"]}]},{"@type":"ImageObject","inLanguage":"es","@id":"https:\/\/agenciaseolocal.eu\/bedda\/precio-radiofrecuencia\/#primaryimage","url":"https:\/\/agenciaseolocal.eu\/bedda\/wp-content\/uploads\/2023\/11\/mujer-haciendose-radiofrecuencia-facial.jpg","contentUrl":"https:\/\/agenciaseolocal.eu\/bedda\/wp-content\/uploads\/2023\/11\/mujer-haciendose-radiofrecuencia-facial.jpg","width":2000,"height":700,"caption":"mujer haciendose radiofrecuencia facial"},{"@type":"BreadcrumbList","@id":"https:\/\/agenciaseolocal.eu\/bedda\/precio-radiofrecuencia\/#breadcrumb","itemListElement":[{"@type":"ListItem","position":1,"name":"Portada","item":"https:\/\/agenciaseolocal.eu\/bedda\/"},{"@type":"ListItem","position":2,"name":"Precio de la radiofrecuencia"}]},{"@type":"WebSite","@id":"https:\/\/agenciaseolocal.eu\/bedda\/#website","url":"https:\/\/agenciaseolocal.eu\/bedda\/","name":"Centros bedda","description":"Centro de depilaci\u00f3n l\u00e1ser","publisher":{"@id":"https:\/\/agenciaseolocal.eu\/bedda\/#organization"},"potentialAction":[{"@type":"SearchAction","target":{"@type":"EntryPoint","urlTemplate":"https:\/\/agenciaseolocal.eu\/bedda\/?s={search_term_string}"},"query-input":{"@type":"PropertyValueSpecification","valueRequired":true,"valueName":"search_term_string"}}],"inLanguage":"es"},{"@type":"Organization","@id":"https:\/\/agenciaseolocal.eu\/bedda\/#organization","name":"Centros bedda","url":"https:\/\/agenciaseolocal.eu\/bedda\/","logo":{"@type":"ImageObject","inLanguage":"es","@id":"https:\/\/agenciaseolocal.eu\/bedda\/#\/schema\/logo\/image\/","url":"https:\/\/agenciaseolocal.eu\/bedda\/wp-content\/uploads\/2024\/04\/centros-bedda-depilacion-laser-logo.png","contentUrl":"https:\/\/agenciaseolocal.eu\/bedda\/wp-content\/uploads\/2024\/04\/centros-bedda-depilacion-laser-logo.png","width":220,"height":220,"caption":"Centros bedda"},"image":{"@id":"https:\/\/agenciaseolocal.eu\/bedda\/#\/schema\/logo\/image\/"},"sameAs":["https:\/\/www.facebook.com\/centrobedda","https:\/\/x.com\/centrosbedda","https:\/\/www.youtube.com\/channel\/UCV57tDnQcnHfTici1funk4g?app=desktop","https:\/\/www.instagram.com\/centrosbedda\/","https:\/\/www.linkedin.com\/company\/centros-bedda\/"]},{"@type":"Person","@id":"https:\/\/agenciaseolocal.eu\/bedda\/#\/schema\/person\/ca3010faf67f189fd2de8d61a763fc8b","name":"Centros bedda","image":{"@type":"ImageObject","inLanguage":"es","@id":"https:\/\/agenciaseolocal.eu\/bedda\/#\/schema\/person\/image\/","url":"https:\/\/secure.gravatar.com\/avatar\/ea1f00b0a249719594f6b50ee5d3214c2c192531d8f80f789208e2aa9605ac08?s=96&d=mm&r=g","contentUrl":"https:\/\/secure.gravatar.com\/avatar\/ea1f00b0a249719594f6b50ee5d3214c2c192531d8f80f789208e2aa9605ac08?s=96&d=mm&r=g","caption":"Centros bedda"},"url":"https:\/\/agenciaseolocal.eu\/bedda\/author\/mktpmp_gedfwb31y\/"}]}},"_links":{"self":[{"href":"https:\/\/agenciaseolocal.eu\/bedda\/wp-json\/wp\/v2\/posts\/987513725","targetHints":{"allow":["GET"]}}],"collection":[{"href":"https:\/\/agenciaseolocal.eu\/bedda\/wp-json\/wp\/v2\/posts"}],"about":[{"href":"https:\/\/agenciaseolocal.eu\/bedda\/wp-json\/wp\/v2\/types\/post"}],"author":[{"embeddable":true,"href":"https:\/\/agenciaseolocal.eu\/bedda\/wp-json\/wp\/v2\/users\/3"}],"replies":[{"embeddable":true,"href":"https:\/\/agenciaseolocal.eu\/bedda\/wp-json\/wp\/v2\/comments?post=987513725"}],"version-history":[{"count":1,"href":"https:\/\/agenciaseolocal.eu\/bedda\/wp-json\/wp\/v2\/posts\/987513725\/revisions"}],"predecessor-version":[{"id":987514635,"href":"https:\/\/agenciaseolocal.eu\/bedda\/wp-json\/wp\/v2\/posts\/987513725\/revisions\/987514635"}],"wp:featuredmedia":[{"embeddable":true,"href":"https:\/\/agenciaseolocal.eu\/bedda\/wp-json\/wp\/v2\/media\/987518742"}],"wp:attachment":[{"href":"https:\/\/agenciaseolocal.eu\/bedda\/wp-json\/wp\/v2\/media?parent=987513725"}],"wp:term":[{"taxonomy":"category","embeddable":true,"href":"https:\/\/agenciaseolocal.eu\/bedda\/wp-json\/wp\/v2\/categories?post=987513725"},{"taxonomy":"post_tag","embeddable":true,"href":"https:\/\/agenciaseolocal.eu\/bedda\/wp-json\/wp\/v2\/tags?post=987513725"}],"curies":[{"name":"wp","href":"https:\/\/api.w.org\/{rel}","templated":true}]}}