{"id":987513728,"date":"2023-11-24T13:11:19","date_gmt":"2023-11-24T12:11:19","guid":{"rendered":"https:\/\/centrosbedda.com\/?p=987513728"},"modified":"2024-02-21T11:48:19","modified_gmt":"2024-02-21T10:48:19","slug":"precio-mesoterapia-facial","status":"publish","type":"post","link":"https:\/\/agenciaseolocal.eu\/bedda\/precio-mesoterapia-facial\/","title":{"rendered":"Precio de la mesoterapia facial"},"content":{"rendered":"\n<p>La <a href=\"https:\/\/agenciaseolocal.eu\/bedda\/mesoterapia-facial\/\">mesoterapia facial<\/a> es un tratamiento cosm\u00e9tico que ha ganado popularidad en los \u00faltimos a\u00f1os debido a su efectividad para <strong>rejuvenecer la piel<\/strong> y combatir los signos del envejecimiento.\u00a0<\/p>\n\n\n\n<h2 class=\"wp-block-heading\">\u00bfQu\u00e9 es la mesoterapia facial?<\/h2>\n\n\n\n<p>La mesoterapia facial es una t\u00e9cnica que se origin\u00f3 en Francia en la d\u00e9cada de 1950 y desde entonces ha sido utilizada por dermat\u00f3logos y esteticistas en todo el mundo. Est\u00e1 especialmente dise\u00f1ada para tratar y prevenir los efectos del envejecimiento en la piel del rostro y el cuello.&nbsp;<\/p>\n\n\n\n<p>A diferencia de otros tratamientos m\u00e1s invasivos, como la cirug\u00eda pl\u00e1stica, la mesoterapia facial es un <strong>procedimiento m\u00ednimamente invasivo<\/strong> que no requiere tiempo de recuperaci\u00f3n.<\/p>\n\n\n\n<p>Durante el tratamiento, se utilizan agujas muy finas para administrar una mezcla de vitaminas, minerales, amino\u00e1cidos y \u00e1cido hialur\u00f3nico directamente en la piel. Estas sustancias ayudan a mejorar la hidrataci\u00f3n, la elasticidad y la firmeza de la piel, as\u00ed como a reducir la apariencia de arrugas y l\u00edneas de expresi\u00f3n.&nbsp;<\/p>\n\n\n\n<p>Adem\u00e1s, la mesoterapia facial puede <strong>mejorar el tono y la textura de la piel<\/strong>, dej\u00e1ndola con un aspecto m\u00e1s luminoso y radiante. Hay que diferenciar la m<a href=\"https:\/\/agenciaseolocal.eu\/bedda\/mesoterapia-corporal\/\">esoterapia corporal<\/a> de la facial.<\/p>\n\n\n\n<h2 class=\"wp-block-heading\">Caracter\u00edsticas del tratamiento<\/h2>\n\n\n\n<p>La mesoterapia facial es un tratamiento muy personalizable que se adapta a las <strong>necesidades individuales de cada persona<\/strong>. Antes de realizar el procedimiento, el dermat\u00f3logo o esteticista evaluar\u00e1 la condici\u00f3n de la piel y determinar\u00e1 la mezcla de sustancias m\u00e1s adecuada. Esto garantiza resultados \u00f3ptimos y minimiza cualquier riesgo o efecto secundario.<\/p>\n\n\n\n<p>Adem\u00e1s de sus beneficios anti-envejecimiento, la mesoterapia facial tambi\u00e9n puede ser utilizada para tratar otras afecciones de la piel, como el acn\u00e9, las cicatrices y las manchas oscuras.&nbsp;<\/p>\n\n\n\n<p>La combinaci\u00f3n de ingredientes activos en la mezcla puede ayudar a reducir la inflamaci\u00f3n, equilibrar la producci\u00f3n de sebo y mejorar la apariencia general de la piel.<\/p>\n\n\n\n<p>Es importante destacar que la mesoterapia facial no es un tratamiento milagroso y<strong> los resultados pueden variar de una persona a otra<\/strong>. Para obtener los mejores resultados, se recomienda realizar varias sesiones de tratamiento, espaciadas en el tiempo, para permitir que la piel se recupere y se renueve entre cada sesi\u00f3n.<\/p>\n\n\n\n<h2 class=\"wp-block-heading\">\u00bfQu\u00e9 resultados se pueden conseguir?<\/h2>\n\n\n\n<p>La mesoterapia facial puede ofrecer una serie de beneficios para mejorar la apariencia general del rostro. Al estimular la producci\u00f3n de col\u00e1geno y elastina, puede ayudar a reducir la apariencia de arrugas y l\u00edneas finas, as\u00ed como a mejorar la firmeza y la elasticidad de la piel. Tambi\u00e9n puede ayudar a mejorar la hidrataci\u00f3n y el tono de la piel, d\u00e1ndole un aspecto m\u00e1s luminoso y radiante.<\/p>\n\n\n\n<p>Adem\u00e1s de estos beneficios, la mesoterapia facial puede ayudar a <strong>combatir los signos de fatiga y estr\u00e9s en la piel<\/strong>, como ojeras y piel opaca. Tambi\u00e9n puede ser efectiva para tratar problemas espec\u00edficos de la piel, como el acn\u00e9, las manchas y la flacidez.<\/p>\n\n\n\n<p>La mesoterapia facial es un tratamiento est\u00e9tico no invasivo que consiste en la aplicaci\u00f3n de peque\u00f1as dosis de sustancias activas en la capa media de la piel, conocida como mesodermo. Estas sustancias pueden incluir vitaminas, minerales, amino\u00e1cidos y \u00e1cido hialur\u00f3nico, entre otros.<\/p>\n\n\n\n<p>El procedimiento de la mesoterapia facial se realiza mediante <strong>microinyecciones <\/strong>que se aplican en \u00e1reas espec\u00edficas del rostro, dependiendo de las necesidades individuales de cada paciente. Estas microinyecciones se administran con una aguja muy fina, lo que hace que el procedimiento sea pr\u00e1cticamente indoloro.<\/p>\n\n\n\n<h2 class=\"wp-block-heading\">Otros resultados a destacar<\/h2>\n\n\n\n<p>Una vez que las sustancias activas se han introducido en la piel, comienzan a trabajar <strong>estimulando la producci\u00f3n de col\u00e1geno y elastina<\/strong>. Estas prote\u00ednas son fundamentales para mantener la estructura y la elasticidad de la piel, por lo que su estimulaci\u00f3n ayuda a reducir la apariencia de arrugas y l\u00edneas finas.<\/p>\n\n\n\n<p>Adem\u00e1s de estimular la producci\u00f3n de col\u00e1geno y elastina, la mesoterapia facial tambi\u00e9n puede mejorar la hidrataci\u00f3n de la piel. Algunas de las sustancias activas utilizadas en el tratamiento tienen propiedades hidratantes y pueden ayudar a retener la humedad en la piel, lo que resulta en una apariencia m\u00e1s suave y radiante.<\/p>\n\n\n\n<p>Otro beneficio de la mesoterapia facial es su capacidad para mejorar el tono de la piel. Al estimular la circulaci\u00f3n sangu\u00ednea en la zona tratada, se promueve la oxigenaci\u00f3n de los tejidos y se ayuda a eliminar toxinas. Esto puede resultar en un <strong>tono de piel m\u00e1s uniforme y luminoso<\/strong>.<\/p>\n\n\n\n<p>En cuanto a los problemas espec\u00edficos de la piel, la mesoterapia facial puede ser una opci\u00f3n efectiva. Por ejemplo, en el caso del acn\u00e9, se pueden utilizar sustancias activas con propiedades antibacterianas y antiinflamatorias para ayudar a reducir la inflamaci\u00f3n y prevenir la formaci\u00f3n de nuevas lesiones.<\/p>\n\n\n\n<p>Para las manchas en la piel, se pueden utilizar sustancias activas con <strong>propiedades despigmentantes<\/strong> que ayuden a reducir la apariencia de las manchas y a unificar el tono de la piel. En el caso de la flacidez, se pueden utilizar sustancias activas que estimulen la producci\u00f3n de col\u00e1geno y elastina, ayudando a mejorar la firmeza y la elasticidad de la piel.<\/p>\n\n\n\n<h2 class=\"wp-block-heading\">\u00bfCu\u00e1nto cuesta este tratamiento?<\/h2>\n\n\n\n<p>El precio de la mesoterapia facial puede variar dependiendo de varios factores, como la ubicaci\u00f3n geogr\u00e1fica, la reputaci\u00f3n y experiencia del profesional, el tipo de productos utilizados y el n\u00famero de sesiones requeridas.<\/p>\n\n\n\n<p>Es importante tener en cuenta que, aunque el precio puede parecer <strong>caro<\/strong>, la mesoterapia facial ofrece resultados significativos y duraderos en comparaci\u00f3n con otros tratamientos cosm\u00e9ticos. Adem\u00e1s, al ser un tratamiento no quir\u00fargico, no requiere tiempo de recuperaci\u00f3n, lo que significa que los pacientes pueden volver a sus actividades normales de inmediato despu\u00e9s de la sesi\u00f3n.<\/p>\n\n\n\n<h2 class=\"wp-block-heading\">\u00bfDe qu\u00e9 factores depende el precio de la mesoterapia facial?<\/h2>\n\n\n\n<p>El precio de la mesoterapia facial puede depender de varios factores, como mencionamos anteriormente. Primero, la <strong>ubicaci\u00f3n geogr\u00e1fica<\/strong> puede jugar un papel importante, ya que en algunas \u00e1reas los precios de los servicios m\u00e9dicos y est\u00e9ticos tienden a ser m\u00e1s altos.&nbsp;<\/p>\n\n\n\n<p>Segundo, la reputaci\u00f3n y experiencia del profesional que realiza el tratamiento pueden influir en el precio. Si un profesional tiene una amplia experiencia y una buena reputaci\u00f3n, es posible que cobre m\u00e1s por sus servicios.<\/p>\n\n\n\n<p>Otro factor a considerar es el<strong> tipo de productos utilizados<\/strong> durante el tratamiento. Algunos profesionales pueden optar por utilizar productos m\u00e1s caros y de alta calidad, lo que puede aumentar el precio total del tratamiento.&nbsp;<\/p>\n\n\n\n<p>Por \u00faltimo, el n\u00famero de sesiones requeridas tambi\u00e9n puede influir en el precio. Algunas personas pueden necesitar varias sesiones para obtener los resultados deseados, lo que puede aumentar el precio total de la mesoterapia facial.<\/p>\n\n\n\n<h2 class=\"wp-block-heading\">Por qu\u00e9 elegir Centros bedda<\/h2>\n\n\n\n<p>En <a href=\"https:\/\/agenciaseolocal.eu\/bedda\/\">Centros bedda<\/a> nos hemos ganado una excelente reputaci\u00f3n en el campo de la est\u00e9tica debido a nuestro <strong>enfoque personalizado y profesional<\/strong> en el cuidado de la piel.\u00a0<\/p>\n\n\n\n<p>Nuestros profesionales titulados y experimentados te ofrecen una atenci\u00f3n individualizada, teniendo en cuenta tus necesidades y objetivos espec\u00edficos.<\/p>\n\n\n\n<p>Adem\u00e1s, en Centros bedda utilizamos productos de calidad y realizamos un seguimiento riguroso de los est\u00e1ndares de seguridad y calidad. Esto garantiza que recibir\u00e1s un <strong>tratamiento seguro y efectivo<\/strong>, sin comprometer tu salud o bienestar.<\/p>\n","protected":false},"excerpt":{"rendered":"<p>La mesoterapia facial es un tratamiento cosm\u00e9tico que ha ganado popularidad en los \u00faltimos a\u00f1os debido a su efectividad para rejuvenecer la piel y combatir los signos del envejecimiento.\u00a0 \u00bfQu\u00e9 es la mesoterapia facial? La mesoterapia facial es una t\u00e9cnica que se origin\u00f3 en Francia en la d\u00e9cada de 1950 y desde entonces ha sido [&hellip;]<\/p>\n","protected":false},"author":3,"featured_media":987513729,"comment_status":"open","ping_status":"closed","sticky":false,"template":"","format":"standard","meta":{"_et_pb_use_builder":"off","_et_pb_old_content":"","_et_gb_content_width":"","_joinchat":[],"footnotes":""},"categories":[51,66,50,54],"tags":[],"class_list":["post-987513728","post","type-post","status-publish","format-standard","has-post-thumbnail","hentry","category-blog","category-estetica-premium","category-facial","category-medicina-estetica"],"yoast_head":"<!-- This site is optimized with the Yoast SEO plugin v25.9 - https:\/\/yoast.com\/wordpress\/plugins\/seo\/ -->\n<title>Precio de la mesoterapia facial | Centros bedda<\/title>\n<meta name=\"description\" content=\"\u00bfEst\u00e1s buscando una cl\u00ednica que ofrezca tratamientos de mesoterapia facial? En Centros bedda somos expertos en este tipo de servicios. \u00a1Vis\u00edtanos!\" \/>\n<meta name=\"robots\" content=\"noindex, follow, max-snippet:-1, max-image-preview:large, max-video-preview:-1\" \/>\n<meta property=\"og:locale\" content=\"es_ES\" \/>\n<meta property=\"og:type\" content=\"article\" \/>\n<meta property=\"og:title\" content=\"Precio de la mesoterapia facial | Centros bedda\" \/>\n<meta property=\"og:description\" content=\"\u00bfEst\u00e1s buscando una cl\u00ednica que ofrezca tratamientos de mesoterapia facial? En Centros bedda somos expertos en este tipo de servicios. \u00a1Vis\u00edtanos!\" \/>\n<meta property=\"og:url\" content=\"https:\/\/agenciaseolocal.eu\/bedda\/precio-mesoterapia-facial\/\" \/>\n<meta property=\"og:site_name\" content=\"Centros bedda\" \/>\n<meta property=\"article:publisher\" content=\"https:\/\/www.facebook.com\/centrobedda\" \/>\n<meta property=\"article:published_time\" content=\"2023-11-24T12:11:19+00:00\" \/>\n<meta property=\"article:modified_time\" content=\"2024-02-21T10:48:19+00:00\" \/>\n<meta property=\"og:image\" content=\"https:\/\/agenciaseolocal.eu\/bedda\/wp-content\/uploads\/2023\/11\/profesional-tratando-con-mesoterapia-facial.jpg\" \/>\n\t<meta property=\"og:image:width\" content=\"1700\" \/>\n\t<meta property=\"og:image:height\" content=\"667\" \/>\n\t<meta property=\"og:image:type\" content=\"image\/jpeg\" \/>\n<meta name=\"author\" content=\"Centros bedda\" \/>\n<meta name=\"twitter:card\" content=\"summary_large_image\" \/>\n<meta name=\"twitter:creator\" content=\"@centrosbedda\" \/>\n<meta name=\"twitter:site\" content=\"@centrosbedda\" \/>\n<meta name=\"twitter:label1\" content=\"Escrito por\" \/>\n\t<meta name=\"twitter:data1\" content=\"Centros bedda\" \/>\n\t<meta name=\"twitter:label2\" content=\"Tiempo de lectura\" \/>\n\t<meta name=\"twitter:data2\" content=\"6 minutos\" \/>\n<!-- \/ Yoast SEO plugin. -->","yoast_head_json":{"title":"Precio de la mesoterapia facial | Centros bedda","description":"\u00bfEst\u00e1s buscando una cl\u00ednica que ofrezca tratamientos de mesoterapia facial? En Centros bedda somos expertos en este tipo de servicios. \u00a1Vis\u00edtanos!","robots":{"index":"noindex","follow":"follow","max-snippet":"max-snippet:-1","max-image-preview":"max-image-preview:large","max-video-preview":"max-video-preview:-1"},"og_locale":"es_ES","og_type":"article","og_title":"Precio de la mesoterapia facial | Centros bedda","og_description":"\u00bfEst\u00e1s buscando una cl\u00ednica que ofrezca tratamientos de mesoterapia facial? En Centros bedda somos expertos en este tipo de servicios. \u00a1Vis\u00edtanos!","og_url":"https:\/\/agenciaseolocal.eu\/bedda\/precio-mesoterapia-facial\/","og_site_name":"Centros bedda","article_publisher":"https:\/\/www.facebook.com\/centrobedda","article_published_time":"2023-11-24T12:11:19+00:00","article_modified_time":"2024-02-21T10:48:19+00:00","og_image":[{"width":1700,"height":667,"url":"https:\/\/agenciaseolocal.eu\/bedda\/wp-content\/uploads\/2023\/11\/profesional-tratando-con-mesoterapia-facial.jpg","type":"image\/jpeg"}],"author":"Centros bedda","twitter_card":"summary_large_image","twitter_creator":"@centrosbedda","twitter_site":"@centrosbedda","twitter_misc":{"Escrito por":"Centros bedda","Tiempo de lectura":"6 minutos"},"schema":{"@context":"https:\/\/schema.org","@graph":[{"@type":"Article","@id":"https:\/\/agenciaseolocal.eu\/bedda\/precio-mesoterapia-facial\/#article","isPartOf":{"@id":"https:\/\/agenciaseolocal.eu\/bedda\/precio-mesoterapia-facial\/"},"author":{"name":"Centros bedda","@id":"https:\/\/agenciaseolocal.eu\/bedda\/#\/schema\/person\/ca3010faf67f189fd2de8d61a763fc8b"},"headline":"Precio de la mesoterapia facial","datePublished":"2023-11-24T12:11:19+00:00","dateModified":"2024-02-21T10:48:19+00:00","mainEntityOfPage":{"@id":"https:\/\/agenciaseolocal.eu\/bedda\/precio-mesoterapia-facial\/"},"wordCount":1259,"commentCount":0,"publisher":{"@id":"https:\/\/agenciaseolocal.eu\/bedda\/#organization"},"image":{"@id":"https:\/\/agenciaseolocal.eu\/bedda\/precio-mesoterapia-facial\/#primaryimage"},"thumbnailUrl":"https:\/\/agenciaseolocal.eu\/bedda\/wp-content\/uploads\/2023\/11\/profesional-tratando-con-mesoterapia-facial.jpg","articleSection":["Blog","Est\u00e9tica Premium","Facial","Medicina est\u00e9tica"],"inLanguage":"es","potentialAction":[{"@type":"CommentAction","name":"Comment","target":["https:\/\/agenciaseolocal.eu\/bedda\/precio-mesoterapia-facial\/#respond"]}]},{"@type":"WebPage","@id":"https:\/\/agenciaseolocal.eu\/bedda\/precio-mesoterapia-facial\/","url":"https:\/\/agenciaseolocal.eu\/bedda\/precio-mesoterapia-facial\/","name":"Precio de la mesoterapia facial | Centros bedda","isPartOf":{"@id":"https:\/\/agenciaseolocal.eu\/bedda\/#website"},"primaryImageOfPage":{"@id":"https:\/\/agenciaseolocal.eu\/bedda\/precio-mesoterapia-facial\/#primaryimage"},"image":{"@id":"https:\/\/agenciaseolocal.eu\/bedda\/precio-mesoterapia-facial\/#primaryimage"},"thumbnailUrl":"https:\/\/agenciaseolocal.eu\/bedda\/wp-content\/uploads\/2023\/11\/profesional-tratando-con-mesoterapia-facial.jpg","datePublished":"2023-11-24T12:11:19+00:00","dateModified":"2024-02-21T10:48:19+00:00","description":"\u00bfEst\u00e1s buscando una cl\u00ednica que ofrezca tratamientos de mesoterapia facial? En Centros bedda somos expertos en este tipo de servicios. \u00a1Vis\u00edtanos!","breadcrumb":{"@id":"https:\/\/agenciaseolocal.eu\/bedda\/precio-mesoterapia-facial\/#breadcrumb"},"inLanguage":"es","potentialAction":[{"@type":"ReadAction","target":["https:\/\/agenciaseolocal.eu\/bedda\/precio-mesoterapia-facial\/"]}]},{"@type":"ImageObject","inLanguage":"es","@id":"https:\/\/agenciaseolocal.eu\/bedda\/precio-mesoterapia-facial\/#primaryimage","url":"https:\/\/agenciaseolocal.eu\/bedda\/wp-content\/uploads\/2023\/11\/profesional-tratando-con-mesoterapia-facial.jpg","contentUrl":"https:\/\/agenciaseolocal.eu\/bedda\/wp-content\/uploads\/2023\/11\/profesional-tratando-con-mesoterapia-facial.jpg","width":1700,"height":667,"caption":"profesional tratando con mesoterapia facial"},{"@type":"BreadcrumbList","@id":"https:\/\/agenciaseolocal.eu\/bedda\/precio-mesoterapia-facial\/#breadcrumb","itemListElement":[{"@type":"ListItem","position":1,"name":"Portada","item":"https:\/\/agenciaseolocal.eu\/bedda\/"},{"@type":"ListItem","position":2,"name":"Precio de la mesoterapia facial"}]},{"@type":"WebSite","@id":"https:\/\/agenciaseolocal.eu\/bedda\/#website","url":"https:\/\/agenciaseolocal.eu\/bedda\/","name":"Centros bedda","description":"Centro de depilaci\u00f3n l\u00e1ser","publisher":{"@id":"https:\/\/agenciaseolocal.eu\/bedda\/#organization"},"potentialAction":[{"@type":"SearchAction","target":{"@type":"EntryPoint","urlTemplate":"https:\/\/agenciaseolocal.eu\/bedda\/?s={search_term_string}"},"query-input":{"@type":"PropertyValueSpecification","valueRequired":true,"valueName":"search_term_string"}}],"inLanguage":"es"},{"@type":"Organization","@id":"https:\/\/agenciaseolocal.eu\/bedda\/#organization","name":"Centros bedda","url":"https:\/\/agenciaseolocal.eu\/bedda\/","logo":{"@type":"ImageObject","inLanguage":"es","@id":"https:\/\/agenciaseolocal.eu\/bedda\/#\/schema\/logo\/image\/","url":"https:\/\/agenciaseolocal.eu\/bedda\/wp-content\/uploads\/2024\/04\/centros-bedda-depilacion-laser-logo.png","contentUrl":"https:\/\/agenciaseolocal.eu\/bedda\/wp-content\/uploads\/2024\/04\/centros-bedda-depilacion-laser-logo.png","width":220,"height":220,"caption":"Centros bedda"},"image":{"@id":"https:\/\/agenciaseolocal.eu\/bedda\/#\/schema\/logo\/image\/"},"sameAs":["https:\/\/www.facebook.com\/centrobedda","https:\/\/x.com\/centrosbedda","https:\/\/www.youtube.com\/channel\/UCV57tDnQcnHfTici1funk4g?app=desktop","https:\/\/www.instagram.com\/centrosbedda\/","https:\/\/www.linkedin.com\/company\/centros-bedda\/"]},{"@type":"Person","@id":"https:\/\/agenciaseolocal.eu\/bedda\/#\/schema\/person\/ca3010faf67f189fd2de8d61a763fc8b","name":"Centros bedda","image":{"@type":"ImageObject","inLanguage":"es","@id":"https:\/\/agenciaseolocal.eu\/bedda\/#\/schema\/person\/image\/","url":"https:\/\/secure.gravatar.com\/avatar\/ea1f00b0a249719594f6b50ee5d3214c2c192531d8f80f789208e2aa9605ac08?s=96&d=mm&r=g","contentUrl":"https:\/\/secure.gravatar.com\/avatar\/ea1f00b0a249719594f6b50ee5d3214c2c192531d8f80f789208e2aa9605ac08?s=96&d=mm&r=g","caption":"Centros bedda"},"url":"https:\/\/agenciaseolocal.eu\/bedda\/author\/mktpmp_gedfwb31y\/"}]}},"_links":{"self":[{"href":"https:\/\/agenciaseolocal.eu\/bedda\/wp-json\/wp\/v2\/posts\/987513728","targetHints":{"allow":["GET"]}}],"collection":[{"href":"https:\/\/agenciaseolocal.eu\/bedda\/wp-json\/wp\/v2\/posts"}],"about":[{"href":"https:\/\/agenciaseolocal.eu\/bedda\/wp-json\/wp\/v2\/types\/post"}],"author":[{"embeddable":true,"href":"https:\/\/agenciaseolocal.eu\/bedda\/wp-json\/wp\/v2\/users\/3"}],"replies":[{"embeddable":true,"href":"https:\/\/agenciaseolocal.eu\/bedda\/wp-json\/wp\/v2\/comments?post=987513728"}],"version-history":[{"count":1,"href":"https:\/\/agenciaseolocal.eu\/bedda\/wp-json\/wp\/v2\/posts\/987513728\/revisions"}],"predecessor-version":[{"id":987514636,"href":"https:\/\/agenciaseolocal.eu\/bedda\/wp-json\/wp\/v2\/posts\/987513728\/revisions\/987514636"}],"wp:featuredmedia":[{"embeddable":true,"href":"https:\/\/agenciaseolocal.eu\/bedda\/wp-json\/wp\/v2\/media\/987513729"}],"wp:attachment":[{"href":"https:\/\/agenciaseolocal.eu\/bedda\/wp-json\/wp\/v2\/media?parent=987513728"}],"wp:term":[{"taxonomy":"category","embeddable":true,"href":"https:\/\/agenciaseolocal.eu\/bedda\/wp-json\/wp\/v2\/categories?post=987513728"},{"taxonomy":"post_tag","embeddable":true,"href":"https:\/\/agenciaseolocal.eu\/bedda\/wp-json\/wp\/v2\/tags?post=987513728"}],"curies":[{"name":"wp","href":"https:\/\/api.w.org\/{rel}","templated":true}]}}