{"id":987514139,"date":"2024-01-02T12:15:53","date_gmt":"2024-01-02T11:15:53","guid":{"rendered":"https:\/\/centrosbedda.com\/?p=987514139"},"modified":"2024-02-21T11:48:09","modified_gmt":"2024-02-21T10:48:09","slug":"todo-debes-saber-linea-alba","status":"publish","type":"post","link":"https:\/\/agenciaseolocal.eu\/bedda\/todo-debes-saber-linea-alba\/","title":{"rendered":"Lo que debes saber sobre la l\u00ednea alba"},"content":{"rendered":"\n<p>La l\u00ednea alba es una <strong>condici\u00f3n cut\u00e1nea<\/strong> que provoca la aparici\u00f3n de una l\u00ednea oscura en el abdomen. Aunque es m\u00e1s com\u00fan durante el embarazo, puede afectar a ambos sexos. Conocer sus causas y c\u00f3mo manejarla es fundamental para mantener una piel saludable y est\u00e9ticamente agradable.<\/p>\n\n\n\n<h2 class=\"wp-block-heading\">\u00bfQu\u00e9 es la l\u00ednea alba y d\u00f3nde se encuentra?<\/h2>\n\n\n\n<p>La l\u00ednea alba, tambi\u00e9n conocida como la &#8220;l\u00ednea blanca&#8221;, es una estructura de tejido conectivo que se extiende verticalmente a lo largo de nuestro abdomen. Es una especie de frontera que <strong>divide a los m\u00fasculos abdominales en dos mitades<\/strong>, creando una separaci\u00f3n entre ellos. Ubicada en el centro de nuestro torso, la l\u00ednea alba inicia desde el estern\u00f3n y desciende hasta el hueso p\u00fabico.<\/p>\n\n\n\n<h2 class=\"wp-block-heading\">\u00bfQu\u00e9 funci\u00f3n tiene la l\u00ednea alba?<\/h2>\n\n\n\n<p>Podr\u00edamos decir que la l\u00ednea alba es como el pegamento que mantiene unidos a nuestros m\u00fasculos abdominales. Su principal funci\u00f3n es proporcionar estabilidad y soporte a la pared abdominal, lo cual es esencial para mantener una postura adecuada y realizar movimientos en nuestro d\u00eda a d\u00eda.&nbsp;<\/p>\n\n\n\n<p>Sin ella, nuestros m\u00fasculos estar\u00edan como un ej\u00e9rcito desorganizado, sin una base s\u00f3lida en la que apoyarse.<\/p>\n\n\n\n<h2 class=\"wp-block-heading\">Composici\u00f3n y estructura de la l\u00ednea alba<\/h2>\n\n\n\n<p>La l\u00ednea alba est\u00e1 compuesta principalmente por<strong> tejido conectivo<\/strong>, el cual est\u00e1 formado por una red de fibras de col\u00e1geno y elastina. Estas fibras act\u00faan como los pilares que sostienen la l\u00ednea alba, d\u00e1ndole resistencia y flexibilidad al mismo tiempo. Es como una cuerda fuerte pero el\u00e1stica, capaz de soportar las tensiones y movimientos a los que se ve sometida nuestra pared abdominal.<\/p>\n\n\n\n<p>Adem\u00e1s, la l\u00ednea alba tambi\u00e9n contiene una capa de c\u00e9lulas llamadas miofibroblastos, las cuales son responsables de generar fuerza y tensi\u00f3n en el tejido conectivo. Estas c\u00e9lulas son como peque\u00f1os ej\u00e9rcitos que mantienen la l\u00ednea alba en forma, produciendo y reorganizando constantemente las fibras de col\u00e1geno y elastina.<\/p>\n\n\n\n<h2 class=\"wp-block-heading\">C\u00f3mo se forma durante el desarrollo fetal<\/h2>\n\n\n\n<p>La l\u00ednea alba <strong>no es algo que aparezca de la noche a la ma\u00f1ana<\/strong>. Durante el desarrollo fetal, se forma a partir de una l\u00ednea de fusi\u00f3n entre los m\u00fasculos abdominales rectos. Es como si esos m\u00fasculos estuvieran estrechamente unidos por un lazo invisible, que con el tiempo se fortalece y se convierte en la l\u00ednea alba que conocemos.<\/p>\n\n\n\n<p>A medida que el feto crece, esta l\u00ednea de fusi\u00f3n se va volviendo m\u00e1s definida y adquiere su caracter\u00edstico color blanco. Es como el sendero que el desarrollo fetal sigue para unir y fortalecer a los m\u00fasculos abdominales, gui\u00e1ndolos hacia la formaci\u00f3n de una estructura s\u00f3lida y funcional.<\/p>\n\n\n\n<h2 class=\"wp-block-heading\">Cambios durante el embarazo<\/h2>\n\n\n\n<p>El embarazo es un per\u00edodo de cambios sorprendentes en el cuerpo de una mujer, y la l\u00ednea alba no es una excepci\u00f3n. Durante esta dulce espera, la l\u00ednea alba experimenta transformaciones notables que pueden sorprender a muchas mujeres.<\/p>\n\n\n\n<p>El <strong>oscurecimiento y ensanchamiento<\/strong> de la l\u00ednea alba son dos cambios comunes que ocurren durante el embarazo. La l\u00ednea alba puede volverse m\u00e1s oscura y ancha debido a un aumento en los niveles de hormonas y al estiramiento de los m\u00fasculos abdominales para dar cabida al crecimiento del beb\u00e9. Es como si la l\u00ednea alba se expandiera para permitir que la vida se desarrolle y se nutra en su interior.<\/p>\n\n\n\n<h2 class=\"wp-block-heading\">Factores que afectan a la apariencia de la l\u00ednea alba<\/h2>\n\n\n\n<p>Nuestra apariencia es como una salsa compuesta de m\u00faltiples ingredientes, y la l\u00ednea alba no es una excepci\u00f3n. Varios factores pueden influir en c\u00f3mo se ve y se percibe nuestra l\u00ednea alba, y aqu\u00ed te contar\u00e9 algunos de los m\u00e1s importantes.<\/p>\n\n\n\n<p>Los <strong>factores gen\u00e9ticos <\/strong>desempe\u00f1an un papel fundamental en la apariencia de la l\u00ednea alba. As\u00ed como los ojos o el color de la piel, la l\u00ednea alba puede variar de una persona a otra debido a la herencia gen\u00e9tica.&nbsp;<\/p>\n\n\n\n<p>Algunas personas pueden tener una l\u00ednea alba m\u00e1s prominente, mientras que otras pueden tener una l\u00ednea apenas perceptible. Es como si los genes fueran el dise\u00f1ador encargado de dar forma y color a nuestra l\u00ednea alba.<\/p>\n\n\n\n<p>Adem\u00e1s, los <strong>cambios hormonales y de peso <\/strong>tambi\u00e9n pueden influir en la visibilidad de la l\u00ednea alba. Durante las etapas de la vida en las que experimentamos cambios hormonales significativos, como en la pubertad o durante el embarazo, es com\u00fan que la l\u00ednea alba se vuelva m\u00e1s visible debido a los niveles elevados de hormonas.&nbsp;<\/p>\n\n\n\n<p>Del mismo modo, los cambios repentinos en el peso pueden afectar la apariencia de la l\u00ednea alba, ya que el estiramiento o la p\u00e9rdida de grasa abdominal pueden hacer que se destaquen m\u00e1s.<\/p>\n\n\n\n<h2 class=\"wp-block-heading\">Cambios en la l\u00ednea alba postparto<\/h2>\n\n\n\n<p>Despu\u00e9s del emocionante cap\u00edtulo del embarazo, muchas mujeres se preguntan qu\u00e9 suceder\u00e1 con su l\u00ednea alba. Afortunadamente, la mayor\u00eda de los cambios que ocurren durante el embarazo en la l\u00ednea alba tienden a desvanecerse con el tiempo.<\/p>\n\n\n\n<p>A medida que el cuerpo se recupera del embarazo y el \u00fatero vuelve a su tama\u00f1o normal, la l\u00ednea alba tiende a<strong> estrecharse y aclararse nuevamente<\/strong>. Sin embargo, es importante tener en cuenta que cada mujer es \u00fanica y que la l\u00ednea alba puede tardar m\u00e1s o menos tiempo en volver a su estado anterior.&nbsp;<\/p>\n\n\n\n<p>Es como si nuestro cuerpo fuera un lienzo en constante transformaci\u00f3n, capaz de adaptarse y recuperarse.<\/p>\n\n\n\n<h2 class=\"wp-block-heading\">\u00bfPor qu\u00e9 sale vello en la l\u00ednea alba?<\/h2>\n\n\n\n<p>El vello en la l\u00ednea alba es como las pinceladas que adornan nuestro cuerpo, cada una \u00fanica y especial. Algunas mujeres pueden notar un crecimiento de vello en la l\u00ednea alba, lo cual es completamente normal y no representa ning\u00fan problema de salud. Este crecimiento de vello puede ser causado por <strong>cambios hormonales<\/strong> o simplemente ser una caracter\u00edstica individual.<\/p>\n\n\n\n<p>Sin embargo, si el crecimiento de vello en la l\u00ednea alba te preocupa o te resulta inc\u00f3modo, existen diferentes m\u00e9todos para eliminarlo, como la depilaci\u00f3n l\u00e1ser. Este tratamiento utiliza pulsos de luz para destruir de manera selectiva el fol\u00edculo piloso, evitando as\u00ed el crecimiento del vello.&nbsp;<\/p>\n\n\n\n<p>Pero recuerda, siempre es importante <strong>consultar a un profesional<\/strong> antes de realizar cualquier tratamiento en esta \u00e1rea tan sensible de nuestro cuerpo.<\/p>\n\n\n\n<h2 class=\"wp-block-heading\">\u00bfSe puede realizar depilaci\u00f3n l\u00e1ser en la l\u00ednea alba?<\/h2>\n\n\n\n<p>S\u00ed, la <a href=\"https:\/\/agenciaseolocal.eu\/bedda\/\">depilaci\u00f3n l\u00e1ser<\/a> es una opci\u00f3n para eliminar el vello no deseado en la l\u00ednea alba. Sin embargo, es importante que consultes con un especialista antes de someterte a la <a href=\"https:\/\/agenciaseolocal.eu\/bedda\/tratamientos\/depilacion-laser-linea-alba-mujer\/\">depilaci\u00f3n l\u00e1ser en la l\u00ednea alba<\/a>, ya que es posible que haya contraindicaciones o consideraciones especiales en tu caso particular.<\/p>\n","protected":false},"excerpt":{"rendered":"<p>La l\u00ednea alba es una condici\u00f3n cut\u00e1nea que provoca la aparici\u00f3n de una l\u00ednea oscura en el abdomen. Aunque es m\u00e1s com\u00fan durante el embarazo, puede afectar a ambos sexos. Conocer sus causas y c\u00f3mo manejarla es fundamental para mantener una piel saludable y est\u00e9ticamente agradable. \u00bfQu\u00e9 es la l\u00ednea alba y d\u00f3nde se encuentra? [&hellip;]<\/p>\n","protected":false},"author":3,"featured_media":987514146,"comment_status":"open","ping_status":"closed","sticky":false,"template":"","format":"standard","meta":{"_et_pb_use_builder":"off","_et_pb_old_content":"","_et_gb_content_width":"","_joinchat":[],"footnotes":""},"categories":[51,65],"tags":[],"class_list":["post-987514139","post","type-post","status-publish","format-standard","has-post-thumbnail","hentry","category-blog","category-depilacion"],"yoast_head":"<!-- This site is optimized with the Yoast SEO plugin v25.9 - https:\/\/yoast.com\/wordpress\/plugins\/seo\/ -->\n<title>Lo que debes saber sobre la l\u00ednea alba | Centros bedda<\/title>\n<meta name=\"description\" content=\"Descubre todo sobre la l\u00ednea alba en Centros bedda. Conoce c\u00f3mo afecta este fen\u00f3meno a tu piel y c\u00f3mo nuestros tratamientos pueden ayudarte a manejarlo.\" \/>\n<meta name=\"robots\" content=\"noindex, follow, max-snippet:-1, max-image-preview:large, max-video-preview:-1\" \/>\n<meta property=\"og:locale\" content=\"es_ES\" \/>\n<meta property=\"og:type\" content=\"article\" \/>\n<meta property=\"og:title\" content=\"Lo que debes saber sobre la l\u00ednea alba | Centros bedda\" \/>\n<meta property=\"og:description\" content=\"Descubre todo sobre la l\u00ednea alba en Centros bedda. Conoce c\u00f3mo afecta este fen\u00f3meno a tu piel y c\u00f3mo nuestros tratamientos pueden ayudarte a manejarlo.\" \/>\n<meta property=\"og:url\" content=\"https:\/\/agenciaseolocal.eu\/bedda\/todo-debes-saber-linea-alba\/\" \/>\n<meta property=\"og:site_name\" content=\"Centros bedda\" \/>\n<meta property=\"article:publisher\" content=\"https:\/\/www.facebook.com\/centrobedda\" \/>\n<meta property=\"article:published_time\" content=\"2024-01-02T11:15:53+00:00\" \/>\n<meta property=\"article:modified_time\" content=\"2024-02-21T10:48:09+00:00\" \/>\n<meta property=\"og:image\" content=\"https:\/\/agenciaseolocal.eu\/bedda\/wp-content\/uploads\/2024\/01\/linea-alba-embarazo.jpg\" \/>\n\t<meta property=\"og:image:width\" content=\"1200\" \/>\n\t<meta property=\"og:image:height\" content=\"675\" \/>\n\t<meta property=\"og:image:type\" content=\"image\/jpeg\" \/>\n<meta name=\"author\" content=\"Centros bedda\" \/>\n<meta name=\"twitter:card\" content=\"summary_large_image\" \/>\n<meta name=\"twitter:creator\" content=\"@centrosbedda\" \/>\n<meta name=\"twitter:site\" content=\"@centrosbedda\" \/>\n<meta name=\"twitter:label1\" content=\"Escrito por\" \/>\n\t<meta name=\"twitter:data1\" content=\"Centros bedda\" \/>\n\t<meta name=\"twitter:label2\" content=\"Tiempo de lectura\" \/>\n\t<meta name=\"twitter:data2\" content=\"6 minutos\" \/>\n<!-- \/ Yoast SEO plugin. -->","yoast_head_json":{"title":"Lo que debes saber sobre la l\u00ednea alba | Centros bedda","description":"Descubre todo sobre la l\u00ednea alba en Centros bedda. Conoce c\u00f3mo afecta este fen\u00f3meno a tu piel y c\u00f3mo nuestros tratamientos pueden ayudarte a manejarlo.","robots":{"index":"noindex","follow":"follow","max-snippet":"max-snippet:-1","max-image-preview":"max-image-preview:large","max-video-preview":"max-video-preview:-1"},"og_locale":"es_ES","og_type":"article","og_title":"Lo que debes saber sobre la l\u00ednea alba | Centros bedda","og_description":"Descubre todo sobre la l\u00ednea alba en Centros bedda. Conoce c\u00f3mo afecta este fen\u00f3meno a tu piel y c\u00f3mo nuestros tratamientos pueden ayudarte a manejarlo.","og_url":"https:\/\/agenciaseolocal.eu\/bedda\/todo-debes-saber-linea-alba\/","og_site_name":"Centros bedda","article_publisher":"https:\/\/www.facebook.com\/centrobedda","article_published_time":"2024-01-02T11:15:53+00:00","article_modified_time":"2024-02-21T10:48:09+00:00","og_image":[{"width":1200,"height":675,"url":"https:\/\/agenciaseolocal.eu\/bedda\/wp-content\/uploads\/2024\/01\/linea-alba-embarazo.jpg","type":"image\/jpeg"}],"author":"Centros bedda","twitter_card":"summary_large_image","twitter_creator":"@centrosbedda","twitter_site":"@centrosbedda","twitter_misc":{"Escrito por":"Centros bedda","Tiempo de lectura":"6 minutos"},"schema":{"@context":"https:\/\/schema.org","@graph":[{"@type":"Article","@id":"https:\/\/agenciaseolocal.eu\/bedda\/todo-debes-saber-linea-alba\/#article","isPartOf":{"@id":"https:\/\/agenciaseolocal.eu\/bedda\/todo-debes-saber-linea-alba\/"},"author":{"name":"Centros bedda","@id":"https:\/\/agenciaseolocal.eu\/bedda\/#\/schema\/person\/ca3010faf67f189fd2de8d61a763fc8b"},"headline":"Lo que debes saber sobre la l\u00ednea alba","datePublished":"2024-01-02T11:15:53+00:00","dateModified":"2024-02-21T10:48:09+00:00","mainEntityOfPage":{"@id":"https:\/\/agenciaseolocal.eu\/bedda\/todo-debes-saber-linea-alba\/"},"wordCount":1201,"commentCount":0,"publisher":{"@id":"https:\/\/agenciaseolocal.eu\/bedda\/#organization"},"image":{"@id":"https:\/\/agenciaseolocal.eu\/bedda\/todo-debes-saber-linea-alba\/#primaryimage"},"thumbnailUrl":"https:\/\/agenciaseolocal.eu\/bedda\/wp-content\/uploads\/2024\/01\/linea-alba-embarazo.jpg","articleSection":["Blog","Depilaci\u00f3n"],"inLanguage":"es","potentialAction":[{"@type":"CommentAction","name":"Comment","target":["https:\/\/agenciaseolocal.eu\/bedda\/todo-debes-saber-linea-alba\/#respond"]}]},{"@type":"WebPage","@id":"https:\/\/agenciaseolocal.eu\/bedda\/todo-debes-saber-linea-alba\/","url":"https:\/\/agenciaseolocal.eu\/bedda\/todo-debes-saber-linea-alba\/","name":"Lo que debes saber sobre la l\u00ednea alba | Centros bedda","isPartOf":{"@id":"https:\/\/agenciaseolocal.eu\/bedda\/#website"},"primaryImageOfPage":{"@id":"https:\/\/agenciaseolocal.eu\/bedda\/todo-debes-saber-linea-alba\/#primaryimage"},"image":{"@id":"https:\/\/agenciaseolocal.eu\/bedda\/todo-debes-saber-linea-alba\/#primaryimage"},"thumbnailUrl":"https:\/\/agenciaseolocal.eu\/bedda\/wp-content\/uploads\/2024\/01\/linea-alba-embarazo.jpg","datePublished":"2024-01-02T11:15:53+00:00","dateModified":"2024-02-21T10:48:09+00:00","description":"Descubre todo sobre la l\u00ednea alba en Centros bedda. Conoce c\u00f3mo afecta este fen\u00f3meno a tu piel y c\u00f3mo nuestros tratamientos pueden ayudarte a manejarlo.","breadcrumb":{"@id":"https:\/\/agenciaseolocal.eu\/bedda\/todo-debes-saber-linea-alba\/#breadcrumb"},"inLanguage":"es","potentialAction":[{"@type":"ReadAction","target":["https:\/\/agenciaseolocal.eu\/bedda\/todo-debes-saber-linea-alba\/"]}]},{"@type":"ImageObject","inLanguage":"es","@id":"https:\/\/agenciaseolocal.eu\/bedda\/todo-debes-saber-linea-alba\/#primaryimage","url":"https:\/\/agenciaseolocal.eu\/bedda\/wp-content\/uploads\/2024\/01\/linea-alba-embarazo.jpg","contentUrl":"https:\/\/agenciaseolocal.eu\/bedda\/wp-content\/uploads\/2024\/01\/linea-alba-embarazo.jpg","width":1200,"height":675,"caption":"linea alba embarazo"},{"@type":"BreadcrumbList","@id":"https:\/\/agenciaseolocal.eu\/bedda\/todo-debes-saber-linea-alba\/#breadcrumb","itemListElement":[{"@type":"ListItem","position":1,"name":"Portada","item":"https:\/\/agenciaseolocal.eu\/bedda\/"},{"@type":"ListItem","position":2,"name":"Lo que debes saber sobre la l\u00ednea alba"}]},{"@type":"WebSite","@id":"https:\/\/agenciaseolocal.eu\/bedda\/#website","url":"https:\/\/agenciaseolocal.eu\/bedda\/","name":"Centros bedda","description":"Centro de depilaci\u00f3n l\u00e1ser","publisher":{"@id":"https:\/\/agenciaseolocal.eu\/bedda\/#organization"},"potentialAction":[{"@type":"SearchAction","target":{"@type":"EntryPoint","urlTemplate":"https:\/\/agenciaseolocal.eu\/bedda\/?s={search_term_string}"},"query-input":{"@type":"PropertyValueSpecification","valueRequired":true,"valueName":"search_term_string"}}],"inLanguage":"es"},{"@type":"Organization","@id":"https:\/\/agenciaseolocal.eu\/bedda\/#organization","name":"Centros bedda","url":"https:\/\/agenciaseolocal.eu\/bedda\/","logo":{"@type":"ImageObject","inLanguage":"es","@id":"https:\/\/agenciaseolocal.eu\/bedda\/#\/schema\/logo\/image\/","url":"https:\/\/agenciaseolocal.eu\/bedda\/wp-content\/uploads\/2024\/04\/centros-bedda-depilacion-laser-logo.png","contentUrl":"https:\/\/agenciaseolocal.eu\/bedda\/wp-content\/uploads\/2024\/04\/centros-bedda-depilacion-laser-logo.png","width":220,"height":220,"caption":"Centros bedda"},"image":{"@id":"https:\/\/agenciaseolocal.eu\/bedda\/#\/schema\/logo\/image\/"},"sameAs":["https:\/\/www.facebook.com\/centrobedda","https:\/\/x.com\/centrosbedda","https:\/\/www.youtube.com\/channel\/UCV57tDnQcnHfTici1funk4g?app=desktop","https:\/\/www.instagram.com\/centrosbedda\/","https:\/\/www.linkedin.com\/company\/centros-bedda\/"]},{"@type":"Person","@id":"https:\/\/agenciaseolocal.eu\/bedda\/#\/schema\/person\/ca3010faf67f189fd2de8d61a763fc8b","name":"Centros bedda","image":{"@type":"ImageObject","inLanguage":"es","@id":"https:\/\/agenciaseolocal.eu\/bedda\/#\/schema\/person\/image\/","url":"https:\/\/secure.gravatar.com\/avatar\/ea1f00b0a249719594f6b50ee5d3214c2c192531d8f80f789208e2aa9605ac08?s=96&d=mm&r=g","contentUrl":"https:\/\/secure.gravatar.com\/avatar\/ea1f00b0a249719594f6b50ee5d3214c2c192531d8f80f789208e2aa9605ac08?s=96&d=mm&r=g","caption":"Centros bedda"},"url":"https:\/\/agenciaseolocal.eu\/bedda\/author\/mktpmp_gedfwb31y\/"}]}},"_links":{"self":[{"href":"https:\/\/agenciaseolocal.eu\/bedda\/wp-json\/wp\/v2\/posts\/987514139","targetHints":{"allow":["GET"]}}],"collection":[{"href":"https:\/\/agenciaseolocal.eu\/bedda\/wp-json\/wp\/v2\/posts"}],"about":[{"href":"https:\/\/agenciaseolocal.eu\/bedda\/wp-json\/wp\/v2\/types\/post"}],"author":[{"embeddable":true,"href":"https:\/\/agenciaseolocal.eu\/bedda\/wp-json\/wp\/v2\/users\/3"}],"replies":[{"embeddable":true,"href":"https:\/\/agenciaseolocal.eu\/bedda\/wp-json\/wp\/v2\/comments?post=987514139"}],"version-history":[{"count":1,"href":"https:\/\/agenciaseolocal.eu\/bedda\/wp-json\/wp\/v2\/posts\/987514139\/revisions"}],"predecessor-version":[{"id":987514637,"href":"https:\/\/agenciaseolocal.eu\/bedda\/wp-json\/wp\/v2\/posts\/987514139\/revisions\/987514637"}],"wp:featuredmedia":[{"embeddable":true,"href":"https:\/\/agenciaseolocal.eu\/bedda\/wp-json\/wp\/v2\/media\/987514146"}],"wp:attachment":[{"href":"https:\/\/agenciaseolocal.eu\/bedda\/wp-json\/wp\/v2\/media?parent=987514139"}],"wp:term":[{"taxonomy":"category","embeddable":true,"href":"https:\/\/agenciaseolocal.eu\/bedda\/wp-json\/wp\/v2\/categories?post=987514139"},{"taxonomy":"post_tag","embeddable":true,"href":"https:\/\/agenciaseolocal.eu\/bedda\/wp-json\/wp\/v2\/tags?post=987514139"}],"curies":[{"name":"wp","href":"https:\/\/api.w.org\/{rel}","templated":true}]}}