{"id":987514140,"date":"2024-01-04T12:18:41","date_gmt":"2024-01-04T11:18:41","guid":{"rendered":"https:\/\/centrosbedda.com\/?p=987514140"},"modified":"2024-02-21T11:48:00","modified_gmt":"2024-02-21T10:48:00","slug":"granos-pecho-por-que-salen","status":"publish","type":"post","link":"https:\/\/agenciaseolocal.eu\/bedda\/granos-pecho-por-que-salen\/","title":{"rendered":"Granos en el pecho: \u00bfPor qu\u00e9 salen?"},"content":{"rendered":"\n<p>Los granos en el pecho pueden ser <strong>inc\u00f3modos y preocupantes<\/strong>. Aunque comunes, sus causas var\u00edan desde cambios hormonales hasta irritaci\u00f3n de la piel. Entender por qu\u00e9 aparecen es el primer paso para prevenirlos y mantener una piel saludable y libre de imperfecciones.&nbsp;<\/p>\n\n\n\n<h2 class=\"wp-block-heading\">Tipos de granos que pueden salir en el pecho<\/h2>\n\n\n\n<p>Antes de abordar las causas de la aparici\u00f3n de granos en el pecho, es importante comprender los diferentes tipos que pueden surgir en esta \u00e1rea. Aqu\u00ed hay algunos de los m\u00e1s comunes:<\/p>\n\n\n\n<h3 class=\"wp-block-heading\">Espinillas<\/h3>\n\n\n\n<p>Las espinillas, tambi\u00e9n conocidas como comedones, son una de las <strong>formas m\u00e1s comunes de granos<\/strong> que pueden aparecer en el pecho. Estas peque\u00f1as protuberancias son causadas por los poros obstruidos con aceite y c\u00e9lulas muertas de la piel. A menudo tienen una cabeza blanca o negra en la parte superior.<\/p>\n\n\n\n<h3 class=\"wp-block-heading\">Acn\u00e9<\/h3>\n\n\n\n<p>El acn\u00e9 en el pecho puede variar en gravedad, desde peque\u00f1as espinillas hasta lesiones m\u00e1s grandes e inflamadas. Es causado por una<strong> combinaci\u00f3n de factores<\/strong>, como la producci\u00f3n excesiva de sebo, la acumulaci\u00f3n de bacterias en los poros y la inflamaci\u00f3n. El acn\u00e9 puede ser bastante molesto y causar malestar tanto f\u00edsico como emocional.<\/p>\n\n\n\n<h3 class=\"wp-block-heading\">Erupciones cut\u00e1neas<\/h3>\n\n\n\n<p>Las erupciones cut\u00e1neas en el pecho pueden aparecer como parches rojos, escamosos o con picaz\u00f3n en la piel. Pueden ser causadas por una variedad de razones, como alergias, infecciones f\u00fangicas o irritaci\u00f3n de la piel. Estas erupciones pueden ser <strong>molestas<\/strong> y, a veces, dif\u00edciles de manejar.<\/p>\n\n\n\n<h2 class=\"wp-block-heading\">\u00bfPor qu\u00e9 aparecen granos en el pecho? Causas m\u00e1s habituales<\/h2>\n\n\n\n<p>La aparici\u00f3n de granos en el pecho puede estar relacionada con varias causas. Vamos a discutir las m\u00e1s habituales a continuaci\u00f3n:<\/p>\n\n\n\n<h3 class=\"wp-block-heading\">Cambios hormonales<\/h3>\n\n\n\n<p>Los cambios hormonales son una de las principales razones por las que pueden aparecer granos en el pecho. Durante momentos como <strong>la pubertad, el per\u00edodo menstrual o el embarazo<\/strong>, los niveles hormonales fluct\u00faan y pueden causar un aumento en la producci\u00f3n de sebo, lo que obstruye los poros y da lugar a la formaci\u00f3n de granos.<\/p>\n\n\n\n<h3 class=\"wp-block-heading\">Irritaci\u00f3n cut\u00e1nea y fricci\u00f3n<\/h3>\n\n\n\n<p>La irritaci\u00f3n cut\u00e1nea y la fricci\u00f3n tambi\u00e9n pueden ser causas comunes de los granos en el pecho. El uso de ropa ajustada, telas \u00e1speras o simplemente la fricci\u00f3n constante pueden irritar la piel y causar la aparici\u00f3n de granos.&nbsp;<\/p>\n\n\n\n<p>Es importante <strong>elegir ropa suelta y transpirable<\/strong> para permitir que la piel respire adecuadamente y reducir la fricci\u00f3n que puede resultar en granos.<\/p>\n\n\n\n<h3 class=\"wp-block-heading\">Reacciones al\u00e9rgicas y sensibilidad cut\u00e1nea<\/h3>\n\n\n\n<p>En ocasiones, los granos en el pecho pueden ser el resultado de reacciones al\u00e9rgicas a ciertos productos o tejidos. Es posible que algunas personas sean <strong>sensibles a ciertos ingredientes<\/strong> presentes en productos cosm\u00e9ticos o detergentes para la ropa, lo que puede provocar irritaci\u00f3n y la aparici\u00f3n de granos.<\/p>\n\n\n\n<h3 class=\"wp-block-heading\">Condiciones cut\u00e1neas subyacentes<\/h3>\n\n\n\n<p>Algunas personas pueden sufrir de condiciones cut\u00e1neas subyacentes, como la dermatitis o la psoriasis, que pueden dar lugar a la aparici\u00f3n de granos en el pecho. Estas condiciones <strong>requieren atenci\u00f3n m\u00e9dica y un tratamiento adecuado<\/strong> para controlar los s\u00edntomas.<\/p>\n\n\n\n<h3 class=\"wp-block-heading\">Infecciones cut\u00e1neas<\/h3>\n\n\n\n<p>Las infecciones cut\u00e1neas tambi\u00e9n pueden ser una causa de los granos en el pecho. Bacterias u hongos pueden infectar los poros obstruidos y causar <strong>inflamaci\u00f3n y la formaci\u00f3n de granos<\/strong>.<\/p>\n\n\n\n<h3 class=\"wp-block-heading\">Factores emocionales y estr\u00e9s<\/h3>\n\n\n\n<p>Aunque puede parecer sorprendente, los factores emocionales y el estr\u00e9s tambi\u00e9n pueden desempe\u00f1ar un papel en la aparici\u00f3n de granos en el pecho. El <strong>estr\u00e9s <\/strong>puede desencadenar la producci\u00f3n excesiva de sebo y afectar el equilibrio hormonal, lo que puede conducir a la formaci\u00f3n de granos.<\/p>\n\n\n\n<h3 class=\"wp-block-heading\">Reacci\u00f3n tras afeitado o depilaci\u00f3n<\/h3>\n\n\n\n<p>Por \u00faltimo, la reacci\u00f3n tras el afeitado o la <a href=\"https:\/\/agenciaseolocal.eu\/bedda\/tratamientos\/depilacion-laser-pecho-hombre\/\">depilaci\u00f3n del vello en el pecho<\/a> tambi\u00e9n puede desencadenar la aparici\u00f3n de granos. La irritaci\u00f3n causada por estas pr\u00e1cticas puede <strong>obstruir los poros y provocar la formaci\u00f3n de granos<\/strong>. Es importante utilizar t\u00e9cnicas adecuadas y productos suaves para minimizar el riesgo de irritaci\u00f3n y granos.<\/p>\n\n\n\n<p>Ahora que hemos explorado las posibles causas detr\u00e1s de los granos en el pecho, es importante saber c\u00f3mo prevenir su aparici\u00f3n y qu\u00e9 hacer para tratarlos adecuadamente.<\/p>\n\n\n\n<h2 class=\"wp-block-heading\">\u00bfC\u00f3mo prevenir la aparici\u00f3n de los granos en el pecho?<\/h2>\n\n\n\n<p>La prevenci\u00f3n es clave cuando se trata de evitar la aparici\u00f3n de granos en el pecho. Aqu\u00ed tienes algunos consejos \u00fatiles para prevenirlos:<\/p>\n\n\n\n<ul class=\"wp-block-list\">\n<li>Mant\u00e9n una buena higiene: <strong>L\u00e1vate el \u00e1rea del pecho regularmente <\/strong>con un limpiador suave y agua tibia para eliminar el exceso de sebo y las impurezas que pueden obstruir los poros.<\/li>\n\n\n\n<li>Usa ropa adecuada: Opta por prendas sueltas y transpirables que no irriten la piel ni provoquen fricci\u00f3n excesiva.<\/li>\n\n\n\n<li>Evita productos irritantes: Si tienes la piel sensible, <strong>elige productos sin fragancias fuertes<\/strong> ni ingredientes irritantes.<\/li>\n\n\n\n<li>Controla el estr\u00e9s: Encuentra formas saludables de manejar el estr\u00e9s, como hacer ejercicio, practicar t\u00e9cnicas de relajaci\u00f3n o buscar actividades que te resulten placenteras.<\/li>\n<\/ul>\n\n\n\n<p>Si sigues estos consejos, estar\u00e1s en el camino adecuado para prevenir la aparici\u00f3n de granos en el pecho. Sin embargo, si ya tienes granos, es importante saber c\u00f3mo tratarlos adecuadamente.<\/p>\n\n\n\n<h2 class=\"wp-block-heading\">\u00bfC\u00f3mo se pueden quitar los granos pectorales?<\/h2>\n\n\n\n<p>Aunque los granos en el pecho pueden ser molestos, es posible tratarlos de manera efectiva. Aqu\u00ed tienes algunas recomendaciones:<\/p>\n\n\n\n<ul class=\"wp-block-list\">\n<li>Mant\u00e9n la zona limpia y seca: Lava suavemente el \u00e1rea del pecho con un limpiador suave y seca cuidadosamente sin frotar.<\/li>\n\n\n\n<li>Evita reventar los granos: Aunque puede ser tentador, exprimir los granos <strong>puede empeorar la situaci\u00f3n<\/strong>, aumentando el riesgo de infecci\u00f3n y dejando cicatrices.<\/li>\n\n\n\n<li>Usa productos espec\u00edficos: Aplica cremas o geles t\u00f3picos dise\u00f1ados para tratar el acn\u00e9 en el pecho. Consulta a un dermat\u00f3logo para obtener recomendaciones espec\u00edficas.<\/li>\n\n\n\n<li>Consulta a un especialista: Si los granos persisten o empeoran, es importante <strong>buscar el consejo de un dermat\u00f3logo<\/strong>. Ellos podr\u00e1n evaluar tu situaci\u00f3n y recomendarte un tratamiento adecuado.<\/li>\n<\/ul>\n\n\n\n<p>Recuerda que cada persona es \u00fanica y lo que funciona para uno puede no funcionar para otro. Desde <a href=\"https:\/\/agenciaseolocal.eu\/bedda\/\">bedda<\/a> te recordamos que lo m\u00e1s recomendable es buscar la ayuda de un profesional para obtener el mejor tratamiento adecuado a tus necesidades.<\/p>\n","protected":false},"excerpt":{"rendered":"<p>Los granos en el pecho pueden ser inc\u00f3modos y preocupantes. Aunque comunes, sus causas var\u00edan desde cambios hormonales hasta irritaci\u00f3n de la piel. Entender por qu\u00e9 aparecen es el primer paso para prevenirlos y mantener una piel saludable y libre de imperfecciones.&nbsp; Tipos de granos que pueden salir en el pecho Antes de abordar las [&hellip;]<\/p>\n","protected":false},"author":3,"featured_media":987514148,"comment_status":"open","ping_status":"closed","sticky":false,"template":"","format":"standard","meta":{"_et_pb_use_builder":"off","_et_pb_old_content":"","_et_gb_content_width":"","_joinchat":[],"footnotes":""},"categories":[51,65],"tags":[],"class_list":["post-987514140","post","type-post","status-publish","format-standard","has-post-thumbnail","hentry","category-blog","category-depilacion"],"yoast_head":"<!-- This site is optimized with the Yoast SEO plugin v25.9 - https:\/\/yoast.com\/wordpress\/plugins\/seo\/ -->\n<title>Granos en el pecho: \u00bfPor qu\u00e9 salen? | Centros bedda<\/title>\n<meta name=\"description\" content=\"Descubre por qu\u00e9 aparecen los granos en el pecho. Conf\u00eda en Centros bedda para prevenir su aparici\u00f3n y mant\u00e9n una piel saludable y sin imperfecciones.\" \/>\n<meta name=\"robots\" content=\"noindex, follow, max-snippet:-1, max-image-preview:large, max-video-preview:-1\" \/>\n<meta property=\"og:locale\" content=\"es_ES\" \/>\n<meta property=\"og:type\" content=\"article\" \/>\n<meta property=\"og:title\" content=\"Granos en el pecho: \u00bfPor qu\u00e9 salen? | Centros bedda\" \/>\n<meta property=\"og:description\" content=\"Descubre por qu\u00e9 aparecen los granos en el pecho. Conf\u00eda en Centros bedda para prevenir su aparici\u00f3n y mant\u00e9n una piel saludable y sin imperfecciones.\" \/>\n<meta property=\"og:url\" content=\"https:\/\/agenciaseolocal.eu\/bedda\/granos-pecho-por-que-salen\/\" \/>\n<meta property=\"og:site_name\" content=\"Centros bedda\" \/>\n<meta property=\"article:publisher\" content=\"https:\/\/www.facebook.com\/centrobedda\" \/>\n<meta property=\"article:published_time\" content=\"2024-01-04T11:18:41+00:00\" \/>\n<meta property=\"article:modified_time\" content=\"2024-02-21T10:48:00+00:00\" \/>\n<meta property=\"og:image\" content=\"https:\/\/agenciaseolocal.eu\/bedda\/wp-content\/uploads\/2024\/01\/mujer-muestra-granos-en-su-pecho.jpg\" \/>\n\t<meta property=\"og:image:width\" content=\"1200\" \/>\n\t<meta property=\"og:image:height\" content=\"800\" \/>\n\t<meta property=\"og:image:type\" content=\"image\/jpeg\" \/>\n<meta name=\"author\" content=\"Centros bedda\" \/>\n<meta name=\"twitter:card\" content=\"summary_large_image\" \/>\n<meta name=\"twitter:creator\" content=\"@centrosbedda\" \/>\n<meta name=\"twitter:site\" content=\"@centrosbedda\" \/>\n<meta name=\"twitter:label1\" content=\"Escrito por\" \/>\n\t<meta name=\"twitter:data1\" content=\"Centros bedda\" \/>\n\t<meta name=\"twitter:label2\" content=\"Tiempo de lectura\" \/>\n\t<meta name=\"twitter:data2\" content=\"5 minutos\" \/>\n<!-- \/ Yoast SEO plugin. -->","yoast_head_json":{"title":"Granos en el pecho: \u00bfPor qu\u00e9 salen? | Centros bedda","description":"Descubre por qu\u00e9 aparecen los granos en el pecho. Conf\u00eda en Centros bedda para prevenir su aparici\u00f3n y mant\u00e9n una piel saludable y sin imperfecciones.","robots":{"index":"noindex","follow":"follow","max-snippet":"max-snippet:-1","max-image-preview":"max-image-preview:large","max-video-preview":"max-video-preview:-1"},"og_locale":"es_ES","og_type":"article","og_title":"Granos en el pecho: \u00bfPor qu\u00e9 salen? | Centros bedda","og_description":"Descubre por qu\u00e9 aparecen los granos en el pecho. Conf\u00eda en Centros bedda para prevenir su aparici\u00f3n y mant\u00e9n una piel saludable y sin imperfecciones.","og_url":"https:\/\/agenciaseolocal.eu\/bedda\/granos-pecho-por-que-salen\/","og_site_name":"Centros bedda","article_publisher":"https:\/\/www.facebook.com\/centrobedda","article_published_time":"2024-01-04T11:18:41+00:00","article_modified_time":"2024-02-21T10:48:00+00:00","og_image":[{"width":1200,"height":800,"url":"https:\/\/agenciaseolocal.eu\/bedda\/wp-content\/uploads\/2024\/01\/mujer-muestra-granos-en-su-pecho.jpg","type":"image\/jpeg"}],"author":"Centros bedda","twitter_card":"summary_large_image","twitter_creator":"@centrosbedda","twitter_site":"@centrosbedda","twitter_misc":{"Escrito por":"Centros bedda","Tiempo de lectura":"5 minutos"},"schema":{"@context":"https:\/\/schema.org","@graph":[{"@type":"Article","@id":"https:\/\/agenciaseolocal.eu\/bedda\/granos-pecho-por-que-salen\/#article","isPartOf":{"@id":"https:\/\/agenciaseolocal.eu\/bedda\/granos-pecho-por-que-salen\/"},"author":{"name":"Centros bedda","@id":"https:\/\/agenciaseolocal.eu\/bedda\/#\/schema\/person\/ca3010faf67f189fd2de8d61a763fc8b"},"headline":"Granos en el pecho: \u00bfPor qu\u00e9 salen?","datePublished":"2024-01-04T11:18:41+00:00","dateModified":"2024-02-21T10:48:00+00:00","mainEntityOfPage":{"@id":"https:\/\/agenciaseolocal.eu\/bedda\/granos-pecho-por-que-salen\/"},"wordCount":1085,"commentCount":0,"publisher":{"@id":"https:\/\/agenciaseolocal.eu\/bedda\/#organization"},"image":{"@id":"https:\/\/agenciaseolocal.eu\/bedda\/granos-pecho-por-que-salen\/#primaryimage"},"thumbnailUrl":"https:\/\/agenciaseolocal.eu\/bedda\/wp-content\/uploads\/2024\/01\/mujer-muestra-granos-en-su-pecho.jpg","articleSection":["Blog","Depilaci\u00f3n"],"inLanguage":"es","potentialAction":[{"@type":"CommentAction","name":"Comment","target":["https:\/\/agenciaseolocal.eu\/bedda\/granos-pecho-por-que-salen\/#respond"]}]},{"@type":"WebPage","@id":"https:\/\/agenciaseolocal.eu\/bedda\/granos-pecho-por-que-salen\/","url":"https:\/\/agenciaseolocal.eu\/bedda\/granos-pecho-por-que-salen\/","name":"Granos en el pecho: \u00bfPor qu\u00e9 salen? | Centros bedda","isPartOf":{"@id":"https:\/\/agenciaseolocal.eu\/bedda\/#website"},"primaryImageOfPage":{"@id":"https:\/\/agenciaseolocal.eu\/bedda\/granos-pecho-por-que-salen\/#primaryimage"},"image":{"@id":"https:\/\/agenciaseolocal.eu\/bedda\/granos-pecho-por-que-salen\/#primaryimage"},"thumbnailUrl":"https:\/\/agenciaseolocal.eu\/bedda\/wp-content\/uploads\/2024\/01\/mujer-muestra-granos-en-su-pecho.jpg","datePublished":"2024-01-04T11:18:41+00:00","dateModified":"2024-02-21T10:48:00+00:00","description":"Descubre por qu\u00e9 aparecen los granos en el pecho. Conf\u00eda en Centros bedda para prevenir su aparici\u00f3n y mant\u00e9n una piel saludable y sin imperfecciones.","breadcrumb":{"@id":"https:\/\/agenciaseolocal.eu\/bedda\/granos-pecho-por-que-salen\/#breadcrumb"},"inLanguage":"es","potentialAction":[{"@type":"ReadAction","target":["https:\/\/agenciaseolocal.eu\/bedda\/granos-pecho-por-que-salen\/"]}]},{"@type":"ImageObject","inLanguage":"es","@id":"https:\/\/agenciaseolocal.eu\/bedda\/granos-pecho-por-que-salen\/#primaryimage","url":"https:\/\/agenciaseolocal.eu\/bedda\/wp-content\/uploads\/2024\/01\/mujer-muestra-granos-en-su-pecho.jpg","contentUrl":"https:\/\/agenciaseolocal.eu\/bedda\/wp-content\/uploads\/2024\/01\/mujer-muestra-granos-en-su-pecho.jpg","width":1200,"height":800,"caption":"mujer muestra granos en su pecho"},{"@type":"BreadcrumbList","@id":"https:\/\/agenciaseolocal.eu\/bedda\/granos-pecho-por-que-salen\/#breadcrumb","itemListElement":[{"@type":"ListItem","position":1,"name":"Portada","item":"https:\/\/agenciaseolocal.eu\/bedda\/"},{"@type":"ListItem","position":2,"name":"Granos en el pecho: \u00bfPor qu\u00e9 salen?"}]},{"@type":"WebSite","@id":"https:\/\/agenciaseolocal.eu\/bedda\/#website","url":"https:\/\/agenciaseolocal.eu\/bedda\/","name":"Centros bedda","description":"Centro de depilaci\u00f3n l\u00e1ser","publisher":{"@id":"https:\/\/agenciaseolocal.eu\/bedda\/#organization"},"potentialAction":[{"@type":"SearchAction","target":{"@type":"EntryPoint","urlTemplate":"https:\/\/agenciaseolocal.eu\/bedda\/?s={search_term_string}"},"query-input":{"@type":"PropertyValueSpecification","valueRequired":true,"valueName":"search_term_string"}}],"inLanguage":"es"},{"@type":"Organization","@id":"https:\/\/agenciaseolocal.eu\/bedda\/#organization","name":"Centros bedda","url":"https:\/\/agenciaseolocal.eu\/bedda\/","logo":{"@type":"ImageObject","inLanguage":"es","@id":"https:\/\/agenciaseolocal.eu\/bedda\/#\/schema\/logo\/image\/","url":"https:\/\/agenciaseolocal.eu\/bedda\/wp-content\/uploads\/2024\/04\/centros-bedda-depilacion-laser-logo.png","contentUrl":"https:\/\/agenciaseolocal.eu\/bedda\/wp-content\/uploads\/2024\/04\/centros-bedda-depilacion-laser-logo.png","width":220,"height":220,"caption":"Centros bedda"},"image":{"@id":"https:\/\/agenciaseolocal.eu\/bedda\/#\/schema\/logo\/image\/"},"sameAs":["https:\/\/www.facebook.com\/centrobedda","https:\/\/x.com\/centrosbedda","https:\/\/www.youtube.com\/channel\/UCV57tDnQcnHfTici1funk4g?app=desktop","https:\/\/www.instagram.com\/centrosbedda\/","https:\/\/www.linkedin.com\/company\/centros-bedda\/"]},{"@type":"Person","@id":"https:\/\/agenciaseolocal.eu\/bedda\/#\/schema\/person\/ca3010faf67f189fd2de8d61a763fc8b","name":"Centros bedda","image":{"@type":"ImageObject","inLanguage":"es","@id":"https:\/\/agenciaseolocal.eu\/bedda\/#\/schema\/person\/image\/","url":"https:\/\/secure.gravatar.com\/avatar\/ea1f00b0a249719594f6b50ee5d3214c2c192531d8f80f789208e2aa9605ac08?s=96&d=mm&r=g","contentUrl":"https:\/\/secure.gravatar.com\/avatar\/ea1f00b0a249719594f6b50ee5d3214c2c192531d8f80f789208e2aa9605ac08?s=96&d=mm&r=g","caption":"Centros bedda"},"url":"https:\/\/agenciaseolocal.eu\/bedda\/author\/mktpmp_gedfwb31y\/"}]}},"_links":{"self":[{"href":"https:\/\/agenciaseolocal.eu\/bedda\/wp-json\/wp\/v2\/posts\/987514140","targetHints":{"allow":["GET"]}}],"collection":[{"href":"https:\/\/agenciaseolocal.eu\/bedda\/wp-json\/wp\/v2\/posts"}],"about":[{"href":"https:\/\/agenciaseolocal.eu\/bedda\/wp-json\/wp\/v2\/types\/post"}],"author":[{"embeddable":true,"href":"https:\/\/agenciaseolocal.eu\/bedda\/wp-json\/wp\/v2\/users\/3"}],"replies":[{"embeddable":true,"href":"https:\/\/agenciaseolocal.eu\/bedda\/wp-json\/wp\/v2\/comments?post=987514140"}],"version-history":[{"count":2,"href":"https:\/\/agenciaseolocal.eu\/bedda\/wp-json\/wp\/v2\/posts\/987514140\/revisions"}],"predecessor-version":[{"id":987514639,"href":"https:\/\/agenciaseolocal.eu\/bedda\/wp-json\/wp\/v2\/posts\/987514140\/revisions\/987514639"}],"wp:featuredmedia":[{"embeddable":true,"href":"https:\/\/agenciaseolocal.eu\/bedda\/wp-json\/wp\/v2\/media\/987514148"}],"wp:attachment":[{"href":"https:\/\/agenciaseolocal.eu\/bedda\/wp-json\/wp\/v2\/media?parent=987514140"}],"wp:term":[{"taxonomy":"category","embeddable":true,"href":"https:\/\/agenciaseolocal.eu\/bedda\/wp-json\/wp\/v2\/categories?post=987514140"},{"taxonomy":"post_tag","embeddable":true,"href":"https:\/\/agenciaseolocal.eu\/bedda\/wp-json\/wp\/v2\/tags?post=987514140"}],"curies":[{"name":"wp","href":"https:\/\/api.w.org\/{rel}","templated":true}]}}