{"id":987514719,"date":"2024-02-02T13:12:04","date_gmt":"2024-02-02T12:12:04","guid":{"rendered":"https:\/\/centrosbedda.com\/?p=987514719"},"modified":"2024-07-10T13:59:23","modified_gmt":"2024-07-10T11:59:23","slug":"precio-depilacion-laser-hombre","status":"publish","type":"post","link":"https:\/\/agenciaseolocal.eu\/bedda\/precio-depilacion-laser-hombre\/","title":{"rendered":"Precio depilaci\u00f3n l\u00e1ser hombre"},"content":{"rendered":"\n<p>La depilaci\u00f3n l\u00e1ser no es \u00fanicamente un tratamiento est\u00e9tico reservado para las mujeres. Cada vez m\u00e1s hombres est\u00e1n optando por esta opci\u00f3n para despedirse del vello no deseado en distintas partes de su cuerpo. Sin embargo, es natural tener dudas sobre el precio de la depilaci\u00f3n l\u00e1ser en hombres y cu\u00e1les son las zonas m\u00e1s caras. En este art\u00edculo, desglosaremos a fondo los costes y te daremos algunos consejos para ahorrar en este proceso.<\/p>\n\n\n\n<h2 class=\"wp-block-heading\">\u00bfCu\u00e1nto cuesta la depilaci\u00f3n l\u00e1ser masculina?<\/h2>\n\n\n\n<p>El precio de la <a href=\"https:\/\/agenciaseolocal.eu\/bedda\/depilacion-laser-hombre\/\">depilaci\u00f3n l\u00e1ser para hombres<\/a> <strong>var\u00eda en funci\u00f3n de varios factores<\/strong>. Uno de los principales es el <strong>\u00e1rea del cuerpo que se desea tratar<\/strong>. Otros elementos incluyen la <strong>cl\u00ednica <\/strong>que elijas, la <strong>experiencia del especialista<\/strong> y el <strong>n\u00famero de sesiones<\/strong> requeridas para obtener los resultados deseados. En general, puedes esperar pagar diferentes precios seg\u00fan la zona que desees tratar.<\/p>\n\n\n\n<h2 class=\"wp-block-heading\">\u00bfCu\u00e1l es el precio de la depilaci\u00f3n l\u00e1ser para hombre por zonas?<\/h2>\n\n\n\n<p>El precio de la depilaci\u00f3n l\u00e1ser masculina puede variar significativamente dependiendo de la zona del cuerpo que desees tratar. Los hombres suelen buscar la depilaci\u00f3n l\u00e1ser en \u00e1reas como el <a href=\"https:\/\/agenciaseolocal.eu\/bedda\/tratamientos\/depilacion-laser-pecho-hombre\/\">pecho<\/a>, la <a href=\"https:\/\/agenciaseolocal.eu\/bedda\/tratamientos\/depilacion-laser-espalda-completa-hombre\/\">espalda<\/a>, el <a href=\"https:\/\/agenciaseolocal.eu\/bedda\/tratamientos\/depilacion-laser-abdomen-hombre\/\">abdomen<\/a>, los <a href=\"https:\/\/agenciaseolocal.eu\/bedda\/tratamientos\/depilacion-laser-hombros-hombre\/\">hombros<\/a> y el rostro, entre otras.<\/p>\n\n\n\n<p>En el caso de la depilaci\u00f3n l\u00e1ser del <strong>pecho<\/strong>, el precio en <a href=\"https:\/\/agenciaseolocal.eu\/bedda\/\">Centros bedda<\/a> es de 50 euros por sesi\u00f3n. La <strong>espalda <\/strong>es otra zona com\u00fan para los hombres, y los precios son de 75 euros por sesi\u00f3n en nuestras cl\u00ednicas. El <strong>abdomen <\/strong>es tambi\u00e9n una opci\u00f3n popular, que tiene un precio de 35 euros por sesi\u00f3n en Centros bedda.<\/p>\n\n\n\n<h2 class=\"wp-block-heading\">\u00bfCu\u00e1les son las zonas del cuerpo del hombre m\u00e1s caras para hacerse el l\u00e1ser?<\/h2>\n\n\n\n<p>Algunas de las zonas del cuerpo masculino que pueden resultar m\u00e1s caras en t\u00e9rminos de depilaci\u00f3n l\u00e1ser son el <strong>rostro <\/strong>y los <strong>hombros<\/strong>. Esto se debe a que estas \u00e1reas suelen ser m\u00e1s sensibles y requerir un mayor cuidado y precisi\u00f3n por parte del especialista.<\/p>\n\n\n\n<p>En el caso del <strong>rostro<\/strong>, los precios son de 50 euros por sesi\u00f3n en nuestros centros, dependiendo de las \u00e1reas espec\u00edficas a tratar, como la <a href=\"https:\/\/agenciaseolocal.eu\/bedda\/tratamientos\/depilacion-laser-barba-hombre\/\">barba<\/a>, las patillas, <a href=\"https:\/\/agenciaseolocal.eu\/bedda\/tratamientos\/depilacion-laser-nariz-hombre\/\">nariz<\/a>, <a href=\"https:\/\/agenciaseolocal.eu\/bedda\/tratamientos\/depilacion-laser-orejas-hombre\/\">orejas<\/a> o el entrecejo pueden variar. Los <strong>hombros <\/strong>tambi\u00e9n pueden ser caros, con precios que empiezan en los 45 euros por sesi\u00f3n en nuestras cl\u00ednicas.<\/p>\n\n\n\n<p>Adem\u00e1s de estas zonas, hay otras partes del cuerpo masculino que tambi\u00e9n pueden requerir depilaci\u00f3n l\u00e1ser. Por ejemplo, los <a href=\"https:\/\/agenciaseolocal.eu\/bedda\/tratamientos\/depilacion-laser-brazos-completos-hombre\/\">brazos<\/a> y las <a href=\"https:\/\/agenciaseolocal.eu\/bedda\/tratamientos\/depilacion-laser-piernas-completas-hombre\/\">piernas<\/a> son \u00e1reas que algunos hombres eligen tratar para obtener una apariencia m\u00e1s suave y libre de vello. Los precios para la depilaci\u00f3n l\u00e1ser en estas zonas comienzan en los 50 y 75 euros, respectivamente, por sesi\u00f3n en nuestras cl\u00ednicas.<\/p>\n\n\n\n<p>Es importante tener en cuenta que estos precios son solo una referencia y <strong>pueden variar seg\u00fan la cl\u00ednica y el especialista que elijas<\/strong>. Adem\u00e1s, es posible que necesites varias sesiones para obtener los resultados deseados, lo que tambi\u00e9n puede influir en el costo total del tratamiento.<\/p>\n\n\n\n<h2 class=\"wp-block-heading\">Consejos para ahorrar dinero en la depilaci\u00f3n l\u00e1ser de hombre<\/h2>\n\n\n\n<p>Si est\u00e1s considerando la depilaci\u00f3n l\u00e1ser masculina pero tienes preocupaciones sobre los costos, existen algunas estrategias que puedes tener en cuenta para ahorrar dinero.<\/p>\n\n\n\n<ul class=\"wp-block-list\">\n<li><strong>Investiga y compara cl\u00ednicas<\/strong>: No todas las cl\u00ednicas ofrecen los mismos precios. Investiga diferentes opciones y compara los precios para encontrar la mejor relaci\u00f3n calidad-precio.<\/li>\n\n\n\n<li><strong>Pregunta por paquetes o descuentos<\/strong>: Algunas cl\u00ednicas ofrecen paquetes especiales o descuentos si compras m\u00faltiples sesiones de depilaci\u00f3n l\u00e1ser de antemano. Consulta nuestras <a href=\"https:\/\/agenciaseolocal.eu\/bedda\/ofertas-depilacion-laser\/\">ofertas en depilaci\u00f3n l\u00e1ser<\/a> y <a href=\"https:\/\/agenciaseolocal.eu\/bedda\/promociones\/\">promociones<\/a>.<\/li>\n\n\n\n<li><strong>Mant\u00e9n una rutina de cuidado adecuada<\/strong>: Para mantener los resultados de la depilaci\u00f3n l\u00e1ser y prolongar la duraci\u00f3n entre sesiones, sigue una rutina de cuidado adecuada, que incluya proteger tu piel del sol y utilizar productos recomendados por el especialista.<\/li>\n\n\n\n<li><strong>Habla con un especialista<\/strong>: Antes de embarcarte en el proceso de depilaci\u00f3n l\u00e1ser, habla con un especialista para entender mejor tus necesidades espec\u00edficas y las opciones de tratamiento disponibles.<\/li>\n<\/ul>\n\n\n\n<p>Recuerda que los precios mencionados son solo una estimaci\u00f3n y pueden variar seg\u00fan cada caso particular. Antes de realizar cualquier decisi\u00f3n, es importante consultar con un especialista en depilaci\u00f3n l\u00e1ser de Centros bedda para obtener una evaluaci\u00f3n personalizada y tener una idea m\u00e1s precisa de los costos. \u00a1La depilaci\u00f3n l\u00e1ser para hombres puede ser una inversi\u00f3n que vale la pena para despedirte del vello no deseado de forma duradera y eficaz!<\/p>\n\n\n\n<p>Adem\u00e1s de las estrategias mencionadas anteriormente, existen otros factores que debes tener en cuenta al considerar la depilaci\u00f3n l\u00e1ser masculina. Por ejemplo, es importante <strong>tener en cuenta tu tipo de piel y vello<\/strong>. Algunos hombres pueden requerir m\u00e1s sesiones de depilaci\u00f3n l\u00e1ser debido a la densidad y grosor de su vello, mientras que otros pueden necesitar menos sesiones. Un especialista en depilaci\u00f3n l\u00e1ser podr\u00e1 evaluar tu caso espec\u00edfico y recomendarte el n\u00famero adecuado de sesiones.<\/p>\n\n\n\n<p>Otro aspecto a considerar es el <strong>tiempo que tomar\u00e1 cada sesi\u00f3n<\/strong> de depilaci\u00f3n l\u00e1ser. Si bien la duraci\u00f3n de cada sesi\u00f3n puede variar seg\u00fan el \u00e1rea del cuerpo que se est\u00e9 tratando, generalmente las sesiones son r\u00e1pidas y no requieren mucho tiempo. Esto significa que no tendr\u00e1s que dedicar horas y horas a la depilaci\u00f3n, lo que puede ser una ventaja para aquellos hombres que tienen una agenda ocupada.<\/p>\n\n\n\n<p>Consulta nuestra gu\u00eda de <a href=\"https:\/\/agenciaseolocal.eu\/bedda\/depilacion-laser-precios-guia-completa\/\">precios de depilaci\u00f3n l\u00e1ser<\/a> para m\u00e1s informaci\u00f3n.<\/p>\n","protected":false},"excerpt":{"rendered":"<p>La depilaci\u00f3n l\u00e1ser no es \u00fanicamente un tratamiento est\u00e9tico reservado para las mujeres. Cada vez m\u00e1s hombres est\u00e1n optando por esta opci\u00f3n para despedirse del vello no deseado en distintas partes de su cuerpo. Sin embargo, es natural tener dudas sobre el precio de la depilaci\u00f3n l\u00e1ser en hombres y cu\u00e1les son las zonas m\u00e1s [&hellip;]<\/p>\n","protected":false},"author":3,"featured_media":987514722,"comment_status":"open","ping_status":"closed","sticky":false,"template":"","format":"standard","meta":{"_et_pb_use_builder":"off","_et_pb_old_content":"","_et_gb_content_width":"","_joinchat":[],"footnotes":""},"categories":[51,65],"tags":[],"class_list":["post-987514719","post","type-post","status-publish","format-standard","has-post-thumbnail","hentry","category-blog","category-depilacion"],"yoast_head":"<!-- This site is optimized with the Yoast SEO plugin v25.9 - https:\/\/yoast.com\/wordpress\/plugins\/seo\/ -->\n<title>Precio depilaci\u00f3n l\u00e1ser hombre | Centros bedda<\/title>\n<meta name=\"description\" content=\"\u00bfCu\u00e1l es el precio de la depilaci\u00f3n l\u00e1ser en hombre? Entra ahora en el blog de Centros bedda y desc\u00fabrelo. \u00a1Te lo contamos!\" \/>\n<meta name=\"robots\" content=\"noindex, follow, max-snippet:-1, max-image-preview:large, max-video-preview:-1\" \/>\n<meta property=\"og:locale\" content=\"es_ES\" \/>\n<meta property=\"og:type\" content=\"article\" \/>\n<meta property=\"og:title\" content=\"Precio depilaci\u00f3n l\u00e1ser hombre | Centros bedda\" \/>\n<meta property=\"og:description\" content=\"\u00bfCu\u00e1l es el precio de la depilaci\u00f3n l\u00e1ser en hombre? Entra ahora en el blog de Centros bedda y desc\u00fabrelo. \u00a1Te lo contamos!\" \/>\n<meta property=\"og:url\" content=\"https:\/\/agenciaseolocal.eu\/bedda\/precio-depilacion-laser-hombre\/\" \/>\n<meta property=\"og:site_name\" content=\"Centros bedda\" \/>\n<meta property=\"article:publisher\" content=\"https:\/\/www.facebook.com\/centrobedda\" \/>\n<meta property=\"article:published_time\" content=\"2024-02-02T12:12:04+00:00\" \/>\n<meta property=\"article:modified_time\" content=\"2024-07-10T11:59:23+00:00\" \/>\n<meta property=\"og:image\" content=\"https:\/\/agenciaseolocal.eu\/bedda\/wp-content\/uploads\/2024\/02\/hombre-preparado-recibir-tratamiento-depilacion-laser-pecho.jpeg\" \/>\n\t<meta property=\"og:image:width\" content=\"1200\" \/>\n\t<meta property=\"og:image:height\" content=\"800\" \/>\n\t<meta property=\"og:image:type\" content=\"image\/jpeg\" \/>\n<meta name=\"author\" content=\"Centros bedda\" \/>\n<meta name=\"twitter:card\" content=\"summary_large_image\" \/>\n<meta name=\"twitter:creator\" content=\"@centrosbedda\" \/>\n<meta name=\"twitter:site\" content=\"@centrosbedda\" \/>\n<meta name=\"twitter:label1\" content=\"Escrito por\" \/>\n\t<meta name=\"twitter:data1\" content=\"Centros bedda\" \/>\n\t<meta name=\"twitter:label2\" content=\"Tiempo de lectura\" \/>\n\t<meta name=\"twitter:data2\" content=\"5 minutos\" \/>\n<!-- \/ Yoast SEO plugin. -->","yoast_head_json":{"title":"Precio depilaci\u00f3n l\u00e1ser hombre | Centros bedda","description":"\u00bfCu\u00e1l es el precio de la depilaci\u00f3n l\u00e1ser en hombre? Entra ahora en el blog de Centros bedda y desc\u00fabrelo. \u00a1Te lo contamos!","robots":{"index":"noindex","follow":"follow","max-snippet":"max-snippet:-1","max-image-preview":"max-image-preview:large","max-video-preview":"max-video-preview:-1"},"og_locale":"es_ES","og_type":"article","og_title":"Precio depilaci\u00f3n l\u00e1ser hombre | Centros bedda","og_description":"\u00bfCu\u00e1l es el precio de la depilaci\u00f3n l\u00e1ser en hombre? Entra ahora en el blog de Centros bedda y desc\u00fabrelo. \u00a1Te lo contamos!","og_url":"https:\/\/agenciaseolocal.eu\/bedda\/precio-depilacion-laser-hombre\/","og_site_name":"Centros bedda","article_publisher":"https:\/\/www.facebook.com\/centrobedda","article_published_time":"2024-02-02T12:12:04+00:00","article_modified_time":"2024-07-10T11:59:23+00:00","og_image":[{"width":1200,"height":800,"url":"https:\/\/agenciaseolocal.eu\/bedda\/wp-content\/uploads\/2024\/02\/hombre-preparado-recibir-tratamiento-depilacion-laser-pecho.jpeg","type":"image\/jpeg"}],"author":"Centros bedda","twitter_card":"summary_large_image","twitter_creator":"@centrosbedda","twitter_site":"@centrosbedda","twitter_misc":{"Escrito por":"Centros bedda","Tiempo de lectura":"5 minutos"},"schema":{"@context":"https:\/\/schema.org","@graph":[{"@type":"Article","@id":"https:\/\/agenciaseolocal.eu\/bedda\/precio-depilacion-laser-hombre\/#article","isPartOf":{"@id":"https:\/\/agenciaseolocal.eu\/bedda\/precio-depilacion-laser-hombre\/"},"author":{"name":"Centros bedda","@id":"https:\/\/agenciaseolocal.eu\/bedda\/#\/schema\/person\/ca3010faf67f189fd2de8d61a763fc8b"},"headline":"Precio depilaci\u00f3n l\u00e1ser hombre","datePublished":"2024-02-02T12:12:04+00:00","dateModified":"2024-07-10T11:59:23+00:00","mainEntityOfPage":{"@id":"https:\/\/agenciaseolocal.eu\/bedda\/precio-depilacion-laser-hombre\/"},"wordCount":978,"commentCount":0,"publisher":{"@id":"https:\/\/agenciaseolocal.eu\/bedda\/#organization"},"image":{"@id":"https:\/\/agenciaseolocal.eu\/bedda\/precio-depilacion-laser-hombre\/#primaryimage"},"thumbnailUrl":"https:\/\/agenciaseolocal.eu\/bedda\/wp-content\/uploads\/2024\/02\/hombre-preparado-recibir-tratamiento-depilacion-laser-pecho.jpeg","articleSection":["Blog","Depilaci\u00f3n"],"inLanguage":"es","potentialAction":[{"@type":"CommentAction","name":"Comment","target":["https:\/\/agenciaseolocal.eu\/bedda\/precio-depilacion-laser-hombre\/#respond"]}]},{"@type":"WebPage","@id":"https:\/\/agenciaseolocal.eu\/bedda\/precio-depilacion-laser-hombre\/","url":"https:\/\/agenciaseolocal.eu\/bedda\/precio-depilacion-laser-hombre\/","name":"Precio depilaci\u00f3n l\u00e1ser hombre | Centros bedda","isPartOf":{"@id":"https:\/\/agenciaseolocal.eu\/bedda\/#website"},"primaryImageOfPage":{"@id":"https:\/\/agenciaseolocal.eu\/bedda\/precio-depilacion-laser-hombre\/#primaryimage"},"image":{"@id":"https:\/\/agenciaseolocal.eu\/bedda\/precio-depilacion-laser-hombre\/#primaryimage"},"thumbnailUrl":"https:\/\/agenciaseolocal.eu\/bedda\/wp-content\/uploads\/2024\/02\/hombre-preparado-recibir-tratamiento-depilacion-laser-pecho.jpeg","datePublished":"2024-02-02T12:12:04+00:00","dateModified":"2024-07-10T11:59:23+00:00","description":"\u00bfCu\u00e1l es el precio de la depilaci\u00f3n l\u00e1ser en hombre? Entra ahora en el blog de Centros bedda y desc\u00fabrelo. \u00a1Te lo contamos!","breadcrumb":{"@id":"https:\/\/agenciaseolocal.eu\/bedda\/precio-depilacion-laser-hombre\/#breadcrumb"},"inLanguage":"es","potentialAction":[{"@type":"ReadAction","target":["https:\/\/agenciaseolocal.eu\/bedda\/precio-depilacion-laser-hombre\/"]}]},{"@type":"ImageObject","inLanguage":"es","@id":"https:\/\/agenciaseolocal.eu\/bedda\/precio-depilacion-laser-hombre\/#primaryimage","url":"https:\/\/agenciaseolocal.eu\/bedda\/wp-content\/uploads\/2024\/02\/hombre-preparado-recibir-tratamiento-depilacion-laser-pecho.jpeg","contentUrl":"https:\/\/agenciaseolocal.eu\/bedda\/wp-content\/uploads\/2024\/02\/hombre-preparado-recibir-tratamiento-depilacion-laser-pecho.jpeg","width":1200,"height":800,"caption":"hombre preparado recibir tratamiento depilaci\u00f3n laser pecho"},{"@type":"BreadcrumbList","@id":"https:\/\/agenciaseolocal.eu\/bedda\/precio-depilacion-laser-hombre\/#breadcrumb","itemListElement":[{"@type":"ListItem","position":1,"name":"Portada","item":"https:\/\/agenciaseolocal.eu\/bedda\/"},{"@type":"ListItem","position":2,"name":"Precio depilaci\u00f3n l\u00e1ser hombre"}]},{"@type":"WebSite","@id":"https:\/\/agenciaseolocal.eu\/bedda\/#website","url":"https:\/\/agenciaseolocal.eu\/bedda\/","name":"Centros bedda","description":"Centro de depilaci\u00f3n l\u00e1ser","publisher":{"@id":"https:\/\/agenciaseolocal.eu\/bedda\/#organization"},"potentialAction":[{"@type":"SearchAction","target":{"@type":"EntryPoint","urlTemplate":"https:\/\/agenciaseolocal.eu\/bedda\/?s={search_term_string}"},"query-input":{"@type":"PropertyValueSpecification","valueRequired":true,"valueName":"search_term_string"}}],"inLanguage":"es"},{"@type":"Organization","@id":"https:\/\/agenciaseolocal.eu\/bedda\/#organization","name":"Centros bedda","url":"https:\/\/agenciaseolocal.eu\/bedda\/","logo":{"@type":"ImageObject","inLanguage":"es","@id":"https:\/\/agenciaseolocal.eu\/bedda\/#\/schema\/logo\/image\/","url":"https:\/\/agenciaseolocal.eu\/bedda\/wp-content\/uploads\/2024\/04\/centros-bedda-depilacion-laser-logo.png","contentUrl":"https:\/\/agenciaseolocal.eu\/bedda\/wp-content\/uploads\/2024\/04\/centros-bedda-depilacion-laser-logo.png","width":220,"height":220,"caption":"Centros bedda"},"image":{"@id":"https:\/\/agenciaseolocal.eu\/bedda\/#\/schema\/logo\/image\/"},"sameAs":["https:\/\/www.facebook.com\/centrobedda","https:\/\/x.com\/centrosbedda","https:\/\/www.youtube.com\/channel\/UCV57tDnQcnHfTici1funk4g?app=desktop","https:\/\/www.instagram.com\/centrosbedda\/","https:\/\/www.linkedin.com\/company\/centros-bedda\/"]},{"@type":"Person","@id":"https:\/\/agenciaseolocal.eu\/bedda\/#\/schema\/person\/ca3010faf67f189fd2de8d61a763fc8b","name":"Centros bedda","image":{"@type":"ImageObject","inLanguage":"es","@id":"https:\/\/agenciaseolocal.eu\/bedda\/#\/schema\/person\/image\/","url":"https:\/\/secure.gravatar.com\/avatar\/ea1f00b0a249719594f6b50ee5d3214c2c192531d8f80f789208e2aa9605ac08?s=96&d=mm&r=g","contentUrl":"https:\/\/secure.gravatar.com\/avatar\/ea1f00b0a249719594f6b50ee5d3214c2c192531d8f80f789208e2aa9605ac08?s=96&d=mm&r=g","caption":"Centros bedda"},"url":"https:\/\/agenciaseolocal.eu\/bedda\/author\/mktpmp_gedfwb31y\/"}]}},"_links":{"self":[{"href":"https:\/\/agenciaseolocal.eu\/bedda\/wp-json\/wp\/v2\/posts\/987514719","targetHints":{"allow":["GET"]}}],"collection":[{"href":"https:\/\/agenciaseolocal.eu\/bedda\/wp-json\/wp\/v2\/posts"}],"about":[{"href":"https:\/\/agenciaseolocal.eu\/bedda\/wp-json\/wp\/v2\/types\/post"}],"author":[{"embeddable":true,"href":"https:\/\/agenciaseolocal.eu\/bedda\/wp-json\/wp\/v2\/users\/3"}],"replies":[{"embeddable":true,"href":"https:\/\/agenciaseolocal.eu\/bedda\/wp-json\/wp\/v2\/comments?post=987514719"}],"version-history":[{"count":2,"href":"https:\/\/agenciaseolocal.eu\/bedda\/wp-json\/wp\/v2\/posts\/987514719\/revisions"}],"predecessor-version":[{"id":987517038,"href":"https:\/\/agenciaseolocal.eu\/bedda\/wp-json\/wp\/v2\/posts\/987514719\/revisions\/987517038"}],"wp:featuredmedia":[{"embeddable":true,"href":"https:\/\/agenciaseolocal.eu\/bedda\/wp-json\/wp\/v2\/media\/987514722"}],"wp:attachment":[{"href":"https:\/\/agenciaseolocal.eu\/bedda\/wp-json\/wp\/v2\/media?parent=987514719"}],"wp:term":[{"taxonomy":"category","embeddable":true,"href":"https:\/\/agenciaseolocal.eu\/bedda\/wp-json\/wp\/v2\/categories?post=987514719"},{"taxonomy":"post_tag","embeddable":true,"href":"https:\/\/agenciaseolocal.eu\/bedda\/wp-json\/wp\/v2\/tags?post=987514719"}],"curies":[{"name":"wp","href":"https:\/\/api.w.org\/{rel}","templated":true}]}}