{"id":987514730,"date":"2024-02-03T13:26:23","date_gmt":"2024-02-03T12:26:23","guid":{"rendered":"https:\/\/centrosbedda.com\/?p=987514730"},"modified":"2024-02-06T13:26:38","modified_gmt":"2024-02-06T12:26:38","slug":"depilacion-laser-sol","status":"publish","type":"post","link":"https:\/\/agenciaseolocal.eu\/bedda\/depilacion-laser-sol\/","title":{"rendered":"Depilaci\u00f3n l\u00e1ser y sol: \u00bfCompatibles?"},"content":{"rendered":"\n<p>La <a href=\"https:\/\/agenciaseolocal.eu\/bedda\/\">depilaci\u00f3n l\u00e1ser<\/a> es una t\u00e9cnica cada vez m\u00e1s popular para eliminar el vello no deseado de forma duradera. Sin embargo, muchas personas tienen dudas sobre si es compatible con la exposici\u00f3n al sol. En este art\u00edculo, vamos a despejar todas tus preguntas y darte el mejor consejo sobre c\u00f3mo cuidar tu piel mientras te sometes a la depilaci\u00f3n l\u00e1ser.<\/p>\n\n\n\n<h2 class=\"wp-block-heading\">Depilaci\u00f3n l\u00e1ser y el sol: desmintiendo mitos<\/h2>\n\n\n\n<p>Existen muchos <strong>falsos mitos<\/strong> en torno a la relaci\u00f3n entre la depilaci\u00f3n l\u00e1ser y el sol. Uno de ellos es que no se puede tomar el sol antes o despu\u00e9s de someterse a este tratamiento. Sin embargo, la verdad es que s\u00ed es posible, siempre y cuando se tomen las precauciones adecuadas.<\/p>\n\n\n\n<h3 class=\"wp-block-heading\">\u00bfSe puede tomar el sol antes de la depilaci\u00f3n l\u00e1ser?<\/h3>\n\n\n\n<p>Muchas personas creen que es necesario evitar la exposici\u00f3n solar antes de someterse a la depilaci\u00f3n l\u00e1ser. Sin embargo, esto no es del todo cierto. Aunque <strong>es recomendable evitar la exposici\u00f3n directa al sol durante las semanas previas al tratamiento<\/strong>, no es necesario quedarse encerrado en casa. Puedes disfrutar del sol siempre y cuando uses <strong>protecci\u00f3n solar de amplio espectro<\/strong> y <strong>evites las horas de mayor radiaci\u00f3n<\/strong>.<\/p>\n\n\n\n<p>La raz\u00f3n por la cual se sugiere evitar la exposici\u00f3n solar antes de la depilaci\u00f3n l\u00e1ser es porque <strong>el bronceado puede aumentar el riesgo de sufrir efectos secundarios<\/strong>, como quemaduras o cambios en la pigmentaci\u00f3n de la piel. Adem\u00e1s, el l\u00e1ser funciona mejor en pieles m\u00e1s claras, ya que puede concentrar mejor la energ\u00eda en el fol\u00edculo piloso sin afectar el resto de la piel. Por lo tanto, si tu piel est\u00e1 bronceada, es posible que necesites m\u00e1s sesiones de depilaci\u00f3n l\u00e1ser para obtener los mismos resultados.<\/p>\n\n\n\n<p>Por otro lado, es importante tener en cuenta que<strong> la exposici\u00f3n solar excesiva tambi\u00e9n puede da\u00f1ar la piel y acelerar el envejecimiento cut\u00e1neo<\/strong>. Por eso, es fundamental proteger la piel del sol incluso si no te est\u00e1s sometiendo a ning\u00fan tratamiento.<\/p>\n\n\n\n<h3 class=\"wp-block-heading\">\u00bfSe puede tomar el sol despu\u00e9s de la depilaci\u00f3n l\u00e1ser?<\/h3>\n\n\n\n<p><strong>Despu\u00e9s <\/strong>de someterte a la <strong>depilaci\u00f3n l\u00e1ser<\/strong>, es importante tener en cuenta que <strong>tu piel estar\u00e1 m\u00e1s sensible al sol<\/strong>. La<strong> radiaci\u00f3n ultravioleta puede causar irritaci\u00f3n y reacciones adversas<\/strong>. Por lo tanto, <strong>es crucial proteger tu piel con una buena crema solar de amplio espectro con un factor de protecci\u00f3n alto<\/strong>.<\/p>\n\n\n\n<p>Adem\u00e1s, <strong>debes evitar exponerte al sol en las horas de mayor radiaci\u00f3n<\/strong> y <strong>utilizar medidas de protecci\u00f3n adicionales<\/strong>, como usar ropa que cubra la piel tratada o usar un sombrero y gafas de sol. Recuerda que, aunque el l\u00e1ser destruye el fol\u00edculo piloso, <strong>la piel tratada necesitar\u00e1 tiempo para recuperarse y sanar<\/strong>.<\/p>\n\n\n\n<p>Es importante destacar que cada persona es diferente y puede reaccionar de manera distinta a la depilaci\u00f3n l\u00e1ser y a la exposici\u00f3n solar. Por eso, es recomendable consultar con un especialista de Centros bedda antes de someterte a cualquier tratamiento y seguir sus recomendaciones espec\u00edficas para tu caso.<\/p>\n\n\n\n<h2 class=\"wp-block-heading\">Importancia de la protecci\u00f3n solar despu\u00e9s de la depilaci\u00f3n l\u00e1ser<\/h2>\n\n\n\n<p>La<strong> protecci\u00f3n solar<\/strong> es un aspecto clave en el cuidado de la piel despu\u00e9s de someterse a la depilaci\u00f3n l\u00e1ser. Aparte de evitar el bronceado, <strong>la exposici\u00f3n solar sin protecci\u00f3n puede aumentar el riesgo de hiperpigmentaci\u00f3n y retrasar el proceso de cicatrizaci\u00f3n de la piel<\/strong>.<\/p>\n\n\n\n<p>Al utilizar una<strong> crema solar de amplio espectro con factor de protecci\u00f3n alto<\/strong>, no solo estar\u00e1s protegiendo tu piel de los da\u00f1inos rayos UV, sino que tambi\u00e9n ayudar\u00e1s a mantenerla hidratada y reducir\u00e1s los riesgos de irritaci\u00f3n o sensibilidad.<\/p>\n\n\n\n<p>Adem\u00e1s de la protecci\u00f3n solar, es importante <strong>seguir algunos cuidados adicionales<\/strong> para garantizar una recuperaci\u00f3n \u00f3ptima despu\u00e9s de la depilaci\u00f3n l\u00e1ser. Por ejemplo, es recomendable <strong>evitar el uso de productos qu\u00edmicos agresivos en la piel<\/strong> reci\u00e9n depilada, ya que podr\u00edan causar irritaci\u00f3n o inflamaci\u00f3n. Opta por productos suaves y naturales que ayuden a calmar y nutrir la piel.<\/p>\n\n\n\n<p>Otro aspecto a tener en cuenta es la <strong>exfoliaci\u00f3n<\/strong>. Despu\u00e9s de la depilaci\u00f3n l\u00e1ser, es normal que la piel se desprenda de las c\u00e9lulas muertas de manera natural. Sin embargo, para acelerar este proceso y evitar la obstrucci\u00f3n de los poros, puedes realizar una suave exfoliaci\u00f3n una vez a la semana. Utiliza un exfoliante suave y realiza movimientos circulares en la zona depilada para eliminar las c\u00e9lulas muertas y estimular la regeneraci\u00f3n celular.<\/p>\n\n\n\n<h2 class=\"wp-block-heading\">\u00bfPor qu\u00e9 el diodo es el mejor tipo de l\u00e1ser para pieles bronceadas?<\/h2>\n\n\n\n<p>Cuando se trata de depilaci\u00f3n l\u00e1ser en pieles bronceadas, <strong>el l\u00e1ser de diodo es el m\u00e1s recomendado<\/strong>. Este tipo de l\u00e1ser tiene la capacidad de adaptar la longitud de onda seg\u00fan el tipo de piel, lo que lo hace seguro y efectivo incluso en pieles m\u00e1s oscuras.<\/p>\n\n\n\n<p>A diferencia de otros tipos de l\u00e1ser, el l\u00e1ser de diodo<strong> penetra de forma m\u00e1s profunda en la piel<\/strong>, lo que permite alcanzar los fol\u00edculos pilosos sin da\u00f1ar la piel circundante. Esto lo convierte en una opci\u00f3n ideal para eliminar el vello no deseado en pieles bronceadas, minimizando los riesgos de quemaduras o cambios en la pigmentaci\u00f3n de la piel.<\/p>\n\n\n\n<p>Adem\u00e1s de su <strong>capacidad de adaptarse a diferentes tipos de piel<\/strong>, el l\u00e1ser de diodo tambi\u00e9n ofrece otros beneficios. Por ejemplo, este tipo de l\u00e1ser <strong>tiene un sistema de enfriamiento integrado<\/strong> que ayuda a proteger la piel durante el tratamiento, reduciendo la incomodidad y el riesgo de efectos secundarios.<\/p>\n\n\n\n<p>Otro aspecto importante a tener en cuenta es que el l\u00e1ser de diodo <strong>es altamente preciso y eficiente<\/strong>. Esto significa que puede tratar \u00e1reas m\u00e1s grandes de la piel en menos tiempo, lo que lo convierte en una opci\u00f3n conveniente para aquellos que desean una depilaci\u00f3n r\u00e1pida y efectiva.<\/p>\n","protected":false},"excerpt":{"rendered":"<p>La depilaci\u00f3n l\u00e1ser es una t\u00e9cnica cada vez m\u00e1s popular para eliminar el vello no deseado de forma duradera. Sin embargo, muchas personas tienen dudas sobre si es compatible con la exposici\u00f3n al sol. En este art\u00edculo, vamos a despejar todas tus preguntas y darte el mejor consejo sobre c\u00f3mo cuidar tu piel mientras te [&hellip;]<\/p>\n","protected":false},"author":3,"featured_media":987514731,"comment_status":"open","ping_status":"closed","sticky":false,"template":"","format":"standard","meta":{"_et_pb_use_builder":"off","_et_pb_old_content":"","_et_gb_content_width":"","_joinchat":[],"footnotes":""},"categories":[51,65],"tags":[],"class_list":["post-987514730","post","type-post","status-publish","format-standard","has-post-thumbnail","hentry","category-blog","category-depilacion"],"yoast_head":"<!-- This site is optimized with the Yoast SEO plugin v25.9 - https:\/\/yoast.com\/wordpress\/plugins\/seo\/ -->\n<title>Depilaci\u00f3n l\u00e1ser y sol: \u00bfCompatibles? | Centros bedda<\/title>\n<meta name=\"description\" content=\"Una duda frecuente es si la depilaci\u00f3n l\u00e1ser y sol son compatibles. Te lo contamos en el blog de Centros bedda. \u00a1Entra ya y desc\u00fabrelo!\" \/>\n<meta name=\"robots\" content=\"noindex, follow, max-snippet:-1, max-image-preview:large, max-video-preview:-1\" \/>\n<meta property=\"og:locale\" content=\"es_ES\" \/>\n<meta property=\"og:type\" content=\"article\" \/>\n<meta property=\"og:title\" content=\"Depilaci\u00f3n l\u00e1ser y sol: \u00bfCompatibles? | Centros bedda\" \/>\n<meta property=\"og:description\" content=\"Una duda frecuente es si la depilaci\u00f3n l\u00e1ser y sol son compatibles. Te lo contamos en el blog de Centros bedda. \u00a1Entra ya y desc\u00fabrelo!\" \/>\n<meta property=\"og:url\" content=\"https:\/\/agenciaseolocal.eu\/bedda\/depilacion-laser-sol\/\" \/>\n<meta property=\"og:site_name\" content=\"Centros bedda\" \/>\n<meta property=\"article:publisher\" content=\"https:\/\/www.facebook.com\/centrobedda\" \/>\n<meta property=\"article:published_time\" content=\"2024-02-03T12:26:23+00:00\" \/>\n<meta property=\"article:modified_time\" content=\"2024-02-06T12:26:38+00:00\" \/>\n<meta property=\"og:image\" content=\"https:\/\/agenciaseolocal.eu\/bedda\/wp-content\/uploads\/2024\/02\/mujer-tumbada-cama-piscina-junto-al-mar.jpg\" \/>\n\t<meta property=\"og:image:width\" content=\"1200\" \/>\n\t<meta property=\"og:image:height\" content=\"800\" \/>\n\t<meta property=\"og:image:type\" content=\"image\/jpeg\" \/>\n<meta name=\"author\" content=\"Centros bedda\" \/>\n<meta name=\"twitter:card\" content=\"summary_large_image\" \/>\n<meta name=\"twitter:creator\" content=\"@centrosbedda\" \/>\n<meta name=\"twitter:site\" content=\"@centrosbedda\" \/>\n<meta name=\"twitter:label1\" content=\"Escrito por\" \/>\n\t<meta name=\"twitter:data1\" content=\"Centros bedda\" \/>\n\t<meta name=\"twitter:label2\" content=\"Tiempo de lectura\" \/>\n\t<meta name=\"twitter:data2\" content=\"5 minutos\" \/>\n<!-- \/ Yoast SEO plugin. -->","yoast_head_json":{"title":"Depilaci\u00f3n l\u00e1ser y sol: \u00bfCompatibles? | Centros bedda","description":"Una duda frecuente es si la depilaci\u00f3n l\u00e1ser y sol son compatibles. Te lo contamos en el blog de Centros bedda. \u00a1Entra ya y desc\u00fabrelo!","robots":{"index":"noindex","follow":"follow","max-snippet":"max-snippet:-1","max-image-preview":"max-image-preview:large","max-video-preview":"max-video-preview:-1"},"og_locale":"es_ES","og_type":"article","og_title":"Depilaci\u00f3n l\u00e1ser y sol: \u00bfCompatibles? | Centros bedda","og_description":"Una duda frecuente es si la depilaci\u00f3n l\u00e1ser y sol son compatibles. Te lo contamos en el blog de Centros bedda. \u00a1Entra ya y desc\u00fabrelo!","og_url":"https:\/\/agenciaseolocal.eu\/bedda\/depilacion-laser-sol\/","og_site_name":"Centros bedda","article_publisher":"https:\/\/www.facebook.com\/centrobedda","article_published_time":"2024-02-03T12:26:23+00:00","article_modified_time":"2024-02-06T12:26:38+00:00","og_image":[{"width":1200,"height":800,"url":"https:\/\/agenciaseolocal.eu\/bedda\/wp-content\/uploads\/2024\/02\/mujer-tumbada-cama-piscina-junto-al-mar.jpg","type":"image\/jpeg"}],"author":"Centros bedda","twitter_card":"summary_large_image","twitter_creator":"@centrosbedda","twitter_site":"@centrosbedda","twitter_misc":{"Escrito por":"Centros bedda","Tiempo de lectura":"5 minutos"},"schema":{"@context":"https:\/\/schema.org","@graph":[{"@type":"Article","@id":"https:\/\/agenciaseolocal.eu\/bedda\/depilacion-laser-sol\/#article","isPartOf":{"@id":"https:\/\/agenciaseolocal.eu\/bedda\/depilacion-laser-sol\/"},"author":{"name":"Centros bedda","@id":"https:\/\/agenciaseolocal.eu\/bedda\/#\/schema\/person\/ca3010faf67f189fd2de8d61a763fc8b"},"headline":"Depilaci\u00f3n l\u00e1ser y sol: \u00bfCompatibles?","datePublished":"2024-02-03T12:26:23+00:00","dateModified":"2024-02-06T12:26:38+00:00","mainEntityOfPage":{"@id":"https:\/\/agenciaseolocal.eu\/bedda\/depilacion-laser-sol\/"},"wordCount":1059,"commentCount":0,"publisher":{"@id":"https:\/\/agenciaseolocal.eu\/bedda\/#organization"},"image":{"@id":"https:\/\/agenciaseolocal.eu\/bedda\/depilacion-laser-sol\/#primaryimage"},"thumbnailUrl":"https:\/\/agenciaseolocal.eu\/bedda\/wp-content\/uploads\/2024\/02\/mujer-tumbada-cama-piscina-junto-al-mar.jpg","articleSection":["Blog","Depilaci\u00f3n"],"inLanguage":"es","potentialAction":[{"@type":"CommentAction","name":"Comment","target":["https:\/\/agenciaseolocal.eu\/bedda\/depilacion-laser-sol\/#respond"]}]},{"@type":"WebPage","@id":"https:\/\/agenciaseolocal.eu\/bedda\/depilacion-laser-sol\/","url":"https:\/\/agenciaseolocal.eu\/bedda\/depilacion-laser-sol\/","name":"Depilaci\u00f3n l\u00e1ser y sol: \u00bfCompatibles? | Centros bedda","isPartOf":{"@id":"https:\/\/agenciaseolocal.eu\/bedda\/#website"},"primaryImageOfPage":{"@id":"https:\/\/agenciaseolocal.eu\/bedda\/depilacion-laser-sol\/#primaryimage"},"image":{"@id":"https:\/\/agenciaseolocal.eu\/bedda\/depilacion-laser-sol\/#primaryimage"},"thumbnailUrl":"https:\/\/agenciaseolocal.eu\/bedda\/wp-content\/uploads\/2024\/02\/mujer-tumbada-cama-piscina-junto-al-mar.jpg","datePublished":"2024-02-03T12:26:23+00:00","dateModified":"2024-02-06T12:26:38+00:00","description":"Una duda frecuente es si la depilaci\u00f3n l\u00e1ser y sol son compatibles. Te lo contamos en el blog de Centros bedda. \u00a1Entra ya y desc\u00fabrelo!","breadcrumb":{"@id":"https:\/\/agenciaseolocal.eu\/bedda\/depilacion-laser-sol\/#breadcrumb"},"inLanguage":"es","potentialAction":[{"@type":"ReadAction","target":["https:\/\/agenciaseolocal.eu\/bedda\/depilacion-laser-sol\/"]}]},{"@type":"ImageObject","inLanguage":"es","@id":"https:\/\/agenciaseolocal.eu\/bedda\/depilacion-laser-sol\/#primaryimage","url":"https:\/\/agenciaseolocal.eu\/bedda\/wp-content\/uploads\/2024\/02\/mujer-tumbada-cama-piscina-junto-al-mar.jpg","contentUrl":"https:\/\/agenciaseolocal.eu\/bedda\/wp-content\/uploads\/2024\/02\/mujer-tumbada-cama-piscina-junto-al-mar.jpg","width":1200,"height":800,"caption":"mujer tumbada cama piscina junto al mar"},{"@type":"BreadcrumbList","@id":"https:\/\/agenciaseolocal.eu\/bedda\/depilacion-laser-sol\/#breadcrumb","itemListElement":[{"@type":"ListItem","position":1,"name":"Portada","item":"https:\/\/agenciaseolocal.eu\/bedda\/"},{"@type":"ListItem","position":2,"name":"Depilaci\u00f3n l\u00e1ser y sol: \u00bfCompatibles?"}]},{"@type":"WebSite","@id":"https:\/\/agenciaseolocal.eu\/bedda\/#website","url":"https:\/\/agenciaseolocal.eu\/bedda\/","name":"Centros bedda","description":"Centro de depilaci\u00f3n l\u00e1ser","publisher":{"@id":"https:\/\/agenciaseolocal.eu\/bedda\/#organization"},"potentialAction":[{"@type":"SearchAction","target":{"@type":"EntryPoint","urlTemplate":"https:\/\/agenciaseolocal.eu\/bedda\/?s={search_term_string}"},"query-input":{"@type":"PropertyValueSpecification","valueRequired":true,"valueName":"search_term_string"}}],"inLanguage":"es"},{"@type":"Organization","@id":"https:\/\/agenciaseolocal.eu\/bedda\/#organization","name":"Centros bedda","url":"https:\/\/agenciaseolocal.eu\/bedda\/","logo":{"@type":"ImageObject","inLanguage":"es","@id":"https:\/\/agenciaseolocal.eu\/bedda\/#\/schema\/logo\/image\/","url":"https:\/\/agenciaseolocal.eu\/bedda\/wp-content\/uploads\/2024\/04\/centros-bedda-depilacion-laser-logo.png","contentUrl":"https:\/\/agenciaseolocal.eu\/bedda\/wp-content\/uploads\/2024\/04\/centros-bedda-depilacion-laser-logo.png","width":220,"height":220,"caption":"Centros bedda"},"image":{"@id":"https:\/\/agenciaseolocal.eu\/bedda\/#\/schema\/logo\/image\/"},"sameAs":["https:\/\/www.facebook.com\/centrobedda","https:\/\/x.com\/centrosbedda","https:\/\/www.youtube.com\/channel\/UCV57tDnQcnHfTici1funk4g?app=desktop","https:\/\/www.instagram.com\/centrosbedda\/","https:\/\/www.linkedin.com\/company\/centros-bedda\/"]},{"@type":"Person","@id":"https:\/\/agenciaseolocal.eu\/bedda\/#\/schema\/person\/ca3010faf67f189fd2de8d61a763fc8b","name":"Centros bedda","image":{"@type":"ImageObject","inLanguage":"es","@id":"https:\/\/agenciaseolocal.eu\/bedda\/#\/schema\/person\/image\/","url":"https:\/\/secure.gravatar.com\/avatar\/ea1f00b0a249719594f6b50ee5d3214c2c192531d8f80f789208e2aa9605ac08?s=96&d=mm&r=g","contentUrl":"https:\/\/secure.gravatar.com\/avatar\/ea1f00b0a249719594f6b50ee5d3214c2c192531d8f80f789208e2aa9605ac08?s=96&d=mm&r=g","caption":"Centros bedda"},"url":"https:\/\/agenciaseolocal.eu\/bedda\/author\/mktpmp_gedfwb31y\/"}]}},"_links":{"self":[{"href":"https:\/\/agenciaseolocal.eu\/bedda\/wp-json\/wp\/v2\/posts\/987514730","targetHints":{"allow":["GET"]}}],"collection":[{"href":"https:\/\/agenciaseolocal.eu\/bedda\/wp-json\/wp\/v2\/posts"}],"about":[{"href":"https:\/\/agenciaseolocal.eu\/bedda\/wp-json\/wp\/v2\/types\/post"}],"author":[{"embeddable":true,"href":"https:\/\/agenciaseolocal.eu\/bedda\/wp-json\/wp\/v2\/users\/3"}],"replies":[{"embeddable":true,"href":"https:\/\/agenciaseolocal.eu\/bedda\/wp-json\/wp\/v2\/comments?post=987514730"}],"version-history":[{"count":1,"href":"https:\/\/agenciaseolocal.eu\/bedda\/wp-json\/wp\/v2\/posts\/987514730\/revisions"}],"predecessor-version":[{"id":987514732,"href":"https:\/\/agenciaseolocal.eu\/bedda\/wp-json\/wp\/v2\/posts\/987514730\/revisions\/987514732"}],"wp:featuredmedia":[{"embeddable":true,"href":"https:\/\/agenciaseolocal.eu\/bedda\/wp-json\/wp\/v2\/media\/987514731"}],"wp:attachment":[{"href":"https:\/\/agenciaseolocal.eu\/bedda\/wp-json\/wp\/v2\/media?parent=987514730"}],"wp:term":[{"taxonomy":"category","embeddable":true,"href":"https:\/\/agenciaseolocal.eu\/bedda\/wp-json\/wp\/v2\/categories?post=987514730"},{"taxonomy":"post_tag","embeddable":true,"href":"https:\/\/agenciaseolocal.eu\/bedda\/wp-json\/wp\/v2\/tags?post=987514730"}],"curies":[{"name":"wp","href":"https:\/\/api.w.org\/{rel}","templated":true}]}}