{"id":987514895,"date":"2024-02-16T13:21:45","date_gmt":"2024-02-16T12:21:45","guid":{"rendered":"https:\/\/centrosbedda.com\/?p=987514895"},"modified":"2024-02-21T10:18:39","modified_gmt":"2024-02-21T09:18:39","slug":"diferencias-entre-vello-pelo-y-cabello","status":"publish","type":"post","link":"https:\/\/agenciaseolocal.eu\/bedda\/diferencias-entre-vello-pelo-y-cabello\/","title":{"rendered":"Diferencias entre vello, pelo y cabello"},"content":{"rendered":"\n<p>El vello, el pelo y el cabello son t\u00e9rminos que a menudo se usan indistintamente para referirse al crecimiento de los filamentos capilares en diferentes partes del cuerpo humano. Sin embargo, aunque pueden parecer similares, cada uno de ellos posee caracter\u00edsticas \u00fanicas que los distinguen. En este art\u00edculo de <a href=\"https:\/\/agenciaseolocal.eu\/bedda\/\">Centros bedda<\/a> vamos a explorar las diferencias entre vello, pelo y cabello, y a descubrir los diferentes tipos que existen.<\/p>\n\n\n\n<h2 class=\"wp-block-heading\">\u00bfQu\u00e9 es el vello?<\/h2>\n\n\n\n<p>Empecemos por el <strong>vello<\/strong>, ese fino y corto pelito que encontramos en diversas \u00e1reas de nuestro cuerpo. El vello es como un suave terciopelo que cubre nuestra piel, protegi\u00e9ndola y d\u00e1ndole una textura \u00fanica. Su <strong>funci\u00f3n <\/strong>principal es la de <strong>mantener el calor corporal en zonas sensibles y proteger la piel de agentes externos<\/strong>.<\/p>\n\n\n\n<p>El vello se encuentra <strong>presente en diferentes partes del cuerpo<\/strong>, como el rostro, los brazos, las piernas e incluso en las \u00e1reas m\u00e1s \u00edntimas. Existe <strong>tanto en hombres como en mujeres<\/strong>, pero su densidad y grosor var\u00eda dependiendo de factores gen\u00e9ticos y hormonales.<\/p>\n\n\n\n<p>Adem\u00e1s de su funci\u00f3n protectora, el vello tambi\u00e9n desempe\u00f1a un <strong>papel importante en la comunicaci\u00f3n no verbal<\/strong>. Por ejemplo, las <strong>cejas<\/strong>, que son una forma de vello facial, nos permiten expresar emociones y comunicarnos de manera m\u00e1s efectiva. Las cejas arqueadas pueden transmitir sorpresa o inter\u00e9s, mientras que las cejas fruncidas pueden indicar enojo o confusi\u00f3n.<\/p>\n\n\n\n<p>En cuanto al <strong>vello corporal<\/strong>, su presencia puede variar seg\u00fan las diferentes etapas de la vida. Durante la pubertad, las hormonas sexuales estimulan el crecimiento del vello en \u00e1reas como las axilas y el \u00e1rea genital. Esta es una se\u00f1al de madurez sexual y desarrollo f\u00edsico en hombres y mujeres.<\/p>\n\n\n\n<h2 class=\"wp-block-heading\">\u00bfQu\u00e9 es el pelo?<\/h2>\n\n\n\n<p>El <strong>pelo<\/strong>, por otro lado, es el com\u00fanmente conocido como &#8220;cabello&#8221;. Es ese hermoso y variado manto que <strong>adorna nuestra cabeza<\/strong> y <strong>nos permite expresar nuestra personalidad a trav\u00e9s de diferentes estilos<\/strong>. Nuestro pelo es nuestro sello distintivo.<\/p>\n\n\n\n<p>El pelo <strong>es mucho m\u00e1s grueso y largo que el vello<\/strong>, y su crecimiento est\u00e1 influenciado por diferentes factores, como la gen\u00e9tica, la dieta y los cuidados que le brindemos. El pelo tiene una estructura compleja, compuesta por una fibra capilar y una ra\u00edz que se encuentra en el cuero cabelludo.<\/p>\n\n\n\n<p>El pelo es una parte esencial de nuestra apariencia f\u00edsica y juega un papel importante en nuestra identidad. No solo <strong>nos protege de los elementos externos<\/strong>, como el sol y el fr\u00edo, sino que tambi\u00e9n <strong>nos permite expresarnos creativamente<\/strong>. A lo largo de la historia, el pelo ha sido considerado un s\u00edmbolo de belleza y poder. Desde las antiguas civilizaciones hasta la actualidad, las personas han utilizado diferentes t\u00e9cnicas y productos para cuidar y embellecer su pelo.<\/p>\n\n\n\n<p>Adem\u00e1s de su funci\u00f3n est\u00e9tica, el pelo tambi\u00e9n desempe\u00f1a un papel importante en nuestra <strong>salud<\/strong>. El cuero cabelludo, donde se encuentra la ra\u00edz del pelo, est\u00e1 lleno de peque\u00f1os fol\u00edculos pilosos que producen aceites naturales para mantener el cabello hidratado y saludable. Sin embargo, factores como el estr\u00e9s, la mala alimentaci\u00f3n y el uso excesivo de productos qu\u00edmicos pueden afectar la salud del pelo y provocar problemas como la ca\u00edda del cabello y la caspa.<\/p>\n\n\n\n<h2 class=\"wp-block-heading\">\u00bfQu\u00e9 es el cabello?<\/h2>\n\n\n\n<p>El <strong>cabello<\/strong>, a su vez, es una <strong>capa m\u00e1s profunda que se encuentra debajo del pelo y crece desde el fol\u00edculo piloso<\/strong>. El cabello es una parte esencial de nuestra est\u00e9tica y suele ser objeto de m\u00faltiples cuidados y peinados.<\/p>\n\n\n\n<p>A diferencia del vello y el pelo, el cabello <strong>puede tener distintas texturas, como liso, rizado u ondulado<\/strong>. Adem\u00e1s, su color tambi\u00e9n puede variar, desde rubio hasta negro, pasando por una amplia gama de tonos intermedios.<\/p>\n\n\n\n<h2 class=\"wp-block-heading\">Diferencias entre vello y pelo<\/h2>\n\n\n\n<p>Como se mencion\u00f3 anteriormente, <strong>el vello es m\u00e1s corto y m\u00e1s fino que el pelo<\/strong>. Adem\u00e1s, <strong>el vello tiende a ser m\u00e1s suave al tacto y menos visible<\/strong>. Por otro lado, e<strong>l pelo es m\u00e1s largo y m\u00e1s grueso<\/strong>, lo que lo hace m\u00e1s visible y m\u00e1s susceptible a diferentes peinados y tratamientos.<\/p>\n\n\n\n<p>Otra diferencia importante entre el vello y el pelo es el ciclo de crecimiento. Mientras que <strong>el vello tiene un ciclo de crecimiento m\u00e1s corto<\/strong>, <strong>el pelo tiene un ciclo de crecimiento m\u00e1s largo<\/strong>, lo que permite que alcance mayores longitudes.<\/p>\n\n\n\n<h2 class=\"wp-block-heading\">\u00bfQu\u00e9 tipos de vello existen?<\/h2>\n\n\n\n<p>Existen distintos tipos de vello en nuestro cuerpo, cada uno con sus caracter\u00edsticas particulares. El <strong>vello lanugo<\/strong>, por ejemplo, es el vello que cubre el cuerpo del feto en desarrollo y que se pierde despu\u00e9s del nacimiento.<\/p>\n\n\n\n<p>El <strong>vello velus<\/strong> es ese vellito fino y suave que cubre gran parte de nuestro cuerpo, mientras que el <strong>vello terminal<\/strong> es aquel que crece en \u00e1reas como el cuero cabelludo o el rostro de los hombres. Adem\u00e1s, encontramos el <strong>vello p\u00fabico<\/strong>, que se encuentra en la regi\u00f3n genital, y el <strong>vello axilar<\/strong>, que se encuentra en las axilas.<\/p>\n\n\n\n<h2 class=\"wp-block-heading\">\u00bfQu\u00e9 tipos de pelo existen?<\/h2>\n\n\n\n<p>Al igual que el vello, tambi\u00e9n existen <strong>diferentes tipos de pelo<\/strong> en funci\u00f3n de su textura y estructura. El <strong>pelo liso<\/strong>, por ejemplo, es caracterizado por ser suave y sin rizos. Por otro lado, el <strong>pelo rizado <\/strong>se caracteriza por tener formas en espiral o en forma de S, y suele ser m\u00e1s voluminoso y grueso que el pelo liso.<\/p>\n\n\n\n<p>El <strong>pelo ondulado<\/strong> se encuentra en un punto intermedio entre el pelo liso y el rizado, con formas suaves y atractivas. Tambi\u00e9n encontramos el <strong>pelo afro<\/strong>, que se caracteriza por tener una textura muy rizada y densa.<\/p>\n\n\n\n<h2 class=\"wp-block-heading\">\u00bfQu\u00e9 tipos de cabellos existen?<\/h2>\n\n\n\n<p>En cuanto al cabello, podemos encontrar diferentes tipos seg\u00fan su estructura y apariencia. El<strong> cabello fino<\/strong>, por ejemplo, se caracteriza por tener un di\u00e1metro peque\u00f1o y una apariencia m\u00e1s delicada. Por otro lado, el <strong>cabello grueso<\/strong> tiene un di\u00e1metro m\u00e1s grande y suele ser m\u00e1s fuerte y resistente.<\/p>\n\n\n\n<p>Adem\u00e1s, encontramos el <strong>cabello seco<\/strong>, que tiende a ser \u00e1spero y fr\u00e1gil, y el <strong>cabello graso<\/strong>, que se caracteriza por tener un exceso de producci\u00f3n de sebo en el cuero cabelludo. Tambi\u00e9n existen <strong>cabellos mixtos<\/strong>, que combinan caracter\u00edsticas de ambos tipos.<\/p>\n","protected":false},"excerpt":{"rendered":"<p>El vello, el pelo y el cabello son t\u00e9rminos que a menudo se usan indistintamente para referirse al crecimiento de los filamentos capilares en diferentes partes del cuerpo humano. Sin embargo, aunque pueden parecer similares, cada uno de ellos posee caracter\u00edsticas \u00fanicas que los distinguen. En este art\u00edculo de Centros bedda vamos a explorar las [&hellip;]<\/p>\n","protected":false},"author":3,"featured_media":987514907,"comment_status":"open","ping_status":"closed","sticky":false,"template":"","format":"standard","meta":{"_et_pb_use_builder":"off","_et_pb_old_content":"","_et_gb_content_width":"","_joinchat":[],"footnotes":""},"categories":[51,65],"tags":[],"class_list":["post-987514895","post","type-post","status-publish","format-standard","has-post-thumbnail","hentry","category-blog","category-depilacion"],"yoast_head":"<!-- This site is optimized with the Yoast SEO plugin v25.9 - https:\/\/yoast.com\/wordpress\/plugins\/seo\/ -->\n<title>Diferencias entre vello, pelo y cabello | Centros bedda<\/title>\n<meta name=\"description\" content=\"Entra ahora en el blog de Centros bedda y descubre todo lo que debes saber sobre las diferencias entre vello, pelo y cabello. \u00a1Te lo contamos!\" \/>\n<meta name=\"robots\" content=\"noindex, follow, max-snippet:-1, max-image-preview:large, max-video-preview:-1\" \/>\n<meta property=\"og:locale\" content=\"es_ES\" \/>\n<meta property=\"og:type\" content=\"article\" \/>\n<meta property=\"og:title\" content=\"Diferencias entre vello, pelo y cabello | Centros bedda\" \/>\n<meta property=\"og:description\" content=\"Entra ahora en el blog de Centros bedda y descubre todo lo que debes saber sobre las diferencias entre vello, pelo y cabello. \u00a1Te lo contamos!\" \/>\n<meta property=\"og:url\" content=\"https:\/\/agenciaseolocal.eu\/bedda\/diferencias-entre-vello-pelo-y-cabello\/\" \/>\n<meta property=\"og:site_name\" content=\"Centros bedda\" \/>\n<meta property=\"article:publisher\" content=\"https:\/\/www.facebook.com\/centrobedda\" \/>\n<meta property=\"article:published_time\" content=\"2024-02-16T12:21:45+00:00\" \/>\n<meta property=\"article:modified_time\" content=\"2024-02-21T09:18:39+00:00\" \/>\n<meta property=\"og:image\" content=\"https:\/\/agenciaseolocal.eu\/bedda\/wp-content\/uploads\/2024\/02\/hombre-revelando-su-axila.jpg\" \/>\n\t<meta property=\"og:image:width\" content=\"1200\" \/>\n\t<meta property=\"og:image:height\" content=\"800\" \/>\n\t<meta property=\"og:image:type\" content=\"image\/jpeg\" \/>\n<meta name=\"author\" content=\"Centros bedda\" \/>\n<meta name=\"twitter:card\" content=\"summary_large_image\" \/>\n<meta name=\"twitter:creator\" content=\"@centrosbedda\" \/>\n<meta name=\"twitter:site\" content=\"@centrosbedda\" \/>\n<meta name=\"twitter:label1\" content=\"Escrito por\" \/>\n\t<meta name=\"twitter:data1\" content=\"Centros bedda\" \/>\n\t<meta name=\"twitter:label2\" content=\"Tiempo de lectura\" \/>\n\t<meta name=\"twitter:data2\" content=\"5 minutos\" \/>\n<!-- \/ Yoast SEO plugin. -->","yoast_head_json":{"title":"Diferencias entre vello, pelo y cabello | Centros bedda","description":"Entra ahora en el blog de Centros bedda y descubre todo lo que debes saber sobre las diferencias entre vello, pelo y cabello. \u00a1Te lo contamos!","robots":{"index":"noindex","follow":"follow","max-snippet":"max-snippet:-1","max-image-preview":"max-image-preview:large","max-video-preview":"max-video-preview:-1"},"og_locale":"es_ES","og_type":"article","og_title":"Diferencias entre vello, pelo y cabello | Centros bedda","og_description":"Entra ahora en el blog de Centros bedda y descubre todo lo que debes saber sobre las diferencias entre vello, pelo y cabello. \u00a1Te lo contamos!","og_url":"https:\/\/agenciaseolocal.eu\/bedda\/diferencias-entre-vello-pelo-y-cabello\/","og_site_name":"Centros bedda","article_publisher":"https:\/\/www.facebook.com\/centrobedda","article_published_time":"2024-02-16T12:21:45+00:00","article_modified_time":"2024-02-21T09:18:39+00:00","og_image":[{"width":1200,"height":800,"url":"https:\/\/agenciaseolocal.eu\/bedda\/wp-content\/uploads\/2024\/02\/hombre-revelando-su-axila.jpg","type":"image\/jpeg"}],"author":"Centros bedda","twitter_card":"summary_large_image","twitter_creator":"@centrosbedda","twitter_site":"@centrosbedda","twitter_misc":{"Escrito por":"Centros bedda","Tiempo de lectura":"5 minutos"},"schema":{"@context":"https:\/\/schema.org","@graph":[{"@type":"Article","@id":"https:\/\/agenciaseolocal.eu\/bedda\/diferencias-entre-vello-pelo-y-cabello\/#article","isPartOf":{"@id":"https:\/\/agenciaseolocal.eu\/bedda\/diferencias-entre-vello-pelo-y-cabello\/"},"author":{"name":"Centros bedda","@id":"https:\/\/agenciaseolocal.eu\/bedda\/#\/schema\/person\/ca3010faf67f189fd2de8d61a763fc8b"},"headline":"Diferencias entre vello, pelo y cabello","datePublished":"2024-02-16T12:21:45+00:00","dateModified":"2024-02-21T09:18:39+00:00","mainEntityOfPage":{"@id":"https:\/\/agenciaseolocal.eu\/bedda\/diferencias-entre-vello-pelo-y-cabello\/"},"wordCount":1082,"commentCount":0,"publisher":{"@id":"https:\/\/agenciaseolocal.eu\/bedda\/#organization"},"image":{"@id":"https:\/\/agenciaseolocal.eu\/bedda\/diferencias-entre-vello-pelo-y-cabello\/#primaryimage"},"thumbnailUrl":"https:\/\/agenciaseolocal.eu\/bedda\/wp-content\/uploads\/2024\/02\/hombre-revelando-su-axila.jpg","articleSection":["Blog","Depilaci\u00f3n"],"inLanguage":"es","potentialAction":[{"@type":"CommentAction","name":"Comment","target":["https:\/\/agenciaseolocal.eu\/bedda\/diferencias-entre-vello-pelo-y-cabello\/#respond"]}]},{"@type":"WebPage","@id":"https:\/\/agenciaseolocal.eu\/bedda\/diferencias-entre-vello-pelo-y-cabello\/","url":"https:\/\/agenciaseolocal.eu\/bedda\/diferencias-entre-vello-pelo-y-cabello\/","name":"Diferencias entre vello, pelo y cabello | Centros bedda","isPartOf":{"@id":"https:\/\/agenciaseolocal.eu\/bedda\/#website"},"primaryImageOfPage":{"@id":"https:\/\/agenciaseolocal.eu\/bedda\/diferencias-entre-vello-pelo-y-cabello\/#primaryimage"},"image":{"@id":"https:\/\/agenciaseolocal.eu\/bedda\/diferencias-entre-vello-pelo-y-cabello\/#primaryimage"},"thumbnailUrl":"https:\/\/agenciaseolocal.eu\/bedda\/wp-content\/uploads\/2024\/02\/hombre-revelando-su-axila.jpg","datePublished":"2024-02-16T12:21:45+00:00","dateModified":"2024-02-21T09:18:39+00:00","description":"Entra ahora en el blog de Centros bedda y descubre todo lo que debes saber sobre las diferencias entre vello, pelo y cabello. \u00a1Te lo contamos!","breadcrumb":{"@id":"https:\/\/agenciaseolocal.eu\/bedda\/diferencias-entre-vello-pelo-y-cabello\/#breadcrumb"},"inLanguage":"es","potentialAction":[{"@type":"ReadAction","target":["https:\/\/agenciaseolocal.eu\/bedda\/diferencias-entre-vello-pelo-y-cabello\/"]}]},{"@type":"ImageObject","inLanguage":"es","@id":"https:\/\/agenciaseolocal.eu\/bedda\/diferencias-entre-vello-pelo-y-cabello\/#primaryimage","url":"https:\/\/agenciaseolocal.eu\/bedda\/wp-content\/uploads\/2024\/02\/hombre-revelando-su-axila.jpg","contentUrl":"https:\/\/agenciaseolocal.eu\/bedda\/wp-content\/uploads\/2024\/02\/hombre-revelando-su-axila.jpg","width":1200,"height":800,"caption":"hombre revelando su axila"},{"@type":"BreadcrumbList","@id":"https:\/\/agenciaseolocal.eu\/bedda\/diferencias-entre-vello-pelo-y-cabello\/#breadcrumb","itemListElement":[{"@type":"ListItem","position":1,"name":"Portada","item":"https:\/\/agenciaseolocal.eu\/bedda\/"},{"@type":"ListItem","position":2,"name":"Diferencias entre vello, pelo y cabello"}]},{"@type":"WebSite","@id":"https:\/\/agenciaseolocal.eu\/bedda\/#website","url":"https:\/\/agenciaseolocal.eu\/bedda\/","name":"Centros bedda","description":"Centro de depilaci\u00f3n l\u00e1ser","publisher":{"@id":"https:\/\/agenciaseolocal.eu\/bedda\/#organization"},"potentialAction":[{"@type":"SearchAction","target":{"@type":"EntryPoint","urlTemplate":"https:\/\/agenciaseolocal.eu\/bedda\/?s={search_term_string}"},"query-input":{"@type":"PropertyValueSpecification","valueRequired":true,"valueName":"search_term_string"}}],"inLanguage":"es"},{"@type":"Organization","@id":"https:\/\/agenciaseolocal.eu\/bedda\/#organization","name":"Centros bedda","url":"https:\/\/agenciaseolocal.eu\/bedda\/","logo":{"@type":"ImageObject","inLanguage":"es","@id":"https:\/\/agenciaseolocal.eu\/bedda\/#\/schema\/logo\/image\/","url":"https:\/\/agenciaseolocal.eu\/bedda\/wp-content\/uploads\/2024\/04\/centros-bedda-depilacion-laser-logo.png","contentUrl":"https:\/\/agenciaseolocal.eu\/bedda\/wp-content\/uploads\/2024\/04\/centros-bedda-depilacion-laser-logo.png","width":220,"height":220,"caption":"Centros bedda"},"image":{"@id":"https:\/\/agenciaseolocal.eu\/bedda\/#\/schema\/logo\/image\/"},"sameAs":["https:\/\/www.facebook.com\/centrobedda","https:\/\/x.com\/centrosbedda","https:\/\/www.youtube.com\/channel\/UCV57tDnQcnHfTici1funk4g?app=desktop","https:\/\/www.instagram.com\/centrosbedda\/","https:\/\/www.linkedin.com\/company\/centros-bedda\/"]},{"@type":"Person","@id":"https:\/\/agenciaseolocal.eu\/bedda\/#\/schema\/person\/ca3010faf67f189fd2de8d61a763fc8b","name":"Centros bedda","image":{"@type":"ImageObject","inLanguage":"es","@id":"https:\/\/agenciaseolocal.eu\/bedda\/#\/schema\/person\/image\/","url":"https:\/\/secure.gravatar.com\/avatar\/ea1f00b0a249719594f6b50ee5d3214c2c192531d8f80f789208e2aa9605ac08?s=96&d=mm&r=g","contentUrl":"https:\/\/secure.gravatar.com\/avatar\/ea1f00b0a249719594f6b50ee5d3214c2c192531d8f80f789208e2aa9605ac08?s=96&d=mm&r=g","caption":"Centros bedda"},"url":"https:\/\/agenciaseolocal.eu\/bedda\/author\/mktpmp_gedfwb31y\/"}]}},"_links":{"self":[{"href":"https:\/\/agenciaseolocal.eu\/bedda\/wp-json\/wp\/v2\/posts\/987514895","targetHints":{"allow":["GET"]}}],"collection":[{"href":"https:\/\/agenciaseolocal.eu\/bedda\/wp-json\/wp\/v2\/posts"}],"about":[{"href":"https:\/\/agenciaseolocal.eu\/bedda\/wp-json\/wp\/v2\/types\/post"}],"author":[{"embeddable":true,"href":"https:\/\/agenciaseolocal.eu\/bedda\/wp-json\/wp\/v2\/users\/3"}],"replies":[{"embeddable":true,"href":"https:\/\/agenciaseolocal.eu\/bedda\/wp-json\/wp\/v2\/comments?post=987514895"}],"version-history":[{"count":1,"href":"https:\/\/agenciaseolocal.eu\/bedda\/wp-json\/wp\/v2\/posts\/987514895\/revisions"}],"predecessor-version":[{"id":987514905,"href":"https:\/\/agenciaseolocal.eu\/bedda\/wp-json\/wp\/v2\/posts\/987514895\/revisions\/987514905"}],"wp:featuredmedia":[{"embeddable":true,"href":"https:\/\/agenciaseolocal.eu\/bedda\/wp-json\/wp\/v2\/media\/987514907"}],"wp:attachment":[{"href":"https:\/\/agenciaseolocal.eu\/bedda\/wp-json\/wp\/v2\/media?parent=987514895"}],"wp:term":[{"taxonomy":"category","embeddable":true,"href":"https:\/\/agenciaseolocal.eu\/bedda\/wp-json\/wp\/v2\/categories?post=987514895"},{"taxonomy":"post_tag","embeddable":true,"href":"https:\/\/agenciaseolocal.eu\/bedda\/wp-json\/wp\/v2\/tags?post=987514895"}],"curies":[{"name":"wp","href":"https:\/\/api.w.org\/{rel}","templated":true}]}}