{"id":987514896,"date":"2024-02-19T13:23:18","date_gmt":"2024-02-19T12:23:18","guid":{"rendered":"https:\/\/centrosbedda.com\/?p=987514896"},"modified":"2024-02-21T10:18:33","modified_gmt":"2024-02-21T09:18:33","slug":"cuanto-crece-el-pelo-en-un-mes","status":"publish","type":"post","link":"https:\/\/agenciaseolocal.eu\/bedda\/cuanto-crece-el-pelo-en-un-mes\/","title":{"rendered":"\u00bfCu\u00e1nto crece el pelo en un mes?"},"content":{"rendered":"\n<p>El <strong>crecimiento del cabello<\/strong> es un proceso fascinante y recurrente en nuestras vidas. No hay duda de que todos deseamos tener un cabello saludable y abundante. Sin embargo, a menudo nos preguntamos: \u00bfCu\u00e1nto crece el pelo en un mes? En esta ocasi\u00f3n, desde <a href=\"https:\/\/agenciaseolocal.eu\/bedda\/\">Centros bedda<\/a> desentra\u00f1aremos la respuesta a esta pregunta y exploraremos los factores que pueden influir en el crecimiento capilar.<\/p>\n\n\n\n<h2 class=\"wp-block-heading\">\u00bfCu\u00e1nto tarda en crecer el pelo?<\/h2>\n\n\n\n<p>El crecimiento del cabello no ocurre de la noche a la ma\u00f1ana. <strong>Es un proceso gradual que puede variar de persona a persona<\/strong>. En promedio, el cabello tiende a crecer <strong>alrededor de medio cent\u00edmetro al mes<\/strong>. \u00a1Imag\u00ednate! Eso es aproximadamente la mitad del tama\u00f1o de un grano de arroz. Aunque pueda parecer poco, si nos detenemos a pensar en ello, es un logro impresionante que nuestro cuerpo lleva a cabo constantemente.<\/p>\n\n\n\n<p>Si bien el cabello no crece de manera uniforme en todas las personas, existen diversos <strong>factores que pueden influir en la velocidad de crecimiento capilar<\/strong>. Uno de ellos es la <strong>gen\u00e9tica<\/strong>, la cual juega un papel fundamental en la determinaci\u00f3n de la velocidad a la que nuestro cabello crece. Adem\u00e1s, la <strong>edad<\/strong>, la <strong>salud <\/strong>general y los <strong>cuidados <\/strong>que demos a nuestro cabello tambi\u00e9n pueden tener un impacto significativo.<\/p>\n\n\n\n<p>Adem\u00e1s de estos factores, es importante tener en cuenta que <strong>el ciclo de crecimiento del cabello consta de tres fases<\/strong>: la fase de <strong>crecimiento <\/strong>(<strong>an\u00e1gena<\/strong>), la fase de <strong>transici\u00f3n <\/strong>(<strong>cat\u00e1gena<\/strong>) y la fase de <strong>reposo <\/strong>(<strong>tel\u00f3gena<\/strong>). Durante la fase de crecimiento, las c\u00e9lulas del fol\u00edculo piloso se dividen activamente y el cabello crece. Esta fase puede durar de dos a seis a\u00f1os, dependiendo de la persona. Luego, el cabello pasa a la fase de transici\u00f3n, donde deja de crecer y se separa del fol\u00edculo piloso. Finalmente, entra en la fase de reposo, donde el cabello se cae y el fol\u00edculo piloso se prepara para comenzar un nuevo ciclo de crecimiento.<\/p>\n\n\n\n<p>Es importante destacar que <strong>la velocidad de crecimiento del cabello puede variar a lo largo de la vida de una persona<\/strong>. Por ejemplo, durante la infancia, el cabello tiende a crecer m\u00e1s r\u00e1pido que en la edad adulta. Adem\u00e1s, factores como el estr\u00e9s, las enfermedades y los cambios hormonales tambi\u00e9n pueden afectar el ritmo de crecimiento capilar. Por lo tanto, es fundamental cuidar nuestro cabello y mantener una dieta equilibrada y saludable para promover un crecimiento \u00f3ptimo.<\/p>\n\n\n\n<h2 class=\"wp-block-heading\">\u00bfCu\u00e1nto crece el pelo al d\u00eda?<\/h2>\n\n\n\n<p>Ahora bien, si nos centramos en el crecimiento diario del cabello, podemos decir que, en promedio, <strong>el cabello crece alrededor de 0.35 mil\u00edmetros al d\u00eda<\/strong>. Para hacerlo m\u00e1s visual, podr\u00edamos comparar el crecimiento diario del cabello con el movimiento de las manecillas de un reloj. Mientras pasa el tiempo, nuestros cabellos van creciendo de manera constante, aunque sea a paso lento.<\/p>\n\n\n\n<p>El crecimiento del cabello es un proceso fascinante que ocurre en los<strong> fol\u00edculos pilosos<\/strong>, peque\u00f1as estructuras ubicadas en la capa m\u00e1s profunda de la piel llamada dermis. Cada fol\u00edculo piloso contiene una ra\u00edz del pelo y una gl\u00e1ndula seb\u00e1cea que produce sebo, una sustancia que ayuda a mantener el cabello hidratado y protegido.<\/p>\n\n\n\n<h2 class=\"wp-block-heading\">\u00bfCu\u00e1nto crece el pelo a la semana?<\/h2>\n\n\n\n<p>Si acumulamos el crecimiento diario del cabello durante una semana completa, podemos estimar que <strong>el pelo crece aproximadamente 2.5 mil\u00edmetros<\/strong>. Si observamos nuestras u\u00f1as, que tambi\u00e9n crecen de manera constante, podemos notar que el cabello crece a un ritmo similar. Ambos, signos de la asombrosa capacidad regenerativa de nuestro organismo.<\/p>\n\n\n\n<h2 class=\"wp-block-heading\">\u00bfCu\u00e1nto crece el pelo al mes?<\/h2>\n\n\n\n<p>Finalmente, llegamos al plazo que nos ha llevado a adentrarnos en este fascinante tema: \u00bfcu\u00e1nto crece el pelo en un mes? Como se mencion\u00f3 anteriormente, el crecimiento capilar promedio es de alrededor de <strong>medio cent\u00edmetro al mes<\/strong>. Sin embargo, es importante tener en cuenta que esto puede variar para cada individuo.<\/p>\n\n\n\n<p>Es crucial destacar que el crecimiento del cabello no ocurre de manera continua y uniforme. Hay per\u00edodos en los que el cabello crece m\u00e1s r\u00e1pido y otros en los que parece crecer m\u00e1s lento. Es simplemente una parte natural del ciclo de crecimiento del cabello.<\/p>\n\n\n\n<h2 class=\"wp-block-heading\">\u00bfQu\u00e9 es lo que m\u00e1s acelera el crecimiento del cabello?<\/h2>\n\n\n\n<p>Ahora bien, con toda esta informaci\u00f3n en mente, es natural preguntarse qu\u00e9 factores pueden acelerar el crecimiento del cabello. Aunque no existen milagros ni f\u00f3rmulas m\u00e1gicas, hay ciertos h\u00e1bitos que pueden contribuir a un cabello sano y estimular su crecimiento.<\/p>\n\n\n\n<p>En primer lugar, una <strong>dieta equilibrada y rica en nutrientes <\/strong>es esencial para el crecimiento del cabello. Consumir alimentos ricos en prote\u00ednas, vitaminas (especialmente del complejo B), minerales como el hierro y el zinc, y \u00e1cidos grasos omega-3 puede tener un impacto positivo en la salud capilar.<\/p>\n\n\n\n<p>Adem\u00e1s, <strong>mantener una buena higiene capilar<\/strong>, <strong>evitar el estr\u00e9s<\/strong> excesivo y <strong>proteger el cabello del da\u00f1o causado por el calor y los productos qu\u00edmicos<\/strong> tambi\u00e9n son medidas importantes para promover un crecimiento saludable del cabello.<\/p>\n\n\n\n<h2 class=\"wp-block-heading\">\u00bfQu\u00e9 impide que crezca el cabello?<\/h2>\n\n\n\n<p>Por otro lado, hay factores que pueden afectar negativamente el crecimiento del cabello. El <strong>estr\u00e9s cr\u00f3nico<\/strong>, la <strong>mala alimentaci\u00f3n<\/strong>, la <strong>falta de vitaminas y minerales<\/strong> esenciales, as\u00ed como el <strong>uso excesivo de herramientas t\u00e9rmicas y productos qu\u00edmicos<\/strong> agresivos pueden ralentizar el crecimiento y debilitar el cabello.<\/p>\n\n\n\n<p>Aunque es tentador buscar soluciones r\u00e1pidas y prometedoras, es importante recordar que el crecimiento del cabello es un proceso natural y gradual. Si tienes preocupaciones sobre la salud de tu cabello o su crecimiento, es recomendable consultar a un profesional de confianza.<\/p>\n","protected":false},"excerpt":{"rendered":"<p>El crecimiento del cabello es un proceso fascinante y recurrente en nuestras vidas. No hay duda de que todos deseamos tener un cabello saludable y abundante. Sin embargo, a menudo nos preguntamos: \u00bfCu\u00e1nto crece el pelo en un mes? En esta ocasi\u00f3n, desde Centros bedda desentra\u00f1aremos la respuesta a esta pregunta y exploraremos los factores [&hellip;]<\/p>\n","protected":false},"author":3,"featured_media":987514903,"comment_status":"open","ping_status":"closed","sticky":false,"template":"","format":"standard","meta":{"_et_pb_use_builder":"off","_et_pb_old_content":"","_et_gb_content_width":"","_joinchat":[],"footnotes":""},"categories":[51,65],"tags":[],"class_list":["post-987514896","post","type-post","status-publish","format-standard","has-post-thumbnail","hentry","category-blog","category-depilacion"],"yoast_head":"<!-- This site is optimized with the Yoast SEO plugin v25.9 - https:\/\/yoast.com\/wordpress\/plugins\/seo\/ -->\n<title>\u00bfCu\u00e1nto crece el pelo en un mes? | Centros bedda<\/title>\n<meta name=\"description\" content=\"Entra ahora en el blog de Centros bedda y descubre cu\u00e1nto crece el pelo en un mes de tiempo. \u00a1Entra y desc\u00fabrelo, te lo contamos!\" \/>\n<meta name=\"robots\" content=\"noindex, follow, max-snippet:-1, max-image-preview:large, max-video-preview:-1\" \/>\n<meta property=\"og:locale\" content=\"es_ES\" \/>\n<meta property=\"og:type\" content=\"article\" \/>\n<meta property=\"og:title\" content=\"\u00bfCu\u00e1nto crece el pelo en un mes? | Centros bedda\" \/>\n<meta property=\"og:description\" content=\"Entra ahora en el blog de Centros bedda y descubre cu\u00e1nto crece el pelo en un mes de tiempo. \u00a1Entra y desc\u00fabrelo, te lo contamos!\" \/>\n<meta property=\"og:url\" content=\"https:\/\/agenciaseolocal.eu\/bedda\/cuanto-crece-el-pelo-en-un-mes\/\" \/>\n<meta property=\"og:site_name\" content=\"Centros bedda\" \/>\n<meta property=\"article:publisher\" content=\"https:\/\/www.facebook.com\/centrobedda\" \/>\n<meta property=\"article:published_time\" content=\"2024-02-19T12:23:18+00:00\" \/>\n<meta property=\"article:modified_time\" content=\"2024-02-21T09:18:33+00:00\" \/>\n<meta property=\"og:image\" content=\"https:\/\/agenciaseolocal.eu\/bedda\/wp-content\/uploads\/2024\/02\/vello-creciendo-piel-persona.jpeg\" \/>\n\t<meta property=\"og:image:width\" content=\"1200\" \/>\n\t<meta property=\"og:image:height\" content=\"800\" \/>\n\t<meta property=\"og:image:type\" content=\"image\/jpeg\" \/>\n<meta name=\"author\" content=\"Centros bedda\" \/>\n<meta name=\"twitter:card\" content=\"summary_large_image\" \/>\n<meta name=\"twitter:creator\" content=\"@centrosbedda\" \/>\n<meta name=\"twitter:site\" content=\"@centrosbedda\" \/>\n<meta name=\"twitter:label1\" content=\"Escrito por\" \/>\n\t<meta name=\"twitter:data1\" content=\"Centros bedda\" \/>\n\t<meta name=\"twitter:label2\" content=\"Tiempo de lectura\" \/>\n\t<meta name=\"twitter:data2\" content=\"5 minutos\" \/>\n<!-- \/ Yoast SEO plugin. -->","yoast_head_json":{"title":"\u00bfCu\u00e1nto crece el pelo en un mes? | Centros bedda","description":"Entra ahora en el blog de Centros bedda y descubre cu\u00e1nto crece el pelo en un mes de tiempo. \u00a1Entra y desc\u00fabrelo, te lo contamos!","robots":{"index":"noindex","follow":"follow","max-snippet":"max-snippet:-1","max-image-preview":"max-image-preview:large","max-video-preview":"max-video-preview:-1"},"og_locale":"es_ES","og_type":"article","og_title":"\u00bfCu\u00e1nto crece el pelo en un mes? | Centros bedda","og_description":"Entra ahora en el blog de Centros bedda y descubre cu\u00e1nto crece el pelo en un mes de tiempo. \u00a1Entra y desc\u00fabrelo, te lo contamos!","og_url":"https:\/\/agenciaseolocal.eu\/bedda\/cuanto-crece-el-pelo-en-un-mes\/","og_site_name":"Centros bedda","article_publisher":"https:\/\/www.facebook.com\/centrobedda","article_published_time":"2024-02-19T12:23:18+00:00","article_modified_time":"2024-02-21T09:18:33+00:00","og_image":[{"width":1200,"height":800,"url":"https:\/\/agenciaseolocal.eu\/bedda\/wp-content\/uploads\/2024\/02\/vello-creciendo-piel-persona.jpeg","type":"image\/jpeg"}],"author":"Centros bedda","twitter_card":"summary_large_image","twitter_creator":"@centrosbedda","twitter_site":"@centrosbedda","twitter_misc":{"Escrito por":"Centros bedda","Tiempo de lectura":"5 minutos"},"schema":{"@context":"https:\/\/schema.org","@graph":[{"@type":"Article","@id":"https:\/\/agenciaseolocal.eu\/bedda\/cuanto-crece-el-pelo-en-un-mes\/#article","isPartOf":{"@id":"https:\/\/agenciaseolocal.eu\/bedda\/cuanto-crece-el-pelo-en-un-mes\/"},"author":{"name":"Centros bedda","@id":"https:\/\/agenciaseolocal.eu\/bedda\/#\/schema\/person\/ca3010faf67f189fd2de8d61a763fc8b"},"headline":"\u00bfCu\u00e1nto crece el pelo en un mes?","datePublished":"2024-02-19T12:23:18+00:00","dateModified":"2024-02-21T09:18:33+00:00","mainEntityOfPage":{"@id":"https:\/\/agenciaseolocal.eu\/bedda\/cuanto-crece-el-pelo-en-un-mes\/"},"wordCount":975,"commentCount":0,"publisher":{"@id":"https:\/\/agenciaseolocal.eu\/bedda\/#organization"},"image":{"@id":"https:\/\/agenciaseolocal.eu\/bedda\/cuanto-crece-el-pelo-en-un-mes\/#primaryimage"},"thumbnailUrl":"https:\/\/agenciaseolocal.eu\/bedda\/wp-content\/uploads\/2024\/02\/vello-creciendo-piel-persona.jpeg","articleSection":["Blog","Depilaci\u00f3n"],"inLanguage":"es","potentialAction":[{"@type":"CommentAction","name":"Comment","target":["https:\/\/agenciaseolocal.eu\/bedda\/cuanto-crece-el-pelo-en-un-mes\/#respond"]}]},{"@type":"WebPage","@id":"https:\/\/agenciaseolocal.eu\/bedda\/cuanto-crece-el-pelo-en-un-mes\/","url":"https:\/\/agenciaseolocal.eu\/bedda\/cuanto-crece-el-pelo-en-un-mes\/","name":"\u00bfCu\u00e1nto crece el pelo en un mes? | Centros bedda","isPartOf":{"@id":"https:\/\/agenciaseolocal.eu\/bedda\/#website"},"primaryImageOfPage":{"@id":"https:\/\/agenciaseolocal.eu\/bedda\/cuanto-crece-el-pelo-en-un-mes\/#primaryimage"},"image":{"@id":"https:\/\/agenciaseolocal.eu\/bedda\/cuanto-crece-el-pelo-en-un-mes\/#primaryimage"},"thumbnailUrl":"https:\/\/agenciaseolocal.eu\/bedda\/wp-content\/uploads\/2024\/02\/vello-creciendo-piel-persona.jpeg","datePublished":"2024-02-19T12:23:18+00:00","dateModified":"2024-02-21T09:18:33+00:00","description":"Entra ahora en el blog de Centros bedda y descubre cu\u00e1nto crece el pelo en un mes de tiempo. \u00a1Entra y desc\u00fabrelo, te lo contamos!","breadcrumb":{"@id":"https:\/\/agenciaseolocal.eu\/bedda\/cuanto-crece-el-pelo-en-un-mes\/#breadcrumb"},"inLanguage":"es","potentialAction":[{"@type":"ReadAction","target":["https:\/\/agenciaseolocal.eu\/bedda\/cuanto-crece-el-pelo-en-un-mes\/"]}]},{"@type":"ImageObject","inLanguage":"es","@id":"https:\/\/agenciaseolocal.eu\/bedda\/cuanto-crece-el-pelo-en-un-mes\/#primaryimage","url":"https:\/\/agenciaseolocal.eu\/bedda\/wp-content\/uploads\/2024\/02\/vello-creciendo-piel-persona.jpeg","contentUrl":"https:\/\/agenciaseolocal.eu\/bedda\/wp-content\/uploads\/2024\/02\/vello-creciendo-piel-persona.jpeg","width":1200,"height":800,"caption":"vello creciendo piel persona"},{"@type":"BreadcrumbList","@id":"https:\/\/agenciaseolocal.eu\/bedda\/cuanto-crece-el-pelo-en-un-mes\/#breadcrumb","itemListElement":[{"@type":"ListItem","position":1,"name":"Portada","item":"https:\/\/agenciaseolocal.eu\/bedda\/"},{"@type":"ListItem","position":2,"name":"\u00bfCu\u00e1nto crece el pelo en un mes?"}]},{"@type":"WebSite","@id":"https:\/\/agenciaseolocal.eu\/bedda\/#website","url":"https:\/\/agenciaseolocal.eu\/bedda\/","name":"Centros bedda","description":"Centro de depilaci\u00f3n l\u00e1ser","publisher":{"@id":"https:\/\/agenciaseolocal.eu\/bedda\/#organization"},"potentialAction":[{"@type":"SearchAction","target":{"@type":"EntryPoint","urlTemplate":"https:\/\/agenciaseolocal.eu\/bedda\/?s={search_term_string}"},"query-input":{"@type":"PropertyValueSpecification","valueRequired":true,"valueName":"search_term_string"}}],"inLanguage":"es"},{"@type":"Organization","@id":"https:\/\/agenciaseolocal.eu\/bedda\/#organization","name":"Centros bedda","url":"https:\/\/agenciaseolocal.eu\/bedda\/","logo":{"@type":"ImageObject","inLanguage":"es","@id":"https:\/\/agenciaseolocal.eu\/bedda\/#\/schema\/logo\/image\/","url":"https:\/\/agenciaseolocal.eu\/bedda\/wp-content\/uploads\/2024\/04\/centros-bedda-depilacion-laser-logo.png","contentUrl":"https:\/\/agenciaseolocal.eu\/bedda\/wp-content\/uploads\/2024\/04\/centros-bedda-depilacion-laser-logo.png","width":220,"height":220,"caption":"Centros bedda"},"image":{"@id":"https:\/\/agenciaseolocal.eu\/bedda\/#\/schema\/logo\/image\/"},"sameAs":["https:\/\/www.facebook.com\/centrobedda","https:\/\/x.com\/centrosbedda","https:\/\/www.youtube.com\/channel\/UCV57tDnQcnHfTici1funk4g?app=desktop","https:\/\/www.instagram.com\/centrosbedda\/","https:\/\/www.linkedin.com\/company\/centros-bedda\/"]},{"@type":"Person","@id":"https:\/\/agenciaseolocal.eu\/bedda\/#\/schema\/person\/ca3010faf67f189fd2de8d61a763fc8b","name":"Centros bedda","image":{"@type":"ImageObject","inLanguage":"es","@id":"https:\/\/agenciaseolocal.eu\/bedda\/#\/schema\/person\/image\/","url":"https:\/\/secure.gravatar.com\/avatar\/ea1f00b0a249719594f6b50ee5d3214c2c192531d8f80f789208e2aa9605ac08?s=96&d=mm&r=g","contentUrl":"https:\/\/secure.gravatar.com\/avatar\/ea1f00b0a249719594f6b50ee5d3214c2c192531d8f80f789208e2aa9605ac08?s=96&d=mm&r=g","caption":"Centros bedda"},"url":"https:\/\/agenciaseolocal.eu\/bedda\/author\/mktpmp_gedfwb31y\/"}]}},"_links":{"self":[{"href":"https:\/\/agenciaseolocal.eu\/bedda\/wp-json\/wp\/v2\/posts\/987514896","targetHints":{"allow":["GET"]}}],"collection":[{"href":"https:\/\/agenciaseolocal.eu\/bedda\/wp-json\/wp\/v2\/posts"}],"about":[{"href":"https:\/\/agenciaseolocal.eu\/bedda\/wp-json\/wp\/v2\/types\/post"}],"author":[{"embeddable":true,"href":"https:\/\/agenciaseolocal.eu\/bedda\/wp-json\/wp\/v2\/users\/3"}],"replies":[{"embeddable":true,"href":"https:\/\/agenciaseolocal.eu\/bedda\/wp-json\/wp\/v2\/comments?post=987514896"}],"version-history":[{"count":1,"href":"https:\/\/agenciaseolocal.eu\/bedda\/wp-json\/wp\/v2\/posts\/987514896\/revisions"}],"predecessor-version":[{"id":987514906,"href":"https:\/\/agenciaseolocal.eu\/bedda\/wp-json\/wp\/v2\/posts\/987514896\/revisions\/987514906"}],"wp:featuredmedia":[{"embeddable":true,"href":"https:\/\/agenciaseolocal.eu\/bedda\/wp-json\/wp\/v2\/media\/987514903"}],"wp:attachment":[{"href":"https:\/\/agenciaseolocal.eu\/bedda\/wp-json\/wp\/v2\/media?parent=987514896"}],"wp:term":[{"taxonomy":"category","embeddable":true,"href":"https:\/\/agenciaseolocal.eu\/bedda\/wp-json\/wp\/v2\/categories?post=987514896"},{"taxonomy":"post_tag","embeddable":true,"href":"https:\/\/agenciaseolocal.eu\/bedda\/wp-json\/wp\/v2\/tags?post=987514896"}],"curies":[{"name":"wp","href":"https:\/\/api.w.org\/{rel}","templated":true}]}}