{"id":987514897,"date":"2024-02-20T13:24:16","date_gmt":"2024-02-20T12:24:16","guid":{"rendered":"https:\/\/centrosbedda.com\/?p=987514897"},"modified":"2025-01-15T14:03:42","modified_gmt":"2025-01-15T13:03:42","slug":"foliculitis-despues-de-la-depilacion-laser","status":"publish","type":"post","link":"https:\/\/agenciaseolocal.eu\/bedda\/foliculitis-despues-de-la-depilacion-laser\/","title":{"rendered":"Foliculitis despu\u00e9s de la depilaci\u00f3n l\u00e1ser"},"content":{"rendered":"\n<p>La <a href=\"https:\/\/agenciaseolocal.eu\/bedda\/\">depilaci\u00f3n l\u00e1ser<\/a> es un procedimiento popular para eliminar el vello no deseado de forma casi permanente. Sin embargo, muchas personas experimentan un problema com\u00fan despu\u00e9s de someterse a este tratamiento: la <strong>foliculitis<\/strong>. En este art\u00edculo, exploraremos qu\u00e9 es la foliculitis, c\u00f3mo prevenirla y c\u00f3mo tratarla adecuadamente.<\/p>\n\n\n\n<h2 class=\"wp-block-heading\">\u00bfQu\u00e9 es la foliculitis?<\/h2>\n\n\n\n<p>La foliculitis es una <strong>afecci\u00f3n de la piel que se produce cuando los fol\u00edculos pilosos se inflaman e infectan<\/strong>. Los fol\u00edculos pilosos son peque\u00f1as cavidades en la piel donde crece el vello. Cuando estos fol\u00edculos se bloquean o se irritan, puede producirse una infecci\u00f3n bacteriana, lo que da lugar a la foliculitis. Esta afecci\u00f3n puede manifestarse como <strong>peque\u00f1as protuberancias rojas, similares a granitos, que pueden picar o doler<\/strong>.<\/p>\n\n\n\n<p>La foliculitis <strong>puede afectar a cualquier parte del cuerpo<\/strong> donde se haya realizado la depilaci\u00f3n l\u00e1ser, incluyendo el <a href=\"https:\/\/agenciaseolocal.eu\/bedda\/tratamientos\/depilacion-laser-facial-mujer\/\">rostro<\/a>, las <a href=\"https:\/\/agenciaseolocal.eu\/bedda\/tratamientos\/depilacion-laser-piernas-completas-mujer\/\">piernas<\/a>, el bikini y las <a href=\"https:\/\/agenciaseolocal.eu\/bedda\/tratamientos\/depilacion-laser-axilas-mujer\/\">axilas<\/a>. Es <strong>m\u00e1s com\u00fan en personas con piel sensible o propensa a las irritaciones<\/strong>. Tambi\u00e9n es <strong>m\u00e1s probable que ocurra si la piel no se cuida adecuadamente despu\u00e9s del tratamiento<\/strong>.<\/p>\n\n\n\n<p>Existen<strong> diferentes tipos de foliculitis<\/strong>, cada uno con sus caracter\u00edsticas distintivas. Por ejemplo, la <strong>foliculitis bacteriana<\/strong> es causada por la <strong>bacteria Staphylococcus aureus<\/strong>, que suele encontrarse en la piel de forma natural. Sin embargo, cuando esta bacteria entra en los fol\u00edculos pilosos y se reproduce en exceso, puede desencadenar una infecci\u00f3n.<\/p>\n\n\n\n<p>Otro tipo de foliculitis es la <strong>foliculitis por hongos<\/strong>, que ocurre cuando los hongos invaden los fol\u00edculos pilosos. Este tipo de foliculitis es m\u00e1s com\u00fan en personas que tienen el sistema inmunol\u00f3gico debilitado.<\/p>\n\n\n\n<p>Adem\u00e1s, la foliculitis tambi\u00e9n puede ser causada por el uso de productos de cuidado de la piel o por la fricci\u00f3n constante en \u00e1reas de la piel donde se produce la depilaci\u00f3n. Es importante tener en cuenta que la foliculitis no es contagiosa, pero puede ser recurrente si no se trata adecuadamente.<\/p>\n\n\n\n<h2 class=\"wp-block-heading\">Cuidados tras la depilaci\u00f3n l\u00e1ser<\/h2>\n\n\n\n<p>Despu\u00e9s de someterte a la depilaci\u00f3n l\u00e1ser, es importante cuidar bien tu piel para minimizar el riesgo de desarrollar foliculitis. Aqu\u00ed hay algunos consejos que pueden ayudarte:<\/p>\n\n\n\n<ol class=\"wp-block-list\">\n<li><strong>Lava suavemente la zona tratada con agua tibia y un jab\u00f3n suave<\/strong>. Evita frotar o rascar la piel, ya que esto puede irritar los fol\u00edculos pilosos.<\/li>\n\n\n\n<li><strong>Mant\u00e9n la piel limpia y seca<\/strong>. La humedad excesiva puede promover el crecimiento bacteriano, por lo que es importante secar bien la piel despu\u00e9s de la ducha o el ba\u00f1o.<\/li>\n\n\n\n<li><strong>Evita la exposici\u00f3n directa al sol durante al menos dos semanas despu\u00e9s del tratamiento<\/strong>. Si necesitas salir, utiliza protector solar y ropa protectora para evitar la irritaci\u00f3n de la piel.<\/li>\n\n\n\n<li><strong>Evita el uso de productos que contengan alcohol o fragancias fuertes<\/strong>, ya que pueden irritar a\u00fan m\u00e1s la piel.<\/li>\n<\/ol>\n\n\n\n<p>Adem\u00e1s de estos consejos b\u00e1sicos, es importante mencionar que cada persona puede experimentar diferentes efectos secundarios despu\u00e9s de la depilaci\u00f3n l\u00e1ser. Algunas personas pueden experimentar enrojecimiento e hinchaz\u00f3n en la zona tratada, lo cual es completamente normal y desaparecer\u00e1 en unos d\u00edas. Sin embargo, si experimentas dolor intenso, ampollas o cualquier otro s\u00edntoma preocupante, es importante que consultes a tu m\u00e9dico de inmediato.<\/p>\n\n\n\n<p>Otro aspecto importante a tener en cuenta es que la depilaci\u00f3n l\u00e1ser no es un tratamiento permanente. Aunque puede reducir significativamente el crecimiento del vello, es posible que necesites sesiones de mantenimiento en el futuro para mantener los resultados deseados. La cantidad de sesiones necesarias puede variar seg\u00fan el tipo de vello y la zona del cuerpo que se est\u00e9 tratando.<\/p>\n\n\n\n<h2 class=\"wp-block-heading\">Consejos para prevenir los granitos despu\u00e9s del l\u00e1ser<\/h2>\n\n\n\n<p>Si bien la foliculitis puede ocurrir incluso si sigues todas las precauciones, hay algunas medidas adicionales que puedes tomar para prevenir los granitos despu\u00e9s del l\u00e1ser:<\/p>\n\n\n\n<ul class=\"wp-block-list\">\n<li><strong>Evita manipular o rascar las \u00e1reas tratadas<\/strong>, ya que esto puede introducir bacterias y provocar una infecci\u00f3n.<\/li>\n\n\n\n<li><strong>Usa ropa suelta y transpirable<\/strong> despu\u00e9s del tratamiento para permitir que la piel respire y reducir la fricci\u00f3n.<\/li>\n\n\n\n<li><strong>Aplica una crema hidratante suave<\/strong> <strong>y sin fragancia <\/strong>en las zonas tratadas para mantener la piel hidratada y evitar la sequedad.<\/li>\n\n\n\n<li><strong>No te sometas a tratamientos de depilaci\u00f3n adicionales<\/strong>, como la cera caliente, durante al menos dos semanas despu\u00e9s de la depilaci\u00f3n l\u00e1ser. Esto permitir\u00e1 que la piel se recupere adecuadamente.<\/li>\n<\/ul>\n\n\n\n<p>Otro aspecto a tener en cuenta es que <strong>la exposici\u00f3n al sol puede aumentar el riesgo de desarrollar granitos despu\u00e9s del l\u00e1ser<\/strong>. Por lo tanto, es fundamental proteger la piel tratada con un protector solar de amplio espectro, con un factor de protecci\u00f3n solar (FPS) de al menos 30. Aplica el protector solar generosamente y vuelve a aplicarlo cada dos horas, especialmente si est\u00e1s expuesto al sol durante largos per\u00edodos de tiempo.<\/p>\n\n\n\n<h2 class=\"wp-block-heading\">\u00bfC\u00f3mo evitar la foliculitis despu\u00e9s de la depilaci\u00f3n l\u00e1ser?<\/h2>\n\n\n\n<p>Si a pesar de seguir todos los cuidados, desarrollas foliculitis despu\u00e9s de la depilaci\u00f3n l\u00e1ser, es importante consultar a un <strong>dermat\u00f3logo <\/strong>para recibir un tratamiento adecuado. El profesional examinar\u00e1 tu piel y determinar\u00e1 el mejor enfoque para tratar y prevenir la foliculitis.<\/p>\n\n\n\n<h2 class=\"wp-block-heading\">\u00bfC\u00f3mo es el tratamiento de la foliculitis?<\/h2>\n\n\n\n<p>El <strong>tratamiento de la foliculitis<\/strong> puede variar dependiendo de la gravedad de la afecci\u00f3n. En algunos casos, se pueden recetar antibi\u00f3ticos t\u00f3picos o medicamentos orales para controlar la infecci\u00f3n. Adem\u00e1s, es posible que se recomiende el uso de compresas calientes o productos que contengan ingredientes antibacterianos.<\/p>\n","protected":false},"excerpt":{"rendered":"<p>La depilaci\u00f3n l\u00e1ser es un procedimiento popular para eliminar el vello no deseado de forma casi permanente. Sin embargo, muchas personas experimentan un problema com\u00fan despu\u00e9s de someterse a este tratamiento: la foliculitis. En este art\u00edculo, exploraremos qu\u00e9 es la foliculitis, c\u00f3mo prevenirla y c\u00f3mo tratarla adecuadamente. \u00bfQu\u00e9 es la foliculitis? La foliculitis es una [&hellip;]<\/p>\n","protected":false},"author":3,"featured_media":987514908,"comment_status":"open","ping_status":"closed","sticky":false,"template":"","format":"standard","meta":{"_et_pb_use_builder":"off","_et_pb_old_content":"","_et_gb_content_width":"","_joinchat":[],"footnotes":""},"categories":[51,65],"tags":[],"class_list":["post-987514897","post","type-post","status-publish","format-standard","has-post-thumbnail","hentry","category-blog","category-depilacion"],"yoast_head":"<!-- This site is optimized with the Yoast SEO plugin v25.9 - https:\/\/yoast.com\/wordpress\/plugins\/seo\/ -->\n<title>Foliculitis despu\u00e9s depilaci\u00f3n l\u00e1ser | Centros bedda<\/title>\n<meta name=\"description\" content=\"Entra ahora en el blog de Centros bedda y descubre todo lo que debes saber sobre la foliculitis despu\u00e9s de la depilaci\u00f3n l\u00e1ser. \u00a1te lo contamos!\" \/>\n<meta name=\"robots\" content=\"noindex, follow, max-snippet:-1, max-image-preview:large, max-video-preview:-1\" \/>\n<meta property=\"og:locale\" content=\"es_ES\" \/>\n<meta property=\"og:type\" content=\"article\" \/>\n<meta property=\"og:title\" content=\"Foliculitis despu\u00e9s depilaci\u00f3n l\u00e1ser | Centros bedda\" \/>\n<meta property=\"og:description\" content=\"Entra ahora en el blog de Centros bedda y descubre todo lo que debes saber sobre la foliculitis despu\u00e9s de la depilaci\u00f3n l\u00e1ser. \u00a1te lo contamos!\" \/>\n<meta property=\"og:url\" content=\"https:\/\/agenciaseolocal.eu\/bedda\/foliculitis-despues-de-la-depilacion-laser\/\" \/>\n<meta property=\"og:site_name\" content=\"Centros bedda\" \/>\n<meta property=\"article:publisher\" content=\"https:\/\/www.facebook.com\/centrobedda\" \/>\n<meta property=\"article:published_time\" content=\"2024-02-20T12:24:16+00:00\" \/>\n<meta property=\"article:modified_time\" content=\"2025-01-15T13:03:42+00:00\" \/>\n<meta property=\"og:image\" content=\"https:\/\/agenciaseolocal.eu\/bedda\/wp-content\/uploads\/2024\/02\/chico-con-foliculitis-espalda.jpg\" \/>\n\t<meta property=\"og:image:width\" content=\"1200\" \/>\n\t<meta property=\"og:image:height\" content=\"800\" \/>\n\t<meta property=\"og:image:type\" content=\"image\/jpeg\" \/>\n<meta name=\"author\" content=\"Centros bedda\" \/>\n<meta name=\"twitter:card\" content=\"summary_large_image\" \/>\n<meta name=\"twitter:creator\" content=\"@centrosbedda\" \/>\n<meta name=\"twitter:site\" content=\"@centrosbedda\" \/>\n<meta name=\"twitter:label1\" content=\"Escrito por\" \/>\n\t<meta name=\"twitter:data1\" content=\"Centros bedda\" \/>\n\t<meta name=\"twitter:label2\" content=\"Tiempo de lectura\" \/>\n\t<meta name=\"twitter:data2\" content=\"5 minutos\" \/>\n<!-- \/ Yoast SEO plugin. -->","yoast_head_json":{"title":"Foliculitis despu\u00e9s depilaci\u00f3n l\u00e1ser | Centros bedda","description":"Entra ahora en el blog de Centros bedda y descubre todo lo que debes saber sobre la foliculitis despu\u00e9s de la depilaci\u00f3n l\u00e1ser. \u00a1te lo contamos!","robots":{"index":"noindex","follow":"follow","max-snippet":"max-snippet:-1","max-image-preview":"max-image-preview:large","max-video-preview":"max-video-preview:-1"},"og_locale":"es_ES","og_type":"article","og_title":"Foliculitis despu\u00e9s depilaci\u00f3n l\u00e1ser | Centros bedda","og_description":"Entra ahora en el blog de Centros bedda y descubre todo lo que debes saber sobre la foliculitis despu\u00e9s de la depilaci\u00f3n l\u00e1ser. \u00a1te lo contamos!","og_url":"https:\/\/agenciaseolocal.eu\/bedda\/foliculitis-despues-de-la-depilacion-laser\/","og_site_name":"Centros bedda","article_publisher":"https:\/\/www.facebook.com\/centrobedda","article_published_time":"2024-02-20T12:24:16+00:00","article_modified_time":"2025-01-15T13:03:42+00:00","og_image":[{"width":1200,"height":800,"url":"https:\/\/agenciaseolocal.eu\/bedda\/wp-content\/uploads\/2024\/02\/chico-con-foliculitis-espalda.jpg","type":"image\/jpeg"}],"author":"Centros bedda","twitter_card":"summary_large_image","twitter_creator":"@centrosbedda","twitter_site":"@centrosbedda","twitter_misc":{"Escrito por":"Centros bedda","Tiempo de lectura":"5 minutos"},"schema":{"@context":"https:\/\/schema.org","@graph":[{"@type":"Article","@id":"https:\/\/agenciaseolocal.eu\/bedda\/foliculitis-despues-de-la-depilacion-laser\/#article","isPartOf":{"@id":"https:\/\/agenciaseolocal.eu\/bedda\/foliculitis-despues-de-la-depilacion-laser\/"},"author":{"name":"Centros bedda","@id":"https:\/\/agenciaseolocal.eu\/bedda\/#\/schema\/person\/ca3010faf67f189fd2de8d61a763fc8b"},"headline":"Foliculitis despu\u00e9s de la depilaci\u00f3n l\u00e1ser","datePublished":"2024-02-20T12:24:16+00:00","dateModified":"2025-01-15T13:03:42+00:00","mainEntityOfPage":{"@id":"https:\/\/agenciaseolocal.eu\/bedda\/foliculitis-despues-de-la-depilacion-laser\/"},"wordCount":966,"commentCount":0,"publisher":{"@id":"https:\/\/agenciaseolocal.eu\/bedda\/#organization"},"image":{"@id":"https:\/\/agenciaseolocal.eu\/bedda\/foliculitis-despues-de-la-depilacion-laser\/#primaryimage"},"thumbnailUrl":"https:\/\/agenciaseolocal.eu\/bedda\/wp-content\/uploads\/2024\/02\/chico-con-foliculitis-espalda.jpg","articleSection":["Blog","Depilaci\u00f3n"],"inLanguage":"es","potentialAction":[{"@type":"CommentAction","name":"Comment","target":["https:\/\/agenciaseolocal.eu\/bedda\/foliculitis-despues-de-la-depilacion-laser\/#respond"]}]},{"@type":"WebPage","@id":"https:\/\/agenciaseolocal.eu\/bedda\/foliculitis-despues-de-la-depilacion-laser\/","url":"https:\/\/agenciaseolocal.eu\/bedda\/foliculitis-despues-de-la-depilacion-laser\/","name":"Foliculitis despu\u00e9s depilaci\u00f3n l\u00e1ser | Centros bedda","isPartOf":{"@id":"https:\/\/agenciaseolocal.eu\/bedda\/#website"},"primaryImageOfPage":{"@id":"https:\/\/agenciaseolocal.eu\/bedda\/foliculitis-despues-de-la-depilacion-laser\/#primaryimage"},"image":{"@id":"https:\/\/agenciaseolocal.eu\/bedda\/foliculitis-despues-de-la-depilacion-laser\/#primaryimage"},"thumbnailUrl":"https:\/\/agenciaseolocal.eu\/bedda\/wp-content\/uploads\/2024\/02\/chico-con-foliculitis-espalda.jpg","datePublished":"2024-02-20T12:24:16+00:00","dateModified":"2025-01-15T13:03:42+00:00","description":"Entra ahora en el blog de Centros bedda y descubre todo lo que debes saber sobre la foliculitis despu\u00e9s de la depilaci\u00f3n l\u00e1ser. \u00a1te lo contamos!","breadcrumb":{"@id":"https:\/\/agenciaseolocal.eu\/bedda\/foliculitis-despues-de-la-depilacion-laser\/#breadcrumb"},"inLanguage":"es","potentialAction":[{"@type":"ReadAction","target":["https:\/\/agenciaseolocal.eu\/bedda\/foliculitis-despues-de-la-depilacion-laser\/"]}]},{"@type":"ImageObject","inLanguage":"es","@id":"https:\/\/agenciaseolocal.eu\/bedda\/foliculitis-despues-de-la-depilacion-laser\/#primaryimage","url":"https:\/\/agenciaseolocal.eu\/bedda\/wp-content\/uploads\/2024\/02\/chico-con-foliculitis-espalda.jpg","contentUrl":"https:\/\/agenciaseolocal.eu\/bedda\/wp-content\/uploads\/2024\/02\/chico-con-foliculitis-espalda.jpg","width":1200,"height":800,"caption":"chico con foliculitis espalda"},{"@type":"BreadcrumbList","@id":"https:\/\/agenciaseolocal.eu\/bedda\/foliculitis-despues-de-la-depilacion-laser\/#breadcrumb","itemListElement":[{"@type":"ListItem","position":1,"name":"Portada","item":"https:\/\/agenciaseolocal.eu\/bedda\/"},{"@type":"ListItem","position":2,"name":"Foliculitis despu\u00e9s de la depilaci\u00f3n l\u00e1ser"}]},{"@type":"WebSite","@id":"https:\/\/agenciaseolocal.eu\/bedda\/#website","url":"https:\/\/agenciaseolocal.eu\/bedda\/","name":"Centros bedda","description":"Centro de depilaci\u00f3n l\u00e1ser","publisher":{"@id":"https:\/\/agenciaseolocal.eu\/bedda\/#organization"},"potentialAction":[{"@type":"SearchAction","target":{"@type":"EntryPoint","urlTemplate":"https:\/\/agenciaseolocal.eu\/bedda\/?s={search_term_string}"},"query-input":{"@type":"PropertyValueSpecification","valueRequired":true,"valueName":"search_term_string"}}],"inLanguage":"es"},{"@type":"Organization","@id":"https:\/\/agenciaseolocal.eu\/bedda\/#organization","name":"Centros bedda","url":"https:\/\/agenciaseolocal.eu\/bedda\/","logo":{"@type":"ImageObject","inLanguage":"es","@id":"https:\/\/agenciaseolocal.eu\/bedda\/#\/schema\/logo\/image\/","url":"https:\/\/agenciaseolocal.eu\/bedda\/wp-content\/uploads\/2024\/04\/centros-bedda-depilacion-laser-logo.png","contentUrl":"https:\/\/agenciaseolocal.eu\/bedda\/wp-content\/uploads\/2024\/04\/centros-bedda-depilacion-laser-logo.png","width":220,"height":220,"caption":"Centros bedda"},"image":{"@id":"https:\/\/agenciaseolocal.eu\/bedda\/#\/schema\/logo\/image\/"},"sameAs":["https:\/\/www.facebook.com\/centrobedda","https:\/\/x.com\/centrosbedda","https:\/\/www.youtube.com\/channel\/UCV57tDnQcnHfTici1funk4g?app=desktop","https:\/\/www.instagram.com\/centrosbedda\/","https:\/\/www.linkedin.com\/company\/centros-bedda\/"]},{"@type":"Person","@id":"https:\/\/agenciaseolocal.eu\/bedda\/#\/schema\/person\/ca3010faf67f189fd2de8d61a763fc8b","name":"Centros bedda","image":{"@type":"ImageObject","inLanguage":"es","@id":"https:\/\/agenciaseolocal.eu\/bedda\/#\/schema\/person\/image\/","url":"https:\/\/secure.gravatar.com\/avatar\/ea1f00b0a249719594f6b50ee5d3214c2c192531d8f80f789208e2aa9605ac08?s=96&d=mm&r=g","contentUrl":"https:\/\/secure.gravatar.com\/avatar\/ea1f00b0a249719594f6b50ee5d3214c2c192531d8f80f789208e2aa9605ac08?s=96&d=mm&r=g","caption":"Centros bedda"},"url":"https:\/\/agenciaseolocal.eu\/bedda\/author\/mktpmp_gedfwb31y\/"}]}},"_links":{"self":[{"href":"https:\/\/agenciaseolocal.eu\/bedda\/wp-json\/wp\/v2\/posts\/987514897","targetHints":{"allow":["GET"]}}],"collection":[{"href":"https:\/\/agenciaseolocal.eu\/bedda\/wp-json\/wp\/v2\/posts"}],"about":[{"href":"https:\/\/agenciaseolocal.eu\/bedda\/wp-json\/wp\/v2\/types\/post"}],"author":[{"embeddable":true,"href":"https:\/\/agenciaseolocal.eu\/bedda\/wp-json\/wp\/v2\/users\/3"}],"replies":[{"embeddable":true,"href":"https:\/\/agenciaseolocal.eu\/bedda\/wp-json\/wp\/v2\/comments?post=987514897"}],"version-history":[{"count":2,"href":"https:\/\/agenciaseolocal.eu\/bedda\/wp-json\/wp\/v2\/posts\/987514897\/revisions"}],"predecessor-version":[{"id":987517067,"href":"https:\/\/agenciaseolocal.eu\/bedda\/wp-json\/wp\/v2\/posts\/987514897\/revisions\/987517067"}],"wp:featuredmedia":[{"embeddable":true,"href":"https:\/\/agenciaseolocal.eu\/bedda\/wp-json\/wp\/v2\/media\/987514908"}],"wp:attachment":[{"href":"https:\/\/agenciaseolocal.eu\/bedda\/wp-json\/wp\/v2\/media?parent=987514897"}],"wp:term":[{"taxonomy":"category","embeddable":true,"href":"https:\/\/agenciaseolocal.eu\/bedda\/wp-json\/wp\/v2\/categories?post=987514897"},{"taxonomy":"post_tag","embeddable":true,"href":"https:\/\/agenciaseolocal.eu\/bedda\/wp-json\/wp\/v2\/tags?post=987514897"}],"curies":[{"name":"wp","href":"https:\/\/api.w.org\/{rel}","templated":true}]}}