{"id":987515207,"date":"2024-03-08T09:43:00","date_gmt":"2024-03-08T08:43:00","guid":{"rendered":"https:\/\/centrosbedda.com\/?p=987515207"},"modified":"2025-01-15T14:19:34","modified_gmt":"2025-01-15T13:19:34","slug":"consejos-depilacion-laser-ninas-adolescentes","status":"publish","type":"post","link":"https:\/\/agenciaseolocal.eu\/bedda\/consejos-depilacion-laser-ninas-adolescentes\/","title":{"rendered":"Consejos en la depilaci\u00f3n l\u00e1ser en ni\u00f1as y adolescentes"},"content":{"rendered":"\n<p>La&nbsp;<a href=\"https:\/\/agenciaseolocal.eu\/bedda\/\">depilaci\u00f3n l\u00e1ser<\/a>&nbsp;es una opci\u00f3n cada vez m\u00e1s popular para aquellos que desean deshacerse del vello no deseado de forma permanente. Sin embargo, cuando se trata de&nbsp;<strong>ni\u00f1as y adolescentes<\/strong>, es importante tener en cuenta ciertos factores antes de tomar una decisi\u00f3n. En este art\u00edculo, discutiremos algunos consejos importantes a considerar al optar por la depilaci\u00f3n l\u00e1ser en este grupo de edad.<\/p>\n\n\n\n<h2 class=\"wp-block-heading\">\u00bfA partir de qu\u00e9 edad se puede hacer la depilaci\u00f3n l\u00e1ser?<\/h2>\n\n\n\n<p>La edad m\u00ednima recomendada para someterse a tratamientos de depilaci\u00f3n l\u00e1ser&nbsp;<strong>var\u00eda seg\u00fan el pa\u00eds y las regulaciones locales<\/strong>. En muchos casos,&nbsp;<strong>se sugiere esperar hasta que los cabellos hayan alcanzado una madurez adecuada&nbsp;<\/strong>antes de comenzar este tipo de procedimiento. Esto se debe a que&nbsp;<strong>el vello puede seguir desarroll\u00e1ndose durante la adolescencia<\/strong>&nbsp;y someterse a la depilaci\u00f3n l\u00e1ser demasiado pronto puede resultar en tratamientos menos efectivos.<\/p>\n\n\n\n<p>Es importante tener en cuenta que la depilaci\u00f3n l\u00e1ser se basa en la eliminaci\u00f3n del vello a trav\u00e9s de la destrucci\u00f3n del fol\u00edculo piloso mediante la luz concentrada en melanina, el pigmento que le da color al vello. Por esta raz\u00f3n,&nbsp;<strong>es fundamental que el vello est\u00e9 en una etapa de crecimiento activo para que el tratamiento sea efectivo<\/strong>. En general,&nbsp;<strong>se recomienda que los adolescentes esperen hasta los 18 a\u00f1os<\/strong>&nbsp;para comenzar con la depilaci\u00f3n l\u00e1ser, ya que a esta edad el vello suele estar m\u00e1s desarrollado y el tratamiento puede ser m\u00e1s exitoso.<\/p>\n\n\n\n<h2 class=\"wp-block-heading\">\u00bfSe puede hacer la depilaci\u00f3n en ni\u00f1as?<\/h2>\n\n\n\n<p>En general, los expertos en salud recomiendan que las ni\u00f1as esperen hasta la adolescencia antes de considerar la depilaci\u00f3n l\u00e1ser. Esto se debe a que&nbsp;<strong>el vello en las ni\u00f1as suele ser m\u00e1s fino y menos pigmentado&nbsp;<\/strong>en comparaci\u00f3n con el&nbsp;<a href=\"https:\/\/agenciaseolocal.eu\/bedda\/depilacion-laser-mujer\/\">vello de las mujeres<\/a>&nbsp;adultas. Como resultado, la depilaci\u00f3n l\u00e1ser puede no ser tan efectiva en este grupo de edad. Adem\u00e1s,&nbsp;<strong>los cambios hormonales naturales que ocurren durante la pubertad pueden afectar el crecimiento del vello<\/strong>, lo que hace que el momento adecuado para la depilaci\u00f3n sea crucial.<\/p>\n\n\n\n<p>La depilaci\u00f3n l\u00e1ser es un procedimiento que utiliza pulsos de luz para eliminar el vello no deseado de forma permanente. Aunque es una opci\u00f3n popular para muchas personas, es importante tener en cuenta que puede no ser adecuada para todos los grupos de edad.&nbsp;<strong>En el caso de las ni\u00f1as, es fundamental consultar con un dermat\u00f3logo o especialista en depilaci\u00f3n l\u00e1ser<\/strong>&nbsp;para determinar si est\u00e1n listas para someterse a este tratamiento.<\/p>\n\n\n\n<p>Es importante recordar que la depilaci\u00f3n l\u00e1ser en ni\u00f1as debe ser realizada por profesionales capacitados y con experiencia en el manejo de procedimientos est\u00e9ticos en menores de edad. Adem\u00e1s, es crucial seguir las recomendaciones de cuidado de la piel posteriores al tratamiento para garantizar resultados \u00f3ptimos y minimizar el riesgo de efectos secundarios.<\/p>\n\n\n\n<h2 class=\"wp-block-heading\">Qu\u00e9 tener en cuenta en la depilaci\u00f3n l\u00e1ser de adolescentes<\/h2>\n\n\n\n<p>Si decides que tu hija adolescente es lo suficientemente madura para someterse a la depilaci\u00f3n l\u00e1ser, es importante considerar varios factores antes de hacerlo. En primer lugar,<strong>&nbsp;es esencial buscar un centro de depilaci\u00f3n l\u00e1ser que cuente con profesionales<\/strong>&nbsp;capacitados y con experiencia en el tratamiento de adolescentes. Estos profesionales podr\u00e1n evaluar la madurez del vello de tu hija y determinar si es el momento adecuado para comenzar los tratamientos.<\/p>\n\n\n\n<p>Otro factor importante a considerar es la&nbsp;<strong>capacidad de tu hija adolescente para manejar el proceso y las expectativas<\/strong>&nbsp;asociadas con la depilaci\u00f3n l\u00e1ser. Es importante asegurarse de que est\u00e9 informada sobre los posibles resultados y comprenda que la eliminaci\u00f3n completa del vello puede requerir m\u00faltiples sesiones de tratamiento.<\/p>\n\n\n\n<p>Adem\u00e1s, es fundamental tener en cuenta que la depilaci\u00f3n l\u00e1ser&nbsp;<strong>puede no ser adecuada para todos los tipos de piel<\/strong>. La pigmentaci\u00f3n de la piel y el color del vello pueden influir en la eficacia del tratamiento, por lo que es importante que un profesional realice una evaluaci\u00f3n previa para determinar si tu hija es una candidata adecuada para la depilaci\u00f3n l\u00e1ser.<\/p>\n\n\n\n<p>Otro aspecto a considerar es el cuidado posterior al tratamiento. Despu\u00e9s de cada sesi\u00f3n de depilaci\u00f3n l\u00e1ser, es importante proteger la piel tratada del sol y seguir las recomendaciones del centro de depilaci\u00f3n para garantizar resultados \u00f3ptimos y prevenir posibles efectos secundarios.<\/p>\n\n\n\n<h2 class=\"wp-block-heading\">\u00bfEs segura la depilaci\u00f3n l\u00e1ser en ni\u00f1as y adolescentes?<\/h2>\n\n\n\n<p>La depilaci\u00f3n l\u00e1ser&nbsp;<strong>es un procedimiento seguro cuando se realiza correctamente<\/strong>. Sin embargo, como con cualquier procedimiento m\u00e9dico, existen riesgos potenciales. Es especialmente importante tener en cuenta estos riesgos al considerar la depilaci\u00f3n l\u00e1ser en ni\u00f1as y adolescentes debido a su etapa de desarrollo.<\/p>\n\n\n\n<p>Algunos de los posibles efectos secundarios de la depilaci\u00f3n l\u00e1ser incluyen enrojecimiento temporal, hinchaz\u00f3n y sensibilidad en el \u00e1rea tratada. Tambi\u00e9n es importante tener en cuenta que el \u00e9xito del tratamiento puede variar seg\u00fan la persona, y que se pueden requerir sesiones de repaso para mantener resultados duraderos.<\/p>\n\n\n\n<h2 class=\"wp-block-heading\">Por qu\u00e9 elegir Centros bedda para la depilaci\u00f3n l\u00e1ser en ni\u00f1as y adolescentes<\/h2>\n\n\n\n<p>A la hora de elegir un centro de depilaci\u00f3n l\u00e1ser para tu hija adolescente, es importante buscar uno que se especialice en el tratamiento de adolescentes y que cuente con personal capacitado en este grupo de edad.&nbsp;<strong>Centros bedda<\/strong>&nbsp;es un referente en la industria de la depilaci\u00f3n l\u00e1ser, ofreciendo servicios profesionales y personalizados para satisfacer las necesidades \u00fanicas de las ni\u00f1as y adolescentes.<\/p>\n\n\n\n<p>En Centros bedda, entendemos la importancia de la seguridad y la comodidad de nuestros j\u00f3venes clientes. Nuestro equipo de profesionales capacitados trabaja con cada adolescente para desarrollar un plan de tratamiento individualizado que se adapte a sus necesidades espec\u00edficas. Adem\u00e1s,<strong>&nbsp;utilizamos tecnolog\u00eda de vanguardia<\/strong>&nbsp;y garantizamos la higiene y la calidad en cada sesi\u00f3n de depilaci\u00f3n l\u00e1ser.<\/p>\n","protected":false},"excerpt":{"rendered":"<p>La&nbsp;depilaci\u00f3n l\u00e1ser&nbsp;es una opci\u00f3n cada vez m\u00e1s popular para aquellos que desean deshacerse del vello no deseado de forma permanente. Sin embargo, cuando se trata de&nbsp;ni\u00f1as y adolescentes, es importante tener en cuenta ciertos factores antes de tomar una decisi\u00f3n. En este art\u00edculo, discutiremos algunos consejos importantes a considerar al optar por la depilaci\u00f3n l\u00e1ser [&hellip;]<\/p>\n","protected":false},"author":3,"featured_media":987515208,"comment_status":"open","ping_status":"closed","sticky":false,"template":"","format":"standard","meta":{"_et_pb_use_builder":"off","_et_pb_old_content":"","_et_gb_content_width":"","_joinchat":[],"footnotes":""},"categories":[51,65],"tags":[],"class_list":["post-987515207","post","type-post","status-publish","format-standard","has-post-thumbnail","hentry","category-blog","category-depilacion"],"yoast_head":"<!-- This site is optimized with the Yoast SEO plugin v25.9 - https:\/\/yoast.com\/wordpress\/plugins\/seo\/ -->\n<title>Depilaci\u00f3n l\u00e1ser en ni\u00f1as y adolescentes | Centros bedda<\/title>\n<meta name=\"description\" content=\"\u00bfConsejos a tener en cuenta en la depilaci\u00f3n l\u00e1ser en ni\u00f1as y adolescentes? En este art\u00edculo de Centros bedda te los contamos.\" \/>\n<meta name=\"robots\" content=\"noindex, follow, max-snippet:-1, max-image-preview:large, max-video-preview:-1\" \/>\n<meta property=\"og:locale\" content=\"es_ES\" \/>\n<meta property=\"og:type\" content=\"article\" \/>\n<meta property=\"og:title\" content=\"Depilaci\u00f3n l\u00e1ser en ni\u00f1as y adolescentes | Centros bedda\" \/>\n<meta property=\"og:description\" content=\"\u00bfConsejos a tener en cuenta en la depilaci\u00f3n l\u00e1ser en ni\u00f1as y adolescentes? En este art\u00edculo de Centros bedda te los contamos.\" \/>\n<meta property=\"og:url\" content=\"https:\/\/agenciaseolocal.eu\/bedda\/consejos-depilacion-laser-ninas-adolescentes\/\" \/>\n<meta property=\"og:site_name\" content=\"Centros bedda\" \/>\n<meta property=\"article:publisher\" content=\"https:\/\/www.facebook.com\/centrobedda\" \/>\n<meta property=\"article:published_time\" content=\"2024-03-08T08:43:00+00:00\" \/>\n<meta property=\"article:modified_time\" content=\"2025-01-15T13:19:34+00:00\" \/>\n<meta property=\"og:image\" content=\"https:\/\/agenciaseolocal.eu\/bedda\/wp-content\/uploads\/2024\/03\/adolescente-ensenando-axilas-depiladas.jpeg\" \/>\n\t<meta property=\"og:image:width\" content=\"1646\" \/>\n\t<meta property=\"og:image:height\" content=\"856\" \/>\n\t<meta property=\"og:image:type\" content=\"image\/jpeg\" \/>\n<meta name=\"author\" content=\"Centros bedda\" \/>\n<meta name=\"twitter:card\" content=\"summary_large_image\" \/>\n<meta name=\"twitter:creator\" content=\"@centrosbedda\" \/>\n<meta name=\"twitter:site\" content=\"@centrosbedda\" \/>\n<meta name=\"twitter:label1\" content=\"Escrito por\" \/>\n\t<meta name=\"twitter:data1\" content=\"Centros bedda\" \/>\n\t<meta name=\"twitter:label2\" content=\"Tiempo de lectura\" \/>\n\t<meta name=\"twitter:data2\" content=\"5 minutos\" \/>\n<!-- \/ Yoast SEO plugin. -->","yoast_head_json":{"title":"Depilaci\u00f3n l\u00e1ser en ni\u00f1as y adolescentes | Centros bedda","description":"\u00bfConsejos a tener en cuenta en la depilaci\u00f3n l\u00e1ser en ni\u00f1as y adolescentes? En este art\u00edculo de Centros bedda te los contamos.","robots":{"index":"noindex","follow":"follow","max-snippet":"max-snippet:-1","max-image-preview":"max-image-preview:large","max-video-preview":"max-video-preview:-1"},"og_locale":"es_ES","og_type":"article","og_title":"Depilaci\u00f3n l\u00e1ser en ni\u00f1as y adolescentes | Centros bedda","og_description":"\u00bfConsejos a tener en cuenta en la depilaci\u00f3n l\u00e1ser en ni\u00f1as y adolescentes? En este art\u00edculo de Centros bedda te los contamos.","og_url":"https:\/\/agenciaseolocal.eu\/bedda\/consejos-depilacion-laser-ninas-adolescentes\/","og_site_name":"Centros bedda","article_publisher":"https:\/\/www.facebook.com\/centrobedda","article_published_time":"2024-03-08T08:43:00+00:00","article_modified_time":"2025-01-15T13:19:34+00:00","og_image":[{"width":1646,"height":856,"url":"https:\/\/agenciaseolocal.eu\/bedda\/wp-content\/uploads\/2024\/03\/adolescente-ensenando-axilas-depiladas.jpeg","type":"image\/jpeg"}],"author":"Centros bedda","twitter_card":"summary_large_image","twitter_creator":"@centrosbedda","twitter_site":"@centrosbedda","twitter_misc":{"Escrito por":"Centros bedda","Tiempo de lectura":"5 minutos"},"schema":{"@context":"https:\/\/schema.org","@graph":[{"@type":"Article","@id":"https:\/\/agenciaseolocal.eu\/bedda\/consejos-depilacion-laser-ninas-adolescentes\/#article","isPartOf":{"@id":"https:\/\/agenciaseolocal.eu\/bedda\/consejos-depilacion-laser-ninas-adolescentes\/"},"author":{"name":"Centros bedda","@id":"https:\/\/agenciaseolocal.eu\/bedda\/#\/schema\/person\/ca3010faf67f189fd2de8d61a763fc8b"},"headline":"Consejos en la depilaci\u00f3n l\u00e1ser en ni\u00f1as y adolescentes","datePublished":"2024-03-08T08:43:00+00:00","dateModified":"2025-01-15T13:19:34+00:00","mainEntityOfPage":{"@id":"https:\/\/agenciaseolocal.eu\/bedda\/consejos-depilacion-laser-ninas-adolescentes\/"},"wordCount":1073,"commentCount":0,"publisher":{"@id":"https:\/\/agenciaseolocal.eu\/bedda\/#organization"},"image":{"@id":"https:\/\/agenciaseolocal.eu\/bedda\/consejos-depilacion-laser-ninas-adolescentes\/#primaryimage"},"thumbnailUrl":"https:\/\/agenciaseolocal.eu\/bedda\/wp-content\/uploads\/2024\/03\/adolescente-ensenando-axilas-depiladas.jpeg","articleSection":["Blog","Depilaci\u00f3n"],"inLanguage":"es","potentialAction":[{"@type":"CommentAction","name":"Comment","target":["https:\/\/agenciaseolocal.eu\/bedda\/consejos-depilacion-laser-ninas-adolescentes\/#respond"]}]},{"@type":"WebPage","@id":"https:\/\/agenciaseolocal.eu\/bedda\/consejos-depilacion-laser-ninas-adolescentes\/","url":"https:\/\/agenciaseolocal.eu\/bedda\/consejos-depilacion-laser-ninas-adolescentes\/","name":"Depilaci\u00f3n l\u00e1ser en ni\u00f1as y adolescentes | Centros bedda","isPartOf":{"@id":"https:\/\/agenciaseolocal.eu\/bedda\/#website"},"primaryImageOfPage":{"@id":"https:\/\/agenciaseolocal.eu\/bedda\/consejos-depilacion-laser-ninas-adolescentes\/#primaryimage"},"image":{"@id":"https:\/\/agenciaseolocal.eu\/bedda\/consejos-depilacion-laser-ninas-adolescentes\/#primaryimage"},"thumbnailUrl":"https:\/\/agenciaseolocal.eu\/bedda\/wp-content\/uploads\/2024\/03\/adolescente-ensenando-axilas-depiladas.jpeg","datePublished":"2024-03-08T08:43:00+00:00","dateModified":"2025-01-15T13:19:34+00:00","description":"\u00bfConsejos a tener en cuenta en la depilaci\u00f3n l\u00e1ser en ni\u00f1as y adolescentes? En este art\u00edculo de Centros bedda te los contamos.","breadcrumb":{"@id":"https:\/\/agenciaseolocal.eu\/bedda\/consejos-depilacion-laser-ninas-adolescentes\/#breadcrumb"},"inLanguage":"es","potentialAction":[{"@type":"ReadAction","target":["https:\/\/agenciaseolocal.eu\/bedda\/consejos-depilacion-laser-ninas-adolescentes\/"]}]},{"@type":"ImageObject","inLanguage":"es","@id":"https:\/\/agenciaseolocal.eu\/bedda\/consejos-depilacion-laser-ninas-adolescentes\/#primaryimage","url":"https:\/\/agenciaseolocal.eu\/bedda\/wp-content\/uploads\/2024\/03\/adolescente-ensenando-axilas-depiladas.jpeg","contentUrl":"https:\/\/agenciaseolocal.eu\/bedda\/wp-content\/uploads\/2024\/03\/adolescente-ensenando-axilas-depiladas.jpeg","width":1646,"height":856,"caption":"adolescente ensenando axilas depiladas"},{"@type":"BreadcrumbList","@id":"https:\/\/agenciaseolocal.eu\/bedda\/consejos-depilacion-laser-ninas-adolescentes\/#breadcrumb","itemListElement":[{"@type":"ListItem","position":1,"name":"Portada","item":"https:\/\/agenciaseolocal.eu\/bedda\/"},{"@type":"ListItem","position":2,"name":"Consejos en la depilaci\u00f3n l\u00e1ser en ni\u00f1as y adolescentes"}]},{"@type":"WebSite","@id":"https:\/\/agenciaseolocal.eu\/bedda\/#website","url":"https:\/\/agenciaseolocal.eu\/bedda\/","name":"Centros bedda","description":"Centro de depilaci\u00f3n l\u00e1ser","publisher":{"@id":"https:\/\/agenciaseolocal.eu\/bedda\/#organization"},"potentialAction":[{"@type":"SearchAction","target":{"@type":"EntryPoint","urlTemplate":"https:\/\/agenciaseolocal.eu\/bedda\/?s={search_term_string}"},"query-input":{"@type":"PropertyValueSpecification","valueRequired":true,"valueName":"search_term_string"}}],"inLanguage":"es"},{"@type":"Organization","@id":"https:\/\/agenciaseolocal.eu\/bedda\/#organization","name":"Centros bedda","url":"https:\/\/agenciaseolocal.eu\/bedda\/","logo":{"@type":"ImageObject","inLanguage":"es","@id":"https:\/\/agenciaseolocal.eu\/bedda\/#\/schema\/logo\/image\/","url":"https:\/\/agenciaseolocal.eu\/bedda\/wp-content\/uploads\/2024\/04\/centros-bedda-depilacion-laser-logo.png","contentUrl":"https:\/\/agenciaseolocal.eu\/bedda\/wp-content\/uploads\/2024\/04\/centros-bedda-depilacion-laser-logo.png","width":220,"height":220,"caption":"Centros bedda"},"image":{"@id":"https:\/\/agenciaseolocal.eu\/bedda\/#\/schema\/logo\/image\/"},"sameAs":["https:\/\/www.facebook.com\/centrobedda","https:\/\/x.com\/centrosbedda","https:\/\/www.youtube.com\/channel\/UCV57tDnQcnHfTici1funk4g?app=desktop","https:\/\/www.instagram.com\/centrosbedda\/","https:\/\/www.linkedin.com\/company\/centros-bedda\/"]},{"@type":"Person","@id":"https:\/\/agenciaseolocal.eu\/bedda\/#\/schema\/person\/ca3010faf67f189fd2de8d61a763fc8b","name":"Centros bedda","image":{"@type":"ImageObject","inLanguage":"es","@id":"https:\/\/agenciaseolocal.eu\/bedda\/#\/schema\/person\/image\/","url":"https:\/\/secure.gravatar.com\/avatar\/ea1f00b0a249719594f6b50ee5d3214c2c192531d8f80f789208e2aa9605ac08?s=96&d=mm&r=g","contentUrl":"https:\/\/secure.gravatar.com\/avatar\/ea1f00b0a249719594f6b50ee5d3214c2c192531d8f80f789208e2aa9605ac08?s=96&d=mm&r=g","caption":"Centros bedda"},"url":"https:\/\/agenciaseolocal.eu\/bedda\/author\/mktpmp_gedfwb31y\/"}]}},"_links":{"self":[{"href":"https:\/\/agenciaseolocal.eu\/bedda\/wp-json\/wp\/v2\/posts\/987515207","targetHints":{"allow":["GET"]}}],"collection":[{"href":"https:\/\/agenciaseolocal.eu\/bedda\/wp-json\/wp\/v2\/posts"}],"about":[{"href":"https:\/\/agenciaseolocal.eu\/bedda\/wp-json\/wp\/v2\/types\/post"}],"author":[{"embeddable":true,"href":"https:\/\/agenciaseolocal.eu\/bedda\/wp-json\/wp\/v2\/users\/3"}],"replies":[{"embeddable":true,"href":"https:\/\/agenciaseolocal.eu\/bedda\/wp-json\/wp\/v2\/comments?post=987515207"}],"version-history":[{"count":2,"href":"https:\/\/agenciaseolocal.eu\/bedda\/wp-json\/wp\/v2\/posts\/987515207\/revisions"}],"predecessor-version":[{"id":987518276,"href":"https:\/\/agenciaseolocal.eu\/bedda\/wp-json\/wp\/v2\/posts\/987515207\/revisions\/987518276"}],"wp:featuredmedia":[{"embeddable":true,"href":"https:\/\/agenciaseolocal.eu\/bedda\/wp-json\/wp\/v2\/media\/987515208"}],"wp:attachment":[{"href":"https:\/\/agenciaseolocal.eu\/bedda\/wp-json\/wp\/v2\/media?parent=987515207"}],"wp:term":[{"taxonomy":"category","embeddable":true,"href":"https:\/\/agenciaseolocal.eu\/bedda\/wp-json\/wp\/v2\/categories?post=987515207"},{"taxonomy":"post_tag","embeddable":true,"href":"https:\/\/agenciaseolocal.eu\/bedda\/wp-json\/wp\/v2\/tags?post=987515207"}],"curies":[{"name":"wp","href":"https:\/\/api.w.org\/{rel}","templated":true}]}}