{"id":987515210,"date":"2024-03-09T10:54:43","date_gmt":"2024-03-09T09:54:43","guid":{"rendered":"https:\/\/centrosbedda.com\/?p=987515210"},"modified":"2025-01-15T14:51:13","modified_gmt":"2025-01-15T13:51:13","slug":"depilacion-laser-antes-verano","status":"publish","type":"post","link":"https:\/\/agenciaseolocal.eu\/bedda\/depilacion-laser-antes-verano\/","title":{"rendered":"Depilaci\u00f3n l\u00e1ser antes del verano: Consejos y recomendaciones"},"content":{"rendered":"\n<p>El verano se acerca r\u00e1pidamente y con \u00e9l llega el momento de lucir nuestra piel en trajes de ba\u00f1o y ropa ligera. Para muchas personas, esto tambi\u00e9n significa embarcarse en la tarea de deshacerse del vello no deseado. La&nbsp;<a href=\"https:\/\/agenciaseolocal.eu\/bedda\/\">depilaci\u00f3n l\u00e1ser<\/a>&nbsp;se ha convertido en una opci\u00f3n popular para lograr una piel suave y sin vello durante toda la temporada de verano. En este art\u00edculo, te daremos consejos y recomendaciones clave para que puedas planificar y maximizar los resultados de la depilaci\u00f3n l\u00e1ser antes del verano.<\/p>\n\n\n\n<h2 class=\"wp-block-heading\">Consejos clave para la depilaci\u00f3n l\u00e1ser antes de verano<\/h2>\n\n\n\n<p>La depilaci\u00f3n l\u00e1ser puede ser un procedimiento efectivo para conseguir una piel libre de vello durante el verano, pero es importante tener en cuenta algunos aspectos clave antes de someterte a este tratamiento. En primer lugar,&nbsp;<strong>aseg\u00farate de buscar un centro de depilaci\u00f3n l\u00e1ser confiable y bien establecido<\/strong>. La experiencia y las opiniones de otros clientes pueden ser indicadores importantes de la calidad del servicio que recibir\u00e1s.<\/p>\n\n\n\n<p>Otro aspecto a considerar es tu tipo de piel y cabello.&nbsp;<strong>La depilaci\u00f3n l\u00e1ser funciona mejor en personas con piel clara y vello oscuro<\/strong>. Si tienes la piel oscura o el vello claro, es posible que necesites m\u00e1s sesiones para obtener resultados satisfactorios. Adem\u00e1s,&nbsp;<strong>debes evitar la exposici\u00f3n al sol antes y despu\u00e9s del tratamiento<\/strong>, ya que esto puede afectar la efectividad de la depilaci\u00f3n l\u00e1ser.<\/p>\n\n\n\n<p>Antes de someterte al tratamiento, es recomendable hacer una&nbsp;<strong>consulta con un especialista en depilaci\u00f3n l\u00e1ser<\/strong>. Ellos evaluar\u00e1n tu piel y cabello, te dar\u00e1n informaci\u00f3n detallada sobre el procedimiento y responder\u00e1n cualquier pregunta que puedas tener. Tambi\u00e9n es importante&nbsp;<strong>seguir todas las instrucciones del especialista<\/strong>&nbsp;antes y despu\u00e9s del tratamiento para garantizar los mejores resultados.<\/p>\n\n\n\n<p>La depilaci\u00f3n l\u00e1ser es un procedimiento que utiliza pulsos de luz para eliminar el vello no deseado de forma permanente. Funciona mejor en \u00e1reas como las piernas, axilas, rostro y bikini. Durante el tratamiento, es normal sentir un ligero ardor o picaz\u00f3n en la piel, pero esto suele desaparecer en poco tiempo.<\/p>\n\n\n\n<p>Es importante tener en cuenta que la depilaci\u00f3n l\u00e1ser no es efectiva en vello claro, gris o rojo, ya que el l\u00e1ser se dirige a la melanina presente en el fol\u00edculo piloso. Por lo tanto, es fundamental que un especialista eval\u00fae tu tipo de vello y piel antes de comenzar el tratamiento para determinar si eres un buen candidato para la depilaci\u00f3n l\u00e1ser.<\/p>\n\n\n\n<h2 class=\"wp-block-heading\">C\u00f3mo maximizar los resultados de la depilaci\u00f3n antes de verano<\/h2>\n\n\n\n<p>La depilaci\u00f3n l\u00e1ser<strong>&nbsp;requiere de varias sesiones para lograr resultados duraderos<\/strong>. Por lo tanto, es importante planificar con anticipaci\u00f3n y comenzar el tratamiento lo antes posible. La duraci\u00f3n entre sesiones depender\u00e1 de cada individuo y la zona a tratar, por lo que es necesario seguir las recomendaciones del especialista en depilaci\u00f3n l\u00e1ser.<\/p>\n\n\n\n<p>Adem\u00e1s, debes tener en cuenta que la depilaci\u00f3n l\u00e1ser<strong>&nbsp;no es un procedimiento instant\u00e1neo<\/strong>. Ver\u00e1s resultados progresivos a medida que avances en las sesiones. Es importante ser paciente y tener expectativas realistas. Recuerda que el objetivo final es lograr una reducci\u00f3n significativa del vello, no una eliminaci\u00f3n completa en todas las \u00e1reas tratadas.<\/p>\n\n\n\n<p>Para maximizar los resultados de la depilaci\u00f3n l\u00e1ser, es esencial cuidar adecuadamente tu piel entre sesiones. Mantenerla hidratada y protegida del sol es fundamental. Aplica lociones hidratantes y utiliza protector solar diariamente para evitar da\u00f1os a tu piel.<\/p>\n\n\n\n<h2 class=\"wp-block-heading\">Recomendaciones para la depilaci\u00f3n l\u00e1ser antes del verano<\/h2>\n\n\n\n<p>Adem\u00e1s de los consejos mencionados anteriormente, hay algunas recomendaciones adicionales que debes tener en cuenta antes de someterte a la depilaci\u00f3n l\u00e1ser antes del verano. En primer lugar,&nbsp;<strong>evita realizar ceras, pinzas o cualquier otro m\u00e9todo de depilaci\u00f3n que arranque el vello de ra\u00edz<\/strong>&nbsp;al menos seis semanas antes del tratamiento l\u00e1ser. Esto se debe a que la depilaci\u00f3n l\u00e1ser funciona mejor cuando el vello est\u00e1 presente en el fol\u00edculo piloso.<\/p>\n\n\n\n<p>Tambi\u00e9n es importante mencionar que algunas personas pueden experimentar enrojecimiento o irritaci\u00f3n de la piel despu\u00e9s del tratamiento de depilaci\u00f3n l\u00e1ser. Si esto ocurre, aplica compresas fr\u00edas o gel de aloe vera para calmar la piel.&nbsp;<strong>Evita la exposici\u00f3n prolongada al sol y utiliza ropa suelta y transpirable<\/strong>&nbsp;para evitar la fricci\u00f3n en las \u00e1reas tratadas.<\/p>\n\n\n\n<p>Por \u00faltimo, pero no menos importante, es necesario&nbsp;<strong>seguir las recomendaciones de cuidado posterior proporcionadas por el especialista<\/strong>&nbsp;en depilaci\u00f3n l\u00e1ser. Esto incluye evitar la exposici\u00f3n al sol, evitar el uso de productos qu\u00edmicos agresivos en la piel tratada y mantenerla hidratada y protegida.<\/p>\n\n\n\n<h2 class=\"wp-block-heading\">Ventajas de la depilaci\u00f3n l\u00e1ser antes del verano<\/h2>\n\n\n\n<p>La depilaci\u00f3n l\u00e1ser tiene numerosas ventajas que la convierten en una opci\u00f3n popular antes del verano. En primer lugar, el tratamiento no solo reduce el crecimiento del vello, sino que tambi\u00e9n puede hacer que este crezca m\u00e1s lento y m\u00e1s delgado con el tiempo. Esto significa que, a largo plazo, necesitar\u00e1s menos sesiones de mantenimiento para mantener una piel suave y sin vello.<\/p>\n\n\n\n<p>Otra ventaja de la depilaci\u00f3n l\u00e1ser es que&nbsp;<strong>puede ser utilizada en diferentes partes del cuerpo<\/strong>, incluyendo las&nbsp;<a href=\"https:\/\/agenciaseolocal.eu\/bedda\/tratamientos\/depilacion-laser-piernas-completas-mujer\/\">piernas<\/a>, el \u00e1rea del&nbsp;<a href=\"https:\/\/agenciaseolocal.eu\/bedda\/tratamientos\/depilacion-laser-pubis-mujer\/\">pubis<\/a>, las&nbsp;<a href=\"https:\/\/agenciaseolocal.eu\/bedda\/tratamientos\/depilacion-laser-axilas-mujer\/\">axilas<\/a>&nbsp;y el&nbsp;<a href=\"https:\/\/agenciaseolocal.eu\/bedda\/tratamientos\/depilacion-laser-facial-mujer\/\">rostro<\/a>. Esto te da la posibilidad de tratar m\u00faltiples \u00e1reas en una sola sesi\u00f3n, lo que ahorra tiempo y esfuerzo.<\/p>\n\n\n\n<p>Adem\u00e1s, la depilaci\u00f3n l\u00e1ser no causa dolor significativo en comparaci\u00f3n con otros m\u00e9todos de depilaci\u00f3n, como la cera o las cuchillas. Si bien algunas personas pueden experimentar una leve sensaci\u00f3n de calor durante el tratamiento, esta suele ser tolerable y desaparece r\u00e1pidamente.<\/p>\n\n\n\n<h2 class=\"wp-block-heading\">Por qu\u00e9 hacerte la depilaci\u00f3n l\u00e1ser antes de verano en Centros bedda<\/h2>\n\n\n\n<p>Si est\u00e1s considerando someterte a la depilaci\u00f3n l\u00e1ser antes del verano,&nbsp;<strong>Centros bedda<\/strong>&nbsp;es una excelente opci\u00f3n para ti. Nuestros especialistas en depilaci\u00f3n l\u00e1ser est\u00e1n altamente capacitados y cuentan con a\u00f1os de experiencia en el campo.<\/p>\n\n\n\n<p>En Centros bedda te daremos un ambiente seguro y acogedor, donde te sentir\u00e1s c\u00f3modo durante todo el proceso de depilaci\u00f3n l\u00e1ser. Nuestro objetivo es garantizar tu&nbsp;<strong>satisfacci\u00f3n&nbsp;<\/strong>y que obtengas resultados \u00f3ptimos.<\/p>\n\n\n\n<p>Adem\u00e1s, utilizamos tecnolog\u00eda de vanguardia en nuestros tratamientos de depilaci\u00f3n l\u00e1ser para garantizar la m\u00e1xima eficacia y seguridad. Nuestros equipos est\u00e1n dise\u00f1ados para adaptarse a diferentes tipos de piel y vello, lo que nos permite ofrecer un tratamiento personalizado y efectivo.<\/p>\n","protected":false},"excerpt":{"rendered":"<p>El verano se acerca r\u00e1pidamente y con \u00e9l llega el momento de lucir nuestra piel en trajes de ba\u00f1o y ropa ligera. Para muchas personas, esto tambi\u00e9n significa embarcarse en la tarea de deshacerse del vello no deseado. La&nbsp;depilaci\u00f3n l\u00e1ser&nbsp;se ha convertido en una opci\u00f3n popular para lograr una piel suave y sin vello durante [&hellip;]<\/p>\n","protected":false},"author":3,"featured_media":987515211,"comment_status":"open","ping_status":"closed","sticky":false,"template":"","format":"standard","meta":{"_et_pb_use_builder":"off","_et_pb_old_content":"","_et_gb_content_width":"","_joinchat":[],"footnotes":""},"categories":[51,65],"tags":[],"class_list":["post-987515210","post","type-post","status-publish","format-standard","has-post-thumbnail","hentry","category-blog","category-depilacion"],"yoast_head":"<!-- This site is optimized with the Yoast SEO plugin v25.9 - https:\/\/yoast.com\/wordpress\/plugins\/seo\/ -->\n<title>Depilaci\u00f3n l\u00e1ser antes del verano | Centros bedda<\/title>\n<meta name=\"description\" content=\"\u00bfConsejos y recomendaciones para la depilaci\u00f3n l\u00e1ser antes del verano? En este art\u00edculo de Centros bedda te los contamos. \u00a1Entra ya!\" \/>\n<meta name=\"robots\" content=\"noindex, follow, max-snippet:-1, max-image-preview:large, max-video-preview:-1\" \/>\n<meta property=\"og:locale\" content=\"es_ES\" \/>\n<meta property=\"og:type\" content=\"article\" \/>\n<meta property=\"og:title\" content=\"Depilaci\u00f3n l\u00e1ser antes del verano | Centros bedda\" \/>\n<meta property=\"og:description\" content=\"\u00bfConsejos y recomendaciones para la depilaci\u00f3n l\u00e1ser antes del verano? En este art\u00edculo de Centros bedda te los contamos. \u00a1Entra ya!\" \/>\n<meta property=\"og:url\" content=\"https:\/\/agenciaseolocal.eu\/bedda\/depilacion-laser-antes-verano\/\" \/>\n<meta property=\"og:site_name\" content=\"Centros bedda\" \/>\n<meta property=\"article:publisher\" content=\"https:\/\/www.facebook.com\/centrobedda\" \/>\n<meta property=\"article:published_time\" content=\"2024-03-09T09:54:43+00:00\" \/>\n<meta property=\"article:modified_time\" content=\"2025-01-15T13:51:13+00:00\" \/>\n<meta property=\"og:image\" content=\"https:\/\/agenciaseolocal.eu\/bedda\/wp-content\/uploads\/2024\/03\/mujer-sentada-aplicando-protector-solar-piel.jpg\" \/>\n\t<meta property=\"og:image:width\" content=\"1699\" \/>\n\t<meta property=\"og:image:height\" content=\"800\" \/>\n\t<meta property=\"og:image:type\" content=\"image\/jpeg\" \/>\n<meta name=\"author\" content=\"Centros bedda\" \/>\n<meta name=\"twitter:card\" content=\"summary_large_image\" \/>\n<meta name=\"twitter:creator\" content=\"@centrosbedda\" \/>\n<meta name=\"twitter:site\" content=\"@centrosbedda\" \/>\n<meta name=\"twitter:label1\" content=\"Escrito por\" \/>\n\t<meta name=\"twitter:data1\" content=\"Centros bedda\" \/>\n\t<meta name=\"twitter:label2\" content=\"Tiempo de lectura\" \/>\n\t<meta name=\"twitter:data2\" content=\"5 minutos\" \/>\n<!-- \/ Yoast SEO plugin. -->","yoast_head_json":{"title":"Depilaci\u00f3n l\u00e1ser antes del verano | Centros bedda","description":"\u00bfConsejos y recomendaciones para la depilaci\u00f3n l\u00e1ser antes del verano? En este art\u00edculo de Centros bedda te los contamos. \u00a1Entra ya!","robots":{"index":"noindex","follow":"follow","max-snippet":"max-snippet:-1","max-image-preview":"max-image-preview:large","max-video-preview":"max-video-preview:-1"},"og_locale":"es_ES","og_type":"article","og_title":"Depilaci\u00f3n l\u00e1ser antes del verano | Centros bedda","og_description":"\u00bfConsejos y recomendaciones para la depilaci\u00f3n l\u00e1ser antes del verano? En este art\u00edculo de Centros bedda te los contamos. \u00a1Entra ya!","og_url":"https:\/\/agenciaseolocal.eu\/bedda\/depilacion-laser-antes-verano\/","og_site_name":"Centros bedda","article_publisher":"https:\/\/www.facebook.com\/centrobedda","article_published_time":"2024-03-09T09:54:43+00:00","article_modified_time":"2025-01-15T13:51:13+00:00","og_image":[{"width":1699,"height":800,"url":"https:\/\/agenciaseolocal.eu\/bedda\/wp-content\/uploads\/2024\/03\/mujer-sentada-aplicando-protector-solar-piel.jpg","type":"image\/jpeg"}],"author":"Centros bedda","twitter_card":"summary_large_image","twitter_creator":"@centrosbedda","twitter_site":"@centrosbedda","twitter_misc":{"Escrito por":"Centros bedda","Tiempo de lectura":"5 minutos"},"schema":{"@context":"https:\/\/schema.org","@graph":[{"@type":"Article","@id":"https:\/\/agenciaseolocal.eu\/bedda\/depilacion-laser-antes-verano\/#article","isPartOf":{"@id":"https:\/\/agenciaseolocal.eu\/bedda\/depilacion-laser-antes-verano\/"},"author":{"name":"Centros bedda","@id":"https:\/\/agenciaseolocal.eu\/bedda\/#\/schema\/person\/ca3010faf67f189fd2de8d61a763fc8b"},"headline":"Depilaci\u00f3n l\u00e1ser antes del verano: Consejos y recomendaciones","datePublished":"2024-03-09T09:54:43+00:00","dateModified":"2025-01-15T13:51:13+00:00","mainEntityOfPage":{"@id":"https:\/\/agenciaseolocal.eu\/bedda\/depilacion-laser-antes-verano\/"},"wordCount":1175,"commentCount":0,"publisher":{"@id":"https:\/\/agenciaseolocal.eu\/bedda\/#organization"},"image":{"@id":"https:\/\/agenciaseolocal.eu\/bedda\/depilacion-laser-antes-verano\/#primaryimage"},"thumbnailUrl":"https:\/\/agenciaseolocal.eu\/bedda\/wp-content\/uploads\/2024\/03\/mujer-sentada-aplicando-protector-solar-piel.jpg","articleSection":["Blog","Depilaci\u00f3n"],"inLanguage":"es","potentialAction":[{"@type":"CommentAction","name":"Comment","target":["https:\/\/agenciaseolocal.eu\/bedda\/depilacion-laser-antes-verano\/#respond"]}]},{"@type":"WebPage","@id":"https:\/\/agenciaseolocal.eu\/bedda\/depilacion-laser-antes-verano\/","url":"https:\/\/agenciaseolocal.eu\/bedda\/depilacion-laser-antes-verano\/","name":"Depilaci\u00f3n l\u00e1ser antes del verano | Centros bedda","isPartOf":{"@id":"https:\/\/agenciaseolocal.eu\/bedda\/#website"},"primaryImageOfPage":{"@id":"https:\/\/agenciaseolocal.eu\/bedda\/depilacion-laser-antes-verano\/#primaryimage"},"image":{"@id":"https:\/\/agenciaseolocal.eu\/bedda\/depilacion-laser-antes-verano\/#primaryimage"},"thumbnailUrl":"https:\/\/agenciaseolocal.eu\/bedda\/wp-content\/uploads\/2024\/03\/mujer-sentada-aplicando-protector-solar-piel.jpg","datePublished":"2024-03-09T09:54:43+00:00","dateModified":"2025-01-15T13:51:13+00:00","description":"\u00bfConsejos y recomendaciones para la depilaci\u00f3n l\u00e1ser antes del verano? En este art\u00edculo de Centros bedda te los contamos. \u00a1Entra ya!","breadcrumb":{"@id":"https:\/\/agenciaseolocal.eu\/bedda\/depilacion-laser-antes-verano\/#breadcrumb"},"inLanguage":"es","potentialAction":[{"@type":"ReadAction","target":["https:\/\/agenciaseolocal.eu\/bedda\/depilacion-laser-antes-verano\/"]}]},{"@type":"ImageObject","inLanguage":"es","@id":"https:\/\/agenciaseolocal.eu\/bedda\/depilacion-laser-antes-verano\/#primaryimage","url":"https:\/\/agenciaseolocal.eu\/bedda\/wp-content\/uploads\/2024\/03\/mujer-sentada-aplicando-protector-solar-piel.jpg","contentUrl":"https:\/\/agenciaseolocal.eu\/bedda\/wp-content\/uploads\/2024\/03\/mujer-sentada-aplicando-protector-solar-piel.jpg","width":1699,"height":800,"caption":"mujer sentada aplicando protector solar piel"},{"@type":"BreadcrumbList","@id":"https:\/\/agenciaseolocal.eu\/bedda\/depilacion-laser-antes-verano\/#breadcrumb","itemListElement":[{"@type":"ListItem","position":1,"name":"Portada","item":"https:\/\/agenciaseolocal.eu\/bedda\/"},{"@type":"ListItem","position":2,"name":"Depilaci\u00f3n l\u00e1ser antes del verano: Consejos y recomendaciones"}]},{"@type":"WebSite","@id":"https:\/\/agenciaseolocal.eu\/bedda\/#website","url":"https:\/\/agenciaseolocal.eu\/bedda\/","name":"Centros bedda","description":"Centro de depilaci\u00f3n l\u00e1ser","publisher":{"@id":"https:\/\/agenciaseolocal.eu\/bedda\/#organization"},"potentialAction":[{"@type":"SearchAction","target":{"@type":"EntryPoint","urlTemplate":"https:\/\/agenciaseolocal.eu\/bedda\/?s={search_term_string}"},"query-input":{"@type":"PropertyValueSpecification","valueRequired":true,"valueName":"search_term_string"}}],"inLanguage":"es"},{"@type":"Organization","@id":"https:\/\/agenciaseolocal.eu\/bedda\/#organization","name":"Centros bedda","url":"https:\/\/agenciaseolocal.eu\/bedda\/","logo":{"@type":"ImageObject","inLanguage":"es","@id":"https:\/\/agenciaseolocal.eu\/bedda\/#\/schema\/logo\/image\/","url":"https:\/\/agenciaseolocal.eu\/bedda\/wp-content\/uploads\/2024\/04\/centros-bedda-depilacion-laser-logo.png","contentUrl":"https:\/\/agenciaseolocal.eu\/bedda\/wp-content\/uploads\/2024\/04\/centros-bedda-depilacion-laser-logo.png","width":220,"height":220,"caption":"Centros bedda"},"image":{"@id":"https:\/\/agenciaseolocal.eu\/bedda\/#\/schema\/logo\/image\/"},"sameAs":["https:\/\/www.facebook.com\/centrobedda","https:\/\/x.com\/centrosbedda","https:\/\/www.youtube.com\/channel\/UCV57tDnQcnHfTici1funk4g?app=desktop","https:\/\/www.instagram.com\/centrosbedda\/","https:\/\/www.linkedin.com\/company\/centros-bedda\/"]},{"@type":"Person","@id":"https:\/\/agenciaseolocal.eu\/bedda\/#\/schema\/person\/ca3010faf67f189fd2de8d61a763fc8b","name":"Centros bedda","image":{"@type":"ImageObject","inLanguage":"es","@id":"https:\/\/agenciaseolocal.eu\/bedda\/#\/schema\/person\/image\/","url":"https:\/\/secure.gravatar.com\/avatar\/ea1f00b0a249719594f6b50ee5d3214c2c192531d8f80f789208e2aa9605ac08?s=96&d=mm&r=g","contentUrl":"https:\/\/secure.gravatar.com\/avatar\/ea1f00b0a249719594f6b50ee5d3214c2c192531d8f80f789208e2aa9605ac08?s=96&d=mm&r=g","caption":"Centros bedda"},"url":"https:\/\/agenciaseolocal.eu\/bedda\/author\/mktpmp_gedfwb31y\/"}]}},"_links":{"self":[{"href":"https:\/\/agenciaseolocal.eu\/bedda\/wp-json\/wp\/v2\/posts\/987515210","targetHints":{"allow":["GET"]}}],"collection":[{"href":"https:\/\/agenciaseolocal.eu\/bedda\/wp-json\/wp\/v2\/posts"}],"about":[{"href":"https:\/\/agenciaseolocal.eu\/bedda\/wp-json\/wp\/v2\/types\/post"}],"author":[{"embeddable":true,"href":"https:\/\/agenciaseolocal.eu\/bedda\/wp-json\/wp\/v2\/users\/3"}],"replies":[{"embeddable":true,"href":"https:\/\/agenciaseolocal.eu\/bedda\/wp-json\/wp\/v2\/comments?post=987515210"}],"version-history":[{"count":3,"href":"https:\/\/agenciaseolocal.eu\/bedda\/wp-json\/wp\/v2\/posts\/987515210\/revisions"}],"predecessor-version":[{"id":987518313,"href":"https:\/\/agenciaseolocal.eu\/bedda\/wp-json\/wp\/v2\/posts\/987515210\/revisions\/987518313"}],"wp:featuredmedia":[{"embeddable":true,"href":"https:\/\/agenciaseolocal.eu\/bedda\/wp-json\/wp\/v2\/media\/987515211"}],"wp:attachment":[{"href":"https:\/\/agenciaseolocal.eu\/bedda\/wp-json\/wp\/v2\/media?parent=987515210"}],"wp:term":[{"taxonomy":"category","embeddable":true,"href":"https:\/\/agenciaseolocal.eu\/bedda\/wp-json\/wp\/v2\/categories?post=987515210"},{"taxonomy":"post_tag","embeddable":true,"href":"https:\/\/agenciaseolocal.eu\/bedda\/wp-json\/wp\/v2\/tags?post=987515210"}],"curies":[{"name":"wp","href":"https:\/\/api.w.org\/{rel}","templated":true}]}}