{"id":987515213,"date":"2024-03-10T10:58:31","date_gmt":"2024-03-10T09:58:31","guid":{"rendered":"https:\/\/centrosbedda.com\/?p=987515213"},"modified":"2024-03-07T11:01:42","modified_gmt":"2024-03-07T10:01:42","slug":"depilacion-laser-despues-verano","status":"publish","type":"post","link":"https:\/\/agenciaseolocal.eu\/bedda\/depilacion-laser-despues-verano\/","title":{"rendered":"Depilaci\u00f3n l\u00e1ser despu\u00e9s del verano: Qu\u00e9 debes saber"},"content":{"rendered":"\n<p>El verano es una \u00e9poca en la que todos queremos lucir nuestra mejor versi\u00f3n. Pasamos horas al sol, disfrutamos de la playa o la piscina, y dejamos que el calor acaricie nuestra piel. Pero una vez que los d\u00edas se acortan y el fr\u00edo se avecina, es hora de enfrentar los da\u00f1os que el verano puede haber causado en nuestra piel. Uno de los aspectos m\u00e1s importantes a considerar es la&nbsp;<a href=\"https:\/\/agenciaseolocal.eu\/bedda\/\">depilaci\u00f3n l\u00e1ser<\/a>&nbsp;despu\u00e9s del verano. En este art\u00edculo, te contar\u00e9 todo lo que necesitas saber sobre este procedimiento y c\u00f3mo puede beneficiarte en esta temporada de transici\u00f3n.<\/p>\n\n\n\n<h2 class=\"wp-block-heading\">Ventajas de la depilaci\u00f3n l\u00e1ser despu\u00e9s del verano<\/h2>\n\n\n\n<p>La depilaci\u00f3n l\u00e1ser es un m\u00e9todo cada vez m\u00e1s popular para eliminar el vello no deseado. Aunque se puede realizar en cualquier \u00e9poca del a\u00f1o, el oto\u00f1o es un momento ideal para comenzar este tratamiento. \u00bfPor qu\u00e9? Bueno, durante el verano, nuestra piel est\u00e1 expuesta a los rayos del sol, lo que puede hacerla m\u00e1s sensible y propensa a sufrir da\u00f1os. Despu\u00e9s del verano, nuestra piel est\u00e1 m\u00e1s relajada y menos expuesta a condiciones agresivas. Esto significa que es el momento perfecto para someterse a sesiones de depilaci\u00f3n l\u00e1ser.<\/p>\n\n\n\n<p>Pero las&nbsp;<strong>ventajas de la depilaci\u00f3n l\u00e1ser despu\u00e9s del verano<\/strong>&nbsp;no se limitan solo a la salud de nuestra piel. Tambi\u00e9n es una excelente manera de prepararnos para el pr\u00f3ximo verano. Al comenzar el tratamiento en oto\u00f1o,&nbsp;<strong>tendr\u00e1s tiempo suficiente para completar todas las sesiones necesarias antes de que vuelva el calor<\/strong>. Imagina lo maravilloso que ser\u00eda disfrutar del pr\u00f3ximo verano sin tener que preocuparte por el vello no deseado. \u00a1Es como deshacerse de una carga pesada y liberarse para disfrutar plenamente de la temporada estival!<\/p>\n\n\n\n<p>Adem\u00e1s, es importante destacar que la depilaci\u00f3n l\u00e1ser no solo elimina el vello no deseado, sino que tambi\u00e9n&nbsp;<strong>ayuda a mejorar la textura de la piel<\/strong>. A medida que se realizan las sesiones, la piel se va suavizando y se reducen los vellos encarnados, lo que contribuye a una apariencia m\u00e1s uniforme y suave. Este beneficio adicional es especialmente apreciado por aquellos que buscan una piel suave y sin imperfecciones.<\/p>\n\n\n\n<p>Otro aspecto a considerar es la duraci\u00f3n de los&nbsp;<strong>resultados<\/strong>. A diferencia de otros m\u00e9todos de depilaci\u00f3n temporales, como la cera o las cuchillas, la depilaci\u00f3n l\u00e1ser ofrece resultados a largo plazo. Despu\u00e9s de completar las sesiones recomendadas, muchas personas experimentan una reducci\u00f3n significativa en el crecimiento del vello, lo que les permite disfrutar de una piel m\u00e1s suave y libre de vello durante per\u00edodos prolongados de tiempo.<\/p>\n\n\n\n<h2 class=\"wp-block-heading\">Consejos para cuidar tu piel sin esfuerzo tras el verano<\/h2>\n\n\n\n<p>Sabemos que el verano puede haber dejado su huella en nuestra piel, pero no te preocupes, hay muchas cosas que puedes hacer para ayudar a tu piel a recuperarse r\u00e1pidamente. Uno de los consejos m\u00e1s importantes es mantener tu piel hidratada.&nbsp;<strong>Durante el verano, nuestra piel pierde mucha hidrataci\u00f3n debido al calor y al sol<\/strong>. Es esencial asegurarse de que est\u00e9 bien hidratada para ayudar en el proceso de recuperaci\u00f3n.<\/p>\n\n\n\n<p>Recuerda tambi\u00e9n&nbsp;<strong>proteger tu piel del sol, incluso en oto\u00f1o<\/strong>. Aunque los rayos del sol pueden ser menos intensos en esta \u00e9poca del a\u00f1o, todav\u00eda pueden causar da\u00f1os a tu piel. Utiliza protector solar y evita la exposici\u00f3n prolongada al sol. Tambi\u00e9n es recomendable evitar duchas excesivamente calientes, ya que pueden resecar a\u00fan m\u00e1s la piel.<\/p>\n\n\n\n<p>Otro consejo importante es&nbsp;<strong>exfoliar regularmente tu piel<\/strong>. Durante el verano, nuestra piel acumula c\u00e9lulas muertas que pueden obstruir los poros y causar imperfecciones. Una exfoliaci\u00f3n suave ayudar\u00e1 a eliminar estas c\u00e9lulas muertas y dejar\u00e1 tu piel suave y renovada.<\/p>\n\n\n\n<h2 class=\"wp-block-heading\">Recomendaciones para la depilaci\u00f3n l\u00e1ser despu\u00e9s del verano<\/h2>\n\n\n\n<p>Ahora que conoces las ventajas de la depilaci\u00f3n l\u00e1ser despu\u00e9s del verano, es importante tener en cuenta algunas&nbsp;<strong>recomendaciones antes de comenzar el tratamiento<\/strong>. Primero, aseg\u00farate de&nbsp;<strong>buscar un centro de confianza&nbsp;<\/strong>con personal capacitado y experiencia en depilaci\u00f3n l\u00e1ser. Esto garantizar\u00e1 que recibas un tratamiento seguro y efectivo.<\/p>\n\n\n\n<p>Adem\u00e1s, antes de comenzar las sesiones de depilaci\u00f3n l\u00e1ser, es recomendable&nbsp;<strong>evitar exponer la piel al sol durante al menos dos semanas<\/strong>. Esto ayudar\u00e1 a evitar la sensibilidad y posibles reacciones adversas durante el tratamiento.<\/p>\n\n\n\n<p>Finalmente, es importante tener en cuenta que la depilaci\u00f3n l\u00e1ser&nbsp;<strong>no es un procedimiento instant\u00e1neo<\/strong>. Por lo general,&nbsp;<strong>se necesitan varias sesiones<\/strong>&nbsp;para lograr resultados \u00f3ptimos. Esto se debe a que el vello crece en diferentes etapas y solo puede ser eliminado durante su etapa de crecimiento. Pero no te desanimes, los resultados valen la espera y te aseguro que te sentir\u00e1s encantada con tu piel suave y libre de vello.<\/p>\n\n\n\n<h2 class=\"wp-block-heading\">C\u00f3mo el verano afecta a tu piel<\/h2>\n\n\n\n<p>Aunque el verano es una temporada maravillosa llena de momentos especiales, no debemos olvidar que tambi\u00e9n puede tener efectos negativos en nuestra piel. La exposici\u00f3n excesiva al sol puede provocar la aparici\u00f3n de manchas, arrugas y una piel apagada. Adem\u00e1s, el calor y la humedad pueden obstruir los poros e incluso causar brotes de acn\u00e9.<\/p>\n\n\n\n<p>Es por eso que es tan importante cuidar nuestra piel despu\u00e9s del verano y considerar tratamientos como la depilaci\u00f3n l\u00e1ser. Este m\u00e9todo no solo nos ayuda a deshacernos del vello no deseado, sino que tambi\u00e9n puede contribuir a mejorar la apariencia general de nuestra piel. Un beneficio adicional es que, a largo plazo, la depilaci\u00f3n l\u00e1ser puede reducir la necesidad de otros m\u00e9todos de depilaci\u00f3n, como la cera o las cuchillas, que pueden irritar la piel y causar molestias.<\/p>\n\n\n\n<h2 class=\"wp-block-heading\">Por qu\u00e9 hacerte la depilaci\u00f3n l\u00e1ser despu\u00e9s del verano en Centros bedda<\/h2>\n\n\n\n<p>Si est\u00e1s considerando someterte a depilaci\u00f3n l\u00e1ser despu\u00e9s del verano, es importante elegir un centro confiable y con experiencia en el tratamiento. Una excelente opci\u00f3n es acudir a&nbsp;<strong>Centros bedda<\/strong>. \u00bfPor qu\u00e9? Porque ofrecemos un enfoque personalizado, utilizando la&nbsp;<strong>\u00faltima tecnolog\u00eda l\u00e1ser<\/strong>&nbsp;y con profesionales altamente capacitados.<\/p>\n\n\n\n<p>En Centros bedda sabemos que cada cliente es \u00fanico, por lo que te daremos un&nbsp;<strong>plan de tratamiento adaptado a tus necesidades individuales<\/strong>. Adem\u00e1s, nuestros equipos l\u00e1ser garantizan resultados seguros y efectivos, sin causar da\u00f1os a la piel.<\/p>\n","protected":false},"excerpt":{"rendered":"<p>El verano es una \u00e9poca en la que todos queremos lucir nuestra mejor versi\u00f3n. Pasamos horas al sol, disfrutamos de la playa o la piscina, y dejamos que el calor acaricie nuestra piel. Pero una vez que los d\u00edas se acortan y el fr\u00edo se avecina, es hora de enfrentar los da\u00f1os que el verano [&hellip;]<\/p>\n","protected":false},"author":3,"featured_media":987515214,"comment_status":"open","ping_status":"closed","sticky":false,"template":"","format":"standard","meta":{"_et_pb_use_builder":"off","_et_pb_old_content":"","_et_gb_content_width":"","_joinchat":[],"footnotes":""},"categories":[51,65],"tags":[],"class_list":["post-987515213","post","type-post","status-publish","format-standard","has-post-thumbnail","hentry","category-blog","category-depilacion"],"yoast_head":"<!-- This site is optimized with the Yoast SEO plugin v25.9 - https:\/\/yoast.com\/wordpress\/plugins\/seo\/ -->\n<title>Depilaci\u00f3n l\u00e1ser despu\u00e9s del verano | Centros bedda<\/title>\n<meta name=\"description\" content=\"\u00bfConsejos y recomendaciones para la depilaci\u00f3n l\u00e1ser despu\u00e9s del verano? En este art\u00edculo de Centros bedda te los contamos. \u00a1Entra ya!\" \/>\n<meta name=\"robots\" content=\"noindex, follow, max-snippet:-1, max-image-preview:large, max-video-preview:-1\" \/>\n<meta property=\"og:locale\" content=\"es_ES\" \/>\n<meta property=\"og:type\" content=\"article\" \/>\n<meta property=\"og:title\" content=\"Depilaci\u00f3n l\u00e1ser despu\u00e9s del verano | Centros bedda\" \/>\n<meta property=\"og:description\" content=\"\u00bfConsejos y recomendaciones para la depilaci\u00f3n l\u00e1ser despu\u00e9s del verano? En este art\u00edculo de Centros bedda te los contamos. \u00a1Entra ya!\" \/>\n<meta property=\"og:url\" content=\"https:\/\/agenciaseolocal.eu\/bedda\/depilacion-laser-despues-verano\/\" \/>\n<meta property=\"og:site_name\" content=\"Centros bedda\" \/>\n<meta property=\"article:publisher\" content=\"https:\/\/www.facebook.com\/centrobedda\" \/>\n<meta property=\"article:published_time\" content=\"2024-03-10T09:58:31+00:00\" \/>\n<meta property=\"og:image\" content=\"https:\/\/agenciaseolocal.eu\/bedda\/wp-content\/uploads\/2024\/03\/mujer-traje-de-bano-relajante-cerca-del-borde-piscina.jpg\" \/>\n\t<meta property=\"og:image:width\" content=\"1700\" \/>\n\t<meta property=\"og:image:height\" content=\"800\" \/>\n\t<meta property=\"og:image:type\" content=\"image\/jpeg\" \/>\n<meta name=\"author\" content=\"Centros bedda\" \/>\n<meta name=\"twitter:card\" content=\"summary_large_image\" \/>\n<meta name=\"twitter:creator\" content=\"@centrosbedda\" \/>\n<meta name=\"twitter:site\" content=\"@centrosbedda\" \/>\n<meta name=\"twitter:label1\" content=\"Escrito por\" \/>\n\t<meta name=\"twitter:data1\" content=\"Centros bedda\" \/>\n\t<meta name=\"twitter:label2\" content=\"Tiempo de lectura\" \/>\n\t<meta name=\"twitter:data2\" content=\"5 minutos\" \/>\n<!-- \/ Yoast SEO plugin. -->","yoast_head_json":{"title":"Depilaci\u00f3n l\u00e1ser despu\u00e9s del verano | Centros bedda","description":"\u00bfConsejos y recomendaciones para la depilaci\u00f3n l\u00e1ser despu\u00e9s del verano? En este art\u00edculo de Centros bedda te los contamos. \u00a1Entra ya!","robots":{"index":"noindex","follow":"follow","max-snippet":"max-snippet:-1","max-image-preview":"max-image-preview:large","max-video-preview":"max-video-preview:-1"},"og_locale":"es_ES","og_type":"article","og_title":"Depilaci\u00f3n l\u00e1ser despu\u00e9s del verano | Centros bedda","og_description":"\u00bfConsejos y recomendaciones para la depilaci\u00f3n l\u00e1ser despu\u00e9s del verano? En este art\u00edculo de Centros bedda te los contamos. \u00a1Entra ya!","og_url":"https:\/\/agenciaseolocal.eu\/bedda\/depilacion-laser-despues-verano\/","og_site_name":"Centros bedda","article_publisher":"https:\/\/www.facebook.com\/centrobedda","article_published_time":"2024-03-10T09:58:31+00:00","og_image":[{"width":1700,"height":800,"url":"https:\/\/agenciaseolocal.eu\/bedda\/wp-content\/uploads\/2024\/03\/mujer-traje-de-bano-relajante-cerca-del-borde-piscina.jpg","type":"image\/jpeg"}],"author":"Centros bedda","twitter_card":"summary_large_image","twitter_creator":"@centrosbedda","twitter_site":"@centrosbedda","twitter_misc":{"Escrito por":"Centros bedda","Tiempo de lectura":"5 minutos"},"schema":{"@context":"https:\/\/schema.org","@graph":[{"@type":"Article","@id":"https:\/\/agenciaseolocal.eu\/bedda\/depilacion-laser-despues-verano\/#article","isPartOf":{"@id":"https:\/\/agenciaseolocal.eu\/bedda\/depilacion-laser-despues-verano\/"},"author":{"name":"Centros bedda","@id":"https:\/\/agenciaseolocal.eu\/bedda\/#\/schema\/person\/ca3010faf67f189fd2de8d61a763fc8b"},"headline":"Depilaci\u00f3n l\u00e1ser despu\u00e9s del verano: Qu\u00e9 debes saber","datePublished":"2024-03-10T09:58:31+00:00","mainEntityOfPage":{"@id":"https:\/\/agenciaseolocal.eu\/bedda\/depilacion-laser-despues-verano\/"},"wordCount":1136,"commentCount":0,"publisher":{"@id":"https:\/\/agenciaseolocal.eu\/bedda\/#organization"},"image":{"@id":"https:\/\/agenciaseolocal.eu\/bedda\/depilacion-laser-despues-verano\/#primaryimage"},"thumbnailUrl":"https:\/\/agenciaseolocal.eu\/bedda\/wp-content\/uploads\/2024\/03\/mujer-traje-de-bano-relajante-cerca-del-borde-piscina.jpg","articleSection":["Blog","Depilaci\u00f3n"],"inLanguage":"es","potentialAction":[{"@type":"CommentAction","name":"Comment","target":["https:\/\/agenciaseolocal.eu\/bedda\/depilacion-laser-despues-verano\/#respond"]}]},{"@type":"WebPage","@id":"https:\/\/agenciaseolocal.eu\/bedda\/depilacion-laser-despues-verano\/","url":"https:\/\/agenciaseolocal.eu\/bedda\/depilacion-laser-despues-verano\/","name":"Depilaci\u00f3n l\u00e1ser despu\u00e9s del verano | Centros bedda","isPartOf":{"@id":"https:\/\/agenciaseolocal.eu\/bedda\/#website"},"primaryImageOfPage":{"@id":"https:\/\/agenciaseolocal.eu\/bedda\/depilacion-laser-despues-verano\/#primaryimage"},"image":{"@id":"https:\/\/agenciaseolocal.eu\/bedda\/depilacion-laser-despues-verano\/#primaryimage"},"thumbnailUrl":"https:\/\/agenciaseolocal.eu\/bedda\/wp-content\/uploads\/2024\/03\/mujer-traje-de-bano-relajante-cerca-del-borde-piscina.jpg","datePublished":"2024-03-10T09:58:31+00:00","description":"\u00bfConsejos y recomendaciones para la depilaci\u00f3n l\u00e1ser despu\u00e9s del verano? En este art\u00edculo de Centros bedda te los contamos. \u00a1Entra ya!","breadcrumb":{"@id":"https:\/\/agenciaseolocal.eu\/bedda\/depilacion-laser-despues-verano\/#breadcrumb"},"inLanguage":"es","potentialAction":[{"@type":"ReadAction","target":["https:\/\/agenciaseolocal.eu\/bedda\/depilacion-laser-despues-verano\/"]}]},{"@type":"ImageObject","inLanguage":"es","@id":"https:\/\/agenciaseolocal.eu\/bedda\/depilacion-laser-despues-verano\/#primaryimage","url":"https:\/\/agenciaseolocal.eu\/bedda\/wp-content\/uploads\/2024\/03\/mujer-traje-de-bano-relajante-cerca-del-borde-piscina.jpg","contentUrl":"https:\/\/agenciaseolocal.eu\/bedda\/wp-content\/uploads\/2024\/03\/mujer-traje-de-bano-relajante-cerca-del-borde-piscina.jpg","width":1700,"height":800,"caption":"mujer traje de ba\u00f1o relajante cerca del borde piscina"},{"@type":"BreadcrumbList","@id":"https:\/\/agenciaseolocal.eu\/bedda\/depilacion-laser-despues-verano\/#breadcrumb","itemListElement":[{"@type":"ListItem","position":1,"name":"Portada","item":"https:\/\/agenciaseolocal.eu\/bedda\/"},{"@type":"ListItem","position":2,"name":"Depilaci\u00f3n l\u00e1ser despu\u00e9s del verano: Qu\u00e9 debes saber"}]},{"@type":"WebSite","@id":"https:\/\/agenciaseolocal.eu\/bedda\/#website","url":"https:\/\/agenciaseolocal.eu\/bedda\/","name":"Centros bedda","description":"Centro de depilaci\u00f3n l\u00e1ser","publisher":{"@id":"https:\/\/agenciaseolocal.eu\/bedda\/#organization"},"potentialAction":[{"@type":"SearchAction","target":{"@type":"EntryPoint","urlTemplate":"https:\/\/agenciaseolocal.eu\/bedda\/?s={search_term_string}"},"query-input":{"@type":"PropertyValueSpecification","valueRequired":true,"valueName":"search_term_string"}}],"inLanguage":"es"},{"@type":"Organization","@id":"https:\/\/agenciaseolocal.eu\/bedda\/#organization","name":"Centros bedda","url":"https:\/\/agenciaseolocal.eu\/bedda\/","logo":{"@type":"ImageObject","inLanguage":"es","@id":"https:\/\/agenciaseolocal.eu\/bedda\/#\/schema\/logo\/image\/","url":"https:\/\/agenciaseolocal.eu\/bedda\/wp-content\/uploads\/2024\/04\/centros-bedda-depilacion-laser-logo.png","contentUrl":"https:\/\/agenciaseolocal.eu\/bedda\/wp-content\/uploads\/2024\/04\/centros-bedda-depilacion-laser-logo.png","width":220,"height":220,"caption":"Centros bedda"},"image":{"@id":"https:\/\/agenciaseolocal.eu\/bedda\/#\/schema\/logo\/image\/"},"sameAs":["https:\/\/www.facebook.com\/centrobedda","https:\/\/x.com\/centrosbedda","https:\/\/www.youtube.com\/channel\/UCV57tDnQcnHfTici1funk4g?app=desktop","https:\/\/www.instagram.com\/centrosbedda\/","https:\/\/www.linkedin.com\/company\/centros-bedda\/"]},{"@type":"Person","@id":"https:\/\/agenciaseolocal.eu\/bedda\/#\/schema\/person\/ca3010faf67f189fd2de8d61a763fc8b","name":"Centros bedda","image":{"@type":"ImageObject","inLanguage":"es","@id":"https:\/\/agenciaseolocal.eu\/bedda\/#\/schema\/person\/image\/","url":"https:\/\/secure.gravatar.com\/avatar\/ea1f00b0a249719594f6b50ee5d3214c2c192531d8f80f789208e2aa9605ac08?s=96&d=mm&r=g","contentUrl":"https:\/\/secure.gravatar.com\/avatar\/ea1f00b0a249719594f6b50ee5d3214c2c192531d8f80f789208e2aa9605ac08?s=96&d=mm&r=g","caption":"Centros bedda"},"url":"https:\/\/agenciaseolocal.eu\/bedda\/author\/mktpmp_gedfwb31y\/"}]}},"_links":{"self":[{"href":"https:\/\/agenciaseolocal.eu\/bedda\/wp-json\/wp\/v2\/posts\/987515213","targetHints":{"allow":["GET"]}}],"collection":[{"href":"https:\/\/agenciaseolocal.eu\/bedda\/wp-json\/wp\/v2\/posts"}],"about":[{"href":"https:\/\/agenciaseolocal.eu\/bedda\/wp-json\/wp\/v2\/types\/post"}],"author":[{"embeddable":true,"href":"https:\/\/agenciaseolocal.eu\/bedda\/wp-json\/wp\/v2\/users\/3"}],"replies":[{"embeddable":true,"href":"https:\/\/agenciaseolocal.eu\/bedda\/wp-json\/wp\/v2\/comments?post=987515213"}],"version-history":[{"count":1,"href":"https:\/\/agenciaseolocal.eu\/bedda\/wp-json\/wp\/v2\/posts\/987515213\/revisions"}],"predecessor-version":[{"id":987515215,"href":"https:\/\/agenciaseolocal.eu\/bedda\/wp-json\/wp\/v2\/posts\/987515213\/revisions\/987515215"}],"wp:featuredmedia":[{"embeddable":true,"href":"https:\/\/agenciaseolocal.eu\/bedda\/wp-json\/wp\/v2\/media\/987515214"}],"wp:attachment":[{"href":"https:\/\/agenciaseolocal.eu\/bedda\/wp-json\/wp\/v2\/media?parent=987515213"}],"wp:term":[{"taxonomy":"category","embeddable":true,"href":"https:\/\/agenciaseolocal.eu\/bedda\/wp-json\/wp\/v2\/categories?post=987515213"},{"taxonomy":"post_tag","embeddable":true,"href":"https:\/\/agenciaseolocal.eu\/bedda\/wp-json\/wp\/v2\/tags?post=987515213"}],"curies":[{"name":"wp","href":"https:\/\/api.w.org\/{rel}","templated":true}]}}