{"id":987515218,"date":"2024-03-12T10:02:26","date_gmt":"2024-03-12T09:02:26","guid":{"rendered":"https:\/\/centrosbedda.com\/?p=987515218"},"modified":"2025-01-15T14:52:12","modified_gmt":"2025-01-15T13:52:12","slug":"falsos-mitos-depilacion-laser-cara","status":"publish","type":"post","link":"https:\/\/agenciaseolocal.eu\/bedda\/falsos-mitos-depilacion-laser-cara\/","title":{"rendered":"Falsos mitos de la depilaci\u00f3n laser en la cara"},"content":{"rendered":"\n<p>La&nbsp;<strong>depilaci\u00f3n l\u00e1ser facial<\/strong>&nbsp;es un procedimiento cada vez m\u00e1s popular para eliminar el vello no deseado en el rostro. Sin embargo, existe una serie de falsos mitos que rodean a este tratamiento. En este art\u00edculo de&nbsp;<a href=\"https:\/\/agenciaseolocal.eu\/bedda\/\">Centros bedda<\/a>, desmitificaremos estas creencias err\u00f3neas y te daremos informaci\u00f3n precisa sobre la depilaci\u00f3n l\u00e1ser en la cara.<\/p>\n\n\n\n<h2 class=\"wp-block-heading\">Desmitificando las consecuencias de la depilaci\u00f3n l\u00e1ser facial<\/h2>\n\n\n\n<p>Uno de los mitos m\u00e1s comunes sobre la&nbsp;<a href=\"https:\/\/agenciaseolocal.eu\/bedda\/tratamientos\/depilacion-laser-facial-mujer\/\">depilaci\u00f3n l\u00e1ser facial<\/a>&nbsp;es que es&nbsp;<strong>dolorosa<\/strong>. Sin embargo, esto no es del todo cierto. Aunque algunas personas pueden experimentar sensaciones de leve incomodidad durante el tratamiento, la mayor\u00eda de los pacientes describen la depilaci\u00f3n l\u00e1ser facial como un&nbsp;<strong>ligero pellizco en la piel<\/strong>. Adem\u00e1s, los avances tecnol\u00f3gicos han permitido el desarrollo de equipos l\u00e1ser con sistemas de enfriamiento incorporados, lo que ayuda a minimizar cualquier molestia.<\/p>\n\n\n\n<p>Otro mito frecuente es que la depilaci\u00f3n l\u00e1ser facial&nbsp;<strong>puede causar cicatrices permanentes<\/strong>. En realidad, esto es extremadamente raro. Las t\u00e9cnicas modernas de depilaci\u00f3n l\u00e1ser son seguras y altamente efectivas, minimizando el riesgo de cualquier da\u00f1o permanente en la piel. Es importante seguir las instrucciones del especialista y acudir a un centro de confianza para garantizar resultados satisfactorios.<\/p>\n\n\n\n<p>La depilaci\u00f3n l\u00e1ser facial es un procedimiento cada vez m\u00e1s popular debido a su eficacia y resultados duraderos. Adem\u00e1s de eliminar el vello no deseado, la depilaci\u00f3n l\u00e1ser facial tambi\u00e9n puede mejorar la textura de la piel y reducir la apariencia de poros dilatados. Esto se debe a que el l\u00e1ser estimula la producci\u00f3n de col\u00e1geno, lo que ayuda a rejuvenecer la piel y a darle un aspecto m\u00e1s suave y uniforme.<\/p>\n\n\n\n<p>Es fundamental proteger la piel tratada del sol despu\u00e9s de someterse a una sesi\u00f3n de depilaci\u00f3n l\u00e1ser facial. La exposici\u00f3n al sol puede aumentar el riesgo de complicaciones y afectar la eficacia del tratamiento. Se recomienda el uso de protector solar de amplio espectro y evitar la exposici\u00f3n directa al sol durante al menos dos semanas despu\u00e9s del procedimiento para garantizar una \u00f3ptima recuperaci\u00f3n de la piel.<\/p>\n\n\n\n<h2 class=\"wp-block-heading\">La depilaci\u00f3n facial es efectiva para todos los tipos de vello y piel<\/h2>\n\n\n\n<p>Contrario a lo que se pueda pensar, la depilaci\u00f3n l\u00e1ser facial&nbsp;<strong>es un procedimiento efectivo tanto para&nbsp;<a href=\"https:\/\/agenciaseolocal.eu\/bedda\/depilacion-laser-hombre\/\">hombres<\/a>&nbsp;como para&nbsp;<a href=\"https:\/\/agenciaseolocal.eu\/bedda\/depilacion-laser-mujer\/\">mujeres<\/a><\/strong>, independientemente de su tipo de vello y tono de piel. Los equipos l\u00e1ser modernos cuentan con diferentes configuraciones que se adaptan a las necesidades individuales de cada persona. Si bien los resultados pueden variar seg\u00fan cada caso, la mayor\u00eda de los pacientes experimentan una reducci\u00f3n significativa del vello no deseado.<\/p>\n\n\n\n<p>Es importante tener en cuenta que la depilaci\u00f3n l\u00e1ser facial&nbsp;<strong>no causa da\u00f1o permanente a la piel<\/strong>. Es cierto que el l\u00e1ser atraviesa la capa superficial de la piel para llegar a los fol\u00edculos pilosos y desactivarlos, pero esto no significa que la piel se vea afectada de forma permanente. Despu\u00e9s del tratamiento, es posible que la piel presente un enrojecimiento o una ligera sensibilidad, pero estos efectos secundarios suelen desaparecer r\u00e1pidamente.<\/p>\n\n\n\n<p>Adem\u00e1s, es fundamental mencionar que la depilaci\u00f3n l\u00e1ser facial&nbsp;<strong>es un procedimiento seguro y controlado por profesionales capacitados<\/strong>&nbsp;en el uso de esta tecnolog\u00eda. Antes de someterse a cualquier sesi\u00f3n de depilaci\u00f3n l\u00e1ser, es recomendable realizar una consulta previa con un especialista para evaluar el tipo de piel, el color del vello y cualquier condici\u00f3n m\u00e9dica que pueda influir en el tratamiento.<\/p>\n\n\n\n<p>Es importante seguir las indicaciones del especialista antes y despu\u00e9s de cada sesi\u00f3n de depilaci\u00f3n l\u00e1ser facial para garantizar la eficacia del procedimiento y minimizar cualquier riesgo potencial. Mantener la piel limpia e hidratada, as\u00ed como protegerla del sol, son medidas clave para obtener los mejores resultados y disfrutar de una piel suave y sin vello de forma duradera.<\/p>\n\n\n\n<h2 class=\"wp-block-heading\">La depilaci\u00f3n l\u00e1ser en el rostro es solo para mujeres<\/h2>\n\n\n\n<p>\u00a1Nada m\u00e1s alejado de la realidad! La depilaci\u00f3n l\u00e1ser facial&nbsp;<strong>es igualmente efectiva y segura para hombres y mujeres<\/strong>. Cada vez m\u00e1s hombres optan por este m\u00e9todo para eliminar el vello no deseado en su rostro. Ya sea para perfilar la&nbsp;<a href=\"https:\/\/agenciaseolocal.eu\/bedda\/tratamientos\/depilacion-laser-barba-hombre\/\">barba<\/a>, eliminar el vello de las mejillas o del cuello, la depilaci\u00f3n l\u00e1ser facial puede ser una excelente alternativa al afeitado diario o a otros m\u00e9todos de depilaci\u00f3n no permanentes.<\/p>\n\n\n\n<p>La tecnolog\u00eda l\u00e1ser utilizada en la depilaci\u00f3n facial es capaz de dirigirse de manera precisa al fol\u00edculo piloso, sin da\u00f1ar la piel circundante. Esto la convierte en una opci\u00f3n segura y eficaz para hombres que desean una piel suave y sin vello en su rostro. Adem\u00e1s, al ser un m\u00e9todo de depilaci\u00f3n de larga duraci\u00f3n, los hombres pueden disfrutar de resultados duraderos y olvidarse de la constante preocupaci\u00f3n por el vello no deseado.<\/p>\n\n\n\n<h2 class=\"wp-block-heading\">Por qu\u00e9 hacerte la depilaci\u00f3n l\u00e1ser facial en Centros bedda<\/h2>\n\n\n\n<ul class=\"wp-block-list\">\n<li><strong>Profesionales altamente cualificados:<\/strong>&nbsp;En nuestros Centros bedda, contamos con un equipo de especialistas en depilaci\u00f3n l\u00e1ser facial que tienen a\u00f1os de experiencia en este campo. Te brindaremos un trato personalizado y profesional.<\/li>\n\n\n\n<li><strong>Tecnolog\u00eda de vanguardia:<\/strong>&nbsp;Nuestros centros est\u00e1n equipados con l\u00e1seres de \u00faltima generaci\u00f3n que ofrecen resultados \u00f3ptimos. Adem\u00e1s, aseguramos un ambiente seguro y c\u00f3modo para tu comodidad.<\/li>\n\n\n\n<li><strong>Asesoramiento personalizado:<\/strong>&nbsp;Antes de iniciar cualquier tratamiento, realizamos una evaluaci\u00f3n completa de tu piel y vello facial para determinar el mejor enfoque. Te ofreceremos asesoramiento experto y responderemos todas tus preguntas.<\/li>\n\n\n\n<li><strong>Resultados duraderos:<\/strong>&nbsp;La depilaci\u00f3n l\u00e1ser facial en Centros bedda brinda resultados duraderos. A medida que avances en el tratamiento, notar\u00e1s una reducci\u00f3n significativa del vello no deseado en tu rostro. Olv\u00eddate de las rutinas diarias de afeitado y disfruta de una piel suave y sin vello.<\/li>\n<\/ul>\n\n\n\n<p>En resumen, la depilaci\u00f3n l\u00e1ser facial no solo es segura y efectiva, sino que tambi\u00e9n es una excelente opci\u00f3n para eliminar el vello no deseado en el rostro. Los falsos mitos que rodean a este tratamiento solo generan temores infundados. Si est\u00e1s considerando la depilaci\u00f3n l\u00e1ser facial, acude a Centros bedda, donde encontrar\u00e1s profesionales capacitados, tecnolog\u00eda avanzada y resultados duraderos. \u00a1No te arrepentir\u00e1s!<\/p>\n\n\n\n<p>Adem\u00e1s de los beneficios mencionados anteriormente, la depilaci\u00f3n l\u00e1ser facial en Centros bedda tambi\u00e9n puede ayudarte a mejorar la textura y apariencia general de tu piel. El l\u00e1ser utilizado en nuestros centros estimula la producci\u00f3n de col\u00e1geno, lo que puede resultar en una piel m\u00e1s firme y rejuvenecida. Esto significa que no solo te deshar\u00e1s del vello no deseado, sino que tambi\u00e9n podr\u00e1s disfrutar de una piel radiante y saludable.<\/p>\n\n\n\n<p>Otro aspecto importante a tener en cuenta es que la depilaci\u00f3n l\u00e1ser facial en Centros bedda es un tratamiento no invasivo y pr\u00e1cticamente indoloro. A diferencia de otros m\u00e9todos de depilaci\u00f3n, como la cera o la cuchilla, el l\u00e1ser no causa irritaci\u00f3n ni da\u00f1o en la piel. Nuestros especialistas se asegurar\u00e1n de ajustar la intensidad del l\u00e1ser de acuerdo a tu tipo de piel y sensibilidad, para garantizar una experiencia c\u00f3moda y segura.<\/p>\n","protected":false},"excerpt":{"rendered":"<p>La&nbsp;depilaci\u00f3n l\u00e1ser facial&nbsp;es un procedimiento cada vez m\u00e1s popular para eliminar el vello no deseado en el rostro. Sin embargo, existe una serie de falsos mitos que rodean a este tratamiento. En este art\u00edculo de&nbsp;Centros bedda, desmitificaremos estas creencias err\u00f3neas y te daremos informaci\u00f3n precisa sobre la depilaci\u00f3n l\u00e1ser en la cara. Desmitificando las consecuencias [&hellip;]<\/p>\n","protected":false},"author":3,"featured_media":987515225,"comment_status":"open","ping_status":"closed","sticky":false,"template":"","format":"standard","meta":{"_et_pb_use_builder":"off","_et_pb_old_content":"","_et_gb_content_width":"","_joinchat":[],"footnotes":""},"categories":[51,65,50],"tags":[],"class_list":["post-987515218","post","type-post","status-publish","format-standard","has-post-thumbnail","hentry","category-blog","category-depilacion","category-facial"],"yoast_head":"<!-- This site is optimized with the Yoast SEO plugin v25.9 - https:\/\/yoast.com\/wordpress\/plugins\/seo\/ -->\n<title>Mitos de la depilaci\u00f3n l\u00e1ser en la cara | Centros bedda<\/title>\n<meta name=\"description\" content=\"\u00bfCu\u00e1les son los falsos mitos de la depilaci\u00f3n l\u00e1ser en la cara? En este art\u00edculo de Centros bedda te lo contamos. \u00a1Entra ahora y desc\u00fabrelo!\" \/>\n<meta name=\"robots\" content=\"noindex, follow, max-snippet:-1, max-image-preview:large, max-video-preview:-1\" \/>\n<meta property=\"og:locale\" content=\"es_ES\" \/>\n<meta property=\"og:type\" content=\"article\" \/>\n<meta property=\"og:title\" content=\"Mitos de la depilaci\u00f3n l\u00e1ser en la cara | Centros bedda\" \/>\n<meta property=\"og:description\" content=\"\u00bfCu\u00e1les son los falsos mitos de la depilaci\u00f3n l\u00e1ser en la cara? En este art\u00edculo de Centros bedda te lo contamos. \u00a1Entra ahora y desc\u00fabrelo!\" \/>\n<meta property=\"og:url\" content=\"https:\/\/agenciaseolocal.eu\/bedda\/falsos-mitos-depilacion-laser-cara\/\" \/>\n<meta property=\"og:site_name\" content=\"Centros bedda\" \/>\n<meta property=\"article:publisher\" content=\"https:\/\/www.facebook.com\/centrobedda\" \/>\n<meta property=\"article:published_time\" content=\"2024-03-12T09:02:26+00:00\" \/>\n<meta property=\"article:modified_time\" content=\"2025-01-15T13:52:12+00:00\" \/>\n<meta property=\"og:image\" content=\"https:\/\/agenciaseolocal.eu\/bedda\/wp-content\/uploads\/2024\/03\/chica-joven-realizandose-depilacion-laser-cara-gafas-grandes.jpeg\" \/>\n\t<meta property=\"og:image:width\" content=\"1700\" \/>\n\t<meta property=\"og:image:height\" content=\"700\" \/>\n\t<meta property=\"og:image:type\" content=\"image\/jpeg\" \/>\n<meta name=\"author\" content=\"Centros bedda\" \/>\n<meta name=\"twitter:card\" content=\"summary_large_image\" \/>\n<meta name=\"twitter:creator\" content=\"@centrosbedda\" \/>\n<meta name=\"twitter:site\" content=\"@centrosbedda\" \/>\n<meta name=\"twitter:label1\" content=\"Escrito por\" \/>\n\t<meta name=\"twitter:data1\" content=\"Centros bedda\" \/>\n\t<meta name=\"twitter:label2\" content=\"Tiempo de lectura\" \/>\n\t<meta name=\"twitter:data2\" content=\"1 minuto\" \/>\n<!-- \/ Yoast SEO plugin. -->","yoast_head_json":{"title":"Mitos de la depilaci\u00f3n l\u00e1ser en la cara | Centros bedda","description":"\u00bfCu\u00e1les son los falsos mitos de la depilaci\u00f3n l\u00e1ser en la cara? En este art\u00edculo de Centros bedda te lo contamos. \u00a1Entra ahora y desc\u00fabrelo!","robots":{"index":"noindex","follow":"follow","max-snippet":"max-snippet:-1","max-image-preview":"max-image-preview:large","max-video-preview":"max-video-preview:-1"},"og_locale":"es_ES","og_type":"article","og_title":"Mitos de la depilaci\u00f3n l\u00e1ser en la cara | Centros bedda","og_description":"\u00bfCu\u00e1les son los falsos mitos de la depilaci\u00f3n l\u00e1ser en la cara? En este art\u00edculo de Centros bedda te lo contamos. \u00a1Entra ahora y desc\u00fabrelo!","og_url":"https:\/\/agenciaseolocal.eu\/bedda\/falsos-mitos-depilacion-laser-cara\/","og_site_name":"Centros bedda","article_publisher":"https:\/\/www.facebook.com\/centrobedda","article_published_time":"2024-03-12T09:02:26+00:00","article_modified_time":"2025-01-15T13:52:12+00:00","og_image":[{"width":1700,"height":700,"url":"https:\/\/agenciaseolocal.eu\/bedda\/wp-content\/uploads\/2024\/03\/chica-joven-realizandose-depilacion-laser-cara-gafas-grandes.jpeg","type":"image\/jpeg"}],"author":"Centros bedda","twitter_card":"summary_large_image","twitter_creator":"@centrosbedda","twitter_site":"@centrosbedda","twitter_misc":{"Escrito por":"Centros bedda","Tiempo de lectura":"1 minuto"},"schema":{"@context":"https:\/\/schema.org","@graph":[{"@type":"Article","@id":"https:\/\/agenciaseolocal.eu\/bedda\/falsos-mitos-depilacion-laser-cara\/#article","isPartOf":{"@id":"https:\/\/agenciaseolocal.eu\/bedda\/falsos-mitos-depilacion-laser-cara\/"},"author":{"name":"Centros bedda","@id":"https:\/\/agenciaseolocal.eu\/bedda\/#\/schema\/person\/ca3010faf67f189fd2de8d61a763fc8b"},"headline":"Falsos mitos de la depilaci\u00f3n laser en la cara","datePublished":"2024-03-12T09:02:26+00:00","dateModified":"2025-01-15T13:52:12+00:00","mainEntityOfPage":{"@id":"https:\/\/agenciaseolocal.eu\/bedda\/falsos-mitos-depilacion-laser-cara\/"},"wordCount":1290,"commentCount":0,"publisher":{"@id":"https:\/\/agenciaseolocal.eu\/bedda\/#organization"},"image":{"@id":"https:\/\/agenciaseolocal.eu\/bedda\/falsos-mitos-depilacion-laser-cara\/#primaryimage"},"thumbnailUrl":"https:\/\/agenciaseolocal.eu\/bedda\/wp-content\/uploads\/2024\/03\/chica-joven-realizandose-depilacion-laser-cara-gafas-grandes.jpeg","articleSection":["Blog","Depilaci\u00f3n","Facial"],"inLanguage":"es","potentialAction":[{"@type":"CommentAction","name":"Comment","target":["https:\/\/agenciaseolocal.eu\/bedda\/falsos-mitos-depilacion-laser-cara\/#respond"]}]},{"@type":"WebPage","@id":"https:\/\/agenciaseolocal.eu\/bedda\/falsos-mitos-depilacion-laser-cara\/","url":"https:\/\/agenciaseolocal.eu\/bedda\/falsos-mitos-depilacion-laser-cara\/","name":"Mitos de la depilaci\u00f3n l\u00e1ser en la cara | Centros bedda","isPartOf":{"@id":"https:\/\/agenciaseolocal.eu\/bedda\/#website"},"primaryImageOfPage":{"@id":"https:\/\/agenciaseolocal.eu\/bedda\/falsos-mitos-depilacion-laser-cara\/#primaryimage"},"image":{"@id":"https:\/\/agenciaseolocal.eu\/bedda\/falsos-mitos-depilacion-laser-cara\/#primaryimage"},"thumbnailUrl":"https:\/\/agenciaseolocal.eu\/bedda\/wp-content\/uploads\/2024\/03\/chica-joven-realizandose-depilacion-laser-cara-gafas-grandes.jpeg","datePublished":"2024-03-12T09:02:26+00:00","dateModified":"2025-01-15T13:52:12+00:00","description":"\u00bfCu\u00e1les son los falsos mitos de la depilaci\u00f3n l\u00e1ser en la cara? En este art\u00edculo de Centros bedda te lo contamos. \u00a1Entra ahora y desc\u00fabrelo!","breadcrumb":{"@id":"https:\/\/agenciaseolocal.eu\/bedda\/falsos-mitos-depilacion-laser-cara\/#breadcrumb"},"inLanguage":"es","potentialAction":[{"@type":"ReadAction","target":["https:\/\/agenciaseolocal.eu\/bedda\/falsos-mitos-depilacion-laser-cara\/"]}]},{"@type":"ImageObject","inLanguage":"es","@id":"https:\/\/agenciaseolocal.eu\/bedda\/falsos-mitos-depilacion-laser-cara\/#primaryimage","url":"https:\/\/agenciaseolocal.eu\/bedda\/wp-content\/uploads\/2024\/03\/chica-joven-realizandose-depilacion-laser-cara-gafas-grandes.jpeg","contentUrl":"https:\/\/agenciaseolocal.eu\/bedda\/wp-content\/uploads\/2024\/03\/chica-joven-realizandose-depilacion-laser-cara-gafas-grandes.jpeg","width":1700,"height":700,"caption":"chica joven realiz\u00e1ndose depilaci\u00f3n-laser cara gafas grandes"},{"@type":"BreadcrumbList","@id":"https:\/\/agenciaseolocal.eu\/bedda\/falsos-mitos-depilacion-laser-cara\/#breadcrumb","itemListElement":[{"@type":"ListItem","position":1,"name":"Portada","item":"https:\/\/agenciaseolocal.eu\/bedda\/"},{"@type":"ListItem","position":2,"name":"Falsos mitos de la depilaci\u00f3n laser en la cara"}]},{"@type":"WebSite","@id":"https:\/\/agenciaseolocal.eu\/bedda\/#website","url":"https:\/\/agenciaseolocal.eu\/bedda\/","name":"Centros bedda","description":"Centro de depilaci\u00f3n l\u00e1ser","publisher":{"@id":"https:\/\/agenciaseolocal.eu\/bedda\/#organization"},"potentialAction":[{"@type":"SearchAction","target":{"@type":"EntryPoint","urlTemplate":"https:\/\/agenciaseolocal.eu\/bedda\/?s={search_term_string}"},"query-input":{"@type":"PropertyValueSpecification","valueRequired":true,"valueName":"search_term_string"}}],"inLanguage":"es"},{"@type":"Organization","@id":"https:\/\/agenciaseolocal.eu\/bedda\/#organization","name":"Centros bedda","url":"https:\/\/agenciaseolocal.eu\/bedda\/","logo":{"@type":"ImageObject","inLanguage":"es","@id":"https:\/\/agenciaseolocal.eu\/bedda\/#\/schema\/logo\/image\/","url":"https:\/\/agenciaseolocal.eu\/bedda\/wp-content\/uploads\/2024\/04\/centros-bedda-depilacion-laser-logo.png","contentUrl":"https:\/\/agenciaseolocal.eu\/bedda\/wp-content\/uploads\/2024\/04\/centros-bedda-depilacion-laser-logo.png","width":220,"height":220,"caption":"Centros bedda"},"image":{"@id":"https:\/\/agenciaseolocal.eu\/bedda\/#\/schema\/logo\/image\/"},"sameAs":["https:\/\/www.facebook.com\/centrobedda","https:\/\/x.com\/centrosbedda","https:\/\/www.youtube.com\/channel\/UCV57tDnQcnHfTici1funk4g?app=desktop","https:\/\/www.instagram.com\/centrosbedda\/","https:\/\/www.linkedin.com\/company\/centros-bedda\/"]},{"@type":"Person","@id":"https:\/\/agenciaseolocal.eu\/bedda\/#\/schema\/person\/ca3010faf67f189fd2de8d61a763fc8b","name":"Centros bedda","image":{"@type":"ImageObject","inLanguage":"es","@id":"https:\/\/agenciaseolocal.eu\/bedda\/#\/schema\/person\/image\/","url":"https:\/\/secure.gravatar.com\/avatar\/ea1f00b0a249719594f6b50ee5d3214c2c192531d8f80f789208e2aa9605ac08?s=96&d=mm&r=g","contentUrl":"https:\/\/secure.gravatar.com\/avatar\/ea1f00b0a249719594f6b50ee5d3214c2c192531d8f80f789208e2aa9605ac08?s=96&d=mm&r=g","caption":"Centros bedda"},"url":"https:\/\/agenciaseolocal.eu\/bedda\/author\/mktpmp_gedfwb31y\/"}]}},"_links":{"self":[{"href":"https:\/\/agenciaseolocal.eu\/bedda\/wp-json\/wp\/v2\/posts\/987515218","targetHints":{"allow":["GET"]}}],"collection":[{"href":"https:\/\/agenciaseolocal.eu\/bedda\/wp-json\/wp\/v2\/posts"}],"about":[{"href":"https:\/\/agenciaseolocal.eu\/bedda\/wp-json\/wp\/v2\/types\/post"}],"author":[{"embeddable":true,"href":"https:\/\/agenciaseolocal.eu\/bedda\/wp-json\/wp\/v2\/users\/3"}],"replies":[{"embeddable":true,"href":"https:\/\/agenciaseolocal.eu\/bedda\/wp-json\/wp\/v2\/comments?post=987515218"}],"version-history":[{"count":2,"href":"https:\/\/agenciaseolocal.eu\/bedda\/wp-json\/wp\/v2\/posts\/987515218\/revisions"}],"predecessor-version":[{"id":987518315,"href":"https:\/\/agenciaseolocal.eu\/bedda\/wp-json\/wp\/v2\/posts\/987515218\/revisions\/987518315"}],"wp:featuredmedia":[{"embeddable":true,"href":"https:\/\/agenciaseolocal.eu\/bedda\/wp-json\/wp\/v2\/media\/987515225"}],"wp:attachment":[{"href":"https:\/\/agenciaseolocal.eu\/bedda\/wp-json\/wp\/v2\/media?parent=987515218"}],"wp:term":[{"taxonomy":"category","embeddable":true,"href":"https:\/\/agenciaseolocal.eu\/bedda\/wp-json\/wp\/v2\/categories?post=987515218"},{"taxonomy":"post_tag","embeddable":true,"href":"https:\/\/agenciaseolocal.eu\/bedda\/wp-json\/wp\/v2\/tags?post=987515218"}],"curies":[{"name":"wp","href":"https:\/\/api.w.org\/{rel}","templated":true}]}}