{"id":987515219,"date":"2024-03-13T10:04:37","date_gmt":"2024-03-13T09:04:37","guid":{"rendered":"https:\/\/centrosbedda.com\/?p=987515219"},"modified":"2025-01-15T14:51:44","modified_gmt":"2025-01-15T13:51:44","slug":"depilacion-laser-provoca-cancer-desmontando-falso-mito","status":"publish","type":"post","link":"https:\/\/agenciaseolocal.eu\/bedda\/depilacion-laser-provoca-cancer-desmontando-falso-mito\/","title":{"rendered":"La depilaci\u00f3n laser provoca c\u00e1ncer: Desmontando el falso mito"},"content":{"rendered":"\n<p>La&nbsp;<a href=\"https:\/\/agenciaseolocal.eu\/bedda\/\">depilaci\u00f3n l\u00e1ser<\/a>&nbsp;es uno de los m\u00e9todos m\u00e1s populares para eliminar el vello no deseado en la actualidad. Sin embargo, existe un mito persistente que afirma que&nbsp;<strong>la depilaci\u00f3n l\u00e1ser puede provocar c\u00e1ncer<\/strong>. En este art\u00edculo,&nbsp;<strong>desmontaremos este falso mito<\/strong>&nbsp;y examinaremos las verdades detr\u00e1s de la depilaci\u00f3n l\u00e1ser y su impacto en la salud.<\/p>\n\n\n\n<h2 class=\"wp-block-heading\">\u00bfPor qu\u00e9 se dice que la depilaci\u00f3n l\u00e1ser provoca c\u00e1ncer?<\/h2>\n\n\n\n<p>Es importante comprender que&nbsp;<strong>la depilaci\u00f3n l\u00e1ser no emite radiaci\u00f3n ionizante<\/strong>, la cual es la que se relaciona con el desarrollo de enfermedades como el c\u00e1ncer. A diferencia de otros tratamientos m\u00e9dicos que utilizan radiaci\u00f3n ionizante, como la radioterapia o los rayos X, la depilaci\u00f3n l\u00e1ser&nbsp;<strong>utiliza una luz intensa y pulsante para destruir los fol\u00edculos pilosos sin da\u00f1ar los tejidos circundantes<\/strong>. Esto significa que&nbsp;<strong>no hay riesgo de exposici\u00f3n a radiaci\u00f3n peligrosa<\/strong>&nbsp;durante el procedimiento.<\/p>\n\n\n\n<p>La idea de que la depilaci\u00f3n l\u00e1ser puede provocar c\u00e1ncer puede provenir de la confusi\u00f3n entre diferentes tipos de radiaci\u00f3n.&nbsp;<strong>La radiaci\u00f3n utilizada en la depilaci\u00f3n l\u00e1ser es conocida como radiaci\u00f3n no ionizante<\/strong>, la cual no tiene la energ\u00eda suficiente para alterar los \u00e1tomos o las mol\u00e9culas en nuestro cuerpo. Es similar a la luz que emana de una bombilla o el calor que proviene de un radiador.<\/p>\n\n\n\n<p>Adem\u00e1s, es fundamental destacar que&nbsp;<strong>la depilaci\u00f3n l\u00e1ser es un procedimiento seguro y efectivo&nbsp;<\/strong>para la eliminaci\u00f3n del vello no deseado. A diferencia de otros m\u00e9todos de depilaci\u00f3n, como la cera o las cuchillas, la depilaci\u00f3n l\u00e1ser ofrece resultados duraderos al da\u00f1ar de forma permanente los fol\u00edculos pilosos, lo que reduce significativamente el crecimiento del vello con el tiempo.<\/p>\n\n\n\n<p>Asimismo, la depilaci\u00f3n l\u00e1ser puede ser beneficiosa para personas con piel sensible, ya que minimiza la irritaci\u00f3n y los pelos enquistados que suelen ocurrir con otros m\u00e9todos de depilaci\u00f3n. Al enfocarse en el fol\u00edculo piloso, la depilaci\u00f3n l\u00e1ser permite una depilaci\u00f3n m\u00e1s suave y menos dolorosa, lo que la convierte en una opci\u00f3n popular para aquellos que buscan una soluci\u00f3n permanente y c\u00f3moda para deshacerse del vello no deseado.<\/p>\n\n\n\n<h2 class=\"wp-block-heading\">Verdades sobre la depilaci\u00f3n l\u00e1ser y su impacto en la salud<\/h2>\n\n\n\n<p>Es comprensible que las personas tengan preocupaciones sobre la seguridad de la depilaci\u00f3n l\u00e1ser. Sin embargo,&nbsp;<strong>numerosos estudios cient\u00edficos han demostrado que la depilaci\u00f3n l\u00e1ser es un procedimiento seguro y efectivo<\/strong>, siempre que se realice correctamente por profesionales capacitados.<\/p>\n\n\n\n<p>La verdad es que la depilaci\u00f3n l\u00e1ser no solo es segura, sino que tambi\u00e9n&nbsp;<strong>ofrece varios beneficios para la salud<\/strong>. Uno de los principales beneficios es que&nbsp;<strong>puede ayudar a reducir el riesgo de infecciones cut\u00e1neas&nbsp;<\/strong>causadas por los m\u00e9todos de depilaci\u00f3n tradicionales, como la cera caliente o la cuchilla de afeitar. Adem\u00e1s, la depilaci\u00f3n l\u00e1ser&nbsp;<strong>puede mejorar la calidad de vida de las personas&nbsp;<\/strong>al reducir la frecuencia y la intensidad del crecimiento del vello no deseado.<\/p>\n\n\n\n<p>Adem\u00e1s de los beneficios mencionados, la depilaci\u00f3n l\u00e1ser tambi\u00e9n&nbsp;<strong>puede ser una excelente opci\u00f3n para aquellas personas que sufren de&nbsp;<a href=\"https:\/\/agenciaseolocal.eu\/bedda\/foliculitis-despues-de-la-depilacion-laser\/\">foliculitis<\/a><\/strong>, una afecci\u00f3n com\u00fan que causa inflamaci\u00f3n de los fol\u00edculos pilosos. Al eliminar de forma permanente el vello no deseado, se puede reducir la irritaci\u00f3n y la inflamaci\u00f3n asociadas con la foliculitis, mejorando as\u00ed la salud de la piel.<\/p>\n\n\n\n<p>Otro aspecto importante a considerar es que la depilaci\u00f3n l\u00e1ser&nbsp;<strong>puede ser una soluci\u00f3n eficaz para aquellas personas que padecen hirsutismo<\/strong>, un trastorno que provoca un crecimiento excesivo de vello en zonas donde normalmente no crece en grandes cantidades, como la cara o el pecho. Este procedimiento puede ayudar a mejorar la autoestima y la confianza de las personas que sufren de hirsutismo, al proporcionarles una soluci\u00f3n duradera y efectiva para controlar el crecimiento del vello no deseado.<\/p>\n\n\n\n<h2 class=\"wp-block-heading\">La verdad sobre el riesgo de c\u00e1ncer en la depilaci\u00f3n l\u00e1ser<\/h2>\n\n\n\n<p>Contrariamente a lo que se rumorea,<strong>&nbsp;no existe evidencia cient\u00edfica que respalde la afirmaci\u00f3n de que la depilaci\u00f3n l\u00e1ser provoca c\u00e1ncer<\/strong>. Organismos y asociaciones internacionales de renombre, como la&nbsp;<strong>Organizaci\u00f3n Mundial de la Salud<\/strong>&nbsp;y la&nbsp;<strong>FDA&nbsp;<\/strong>(Administraci\u00f3n de Alimentos y Medicamentos de los Estados Unidos), han concluido que la depilaci\u00f3n l\u00e1ser no presenta un riesgo significativo de desarrollar c\u00e1ncer.<\/p>\n\n\n\n<p>De hecho, la depilaci\u00f3n l\u00e1ser se ha utilizado ampliamente durante d\u00e9cadas sin que se haya informado de casos de c\u00e1ncer relacionados directamente con el procedimiento. Es importante tener en cuenta que, como con cualquier procedimiento m\u00e9dico, siempre hay riesgos m\u00ednimos asociados, como enrojecimiento temporal de la piel o sensibilidad, pero estos son considerados efectos secundarios comunes y suelen desaparecer r\u00e1pidamente sin consecuencias graves.<\/p>\n\n\n\n<h2 class=\"wp-block-heading\">Razones cient\u00edficas por las que la depilaci\u00f3n l\u00e1ser no es causante de c\u00e1ncer<\/h2>\n\n\n\n<p>Existen&nbsp;<strong>razones cient\u00edficas s\u00f3lidas<\/strong>&nbsp;que respaldan la afirmaci\u00f3n de que la depilaci\u00f3n l\u00e1ser no provoca c\u00e1ncer. Adem\u00e1s de la falta de radiaci\u00f3n ionizante mencionada anteriormente, la depilaci\u00f3n l\u00e1ser no penetra lo suficientemente profundo en la piel como para afectar el ADN de las c\u00e9lulas, que es el mecanismo principal por el cual se desarrolla el c\u00e1ncer.<\/p>\n\n\n\n<p>Adem\u00e1s,&nbsp;<strong>los dispositivos utilizados para la depilaci\u00f3n l\u00e1ser est\u00e1n dise\u00f1ados y regulados para garantizar la seguridad y la eficacia del tratamiento<\/strong>. Se someten a rigurosos controles de calidad y est\u00e1n respaldados por una amplia evidencia cient\u00edfica. Es fundamental que los pacientes se sometan a la depilaci\u00f3n l\u00e1ser en centros especializados y supervisados por profesionales capacitados para maximizar los beneficios y minimizar los riesgos.<\/p>\n\n\n\n<h2 class=\"wp-block-heading\">\u00bfEs seguro hacerse la depilaci\u00f3n l\u00e1ser en Centros bedda?<\/h2>\n\n\n\n<p>Cuando se trata de la depilaci\u00f3n l\u00e1ser, es esencial elegir un centro de confianza y profesional como&nbsp;<strong>Centros bedda<\/strong>. Nuestros centros cuentan con personal altamente capacitado y utilizan tecnolog\u00eda de vanguardia para brindar tratamientos seguros y efectivos.<\/p>\n\n\n\n<p>Adem\u00e1s, en Centros bedda realizamos una<strong>&nbsp;evaluaci\u00f3n individual<\/strong>&nbsp;para determinar la elegibilidad de cada paciente antes de iniciar el tratamiento. Esto garantiza que se tomen las precauciones necesarias para evitar cualquier complicaci\u00f3n o riesgo innecesario.<\/p>\n\n\n\n<p>En resumen, la idea de que la depilaci\u00f3n l\u00e1ser provoca c\u00e1ncer es un mito infundado. La depilaci\u00f3n l\u00e1ser es un procedimiento seguro y efectivo que no utiliza radiaci\u00f3n ionizante y no presenta riesgos significativos para la salud cuando se realiza correctamente. La elecci\u00f3n de un centro de confianza como Centros bedda es fundamental para garantizar resultados \u00f3ptimos y minimizar los riesgos. \u00a1Di adi\u00f3s al vello no deseado sin preocupaciones!<\/p>\n","protected":false},"excerpt":{"rendered":"<p>La&nbsp;depilaci\u00f3n l\u00e1ser&nbsp;es uno de los m\u00e9todos m\u00e1s populares para eliminar el vello no deseado en la actualidad. Sin embargo, existe un mito persistente que afirma que&nbsp;la depilaci\u00f3n l\u00e1ser puede provocar c\u00e1ncer. En este art\u00edculo,&nbsp;desmontaremos este falso mito&nbsp;y examinaremos las verdades detr\u00e1s de la depilaci\u00f3n l\u00e1ser y su impacto en la salud. \u00bfPor qu\u00e9 se dice [&hellip;]<\/p>\n","protected":false},"author":3,"featured_media":987515223,"comment_status":"open","ping_status":"closed","sticky":false,"template":"","format":"standard","meta":{"_et_pb_use_builder":"off","_et_pb_old_content":"","_et_gb_content_width":"","_joinchat":[],"footnotes":""},"categories":[51,65],"tags":[],"class_list":["post-987515219","post","type-post","status-publish","format-standard","has-post-thumbnail","hentry","category-blog","category-depilacion"],"yoast_head":"<!-- This site is optimized with the Yoast SEO plugin v25.9 - https:\/\/yoast.com\/wordpress\/plugins\/seo\/ -->\n<title>La depilaci\u00f3n l\u00e1ser provoca c\u00e1ncer: Falso mito | bedda<\/title>\n<meta name=\"description\" content=\"\u00bfLa depilaci\u00f3n l\u00e1ser provoca c\u00e1ncer? En este art\u00edculo de Centros bedda desmontamos este falso mito. \u00a1Entra ahora y desc\u00fabrelo!\" \/>\n<meta name=\"robots\" content=\"noindex, follow, max-snippet:-1, max-image-preview:large, max-video-preview:-1\" \/>\n<meta property=\"og:locale\" content=\"es_ES\" \/>\n<meta property=\"og:type\" content=\"article\" \/>\n<meta property=\"og:title\" content=\"La depilaci\u00f3n l\u00e1ser provoca c\u00e1ncer: Falso mito | bedda\" \/>\n<meta property=\"og:description\" content=\"\u00bfLa depilaci\u00f3n l\u00e1ser provoca c\u00e1ncer? En este art\u00edculo de Centros bedda desmontamos este falso mito. \u00a1Entra ahora y desc\u00fabrelo!\" \/>\n<meta property=\"og:url\" content=\"https:\/\/agenciaseolocal.eu\/bedda\/depilacion-laser-provoca-cancer-desmontando-falso-mito\/\" \/>\n<meta property=\"og:site_name\" content=\"Centros bedda\" \/>\n<meta property=\"article:publisher\" content=\"https:\/\/www.facebook.com\/centrobedda\" \/>\n<meta property=\"article:published_time\" content=\"2024-03-13T09:04:37+00:00\" \/>\n<meta property=\"article:modified_time\" content=\"2025-01-15T13:51:44+00:00\" \/>\n<meta property=\"og:image\" content=\"https:\/\/agenciaseolocal.eu\/bedda\/wp-content\/uploads\/2024\/03\/depilacion-laser-cancer-falso-mito.jpeg\" \/>\n\t<meta property=\"og:image:width\" content=\"1600\" \/>\n\t<meta property=\"og:image:height\" content=\"700\" \/>\n\t<meta property=\"og:image:type\" content=\"image\/jpeg\" \/>\n<meta name=\"author\" content=\"Centros bedda\" \/>\n<meta name=\"twitter:card\" content=\"summary_large_image\" \/>\n<meta name=\"twitter:creator\" content=\"@centrosbedda\" \/>\n<meta name=\"twitter:site\" content=\"@centrosbedda\" \/>\n<meta name=\"twitter:label1\" content=\"Escrito por\" \/>\n\t<meta name=\"twitter:data1\" content=\"Centros bedda\" \/>\n\t<meta name=\"twitter:label2\" content=\"Tiempo de lectura\" \/>\n\t<meta name=\"twitter:data2\" content=\"5 minutos\" \/>\n<!-- \/ Yoast SEO plugin. -->","yoast_head_json":{"title":"La depilaci\u00f3n l\u00e1ser provoca c\u00e1ncer: Falso mito | bedda","description":"\u00bfLa depilaci\u00f3n l\u00e1ser provoca c\u00e1ncer? En este art\u00edculo de Centros bedda desmontamos este falso mito. \u00a1Entra ahora y desc\u00fabrelo!","robots":{"index":"noindex","follow":"follow","max-snippet":"max-snippet:-1","max-image-preview":"max-image-preview:large","max-video-preview":"max-video-preview:-1"},"og_locale":"es_ES","og_type":"article","og_title":"La depilaci\u00f3n l\u00e1ser provoca c\u00e1ncer: Falso mito | bedda","og_description":"\u00bfLa depilaci\u00f3n l\u00e1ser provoca c\u00e1ncer? En este art\u00edculo de Centros bedda desmontamos este falso mito. \u00a1Entra ahora y desc\u00fabrelo!","og_url":"https:\/\/agenciaseolocal.eu\/bedda\/depilacion-laser-provoca-cancer-desmontando-falso-mito\/","og_site_name":"Centros bedda","article_publisher":"https:\/\/www.facebook.com\/centrobedda","article_published_time":"2024-03-13T09:04:37+00:00","article_modified_time":"2025-01-15T13:51:44+00:00","og_image":[{"width":1600,"height":700,"url":"https:\/\/agenciaseolocal.eu\/bedda\/wp-content\/uploads\/2024\/03\/depilacion-laser-cancer-falso-mito.jpeg","type":"image\/jpeg"}],"author":"Centros bedda","twitter_card":"summary_large_image","twitter_creator":"@centrosbedda","twitter_site":"@centrosbedda","twitter_misc":{"Escrito por":"Centros bedda","Tiempo de lectura":"5 minutos"},"schema":{"@context":"https:\/\/schema.org","@graph":[{"@type":"Article","@id":"https:\/\/agenciaseolocal.eu\/bedda\/depilacion-laser-provoca-cancer-desmontando-falso-mito\/#article","isPartOf":{"@id":"https:\/\/agenciaseolocal.eu\/bedda\/depilacion-laser-provoca-cancer-desmontando-falso-mito\/"},"author":{"name":"Centros bedda","@id":"https:\/\/agenciaseolocal.eu\/bedda\/#\/schema\/person\/ca3010faf67f189fd2de8d61a763fc8b"},"headline":"La depilaci\u00f3n laser provoca c\u00e1ncer: Desmontando el falso mito","datePublished":"2024-03-13T09:04:37+00:00","dateModified":"2025-01-15T13:51:44+00:00","mainEntityOfPage":{"@id":"https:\/\/agenciaseolocal.eu\/bedda\/depilacion-laser-provoca-cancer-desmontando-falso-mito\/"},"wordCount":1214,"commentCount":0,"publisher":{"@id":"https:\/\/agenciaseolocal.eu\/bedda\/#organization"},"image":{"@id":"https:\/\/agenciaseolocal.eu\/bedda\/depilacion-laser-provoca-cancer-desmontando-falso-mito\/#primaryimage"},"thumbnailUrl":"https:\/\/agenciaseolocal.eu\/bedda\/wp-content\/uploads\/2024\/03\/depilacion-laser-cancer-falso-mito.jpeg","articleSection":["Blog","Depilaci\u00f3n"],"inLanguage":"es","potentialAction":[{"@type":"CommentAction","name":"Comment","target":["https:\/\/agenciaseolocal.eu\/bedda\/depilacion-laser-provoca-cancer-desmontando-falso-mito\/#respond"]}]},{"@type":"WebPage","@id":"https:\/\/agenciaseolocal.eu\/bedda\/depilacion-laser-provoca-cancer-desmontando-falso-mito\/","url":"https:\/\/agenciaseolocal.eu\/bedda\/depilacion-laser-provoca-cancer-desmontando-falso-mito\/","name":"La depilaci\u00f3n l\u00e1ser provoca c\u00e1ncer: Falso mito | bedda","isPartOf":{"@id":"https:\/\/agenciaseolocal.eu\/bedda\/#website"},"primaryImageOfPage":{"@id":"https:\/\/agenciaseolocal.eu\/bedda\/depilacion-laser-provoca-cancer-desmontando-falso-mito\/#primaryimage"},"image":{"@id":"https:\/\/agenciaseolocal.eu\/bedda\/depilacion-laser-provoca-cancer-desmontando-falso-mito\/#primaryimage"},"thumbnailUrl":"https:\/\/agenciaseolocal.eu\/bedda\/wp-content\/uploads\/2024\/03\/depilacion-laser-cancer-falso-mito.jpeg","datePublished":"2024-03-13T09:04:37+00:00","dateModified":"2025-01-15T13:51:44+00:00","description":"\u00bfLa depilaci\u00f3n l\u00e1ser provoca c\u00e1ncer? En este art\u00edculo de Centros bedda desmontamos este falso mito. \u00a1Entra ahora y desc\u00fabrelo!","breadcrumb":{"@id":"https:\/\/agenciaseolocal.eu\/bedda\/depilacion-laser-provoca-cancer-desmontando-falso-mito\/#breadcrumb"},"inLanguage":"es","potentialAction":[{"@type":"ReadAction","target":["https:\/\/agenciaseolocal.eu\/bedda\/depilacion-laser-provoca-cancer-desmontando-falso-mito\/"]}]},{"@type":"ImageObject","inLanguage":"es","@id":"https:\/\/agenciaseolocal.eu\/bedda\/depilacion-laser-provoca-cancer-desmontando-falso-mito\/#primaryimage","url":"https:\/\/agenciaseolocal.eu\/bedda\/wp-content\/uploads\/2024\/03\/depilacion-laser-cancer-falso-mito.jpeg","contentUrl":"https:\/\/agenciaseolocal.eu\/bedda\/wp-content\/uploads\/2024\/03\/depilacion-laser-cancer-falso-mito.jpeg","width":1600,"height":700,"caption":"depilaci\u00f3n laser c\u00e1ncer falso mito"},{"@type":"BreadcrumbList","@id":"https:\/\/agenciaseolocal.eu\/bedda\/depilacion-laser-provoca-cancer-desmontando-falso-mito\/#breadcrumb","itemListElement":[{"@type":"ListItem","position":1,"name":"Portada","item":"https:\/\/agenciaseolocal.eu\/bedda\/"},{"@type":"ListItem","position":2,"name":"La depilaci\u00f3n laser provoca c\u00e1ncer: Desmontando el falso mito"}]},{"@type":"WebSite","@id":"https:\/\/agenciaseolocal.eu\/bedda\/#website","url":"https:\/\/agenciaseolocal.eu\/bedda\/","name":"Centros bedda","description":"Centro de depilaci\u00f3n l\u00e1ser","publisher":{"@id":"https:\/\/agenciaseolocal.eu\/bedda\/#organization"},"potentialAction":[{"@type":"SearchAction","target":{"@type":"EntryPoint","urlTemplate":"https:\/\/agenciaseolocal.eu\/bedda\/?s={search_term_string}"},"query-input":{"@type":"PropertyValueSpecification","valueRequired":true,"valueName":"search_term_string"}}],"inLanguage":"es"},{"@type":"Organization","@id":"https:\/\/agenciaseolocal.eu\/bedda\/#organization","name":"Centros bedda","url":"https:\/\/agenciaseolocal.eu\/bedda\/","logo":{"@type":"ImageObject","inLanguage":"es","@id":"https:\/\/agenciaseolocal.eu\/bedda\/#\/schema\/logo\/image\/","url":"https:\/\/agenciaseolocal.eu\/bedda\/wp-content\/uploads\/2024\/04\/centros-bedda-depilacion-laser-logo.png","contentUrl":"https:\/\/agenciaseolocal.eu\/bedda\/wp-content\/uploads\/2024\/04\/centros-bedda-depilacion-laser-logo.png","width":220,"height":220,"caption":"Centros bedda"},"image":{"@id":"https:\/\/agenciaseolocal.eu\/bedda\/#\/schema\/logo\/image\/"},"sameAs":["https:\/\/www.facebook.com\/centrobedda","https:\/\/x.com\/centrosbedda","https:\/\/www.youtube.com\/channel\/UCV57tDnQcnHfTici1funk4g?app=desktop","https:\/\/www.instagram.com\/centrosbedda\/","https:\/\/www.linkedin.com\/company\/centros-bedda\/"]},{"@type":"Person","@id":"https:\/\/agenciaseolocal.eu\/bedda\/#\/schema\/person\/ca3010faf67f189fd2de8d61a763fc8b","name":"Centros bedda","image":{"@type":"ImageObject","inLanguage":"es","@id":"https:\/\/agenciaseolocal.eu\/bedda\/#\/schema\/person\/image\/","url":"https:\/\/secure.gravatar.com\/avatar\/ea1f00b0a249719594f6b50ee5d3214c2c192531d8f80f789208e2aa9605ac08?s=96&d=mm&r=g","contentUrl":"https:\/\/secure.gravatar.com\/avatar\/ea1f00b0a249719594f6b50ee5d3214c2c192531d8f80f789208e2aa9605ac08?s=96&d=mm&r=g","caption":"Centros bedda"},"url":"https:\/\/agenciaseolocal.eu\/bedda\/author\/mktpmp_gedfwb31y\/"}]}},"_links":{"self":[{"href":"https:\/\/agenciaseolocal.eu\/bedda\/wp-json\/wp\/v2\/posts\/987515219","targetHints":{"allow":["GET"]}}],"collection":[{"href":"https:\/\/agenciaseolocal.eu\/bedda\/wp-json\/wp\/v2\/posts"}],"about":[{"href":"https:\/\/agenciaseolocal.eu\/bedda\/wp-json\/wp\/v2\/types\/post"}],"author":[{"embeddable":true,"href":"https:\/\/agenciaseolocal.eu\/bedda\/wp-json\/wp\/v2\/users\/3"}],"replies":[{"embeddable":true,"href":"https:\/\/agenciaseolocal.eu\/bedda\/wp-json\/wp\/v2\/comments?post=987515219"}],"version-history":[{"count":2,"href":"https:\/\/agenciaseolocal.eu\/bedda\/wp-json\/wp\/v2\/posts\/987515219\/revisions"}],"predecessor-version":[{"id":987518314,"href":"https:\/\/agenciaseolocal.eu\/bedda\/wp-json\/wp\/v2\/posts\/987515219\/revisions\/987518314"}],"wp:featuredmedia":[{"embeddable":true,"href":"https:\/\/agenciaseolocal.eu\/bedda\/wp-json\/wp\/v2\/media\/987515223"}],"wp:attachment":[{"href":"https:\/\/agenciaseolocal.eu\/bedda\/wp-json\/wp\/v2\/media?parent=987515219"}],"wp:term":[{"taxonomy":"category","embeddable":true,"href":"https:\/\/agenciaseolocal.eu\/bedda\/wp-json\/wp\/v2\/categories?post=987515219"},{"taxonomy":"post_tag","embeddable":true,"href":"https:\/\/agenciaseolocal.eu\/bedda\/wp-json\/wp\/v2\/tags?post=987515219"}],"curies":[{"name":"wp","href":"https:\/\/api.w.org\/{rel}","templated":true}]}}