{"id":987515230,"date":"2024-03-15T10:30:07","date_gmt":"2024-03-15T09:30:07","guid":{"rendered":"https:\/\/centrosbedda.com\/?p=987515230"},"modified":"2024-07-10T14:32:04","modified_gmt":"2024-07-10T12:32:04","slug":"cuanto-tarda-en-caerse-el-pelo-despues-del-laser","status":"publish","type":"post","link":"https:\/\/agenciaseolocal.eu\/bedda\/cuanto-tarda-en-caerse-el-pelo-despues-del-laser\/","title":{"rendered":"Cu\u00e1nto tarda en caerse el pelo despu\u00e9s del l\u00e1ser"},"content":{"rendered":"\n<p>El l\u00e1ser ha revolucionado la forma en que nos deshacemos del vello no deseado. Es un tratamiento eficaz y duradero que ha ganado popularidad en los \u00faltimos a\u00f1os. Sin embargo, una pregunta com\u00fan que surge despu\u00e9s del tratamiento de&nbsp;<a href=\"https:\/\/agenciaseolocal.eu\/bedda\/\">depilaci\u00f3n l\u00e1ser<\/a>&nbsp;es: \u00bfCu\u00e1nto tarda en caerse el pelo?<\/p>\n\n\n\n<h2 class=\"wp-block-heading\">Proceso de ca\u00edda del cabello despu\u00e9s del tratamiento con l\u00e1ser<\/h2>\n\n\n\n<p>Para entender el&nbsp;<strong>tiempo que tarda en caerse el pelo despu\u00e9s del tratamiento con l\u00e1ser<\/strong>, es importante conocer el proceso que ocurre en nuestro cuerpo. Cuando se utiliza el l\u00e1ser en la eliminaci\u00f3n del vello, se dirige a los fol\u00edculos pilosos, que son los responsables del crecimiento del cabello. El l\u00e1ser emite una luz intensa que se absorbe por la melanina del cabello, lo que da\u00f1a el fol\u00edculo y evita que vuelva a crecer vello en esa \u00e1rea.<\/p>\n\n\n\n<p>Despu\u00e9s del tratamiento,&nbsp;<strong>es normal que el cabello tratado permanezca en su lugar durante un tiempo<\/strong>. Esto se debe a que&nbsp;<strong>el cabello tiene diferentes fases de crecimiento, y no todos los fol\u00edculos est\u00e1n activos al mismo tiempo<\/strong>. Algunos fol\u00edculos estar\u00e1n en la fase de crecimiento o an\u00e1gena, mientras que otros estar\u00e1n en la fase de reposo o tel\u00f3gena.<\/p>\n\n\n\n<p><strong>El l\u00e1ser solo puede eliminar el vello que est\u00e1 en la fase de crecimiento<\/strong>, por lo que los fol\u00edculos en la fase de reposo no se ver\u00e1n afectados de inmediato. Por lo tanto, es posible que sigas viendo cabello en el \u00e1rea tratada por un tiempo despu\u00e9s del tratamiento.<\/p>\n\n\n\n<p>Es importante tener en cuenta que&nbsp;<strong>el proceso de ca\u00edda del cabello despu\u00e9s del tratamiento con l\u00e1ser puede variar seg\u00fan cada persona<\/strong>. Factores como el tipo de piel, el color y grosor del cabello, as\u00ed como la intensidad del tratamiento, pueden influir en la rapidez con la que se produce la ca\u00edda del cabello. En general,&nbsp;<strong>se puede esperar que el cabello tratado comience a caerse entre 1 y 3 semanas despu\u00e9s del tratamiento<\/strong>, a medida que los fol\u00edculos pilosos da\u00f1ados se desprenden de forma natural.<\/p>\n\n\n\n<p>Adem\u00e1s, es fundamental seguir las recomendaciones post-tratamiento proporcionadas por el especialista de Centros bedda. Esto incluye evitar la exposici\u00f3n al sol, mantener la piel hidratada y utilizar productos suaves para el cuidado del cabello. Estas medidas ayudar\u00e1n a garantizar una recuperaci\u00f3n adecuada de la piel y a minimizar cualquier irritaci\u00f3n o efecto secundario despu\u00e9s del tratamiento con l\u00e1ser.<\/p>\n\n\n\n<h2 class=\"wp-block-heading\">Variabilidad en el tiempo de ca\u00edda del cabello entre mujeres y hombres<\/h2>\n\n\n\n<p>Es importante tener en cuenta que el tiempo de ca\u00edda del cabello puede variar entre mujeres y hombres, as\u00ed como entre personas. En general,&nbsp;<strong>se espera que el cabello tratado comience a caerse dentro de las dos semanas posteriores al tratamiento<\/strong>.<\/p>\n\n\n\n<p>Las&nbsp;<strong>mujeres&nbsp;<\/strong>suelen tener ciclos de crecimiento del cabello m\u00e1s largos que los hombres, lo que significa que sus fol\u00edculos pilosos permanecen activos durante m\u00e1s tiempo. Por lo tanto, es posible que el tiempo de ca\u00edda del cabello sea m\u00e1s prolongado en las mujeres que en los hombres.<\/p>\n\n\n\n<p>Adem\u00e1s, factores como la gen\u00e9tica, la salud general, la edad y la nutrici\u00f3n tambi\u00e9n pueden influir en el tiempo de ca\u00edda del cabello. Por ejemplo, las personas con deficiencias nutricionales o problemas de salud subyacentes pueden experimentar una ca\u00edda del cabello m\u00e1s r\u00e1pida o m\u00e1s lenta que la media.<\/p>\n\n\n\n<p>En el caso de los&nbsp;<strong>hombres<\/strong>, la hormona testosterona juega un papel importante en la ca\u00edda del cabello, ya que puede afectar la actividad de los fol\u00edculos pilosos. Esto explica por qu\u00e9 la calvicie de patr\u00f3n masculino es m\u00e1s com\u00fan en comparaci\u00f3n con la p\u00e9rdida de cabello en las mujeres.<\/p>\n\n\n\n<h2 class=\"wp-block-heading\">Factores que pueden afectar el tiempo de ca\u00edda del vello<\/h2>\n\n\n\n<p>Adem\u00e1s de las diferencias entre los sexos, hay varios factores que pueden afectar el tiempo que tarda en caerse el pelo despu\u00e9s del tratamiento con l\u00e1ser. Estos incluyen la densidad del cabello, la calidad del cabello, el color del cabello y el \u00e1rea tratada.<\/p>\n\n\n\n<p>En general,&nbsp;<strong>cuanto m\u00e1s oscuro y grueso sea el cabello, m\u00e1s r\u00e1pidamente se caer\u00e1<\/strong>&nbsp;despu\u00e9s del tratamiento con l\u00e1ser. Esto se debe a que el l\u00e1ser est\u00e1 dise\u00f1ado para ser absorbido por la melanina del cabello, por lo que el cabello m\u00e1s oscuro tiene m\u00e1s posibilidades de ser eliminado de forma efectiva.<\/p>\n\n\n\n<p>Adem\u00e1s, el \u00e1rea tratada tambi\u00e9n puede influir en el tiempo de ca\u00edda del cabello. Las \u00e1reas con una mayor vascularizaci\u00f3n, como las\u00a0<a href=\"https:\/\/agenciaseolocal.eu\/bedda\/tratamientos\/depilacion-laser-piernas-completas-mujer\/\">piernas<\/a>, suelen responder m\u00e1s r\u00e1pido al tratamiento. Por otro lado, las \u00e1reas con menos flujo de sangre, como el\u00a0<a href=\"https:\/\/agenciaseolocal.eu\/bedda\/tratamientos\/depilacion-laser-labio-superior-mujer\/\">labio superior<\/a>, pueden requerir m\u00e1s tiempo para ver resultados visibles.<\/p>\n\n\n\n<p>Es importante tener en cuenta que el&nbsp;<strong>ciclo de crecimiento del cabello<\/strong>&nbsp;tambi\u00e9n desempe\u00f1a un papel crucial en el tiempo que tarda en caerse despu\u00e9s del tratamiento con l\u00e1ser. El cabello pasa por tres fases de crecimiento: an\u00e1gena, cat\u00e1gena y tel\u00f3gena. Durante la fase an\u00e1gena, el cabello est\u00e1 en pleno crecimiento y es m\u00e1s receptivo al tratamiento con l\u00e1ser. Por otro lado, en la fase tel\u00f3gena, el cabello est\u00e1 en reposo y es menos probable que responda al tratamiento de manera inmediata.<\/p>\n\n\n\n<h2 class=\"wp-block-heading\">Seguimiento y recomendaciones post-tratamiento para el cuidado de la piel<\/h2>\n\n\n\n<p>Despu\u00e9s del tratamiento con l\u00e1ser, es importante seguir algunas recomendaciones para el cuidado de la piel. Esto ayudar\u00e1 a maximizar los resultados y a mantener la piel sana y libre de irritaciones.<\/p>\n\n\n\n<p>Es normal experimentar un poco de&nbsp;<strong>enrojecimiento e inflamaci\u00f3n<\/strong>&nbsp;despu\u00e9s del tratamiento. Para aliviar estos s\u00edntomas, se recomienda aplicar compresas fr\u00edas en el \u00e1rea tratada y evitar la exposici\u00f3n al sol durante al menos dos semanas. Adem\u00e1s, es fundamental utilizar protector solar de amplio espectro para proteger la piel y evitar la formaci\u00f3n de manchas.<\/p>\n\n\n\n<p>Es posible que se requieran&nbsp;<strong>varias sesiones de tratamiento con l\u00e1ser&nbsp;<\/strong>para lograr los resultados deseados. Esto se debe a que el crecimiento del cabello ocurre en ciclos y no todos los fol\u00edculos se encuentran en la misma fase en un momento dado. El m\u00e9dico o especialista determinar\u00e1 la frecuencia de las sesiones de tratamiento y el n\u00famero adecuado para cada persona.<\/p>\n\n\n\n<h2 class=\"wp-block-heading\">Consulta con Centros bedda para obtener informaci\u00f3n personalizada y precisa<\/h2>\n\n\n\n<p>Si est\u00e1s considerando someterte a un tratamiento con l\u00e1ser para la eliminaci\u00f3n del vello, es importante que consultes con profesionales en&nbsp;<strong>Centros bedda<\/strong>&nbsp;para obtener informaci\u00f3n personalizada y precisa. Nuestros especialistas evaluar\u00e1n tu situaci\u00f3n espec\u00edfica y te brindar\u00e1n recomendaciones adecuadas.<\/p>\n\n\n\n<p>Recuerda que el tiempo de ca\u00edda del cabello puede variar de una persona a otra, por lo que es fundamental recibir una evaluaci\u00f3n profesional. El tratamiento con l\u00e1ser puede ser una excelente opci\u00f3n para decir adi\u00f3s al vello no deseado de forma duradera, pero es importante tener expectativas realistas y seguir las recomendaciones del especialista para obtener los mejores resultados.<\/p>\n","protected":false},"excerpt":{"rendered":"<p>El l\u00e1ser ha revolucionado la forma en que nos deshacemos del vello no deseado. Es un tratamiento eficaz y duradero que ha ganado popularidad en los \u00faltimos a\u00f1os. Sin embargo, una pregunta com\u00fan que surge despu\u00e9s del tratamiento de&nbsp;depilaci\u00f3n l\u00e1ser&nbsp;es: \u00bfCu\u00e1nto tarda en caerse el pelo? Proceso de ca\u00edda del cabello despu\u00e9s del tratamiento con [&hellip;]<\/p>\n","protected":false},"author":3,"featured_media":987515235,"comment_status":"open","ping_status":"closed","sticky":false,"template":"","format":"standard","meta":{"_et_pb_use_builder":"off","_et_pb_old_content":"","_et_gb_content_width":"","_joinchat":[],"footnotes":""},"categories":[51,65],"tags":[],"class_list":["post-987515230","post","type-post","status-publish","format-standard","has-post-thumbnail","hentry","category-blog","category-depilacion"],"yoast_head":"<!-- This site is optimized with the Yoast SEO plugin v25.9 - https:\/\/yoast.com\/wordpress\/plugins\/seo\/ -->\n<title>Cu\u00e1nto tarda en caerse el pelo despu\u00e9s del l\u00e1ser | bedda<\/title>\n<meta name=\"description\" content=\"\u00bfCu\u00e1nto tarda en caerse el pelo despu\u00e9s del l\u00e1ser? En este art\u00edculo de Centros bedda te lo contamos. \u00a1Entra ahora y desc\u00fabrelo!\" \/>\n<meta name=\"robots\" content=\"noindex, follow, max-snippet:-1, max-image-preview:large, max-video-preview:-1\" \/>\n<meta property=\"og:locale\" content=\"es_ES\" \/>\n<meta property=\"og:type\" content=\"article\" \/>\n<meta property=\"og:title\" content=\"Cu\u00e1nto tarda en caerse el pelo despu\u00e9s del l\u00e1ser | bedda\" \/>\n<meta property=\"og:description\" content=\"\u00bfCu\u00e1nto tarda en caerse el pelo despu\u00e9s del l\u00e1ser? En este art\u00edculo de Centros bedda te lo contamos. \u00a1Entra ahora y desc\u00fabrelo!\" \/>\n<meta property=\"og:url\" content=\"https:\/\/agenciaseolocal.eu\/bedda\/cuanto-tarda-en-caerse-el-pelo-despues-del-laser\/\" \/>\n<meta property=\"og:site_name\" content=\"Centros bedda\" \/>\n<meta property=\"article:publisher\" content=\"https:\/\/www.facebook.com\/centrobedda\" \/>\n<meta property=\"article:published_time\" content=\"2024-03-15T09:30:07+00:00\" \/>\n<meta property=\"article:modified_time\" content=\"2024-07-10T12:32:04+00:00\" \/>\n<meta property=\"og:image\" content=\"https:\/\/agenciaseolocal.eu\/bedda\/wp-content\/uploads\/2024\/03\/joven-mujer-luciendo-su-piel-perfecta-despues-de-depilacion.jpg\" \/>\n\t<meta property=\"og:image:width\" content=\"1699\" \/>\n\t<meta property=\"og:image:height\" content=\"700\" \/>\n\t<meta property=\"og:image:type\" content=\"image\/jpeg\" \/>\n<meta name=\"author\" content=\"Centros bedda\" \/>\n<meta name=\"twitter:card\" content=\"summary_large_image\" \/>\n<meta name=\"twitter:creator\" content=\"@centrosbedda\" \/>\n<meta name=\"twitter:site\" content=\"@centrosbedda\" \/>\n<meta name=\"twitter:label1\" content=\"Escrito por\" \/>\n\t<meta name=\"twitter:data1\" content=\"Centros bedda\" \/>\n\t<meta name=\"twitter:label2\" content=\"Tiempo de lectura\" \/>\n\t<meta name=\"twitter:data2\" content=\"6 minutos\" \/>\n<!-- \/ Yoast SEO plugin. -->","yoast_head_json":{"title":"Cu\u00e1nto tarda en caerse el pelo despu\u00e9s del l\u00e1ser | bedda","description":"\u00bfCu\u00e1nto tarda en caerse el pelo despu\u00e9s del l\u00e1ser? En este art\u00edculo de Centros bedda te lo contamos. \u00a1Entra ahora y desc\u00fabrelo!","robots":{"index":"noindex","follow":"follow","max-snippet":"max-snippet:-1","max-image-preview":"max-image-preview:large","max-video-preview":"max-video-preview:-1"},"og_locale":"es_ES","og_type":"article","og_title":"Cu\u00e1nto tarda en caerse el pelo despu\u00e9s del l\u00e1ser | bedda","og_description":"\u00bfCu\u00e1nto tarda en caerse el pelo despu\u00e9s del l\u00e1ser? En este art\u00edculo de Centros bedda te lo contamos. \u00a1Entra ahora y desc\u00fabrelo!","og_url":"https:\/\/agenciaseolocal.eu\/bedda\/cuanto-tarda-en-caerse-el-pelo-despues-del-laser\/","og_site_name":"Centros bedda","article_publisher":"https:\/\/www.facebook.com\/centrobedda","article_published_time":"2024-03-15T09:30:07+00:00","article_modified_time":"2024-07-10T12:32:04+00:00","og_image":[{"width":1699,"height":700,"url":"https:\/\/agenciaseolocal.eu\/bedda\/wp-content\/uploads\/2024\/03\/joven-mujer-luciendo-su-piel-perfecta-despues-de-depilacion.jpg","type":"image\/jpeg"}],"author":"Centros bedda","twitter_card":"summary_large_image","twitter_creator":"@centrosbedda","twitter_site":"@centrosbedda","twitter_misc":{"Escrito por":"Centros bedda","Tiempo de lectura":"6 minutos"},"schema":{"@context":"https:\/\/schema.org","@graph":[{"@type":"Article","@id":"https:\/\/agenciaseolocal.eu\/bedda\/cuanto-tarda-en-caerse-el-pelo-despues-del-laser\/#article","isPartOf":{"@id":"https:\/\/agenciaseolocal.eu\/bedda\/cuanto-tarda-en-caerse-el-pelo-despues-del-laser\/"},"author":{"name":"Centros bedda","@id":"https:\/\/agenciaseolocal.eu\/bedda\/#\/schema\/person\/ca3010faf67f189fd2de8d61a763fc8b"},"headline":"Cu\u00e1nto tarda en caerse el pelo despu\u00e9s del l\u00e1ser","datePublished":"2024-03-15T09:30:07+00:00","dateModified":"2024-07-10T12:32:04+00:00","mainEntityOfPage":{"@id":"https:\/\/agenciaseolocal.eu\/bedda\/cuanto-tarda-en-caerse-el-pelo-despues-del-laser\/"},"wordCount":1253,"commentCount":0,"publisher":{"@id":"https:\/\/agenciaseolocal.eu\/bedda\/#organization"},"image":{"@id":"https:\/\/agenciaseolocal.eu\/bedda\/cuanto-tarda-en-caerse-el-pelo-despues-del-laser\/#primaryimage"},"thumbnailUrl":"https:\/\/agenciaseolocal.eu\/bedda\/wp-content\/uploads\/2024\/03\/joven-mujer-luciendo-su-piel-perfecta-despues-de-depilacion.jpg","articleSection":["Blog","Depilaci\u00f3n"],"inLanguage":"es","potentialAction":[{"@type":"CommentAction","name":"Comment","target":["https:\/\/agenciaseolocal.eu\/bedda\/cuanto-tarda-en-caerse-el-pelo-despues-del-laser\/#respond"]}]},{"@type":"WebPage","@id":"https:\/\/agenciaseolocal.eu\/bedda\/cuanto-tarda-en-caerse-el-pelo-despues-del-laser\/","url":"https:\/\/agenciaseolocal.eu\/bedda\/cuanto-tarda-en-caerse-el-pelo-despues-del-laser\/","name":"Cu\u00e1nto tarda en caerse el pelo despu\u00e9s del l\u00e1ser | bedda","isPartOf":{"@id":"https:\/\/agenciaseolocal.eu\/bedda\/#website"},"primaryImageOfPage":{"@id":"https:\/\/agenciaseolocal.eu\/bedda\/cuanto-tarda-en-caerse-el-pelo-despues-del-laser\/#primaryimage"},"image":{"@id":"https:\/\/agenciaseolocal.eu\/bedda\/cuanto-tarda-en-caerse-el-pelo-despues-del-laser\/#primaryimage"},"thumbnailUrl":"https:\/\/agenciaseolocal.eu\/bedda\/wp-content\/uploads\/2024\/03\/joven-mujer-luciendo-su-piel-perfecta-despues-de-depilacion.jpg","datePublished":"2024-03-15T09:30:07+00:00","dateModified":"2024-07-10T12:32:04+00:00","description":"\u00bfCu\u00e1nto tarda en caerse el pelo despu\u00e9s del l\u00e1ser? En este art\u00edculo de Centros bedda te lo contamos. \u00a1Entra ahora y desc\u00fabrelo!","breadcrumb":{"@id":"https:\/\/agenciaseolocal.eu\/bedda\/cuanto-tarda-en-caerse-el-pelo-despues-del-laser\/#breadcrumb"},"inLanguage":"es","potentialAction":[{"@type":"ReadAction","target":["https:\/\/agenciaseolocal.eu\/bedda\/cuanto-tarda-en-caerse-el-pelo-despues-del-laser\/"]}]},{"@type":"ImageObject","inLanguage":"es","@id":"https:\/\/agenciaseolocal.eu\/bedda\/cuanto-tarda-en-caerse-el-pelo-despues-del-laser\/#primaryimage","url":"https:\/\/agenciaseolocal.eu\/bedda\/wp-content\/uploads\/2024\/03\/joven-mujer-luciendo-su-piel-perfecta-despues-de-depilacion.jpg","contentUrl":"https:\/\/agenciaseolocal.eu\/bedda\/wp-content\/uploads\/2024\/03\/joven-mujer-luciendo-su-piel-perfecta-despues-de-depilacion.jpg","width":1699,"height":700,"caption":"joven mujer luciendo su piel perfecta despu\u00e9s de depilaci\u00f3n"},{"@type":"BreadcrumbList","@id":"https:\/\/agenciaseolocal.eu\/bedda\/cuanto-tarda-en-caerse-el-pelo-despues-del-laser\/#breadcrumb","itemListElement":[{"@type":"ListItem","position":1,"name":"Portada","item":"https:\/\/agenciaseolocal.eu\/bedda\/"},{"@type":"ListItem","position":2,"name":"Cu\u00e1nto tarda en caerse el pelo despu\u00e9s del l\u00e1ser"}]},{"@type":"WebSite","@id":"https:\/\/agenciaseolocal.eu\/bedda\/#website","url":"https:\/\/agenciaseolocal.eu\/bedda\/","name":"Centros bedda","description":"Centro de depilaci\u00f3n l\u00e1ser","publisher":{"@id":"https:\/\/agenciaseolocal.eu\/bedda\/#organization"},"potentialAction":[{"@type":"SearchAction","target":{"@type":"EntryPoint","urlTemplate":"https:\/\/agenciaseolocal.eu\/bedda\/?s={search_term_string}"},"query-input":{"@type":"PropertyValueSpecification","valueRequired":true,"valueName":"search_term_string"}}],"inLanguage":"es"},{"@type":"Organization","@id":"https:\/\/agenciaseolocal.eu\/bedda\/#organization","name":"Centros bedda","url":"https:\/\/agenciaseolocal.eu\/bedda\/","logo":{"@type":"ImageObject","inLanguage":"es","@id":"https:\/\/agenciaseolocal.eu\/bedda\/#\/schema\/logo\/image\/","url":"https:\/\/agenciaseolocal.eu\/bedda\/wp-content\/uploads\/2024\/04\/centros-bedda-depilacion-laser-logo.png","contentUrl":"https:\/\/agenciaseolocal.eu\/bedda\/wp-content\/uploads\/2024\/04\/centros-bedda-depilacion-laser-logo.png","width":220,"height":220,"caption":"Centros bedda"},"image":{"@id":"https:\/\/agenciaseolocal.eu\/bedda\/#\/schema\/logo\/image\/"},"sameAs":["https:\/\/www.facebook.com\/centrobedda","https:\/\/x.com\/centrosbedda","https:\/\/www.youtube.com\/channel\/UCV57tDnQcnHfTici1funk4g?app=desktop","https:\/\/www.instagram.com\/centrosbedda\/","https:\/\/www.linkedin.com\/company\/centros-bedda\/"]},{"@type":"Person","@id":"https:\/\/agenciaseolocal.eu\/bedda\/#\/schema\/person\/ca3010faf67f189fd2de8d61a763fc8b","name":"Centros bedda","image":{"@type":"ImageObject","inLanguage":"es","@id":"https:\/\/agenciaseolocal.eu\/bedda\/#\/schema\/person\/image\/","url":"https:\/\/secure.gravatar.com\/avatar\/ea1f00b0a249719594f6b50ee5d3214c2c192531d8f80f789208e2aa9605ac08?s=96&d=mm&r=g","contentUrl":"https:\/\/secure.gravatar.com\/avatar\/ea1f00b0a249719594f6b50ee5d3214c2c192531d8f80f789208e2aa9605ac08?s=96&d=mm&r=g","caption":"Centros bedda"},"url":"https:\/\/agenciaseolocal.eu\/bedda\/author\/mktpmp_gedfwb31y\/"}]}},"_links":{"self":[{"href":"https:\/\/agenciaseolocal.eu\/bedda\/wp-json\/wp\/v2\/posts\/987515230","targetHints":{"allow":["GET"]}}],"collection":[{"href":"https:\/\/agenciaseolocal.eu\/bedda\/wp-json\/wp\/v2\/posts"}],"about":[{"href":"https:\/\/agenciaseolocal.eu\/bedda\/wp-json\/wp\/v2\/types\/post"}],"author":[{"embeddable":true,"href":"https:\/\/agenciaseolocal.eu\/bedda\/wp-json\/wp\/v2\/users\/3"}],"replies":[{"embeddable":true,"href":"https:\/\/agenciaseolocal.eu\/bedda\/wp-json\/wp\/v2\/comments?post=987515230"}],"version-history":[{"count":2,"href":"https:\/\/agenciaseolocal.eu\/bedda\/wp-json\/wp\/v2\/posts\/987515230\/revisions"}],"predecessor-version":[{"id":987517069,"href":"https:\/\/agenciaseolocal.eu\/bedda\/wp-json\/wp\/v2\/posts\/987515230\/revisions\/987517069"}],"wp:featuredmedia":[{"embeddable":true,"href":"https:\/\/agenciaseolocal.eu\/bedda\/wp-json\/wp\/v2\/media\/987515235"}],"wp:attachment":[{"href":"https:\/\/agenciaseolocal.eu\/bedda\/wp-json\/wp\/v2\/media?parent=987515230"}],"wp:term":[{"taxonomy":"category","embeddable":true,"href":"https:\/\/agenciaseolocal.eu\/bedda\/wp-json\/wp\/v2\/categories?post=987515230"},{"taxonomy":"post_tag","embeddable":true,"href":"https:\/\/agenciaseolocal.eu\/bedda\/wp-json\/wp\/v2\/tags?post=987515230"}],"curies":[{"name":"wp","href":"https:\/\/api.w.org\/{rel}","templated":true}]}}