{"id":987515231,"date":"2024-03-16T10:31:35","date_gmt":"2024-03-16T09:31:35","guid":{"rendered":"https:\/\/centrosbedda.com\/?p=987515231"},"modified":"2025-01-15T14:42:10","modified_gmt":"2025-01-15T13:42:10","slug":"medicamentos-fotosensibles-laser","status":"publish","type":"post","link":"https:\/\/agenciaseolocal.eu\/bedda\/medicamentos-fotosensibles-laser\/","title":{"rendered":"Medicamentos fotosensibles al l\u00e1ser"},"content":{"rendered":"\n<p>La&nbsp;<a href=\"https:\/\/agenciaseolocal.eu\/bedda\/\">depilaci\u00f3n l\u00e1ser<\/a>&nbsp;se ha convertido en una opci\u00f3n cada vez m\u00e1s popular para deshacerse del vello no deseado. Sin embargo, hay ciertos medicamentos que pueden afectar la efectividad de este tratamiento y aumentar el riesgo de reacciones adversas. Estos medicamentos se conocen como &#8220;fotosensibles&#8221;, ya que pueden hacer que tu piel sea m\u00e1s propensa a quemaduras o irritaciones cuando est\u00e1 expuesta a la luz l\u00e1ser. En este art\u00edculo, exploraremos qu\u00e9 son exactamente los&nbsp;<strong>medicamentos fotosensibles<\/strong>, c\u00f3mo pueden afectar al tratamiento con l\u00e1ser y qu\u00e9 precauciones debes tener en cuenta.<\/p>\n\n\n\n<h2 class=\"wp-block-heading\">\u00bfQu\u00e9 son los medicamentos fotosensibles?<\/h2>\n\n\n\n<p>Los medicamentos fotosensibles son aquellos que<strong>&nbsp;pueden aumentar significativamente la fotosensibilidad de tu piel<\/strong>. Esto significa que&nbsp;<strong>tu piel se vuelve m\u00e1s sensible a la luz<\/strong><strong>y es m\u00e1s propensa a reacciones adversas<\/strong>&nbsp;cuando se expone a fuentes de luz intensa, como el l\u00e1ser utilizado en la depilaci\u00f3n l\u00e1ser. Estos medicamentos&nbsp;<strong>pueden interferir con el proceso normal de cicatrizaci\u00f3n de tu piel&nbsp;<\/strong>y aumentar el riesgo de quemaduras, ampollas y&nbsp;<a href=\"https:\/\/agenciaseolocal.eu\/bedda\/manchas-piel\/\">manchas en la piel<\/a>.<\/p>\n\n\n\n<p>Es importante tener en cuenta que<strong>&nbsp;no todos los medicamentos causan fotosensibilidad<\/strong>. Sin embargo, algunos tipos de medicamentos son m\u00e1s propensos a tener este efecto. Los m\u00e1s comunes son los medicamentos utilizados para tratar enfermedades como el acn\u00e9, la psoriasis y la hipertensi\u00f3n arterial. Tambi\u00e9n se ha observado que ciertos antibi\u00f3ticos, antidepresivos, antif\u00fangicos y medicamentos para trastornos del sistema nervioso pueden causar fotosensibilidad.<\/p>\n\n\n\n<p>La fotosensibilidad inducida por medicamentos&nbsp;<strong>puede variar en intensidad y duraci\u00f3n<\/strong>&nbsp;dependiendo del tipo de f\u00e1rmaco y de la sensibilidad individual de cada persona. Algunas personas experimentan una mayor sensibilidad a la luz solar, mientras que otras pueden reaccionar de manera m\u00e1s pronunciada a la luz artificial, como la emitida por los equipos de l\u00e1ser utilizados en&nbsp;<a href=\"https:\/\/agenciaseolocal.eu\/bedda\/medicina-estetica\/\">medicina est\u00e9tica<\/a>&nbsp;y&nbsp;<a href=\"https:\/\/agenciaseolocal.eu\/bedda\/estetica-premium\/\">tratamientos est\u00e9ticos<\/a>.<\/p>\n\n\n\n<p>Adem\u00e1s, es importante mencionar que la fotosensibilidad causada por ciertos medicamentos puede persistir incluso despu\u00e9s de suspender su uso, lo que significa que el riesgo de reacciones cut\u00e1neas adversas puede prolongarse en el tiempo. Por esta raz\u00f3n, es fundamental informar a al especialista de Centros bedda sobre cualquier medicamento que est\u00e9s tomando antes de someterte a un tratamiento con l\u00e1ser, para evaluar el riesgo y ajustar el procedimiento seg\u00fan sea necesario.<\/p>\n\n\n\n<h2 class=\"wp-block-heading\">Tipos de medicamentos que pueden causar fotosensibilidad<\/h2>\n\n\n\n<p>A continuaci\u00f3n, se enumeran los tipos m\u00e1s comunes de medicamentos que pueden aumentar tu sensibilidad a la luz durante el tratamiento l\u00e1ser:<\/p>\n\n\n\n<ol class=\"wp-block-list\">\n<li><strong>Medicamentos para el acn\u00e9<\/strong>: Algunos medicamentos utilizados para tratar el acn\u00e9, como la isotretino\u00edna, pueden aumentar la sensibilidad de tu piel a la luz.<\/li>\n\n\n\n<li><strong>Medicamentos para la psoriasis<\/strong>: Los medicamentos utilizados para tratar la psoriasis, como la metoxaleno, pueden hacer que tu piel sea m\u00e1s sensible al l\u00e1ser.<\/li>\n\n\n\n<li><strong>Medicamentos para la hipertensi\u00f3n arterial<\/strong>: Algunos medicamentos utilizados para tratar la hipertensi\u00f3n arterial, como los diur\u00e9ticos, pueden aumentar la fotosensibilidad de tu piel.<\/li>\n\n\n\n<li><strong>Antibi\u00f3ticos<\/strong>: Algunos antibi\u00f3ticos, como la doxiciclina y la tetraciclina, han sido asociados con un aumento en la fotosensibilidad.<\/li>\n\n\n\n<li><strong>Antidepresivos<\/strong>: Algunos antidepresivos, como la amitriptilina y la fluoxetina, pueden hacer que tu piel sea m\u00e1s sensible a la luz l\u00e1ser.<\/li>\n<\/ol>\n\n\n\n<p>Si est\u00e1s tomando alguno de estos medicamentos, es importante informar a tu especialista en depilaci\u00f3n l\u00e1ser antes de comenzar el tratamiento. Esto les permitir\u00e1 ajustar las configuraciones del l\u00e1ser y tomar las precauciones adecuadas para garantizar tu seguridad y minimizar el riesgo de reacciones adversas.<\/p>\n\n\n\n<h2 class=\"wp-block-heading\">Precauciones a tener en cuenta al utilizar medicamentos fotosensibles y someterse a depilaci\u00f3n l\u00e1ser<\/h2>\n\n\n\n<p>Si est\u00e1s utilizando medicamentos fotosensibles y est\u00e1s considerando someterte a un tratamiento l\u00e1ser, es importante que tomes algunas precauciones adicionales para proteger tu piel y minimizar el riesgo de reacciones adversas. A continuaci\u00f3n, se enumeran algunas precauciones clave que debes tener en cuenta:<\/p>\n\n\n\n<ul class=\"wp-block-list\">\n<li><strong>Informa a tu especialista&nbsp;<\/strong>en depilaci\u00f3n l\u00e1ser de Centros bedda sobre los medicamentos que est\u00e1s tomando. Esto les permitir\u00e1 ajustar las configuraciones del l\u00e1ser y tomar las precauciones adecuadas para minimizar el riesgo de reacciones adversas.<\/li>\n\n\n\n<li><strong>Mant\u00e9n tu piel protegida del sol<\/strong>. La exposici\u00f3n al sol puede aumentar a\u00fan m\u00e1s la fotosensibilidad de tu piel. Aseg\u00farate de aplicar un protector solar de amplio espectro con un factor de protecci\u00f3n solar (FPS) alto antes de salir al sol.<\/li>\n\n\n\n<li><strong>Evita la exposici\u00f3n al sol durante las horas pico<\/strong>. El sol es m\u00e1s fuerte entre las 10 a.m. y las 4 p.m., por lo que es importante limitar tu exposici\u00f3n durante estas horas para reducir el riesgo de quemaduras y da\u00f1o solar.<\/li>\n\n\n\n<li><strong>Evita otros tratamientos que puedan aumentar la sensibilidad de tu piel<\/strong>. Algunos tratamientos, como los peelings qu\u00edmicos y las exfoliaciones abrasivas, pueden aumentar a\u00fan m\u00e1s la sensibilidad de tu piel y aumentar el riesgo de reacciones adversas durante la depilaci\u00f3n l\u00e1ser.<\/li>\n<\/ul>\n\n\n\n<p>Recuerda que cada caso es \u00fanico, y lo mejor es siempre seguir las recomendaciones de tu especialista en depilaci\u00f3n l\u00e1ser para asegurar resultados \u00f3ptimos y minimizar el riesgo de reacciones adversas.<\/p>\n\n\n\n<h2 class=\"wp-block-heading\">Interacciones potenciales entre medicamentos fotosensibles y tratamientos de depilaci\u00f3n l\u00e1ser<\/h2>\n\n\n\n<p>Es importante tener en cuenta que algunos medicamentos fotosensibles pueden interactuar con los tratamientos de depilaci\u00f3n l\u00e1ser, lo que&nbsp;<strong>puede aumentar el riesgo de reacciones adversas<\/strong>. Algunos medicamentos pueden alterar el equilibrio natural de tu piel o aumentar la sensibilidad de tu piel a la luz l\u00e1ser.<\/p>\n\n\n\n<p>Si est\u00e1s tomando medicamentos fotosensibles y est\u00e1s considerando someterte a un tratamiento l\u00e1ser, es importante que hables con tu especialista en depilaci\u00f3n l\u00e1ser sobre estas posibles interacciones. Ellos podr\u00e1n evaluar tu caso espec\u00edfico y determinar si es seguro y apropiado realizar el tratamiento mientras est\u00e1s tomando estos medicamentos.<\/p>\n\n\n\n<h2 class=\"wp-block-heading\">Recomendaciones para evitar reacciones adversas y maximizar la seguridad durante la depilaci\u00f3n l\u00e1ser<\/h2>\n\n\n\n<p>Para evitar reacciones adversas y maximizar la seguridad durante la depilaci\u00f3n l\u00e1ser, aqu\u00ed tienes algunas recomendaciones adicionales:<\/p>\n\n\n\n<ul class=\"wp-block-list\">\n<li><strong>Elige un centro de depilaci\u00f3n l\u00e1ser<\/strong>&nbsp;con profesionales calificados y experiencia como es el caso de Centros bedda<\/li>\n\n\n\n<li><strong>Sigue las instrucciones de cuidado posterior&nbsp;<\/strong>proporcionadas por tu especialista en depilaci\u00f3n l\u00e1ser para garantizar una recuperaci\u00f3n adecuada.<\/li>\n\n\n\n<li><strong>Evita el bronceado y la exposici\u00f3n directa al sol<\/strong>&nbsp;por al menos dos semanas antes y despu\u00e9s del tratamiento l\u00e1ser.<\/li>\n\n\n\n<li>Si experimentas cualquier reacci\u00f3n adversa, como quemaduras, ampollas o irritaci\u00f3n severa,&nbsp;<strong>comun\u00edcate de inmediato con tu especialista en depilaci\u00f3n l\u00e1ser<\/strong>.<\/li>\n<\/ul>\n\n\n\n<p>En resumen, los medicamentos fotosensibles pueden afectar la efectividad y seguridad de la depilaci\u00f3n l\u00e1ser. Es importante informar a tu especialista en depilaci\u00f3n l\u00e1ser sobre los medicamentos que est\u00e1s tomando y tomar precauciones adicionales para minimizar el riesgo de reacciones adversas. Sigue las recomendaciones y consejos de tu especialista en depilaci\u00f3n l\u00e1ser para asegurar los mejores resultados y una experiencia segura.<\/p>\n","protected":false},"excerpt":{"rendered":"<p>La&nbsp;depilaci\u00f3n l\u00e1ser&nbsp;se ha convertido en una opci\u00f3n cada vez m\u00e1s popular para deshacerse del vello no deseado. Sin embargo, hay ciertos medicamentos que pueden afectar la efectividad de este tratamiento y aumentar el riesgo de reacciones adversas. Estos medicamentos se conocen como &#8220;fotosensibles&#8221;, ya que pueden hacer que tu piel sea m\u00e1s propensa a quemaduras [&hellip;]<\/p>\n","protected":false},"author":3,"featured_media":987515237,"comment_status":"open","ping_status":"closed","sticky":false,"template":"","format":"standard","meta":{"_et_pb_use_builder":"off","_et_pb_old_content":"","_et_gb_content_width":"","_joinchat":[],"footnotes":""},"categories":[51,65],"tags":[],"class_list":["post-987515231","post","type-post","status-publish","format-standard","has-post-thumbnail","hentry","category-blog","category-depilacion"],"yoast_head":"<!-- This site is optimized with the Yoast SEO plugin v25.9 - https:\/\/yoast.com\/wordpress\/plugins\/seo\/ -->\n<title>Medicamentos fotosensibles al l\u00e1ser | Centros bedda<\/title>\n<meta name=\"description\" content=\"\u00bfHay medicamentos fotosensibles al l\u00e1ser? En este art\u00edculo de Centros bedda te lo contamos. \u00a1Entra ahora en el blog y desc\u00fabrelo!\" \/>\n<meta name=\"robots\" content=\"noindex, follow, max-snippet:-1, max-image-preview:large, max-video-preview:-1\" \/>\n<meta property=\"og:locale\" content=\"es_ES\" \/>\n<meta property=\"og:type\" content=\"article\" \/>\n<meta property=\"og:title\" content=\"Medicamentos fotosensibles al l\u00e1ser | Centros bedda\" \/>\n<meta property=\"og:description\" content=\"\u00bfHay medicamentos fotosensibles al l\u00e1ser? En este art\u00edculo de Centros bedda te lo contamos. \u00a1Entra ahora en el blog y desc\u00fabrelo!\" \/>\n<meta property=\"og:url\" content=\"https:\/\/agenciaseolocal.eu\/bedda\/medicamentos-fotosensibles-laser\/\" \/>\n<meta property=\"og:site_name\" content=\"Centros bedda\" \/>\n<meta property=\"article:publisher\" content=\"https:\/\/www.facebook.com\/centrobedda\" \/>\n<meta property=\"article:published_time\" content=\"2024-03-16T09:31:35+00:00\" \/>\n<meta property=\"article:modified_time\" content=\"2025-01-15T13:42:10+00:00\" \/>\n<meta property=\"og:image\" content=\"https:\/\/agenciaseolocal.eu\/bedda\/wp-content\/uploads\/2024\/03\/caja-medicamentos-naranja-fotosensibles-depilacion-laser.jpeg\" \/>\n\t<meta property=\"og:image:width\" content=\"1700\" \/>\n\t<meta property=\"og:image:height\" content=\"600\" \/>\n\t<meta property=\"og:image:type\" content=\"image\/jpeg\" \/>\n<meta name=\"author\" content=\"Centros bedda\" \/>\n<meta name=\"twitter:card\" content=\"summary_large_image\" \/>\n<meta name=\"twitter:creator\" content=\"@centrosbedda\" \/>\n<meta name=\"twitter:site\" content=\"@centrosbedda\" \/>\n<meta name=\"twitter:label1\" content=\"Escrito por\" \/>\n\t<meta name=\"twitter:data1\" content=\"Centros bedda\" \/>\n\t<meta name=\"twitter:label2\" content=\"Tiempo de lectura\" \/>\n\t<meta name=\"twitter:data2\" content=\"6 minutos\" \/>\n<!-- \/ Yoast SEO plugin. -->","yoast_head_json":{"title":"Medicamentos fotosensibles al l\u00e1ser | Centros bedda","description":"\u00bfHay medicamentos fotosensibles al l\u00e1ser? En este art\u00edculo de Centros bedda te lo contamos. \u00a1Entra ahora en el blog y desc\u00fabrelo!","robots":{"index":"noindex","follow":"follow","max-snippet":"max-snippet:-1","max-image-preview":"max-image-preview:large","max-video-preview":"max-video-preview:-1"},"og_locale":"es_ES","og_type":"article","og_title":"Medicamentos fotosensibles al l\u00e1ser | Centros bedda","og_description":"\u00bfHay medicamentos fotosensibles al l\u00e1ser? En este art\u00edculo de Centros bedda te lo contamos. \u00a1Entra ahora en el blog y desc\u00fabrelo!","og_url":"https:\/\/agenciaseolocal.eu\/bedda\/medicamentos-fotosensibles-laser\/","og_site_name":"Centros bedda","article_publisher":"https:\/\/www.facebook.com\/centrobedda","article_published_time":"2024-03-16T09:31:35+00:00","article_modified_time":"2025-01-15T13:42:10+00:00","og_image":[{"width":1700,"height":600,"url":"https:\/\/agenciaseolocal.eu\/bedda\/wp-content\/uploads\/2024\/03\/caja-medicamentos-naranja-fotosensibles-depilacion-laser.jpeg","type":"image\/jpeg"}],"author":"Centros bedda","twitter_card":"summary_large_image","twitter_creator":"@centrosbedda","twitter_site":"@centrosbedda","twitter_misc":{"Escrito por":"Centros bedda","Tiempo de lectura":"6 minutos"},"schema":{"@context":"https:\/\/schema.org","@graph":[{"@type":"Article","@id":"https:\/\/agenciaseolocal.eu\/bedda\/medicamentos-fotosensibles-laser\/#article","isPartOf":{"@id":"https:\/\/agenciaseolocal.eu\/bedda\/medicamentos-fotosensibles-laser\/"},"author":{"name":"Centros bedda","@id":"https:\/\/agenciaseolocal.eu\/bedda\/#\/schema\/person\/ca3010faf67f189fd2de8d61a763fc8b"},"headline":"Medicamentos fotosensibles al l\u00e1ser","datePublished":"2024-03-16T09:31:35+00:00","dateModified":"2025-01-15T13:42:10+00:00","mainEntityOfPage":{"@id":"https:\/\/agenciaseolocal.eu\/bedda\/medicamentos-fotosensibles-laser\/"},"wordCount":1210,"commentCount":0,"publisher":{"@id":"https:\/\/agenciaseolocal.eu\/bedda\/#organization"},"image":{"@id":"https:\/\/agenciaseolocal.eu\/bedda\/medicamentos-fotosensibles-laser\/#primaryimage"},"thumbnailUrl":"https:\/\/agenciaseolocal.eu\/bedda\/wp-content\/uploads\/2024\/03\/caja-medicamentos-naranja-fotosensibles-depilacion-laser.jpeg","articleSection":["Blog","Depilaci\u00f3n"],"inLanguage":"es","potentialAction":[{"@type":"CommentAction","name":"Comment","target":["https:\/\/agenciaseolocal.eu\/bedda\/medicamentos-fotosensibles-laser\/#respond"]}]},{"@type":"WebPage","@id":"https:\/\/agenciaseolocal.eu\/bedda\/medicamentos-fotosensibles-laser\/","url":"https:\/\/agenciaseolocal.eu\/bedda\/medicamentos-fotosensibles-laser\/","name":"Medicamentos fotosensibles al l\u00e1ser | Centros bedda","isPartOf":{"@id":"https:\/\/agenciaseolocal.eu\/bedda\/#website"},"primaryImageOfPage":{"@id":"https:\/\/agenciaseolocal.eu\/bedda\/medicamentos-fotosensibles-laser\/#primaryimage"},"image":{"@id":"https:\/\/agenciaseolocal.eu\/bedda\/medicamentos-fotosensibles-laser\/#primaryimage"},"thumbnailUrl":"https:\/\/agenciaseolocal.eu\/bedda\/wp-content\/uploads\/2024\/03\/caja-medicamentos-naranja-fotosensibles-depilacion-laser.jpeg","datePublished":"2024-03-16T09:31:35+00:00","dateModified":"2025-01-15T13:42:10+00:00","description":"\u00bfHay medicamentos fotosensibles al l\u00e1ser? En este art\u00edculo de Centros bedda te lo contamos. \u00a1Entra ahora en el blog y desc\u00fabrelo!","breadcrumb":{"@id":"https:\/\/agenciaseolocal.eu\/bedda\/medicamentos-fotosensibles-laser\/#breadcrumb"},"inLanguage":"es","potentialAction":[{"@type":"ReadAction","target":["https:\/\/agenciaseolocal.eu\/bedda\/medicamentos-fotosensibles-laser\/"]}]},{"@type":"ImageObject","inLanguage":"es","@id":"https:\/\/agenciaseolocal.eu\/bedda\/medicamentos-fotosensibles-laser\/#primaryimage","url":"https:\/\/agenciaseolocal.eu\/bedda\/wp-content\/uploads\/2024\/03\/caja-medicamentos-naranja-fotosensibles-depilacion-laser.jpeg","contentUrl":"https:\/\/agenciaseolocal.eu\/bedda\/wp-content\/uploads\/2024\/03\/caja-medicamentos-naranja-fotosensibles-depilacion-laser.jpeg","width":1700,"height":600,"caption":"caja medicamentos naranja fotosensibles depilaci\u00f3n laser"},{"@type":"BreadcrumbList","@id":"https:\/\/agenciaseolocal.eu\/bedda\/medicamentos-fotosensibles-laser\/#breadcrumb","itemListElement":[{"@type":"ListItem","position":1,"name":"Portada","item":"https:\/\/agenciaseolocal.eu\/bedda\/"},{"@type":"ListItem","position":2,"name":"Medicamentos fotosensibles al l\u00e1ser"}]},{"@type":"WebSite","@id":"https:\/\/agenciaseolocal.eu\/bedda\/#website","url":"https:\/\/agenciaseolocal.eu\/bedda\/","name":"Centros bedda","description":"Centro de depilaci\u00f3n l\u00e1ser","publisher":{"@id":"https:\/\/agenciaseolocal.eu\/bedda\/#organization"},"potentialAction":[{"@type":"SearchAction","target":{"@type":"EntryPoint","urlTemplate":"https:\/\/agenciaseolocal.eu\/bedda\/?s={search_term_string}"},"query-input":{"@type":"PropertyValueSpecification","valueRequired":true,"valueName":"search_term_string"}}],"inLanguage":"es"},{"@type":"Organization","@id":"https:\/\/agenciaseolocal.eu\/bedda\/#organization","name":"Centros bedda","url":"https:\/\/agenciaseolocal.eu\/bedda\/","logo":{"@type":"ImageObject","inLanguage":"es","@id":"https:\/\/agenciaseolocal.eu\/bedda\/#\/schema\/logo\/image\/","url":"https:\/\/agenciaseolocal.eu\/bedda\/wp-content\/uploads\/2024\/04\/centros-bedda-depilacion-laser-logo.png","contentUrl":"https:\/\/agenciaseolocal.eu\/bedda\/wp-content\/uploads\/2024\/04\/centros-bedda-depilacion-laser-logo.png","width":220,"height":220,"caption":"Centros bedda"},"image":{"@id":"https:\/\/agenciaseolocal.eu\/bedda\/#\/schema\/logo\/image\/"},"sameAs":["https:\/\/www.facebook.com\/centrobedda","https:\/\/x.com\/centrosbedda","https:\/\/www.youtube.com\/channel\/UCV57tDnQcnHfTici1funk4g?app=desktop","https:\/\/www.instagram.com\/centrosbedda\/","https:\/\/www.linkedin.com\/company\/centros-bedda\/"]},{"@type":"Person","@id":"https:\/\/agenciaseolocal.eu\/bedda\/#\/schema\/person\/ca3010faf67f189fd2de8d61a763fc8b","name":"Centros bedda","image":{"@type":"ImageObject","inLanguage":"es","@id":"https:\/\/agenciaseolocal.eu\/bedda\/#\/schema\/person\/image\/","url":"https:\/\/secure.gravatar.com\/avatar\/ea1f00b0a249719594f6b50ee5d3214c2c192531d8f80f789208e2aa9605ac08?s=96&d=mm&r=g","contentUrl":"https:\/\/secure.gravatar.com\/avatar\/ea1f00b0a249719594f6b50ee5d3214c2c192531d8f80f789208e2aa9605ac08?s=96&d=mm&r=g","caption":"Centros bedda"},"url":"https:\/\/agenciaseolocal.eu\/bedda\/author\/mktpmp_gedfwb31y\/"}]}},"_links":{"self":[{"href":"https:\/\/agenciaseolocal.eu\/bedda\/wp-json\/wp\/v2\/posts\/987515231","targetHints":{"allow":["GET"]}}],"collection":[{"href":"https:\/\/agenciaseolocal.eu\/bedda\/wp-json\/wp\/v2\/posts"}],"about":[{"href":"https:\/\/agenciaseolocal.eu\/bedda\/wp-json\/wp\/v2\/types\/post"}],"author":[{"embeddable":true,"href":"https:\/\/agenciaseolocal.eu\/bedda\/wp-json\/wp\/v2\/users\/3"}],"replies":[{"embeddable":true,"href":"https:\/\/agenciaseolocal.eu\/bedda\/wp-json\/wp\/v2\/comments?post=987515231"}],"version-history":[{"count":2,"href":"https:\/\/agenciaseolocal.eu\/bedda\/wp-json\/wp\/v2\/posts\/987515231\/revisions"}],"predecessor-version":[{"id":987518302,"href":"https:\/\/agenciaseolocal.eu\/bedda\/wp-json\/wp\/v2\/posts\/987515231\/revisions\/987518302"}],"wp:featuredmedia":[{"embeddable":true,"href":"https:\/\/agenciaseolocal.eu\/bedda\/wp-json\/wp\/v2\/media\/987515237"}],"wp:attachment":[{"href":"https:\/\/agenciaseolocal.eu\/bedda\/wp-json\/wp\/v2\/media?parent=987515231"}],"wp:term":[{"taxonomy":"category","embeddable":true,"href":"https:\/\/agenciaseolocal.eu\/bedda\/wp-json\/wp\/v2\/categories?post=987515231"},{"taxonomy":"post_tag","embeddable":true,"href":"https:\/\/agenciaseolocal.eu\/bedda\/wp-json\/wp\/v2\/tags?post=987515231"}],"curies":[{"name":"wp","href":"https:\/\/api.w.org\/{rel}","templated":true}]}}