{"id":987515232,"date":"2024-03-17T10:32:34","date_gmt":"2024-03-17T09:32:34","guid":{"rendered":"https:\/\/centrosbedda.com\/?p=987515232"},"modified":"2025-01-15T14:39:37","modified_gmt":"2025-01-15T13:39:37","slug":"manchas-sol-depilacion-laser","status":"publish","type":"post","link":"https:\/\/agenciaseolocal.eu\/bedda\/manchas-sol-depilacion-laser\/","title":{"rendered":"Manchas de sol por depilaci\u00f3n l\u00e1ser: C\u00f3mo evitarlas y quitarlas"},"content":{"rendered":"\n<p>La&nbsp;<a href=\"https:\/\/agenciaseolocal.eu\/bedda\/\">depilaci\u00f3n l\u00e1ser<\/a>&nbsp;es un m\u00e9todo eficaz y popular para deshacerse del vello no deseado de manera duradera. Sin embargo, muchas personas se enfrentan a un problema com\u00fan despu\u00e9s del tratamiento: las&nbsp;<strong>manchas de sol<\/strong>. Estas manchas pueden ser una molestia y afectar nuestra apariencia. Pero no te preocupes, en este art\u00edculo te explicaremos c\u00f3mo evitarlas y c\u00f3mo eliminarlas si ya han aparecido.<\/p>\n\n\n\n<h2 class=\"wp-block-heading\">Comprendiendo las manchas de sol inducidas por la depilaci\u00f3n l\u00e1ser<\/h2>\n\n\n\n<p>Antes de sumergirnos en las estrategias para prevenir y tratar las manchas de sol, es importante comprender c\u00f3mo se producen. Durante la depilaci\u00f3n l\u00e1ser, el haz de luz atraviesa la piel y se absorbe por el pigmento oscuro del vello. Sin embargo, en ocasiones, este haz de luz tambi\u00e9n puede afectar a las c\u00e9lulas productoras de pigmento de la piel, conocidas como&nbsp;<strong>melanocitos<\/strong>.<\/p>\n\n\n\n<p>Si la piel no est\u00e1 correctamente protegida durante el tratamiento o si se utilizan niveles de energ\u00eda demasiado altos, puede producirse una sobreestimulaci\u00f3n de los melanocitos. Esto puede dar lugar a la&nbsp;<strong>producci\u00f3n excesiva de melanina<\/strong>, el pigmento que le da color a la piel. El resultado final son las<strong>&nbsp;manchas de sol<\/strong>.<\/p>\n\n\n\n<p>Es fundamental mencionar que las manchas de sol inducidas por la depilaci\u00f3n l\u00e1ser&nbsp;<strong>pueden variar en tama\u00f1o, forma e intensidad de pigmentaci\u00f3n<\/strong>. Algunas personas pueden experimentar manchas peque\u00f1as y claras, mientras que otras pueden desarrollar manchas m\u00e1s grandes y oscuras. La gen\u00e9tica, el tipo de piel y la exposici\u00f3n al sol son factores que pueden influir en la apariencia de estas manchas.<\/p>\n\n\n\n<p>Adem\u00e1s, es importante destacar que la prevenci\u00f3n juega un papel crucial en la gesti\u00f3n de las manchas de sol. El uso de protector solar de amplio espectro con un alto factor de protecci\u00f3n, as\u00ed como evitar la exposici\u00f3n prolongada al sol, especialmente despu\u00e9s de un tratamiento de depilaci\u00f3n l\u00e1ser, puede ayudar a reducir el riesgo de desarrollar nuevas manchas o empeorar las existentes.<\/p>\n\n\n\n<h2 class=\"wp-block-heading\">Factores que contribuyen a la formaci\u00f3n de manchas de sol tras l\u00e1ser<\/h2>\n\n\n\n<p>No todos los individuos experimentan manchas de sol despu\u00e9s de la depilaci\u00f3n l\u00e1ser, pero algunos factores pueden aumentar su probabilidad. Entre los principales factores se incluyen:<\/p>\n\n\n\n<ol class=\"wp-block-list\">\n<li><strong>Tono de piel:<\/strong>&nbsp;Las personas con tonos de piel m\u00e1s oscuros son m\u00e1s propensas a desarrollar manchas de sol.<\/li>\n\n\n\n<li><strong>Exposici\u00f3n solar:<\/strong>&nbsp;La exposici\u00f3n al sol sin la debida protecci\u00f3n solar antes y despu\u00e9s de la depilaci\u00f3n l\u00e1ser puede aumentar el riesgo.<\/li>\n\n\n\n<li><strong>Historial de manchas de sol:<\/strong>&nbsp;Aquellos que ya han experimentado manchas de sol en el pasado tienen m\u00e1s probabilidades de desarrollarlas despu\u00e9s del tratamiento l\u00e1ser.<\/li>\n\n\n\n<li><strong>Calidad del tratamiento:<\/strong>&nbsp;Un tratamiento l\u00e1ser realizado por un profesional capacitado y con equipos adecuados disminuye el riesgo de manchas de sol.<\/li>\n<\/ol>\n\n\n\n<p>Adem\u00e1s de los factores mencionados, es importante destacar que la gen\u00e9tica tambi\u00e9n puede desempe\u00f1ar un papel crucial en la formaci\u00f3n de manchas de sol despu\u00e9s de la depilaci\u00f3n l\u00e1ser. Algunas personas pueden tener una predisposici\u00f3n gen\u00e9tica a desarrollar hiperpigmentaci\u00f3n, lo que aumenta su susceptibilidad a las manchas de sol.<\/p>\n\n\n\n<p>Por otro lado, el cuidado posterior al tratamiento l\u00e1ser tambi\u00e9n influye en la prevenci\u00f3n de manchas de sol. Mantener la piel adecuadamente hidratada y protegida del sol durante las semanas posteriores al procedimiento es fundamental para reducir el riesgo de hiperpigmentaci\u00f3n y manchas.<\/p>\n\n\n\n<h2 class=\"wp-block-heading\">Estrategias para prevenir la aparici\u00f3n de manchas de sol durante la depilaci\u00f3n l\u00e1ser<\/h2>\n\n\n\n<p>Aunque no hay una garant\u00eda al 100% de evitar las manchas de sol, hay estrategias que puedes seguir para minimizar su aparici\u00f3n:<\/p>\n\n\n\n<p>La depilaci\u00f3n l\u00e1ser es un procedimiento cada vez m\u00e1s popular para eliminar el vello no deseado de forma duradera. Sin embargo, es importante tener en cuenta que la exposici\u00f3n al sol puede afectar los resultados del tratamiento. Por eso, es fundamental proteger la piel antes, durante y despu\u00e9s de las sesiones de depilaci\u00f3n l\u00e1ser.<\/p>\n\n\n\n<ul class=\"wp-block-list\">\n<li><strong>Prot\u00e9gete del sol:<\/strong>&nbsp;Evita la exposici\u00f3n solar antes y despu\u00e9s del tratamiento l\u00e1ser. Utiliza protector solar de amplio espectro con un factor de protecci\u00f3n alto.<\/li>\n\n\n\n<li><strong>Evita los bronceados artificiales:<\/strong>&nbsp;Los rayos UV de las camas de bronceado pueden aumentar el riesgo de manchas de sol.<\/li>\n\n\n\n<li><strong>Informa a tu especialista:<\/strong>&nbsp;Comunica cualquier historial de manchas de sol o cambios en tu piel a tu especialista antes del tratamiento l\u00e1ser.<\/li>\n\n\n\n<li><strong>Sigue las instrucciones:<\/strong>&nbsp;Sigue al pie de la letra las instrucciones de cuidado post-tratamiento que te proporcionen en la cl\u00ednica est\u00e9tica.<\/li>\n<\/ul>\n\n\n\n<p>Adem\u00e1s de seguir estas recomendaciones, es importante recordar que la depilaci\u00f3n l\u00e1ser es un proceso que requiere varias sesiones para obtener resultados \u00f3ptimos. Cada sesi\u00f3n se realiza con un intervalo de tiempo espec\u00edfico para permitir que el vello crezca lo suficiente y sea efectivamente eliminado por el l\u00e1ser. Es fundamental ser constante en las sesiones programadas para lograr la reducci\u00f3n del vello de manera satisfactoria.<\/p>\n\n\n\n<h2 class=\"wp-block-heading\">Tratamientos y productos recomendados para eliminar las manchas de sol despu\u00e9s de la depilaci\u00f3n l\u00e1ser<\/h2>\n\n\n\n<p>Si ya tienes manchas de sol despu\u00e9s de la depilaci\u00f3n l\u00e1ser, existen varios tratamientos y productos que pueden ayudar a aclararlas y disminuir su apariencia. Es importante destacar que estos tratamientos deben ser realizados por profesionales m\u00e9dicos o dermat\u00f3logos:<\/p>\n\n\n\n<ul class=\"wp-block-list\">\n<li><strong>Terapia de luz intensa pulsada (IPL):<\/strong>&nbsp;Esta terapia utiliza luz pulsada para reducir la apariencia de las manchas de sol.<\/li>\n\n\n\n<li><strong>Tratamientos con \u00e1cido k\u00f3jico:<\/strong>&nbsp;El \u00e1cido k\u00f3jico es conocido por su capacidad para aclarar la piel y reducir las manchas de pigmentaci\u00f3n.<\/li>\n\n\n\n<li><strong>Peelings qu\u00edmicos:<\/strong>&nbsp;Los&nbsp;<a href=\"https:\/\/agenciaseolocal.eu\/bedda\/peeling-facial\/\">peelings<\/a>&nbsp;qu\u00edmicos ayudan a exfoliar la piel y a eliminar las capas superiores da\u00f1adas, lo que puede reducir la apariencia de las manchas.<\/li>\n<\/ul>\n\n\n\n<p>Recuerda que siempre debes consultar a un profesional antes de someterte a cualquier tratamiento y seguir sus recomendaciones para obtener los mejores resultados.<\/p>\n\n\n\n<h2 class=\"wp-block-heading\">Consideraciones importantes y consejos para el cuidado posterior al tratamiento de depilaci\u00f3n l\u00e1ser<\/h2>\n\n\n\n<p>Despu\u00e9s de la depilaci\u00f3n l\u00e1ser, es crucial cuidar adecuadamente la piel para evitar la aparici\u00f3n de manchas de sol. Aqu\u00ed tienes algunos consejos \u00fatiles:<\/p>\n\n\n\n<ul class=\"wp-block-list\">\n<li><strong>Evita la exposici\u00f3n solar:<\/strong>&nbsp;Protege la piel del sol y utiliza protector solar con un alto factor de protecci\u00f3n durante al menos cuatro semanas despu\u00e9s del tratamiento l\u00e1ser.<\/li>\n\n\n\n<li><strong>Hidrataci\u00f3n:<\/strong>&nbsp;Mant\u00e9n la piel hidratada para ayudar en su recuperaci\u00f3n.<\/li>\n\n\n\n<li><strong>Evita el uso de productos irritantes:<\/strong>&nbsp;Evita el uso de productos que contengan \u00e1cidos o ingredientes irritantes en la zona tratada.<\/li>\n\n\n\n<li><strong>Sigue las instrucciones post-tratamiento:<\/strong>&nbsp;Presta atenci\u00f3n a las recomendaciones de cuidado post-tratamiento proporcionadas por tu especialista en depilaci\u00f3n l\u00e1ser.<\/li>\n<\/ul>\n\n\n\n<p>En conclusi\u00f3n, el tratamiento de depilaci\u00f3n l\u00e1ser es efectivo para deshacerte del vello no deseado, pero puede llevar a la aparici\u00f3n de manchas de sol. Sin embargo, siguiendo las estrategias de prevenci\u00f3n adecuadas y consultando a un especialista en casos necesarios, puedes minimizar estos efectos secundarios y mantener una piel saludable y sin manchas. \u00a1No dudes en aprovechar al m\u00e1ximo la depilaci\u00f3n l\u00e1ser sin preocuparte por las manchas de sol!<\/p>\n","protected":false},"excerpt":{"rendered":"<p>La&nbsp;depilaci\u00f3n l\u00e1ser&nbsp;es un m\u00e9todo eficaz y popular para deshacerse del vello no deseado de manera duradera. Sin embargo, muchas personas se enfrentan a un problema com\u00fan despu\u00e9s del tratamiento: las&nbsp;manchas de sol. Estas manchas pueden ser una molestia y afectar nuestra apariencia. Pero no te preocupes, en este art\u00edculo te explicaremos c\u00f3mo evitarlas y c\u00f3mo [&hellip;]<\/p>\n","protected":false},"author":3,"featured_media":987515239,"comment_status":"open","ping_status":"closed","sticky":false,"template":"","format":"standard","meta":{"_et_pb_use_builder":"off","_et_pb_old_content":"","_et_gb_content_width":"","_joinchat":[],"footnotes":""},"categories":[51,65],"tags":[],"class_list":["post-987515232","post","type-post","status-publish","format-standard","has-post-thumbnail","hentry","category-blog","category-depilacion"],"yoast_head":"<!-- This site is optimized with the Yoast SEO plugin v25.9 - https:\/\/yoast.com\/wordpress\/plugins\/seo\/ -->\n<title>Manchas de sol por depilaci\u00f3n l\u00e1ser | Centros bedda<\/title>\n<meta name=\"description\" content=\"\u00bfC\u00f3mo evitar y quitar las manchas de sol por depilaci\u00f3n l\u00e1ser? En este art\u00edculo de Centros bedda te lo contamos. \u00a1Entra ahora y desc\u00fabrelo!\" \/>\n<meta name=\"robots\" content=\"noindex, follow, max-snippet:-1, max-image-preview:large, max-video-preview:-1\" \/>\n<meta property=\"og:locale\" content=\"es_ES\" \/>\n<meta property=\"og:type\" content=\"article\" \/>\n<meta property=\"og:title\" content=\"Manchas de sol por depilaci\u00f3n l\u00e1ser | Centros bedda\" \/>\n<meta property=\"og:description\" content=\"\u00bfC\u00f3mo evitar y quitar las manchas de sol por depilaci\u00f3n l\u00e1ser? En este art\u00edculo de Centros bedda te lo contamos. \u00a1Entra ahora y desc\u00fabrelo!\" \/>\n<meta property=\"og:url\" content=\"https:\/\/agenciaseolocal.eu\/bedda\/manchas-sol-depilacion-laser\/\" \/>\n<meta property=\"og:site_name\" content=\"Centros bedda\" \/>\n<meta property=\"article:publisher\" content=\"https:\/\/www.facebook.com\/centrobedda\" \/>\n<meta property=\"article:published_time\" content=\"2024-03-17T09:32:34+00:00\" \/>\n<meta property=\"article:modified_time\" content=\"2025-01-15T13:39:37+00:00\" \/>\n<meta property=\"og:image\" content=\"https:\/\/agenciaseolocal.eu\/bedda\/wp-content\/uploads\/2024\/03\/mujer-con-manchas-sol-cara.jpeg\" \/>\n\t<meta property=\"og:image:width\" content=\"1700\" \/>\n\t<meta property=\"og:image:height\" content=\"700\" \/>\n\t<meta property=\"og:image:type\" content=\"image\/jpeg\" \/>\n<meta name=\"author\" content=\"Centros bedda\" \/>\n<meta name=\"twitter:card\" content=\"summary_large_image\" \/>\n<meta name=\"twitter:creator\" content=\"@centrosbedda\" \/>\n<meta name=\"twitter:site\" content=\"@centrosbedda\" \/>\n<meta name=\"twitter:label1\" content=\"Escrito por\" \/>\n\t<meta name=\"twitter:data1\" content=\"Centros bedda\" \/>\n\t<meta name=\"twitter:label2\" content=\"Tiempo de lectura\" \/>\n\t<meta name=\"twitter:data2\" content=\"1 minuto\" \/>\n<!-- \/ Yoast SEO plugin. -->","yoast_head_json":{"title":"Manchas de sol por depilaci\u00f3n l\u00e1ser | Centros bedda","description":"\u00bfC\u00f3mo evitar y quitar las manchas de sol por depilaci\u00f3n l\u00e1ser? En este art\u00edculo de Centros bedda te lo contamos. \u00a1Entra ahora y desc\u00fabrelo!","robots":{"index":"noindex","follow":"follow","max-snippet":"max-snippet:-1","max-image-preview":"max-image-preview:large","max-video-preview":"max-video-preview:-1"},"og_locale":"es_ES","og_type":"article","og_title":"Manchas de sol por depilaci\u00f3n l\u00e1ser | Centros bedda","og_description":"\u00bfC\u00f3mo evitar y quitar las manchas de sol por depilaci\u00f3n l\u00e1ser? En este art\u00edculo de Centros bedda te lo contamos. \u00a1Entra ahora y desc\u00fabrelo!","og_url":"https:\/\/agenciaseolocal.eu\/bedda\/manchas-sol-depilacion-laser\/","og_site_name":"Centros bedda","article_publisher":"https:\/\/www.facebook.com\/centrobedda","article_published_time":"2024-03-17T09:32:34+00:00","article_modified_time":"2025-01-15T13:39:37+00:00","og_image":[{"width":1700,"height":700,"url":"https:\/\/agenciaseolocal.eu\/bedda\/wp-content\/uploads\/2024\/03\/mujer-con-manchas-sol-cara.jpeg","type":"image\/jpeg"}],"author":"Centros bedda","twitter_card":"summary_large_image","twitter_creator":"@centrosbedda","twitter_site":"@centrosbedda","twitter_misc":{"Escrito por":"Centros bedda","Tiempo de lectura":"1 minuto"},"schema":{"@context":"https:\/\/schema.org","@graph":[{"@type":"Article","@id":"https:\/\/agenciaseolocal.eu\/bedda\/manchas-sol-depilacion-laser\/#article","isPartOf":{"@id":"https:\/\/agenciaseolocal.eu\/bedda\/manchas-sol-depilacion-laser\/"},"author":{"name":"Centros bedda","@id":"https:\/\/agenciaseolocal.eu\/bedda\/#\/schema\/person\/ca3010faf67f189fd2de8d61a763fc8b"},"headline":"Manchas de sol por depilaci\u00f3n l\u00e1ser: C\u00f3mo evitarlas y quitarlas","datePublished":"2024-03-17T09:32:34+00:00","dateModified":"2025-01-15T13:39:37+00:00","mainEntityOfPage":{"@id":"https:\/\/agenciaseolocal.eu\/bedda\/manchas-sol-depilacion-laser\/"},"wordCount":1272,"commentCount":0,"publisher":{"@id":"https:\/\/agenciaseolocal.eu\/bedda\/#organization"},"image":{"@id":"https:\/\/agenciaseolocal.eu\/bedda\/manchas-sol-depilacion-laser\/#primaryimage"},"thumbnailUrl":"https:\/\/agenciaseolocal.eu\/bedda\/wp-content\/uploads\/2024\/03\/mujer-con-manchas-sol-cara.jpeg","articleSection":["Blog","Depilaci\u00f3n"],"inLanguage":"es","potentialAction":[{"@type":"CommentAction","name":"Comment","target":["https:\/\/agenciaseolocal.eu\/bedda\/manchas-sol-depilacion-laser\/#respond"]}]},{"@type":"WebPage","@id":"https:\/\/agenciaseolocal.eu\/bedda\/manchas-sol-depilacion-laser\/","url":"https:\/\/agenciaseolocal.eu\/bedda\/manchas-sol-depilacion-laser\/","name":"Manchas de sol por depilaci\u00f3n l\u00e1ser | Centros bedda","isPartOf":{"@id":"https:\/\/agenciaseolocal.eu\/bedda\/#website"},"primaryImageOfPage":{"@id":"https:\/\/agenciaseolocal.eu\/bedda\/manchas-sol-depilacion-laser\/#primaryimage"},"image":{"@id":"https:\/\/agenciaseolocal.eu\/bedda\/manchas-sol-depilacion-laser\/#primaryimage"},"thumbnailUrl":"https:\/\/agenciaseolocal.eu\/bedda\/wp-content\/uploads\/2024\/03\/mujer-con-manchas-sol-cara.jpeg","datePublished":"2024-03-17T09:32:34+00:00","dateModified":"2025-01-15T13:39:37+00:00","description":"\u00bfC\u00f3mo evitar y quitar las manchas de sol por depilaci\u00f3n l\u00e1ser? En este art\u00edculo de Centros bedda te lo contamos. \u00a1Entra ahora y desc\u00fabrelo!","breadcrumb":{"@id":"https:\/\/agenciaseolocal.eu\/bedda\/manchas-sol-depilacion-laser\/#breadcrumb"},"inLanguage":"es","potentialAction":[{"@type":"ReadAction","target":["https:\/\/agenciaseolocal.eu\/bedda\/manchas-sol-depilacion-laser\/"]}]},{"@type":"ImageObject","inLanguage":"es","@id":"https:\/\/agenciaseolocal.eu\/bedda\/manchas-sol-depilacion-laser\/#primaryimage","url":"https:\/\/agenciaseolocal.eu\/bedda\/wp-content\/uploads\/2024\/03\/mujer-con-manchas-sol-cara.jpeg","contentUrl":"https:\/\/agenciaseolocal.eu\/bedda\/wp-content\/uploads\/2024\/03\/mujer-con-manchas-sol-cara.jpeg","width":1700,"height":700,"caption":"mujer con manchas sol cara"},{"@type":"BreadcrumbList","@id":"https:\/\/agenciaseolocal.eu\/bedda\/manchas-sol-depilacion-laser\/#breadcrumb","itemListElement":[{"@type":"ListItem","position":1,"name":"Portada","item":"https:\/\/agenciaseolocal.eu\/bedda\/"},{"@type":"ListItem","position":2,"name":"Manchas de sol por depilaci\u00f3n l\u00e1ser: C\u00f3mo evitarlas y quitarlas"}]},{"@type":"WebSite","@id":"https:\/\/agenciaseolocal.eu\/bedda\/#website","url":"https:\/\/agenciaseolocal.eu\/bedda\/","name":"Centros bedda","description":"Centro de depilaci\u00f3n l\u00e1ser","publisher":{"@id":"https:\/\/agenciaseolocal.eu\/bedda\/#organization"},"potentialAction":[{"@type":"SearchAction","target":{"@type":"EntryPoint","urlTemplate":"https:\/\/agenciaseolocal.eu\/bedda\/?s={search_term_string}"},"query-input":{"@type":"PropertyValueSpecification","valueRequired":true,"valueName":"search_term_string"}}],"inLanguage":"es"},{"@type":"Organization","@id":"https:\/\/agenciaseolocal.eu\/bedda\/#organization","name":"Centros bedda","url":"https:\/\/agenciaseolocal.eu\/bedda\/","logo":{"@type":"ImageObject","inLanguage":"es","@id":"https:\/\/agenciaseolocal.eu\/bedda\/#\/schema\/logo\/image\/","url":"https:\/\/agenciaseolocal.eu\/bedda\/wp-content\/uploads\/2024\/04\/centros-bedda-depilacion-laser-logo.png","contentUrl":"https:\/\/agenciaseolocal.eu\/bedda\/wp-content\/uploads\/2024\/04\/centros-bedda-depilacion-laser-logo.png","width":220,"height":220,"caption":"Centros bedda"},"image":{"@id":"https:\/\/agenciaseolocal.eu\/bedda\/#\/schema\/logo\/image\/"},"sameAs":["https:\/\/www.facebook.com\/centrobedda","https:\/\/x.com\/centrosbedda","https:\/\/www.youtube.com\/channel\/UCV57tDnQcnHfTici1funk4g?app=desktop","https:\/\/www.instagram.com\/centrosbedda\/","https:\/\/www.linkedin.com\/company\/centros-bedda\/"]},{"@type":"Person","@id":"https:\/\/agenciaseolocal.eu\/bedda\/#\/schema\/person\/ca3010faf67f189fd2de8d61a763fc8b","name":"Centros bedda","image":{"@type":"ImageObject","inLanguage":"es","@id":"https:\/\/agenciaseolocal.eu\/bedda\/#\/schema\/person\/image\/","url":"https:\/\/secure.gravatar.com\/avatar\/ea1f00b0a249719594f6b50ee5d3214c2c192531d8f80f789208e2aa9605ac08?s=96&d=mm&r=g","contentUrl":"https:\/\/secure.gravatar.com\/avatar\/ea1f00b0a249719594f6b50ee5d3214c2c192531d8f80f789208e2aa9605ac08?s=96&d=mm&r=g","caption":"Centros bedda"},"url":"https:\/\/agenciaseolocal.eu\/bedda\/author\/mktpmp_gedfwb31y\/"}]}},"_links":{"self":[{"href":"https:\/\/agenciaseolocal.eu\/bedda\/wp-json\/wp\/v2\/posts\/987515232","targetHints":{"allow":["GET"]}}],"collection":[{"href":"https:\/\/agenciaseolocal.eu\/bedda\/wp-json\/wp\/v2\/posts"}],"about":[{"href":"https:\/\/agenciaseolocal.eu\/bedda\/wp-json\/wp\/v2\/types\/post"}],"author":[{"embeddable":true,"href":"https:\/\/agenciaseolocal.eu\/bedda\/wp-json\/wp\/v2\/users\/3"}],"replies":[{"embeddable":true,"href":"https:\/\/agenciaseolocal.eu\/bedda\/wp-json\/wp\/v2\/comments?post=987515232"}],"version-history":[{"count":2,"href":"https:\/\/agenciaseolocal.eu\/bedda\/wp-json\/wp\/v2\/posts\/987515232\/revisions"}],"predecessor-version":[{"id":987518300,"href":"https:\/\/agenciaseolocal.eu\/bedda\/wp-json\/wp\/v2\/posts\/987515232\/revisions\/987518300"}],"wp:featuredmedia":[{"embeddable":true,"href":"https:\/\/agenciaseolocal.eu\/bedda\/wp-json\/wp\/v2\/media\/987515239"}],"wp:attachment":[{"href":"https:\/\/agenciaseolocal.eu\/bedda\/wp-json\/wp\/v2\/media?parent=987515232"}],"wp:term":[{"taxonomy":"category","embeddable":true,"href":"https:\/\/agenciaseolocal.eu\/bedda\/wp-json\/wp\/v2\/categories?post=987515232"},{"taxonomy":"post_tag","embeddable":true,"href":"https:\/\/agenciaseolocal.eu\/bedda\/wp-json\/wp\/v2\/tags?post=987515232"}],"curies":[{"name":"wp","href":"https:\/\/api.w.org\/{rel}","templated":true}]}}