{"id":987515248,"date":"2024-03-23T11:02:25","date_gmt":"2024-03-23T10:02:25","guid":{"rendered":"https:\/\/centrosbedda.com\/?p=987515248"},"modified":"2025-01-15T14:30:15","modified_gmt":"2025-01-15T13:30:15","slug":"etapas-crecimiento-vello","status":"publish","type":"post","link":"https:\/\/agenciaseolocal.eu\/bedda\/etapas-crecimiento-vello\/","title":{"rendered":"Etapas del crecimiento del vello"},"content":{"rendered":"\n<p>El&nbsp;<strong>crecimiento del vello<\/strong>&nbsp;es un proceso fascinante que ocurre en nuestro cuerpo. Contrario a lo que muchos creen, este proceso no es lineal ni se produce de forma continua. De hecho, el crecimiento del vello se divide en varias etapas distintas, cada una con sus propias caracter\u00edsticas. En este art\u00edculo de&nbsp;<a href=\"https:\/\/agenciaseolocal.eu\/bedda\/\">Centros bedda<\/a>, exploraremos las diferentes&nbsp;<strong>etapas del crecimiento del vello<\/strong>&nbsp;y su importancia en la depilaci\u00f3n l\u00e1ser.<\/p>\n\n\n\n<h2 class=\"wp-block-heading\">Etapas del crecimiento del vello<\/h2>\n\n\n\n<p>\u00bfAlguna vez te has preguntado por qu\u00e9 tu cabello o tu vello facial no crecen todos al mismo tiempo? La respuesta est\u00e1 en las etapas del crecimiento del vello. Antes de adentrarnos en cada una de estas etapas, es importante comprender que&nbsp;<strong>el vello no crece de forma constante, sino que pasa por ciclos repetitivos<\/strong>. A medida que conocemos m\u00e1s sobre estas etapas, podemos entender mejor c\u00f3mo funcionan y c\u00f3mo afectan a nuestra apariencia.<\/p>\n\n\n\n<h3 class=\"wp-block-heading\">\u00bfPor qu\u00e9 el crecimiento del vello se divide en etapas?<\/h3>\n\n\n\n<p>El crecimiento del vello se divide en etapas para poder realizar un seguimiento adecuado de su ciclo de vida y su desarrollo. Adem\u00e1s, estas etapas tambi\u00e9n nos permiten comprender por qu\u00e9 algunos m\u00e9todos de depilaci\u00f3n son m\u00e1s efectivos que otros. Sin tener en cuenta las etapas del crecimiento del vello, podr\u00edamos estar tratando de eliminar el vello en una fase en la que no es susceptible a ciertos tratamientos.<\/p>\n\n\n\n<h3 class=\"wp-block-heading\">\u00bfCu\u00e1les son las etapas del crecimiento del vello?<\/h3>\n\n\n\n<p>Las etapas del crecimiento del vello son tres:<\/p>\n\n\n\n<ol class=\"wp-block-list\">\n<li><strong>An\u00e1gena:<\/strong>&nbsp;Esta es la etapa de crecimiento activo del vello. Durante esta fase, las c\u00e9lulas en la base del fol\u00edculo piloso se dividen r\u00e1pidamente, lo que resulta en un aumento del grosor y la longitud del vello. Esta etapa puede durar entre dos y seis a\u00f1os, dependiendo de la zona del cuerpo y de factores gen\u00e9ticos. El vello de la cabeza tiene una fase an\u00e1gena m\u00e1s larga que el vello de otras partes del cuerpo.<\/li>\n\n\n\n<li><strong>Cat\u00e1gena:<\/strong>&nbsp;En esta etapa, el crecimiento del vello se detiene y el fol\u00edculo piloso se contrae. La duraci\u00f3n de esta fase es aproximadamente de dos a tres semanas. Durante el cat\u00e1geno, el vello se desprende del fol\u00edculo y se prepara para la siguiente etapa.<\/li>\n\n\n\n<li><strong>Tel\u00f3gena:<\/strong>&nbsp;Esta es la etapa de reposo del crecimiento del vello. Durante el tel\u00f3geno, el vello permanece en el fol\u00edculo sin crecer y se encuentra en un estado de reposo. Esta fase puede durar alrededor de tres a cuatro meses antes de que el vello se caiga y el ciclo comience de nuevo con una nueva etapa an\u00e1gena.<\/li>\n<\/ol>\n\n\n\n<p>Cabe destacar que no todos los fol\u00edculos pilosos est\u00e1n en la misma etapa al mismo tiempo, por lo que nuestro vello pasa constantemente por estas fases de forma asincr\u00f3nica.<\/p>\n\n\n\n<h3 class=\"wp-block-heading\">\u00bfCu\u00e1nto dura el ciclo de vida del vello?<\/h3>\n\n\n\n<p>El ciclo de vida del vello&nbsp;<strong>var\u00eda seg\u00fan la persona y la zona del cuerpo<\/strong>. En general, el ciclo completo puede durar varios a\u00f1os, pero cada fol\u00edculo piloso tiene su propio ritmo y puede entrar en diferentes etapas en momentos distintos. El ciclo de vida del vello puede verse afectado por varios factores, como la edad, los cambios hormonales y la gen\u00e9tica.<\/p>\n\n\n\n<p>Adem\u00e1s de las etapas mencionadas, existen otros factores que pueden influir en el crecimiento del vello. Por ejemplo, la&nbsp;<strong>nutrici\u00f3n&nbsp;<\/strong>juega un papel importante en la salud y el desarrollo del vello. Una dieta equilibrada y rica en vitaminas y minerales es esencial para mantener un crecimiento saludable del vello.<\/p>\n\n\n\n<p>Otro factor a tener en cuenta es el&nbsp;<strong>cuidado adecuado del vello<\/strong>. El uso de productos de calidad, como champ\u00fas y acondicionadores espec\u00edficos para el tipo de vello, puede ayudar a fortalecerlo y promover su crecimiento. Adem\u00e1s, evitar el uso excesivo de herramientas de calor, como secadores y planchas, puede prevenir el da\u00f1o y la rotura del vello.<\/p>\n\n\n\n<p>Tambi\u00e9n te puede interesar nuestro art\u00edculo sobre&nbsp;<a href=\"https:\/\/agenciaseolocal.eu\/bedda\/cuanto-crece-el-pelo-en-un-mes\/\">cu\u00e1nto crece el pelo en un mes<\/a>.<\/p>\n\n\n\n<h2 class=\"wp-block-heading\">Importancia de las etapas del crecimiento del vello para la depilaci\u00f3n<\/h2>\n\n\n\n<p>La&nbsp;<strong>depilaci\u00f3n l\u00e1ser&nbsp;<\/strong>es una de las opciones m\u00e1s populares para la eliminaci\u00f3n del vello no deseado. Sin embargo, su eficacia depende en gran medida de las etapas del crecimiento del vello. La tecnolog\u00eda l\u00e1ser se dirige al vello en fase an\u00e1gena, ya que es en esta etapa en la que el vello es m\u00e1s receptivo al tratamiento y puede ser eliminado de forma m\u00e1s efectiva.<\/p>\n\n\n\n<p>Al tener en cuenta las etapas del crecimiento del vello, los profesionales de la depilaci\u00f3n l\u00e1ser pueden determinar el momento \u00f3ptimo para realizar cada sesi\u00f3n de tratamiento, asegurando as\u00ed resultados m\u00e1s duraderos y satisfactorios. Adem\u00e1s, la depilaci\u00f3n l\u00e1ser puede ayudar a debilitar los fol\u00edculos pilosos en fase an\u00e1gena, lo que puede llevar a una reducci\u00f3n significativa del crecimiento del vello a largo plazo.<\/p>\n","protected":false},"excerpt":{"rendered":"<p>El&nbsp;crecimiento del vello&nbsp;es un proceso fascinante que ocurre en nuestro cuerpo. Contrario a lo que muchos creen, este proceso no es lineal ni se produce de forma continua. De hecho, el crecimiento del vello se divide en varias etapas distintas, cada una con sus propias caracter\u00edsticas. En este art\u00edculo de&nbsp;Centros bedda, exploraremos las diferentes&nbsp;etapas del [&hellip;]<\/p>\n","protected":false},"author":3,"featured_media":987515256,"comment_status":"open","ping_status":"closed","sticky":false,"template":"","format":"standard","meta":{"_et_pb_use_builder":"off","_et_pb_old_content":"","_et_gb_content_width":"","_joinchat":[],"footnotes":""},"categories":[51,65],"tags":[],"class_list":["post-987515248","post","type-post","status-publish","format-standard","has-post-thumbnail","hentry","category-blog","category-depilacion"],"yoast_head":"<!-- This site is optimized with the Yoast SEO plugin v25.9 - https:\/\/yoast.com\/wordpress\/plugins\/seo\/ -->\n<title>Etapas del crecimiento del vello | Centros bedda<\/title>\n<meta name=\"description\" content=\"\u00bfCu\u00e1les son las etapas de crecimiento del vello? En este art\u00edculo de Centros bedda te lo contamos. \u00a1Entra ahora y desc\u00fabrelas!\" \/>\n<meta name=\"robots\" content=\"noindex, follow, max-snippet:-1, max-image-preview:large, max-video-preview:-1\" \/>\n<meta property=\"og:locale\" content=\"es_ES\" \/>\n<meta property=\"og:type\" content=\"article\" \/>\n<meta property=\"og:title\" content=\"Etapas del crecimiento del vello | Centros bedda\" \/>\n<meta property=\"og:description\" content=\"\u00bfCu\u00e1les son las etapas de crecimiento del vello? En este art\u00edculo de Centros bedda te lo contamos. \u00a1Entra ahora y desc\u00fabrelas!\" \/>\n<meta property=\"og:url\" content=\"https:\/\/agenciaseolocal.eu\/bedda\/etapas-crecimiento-vello\/\" \/>\n<meta property=\"og:site_name\" content=\"Centros bedda\" \/>\n<meta property=\"article:publisher\" content=\"https:\/\/www.facebook.com\/centrobedda\" \/>\n<meta property=\"article:published_time\" content=\"2024-03-23T10:02:25+00:00\" \/>\n<meta property=\"article:modified_time\" content=\"2025-01-15T13:30:15+00:00\" \/>\n<meta property=\"og:image\" content=\"https:\/\/agenciaseolocal.eu\/bedda\/wp-content\/uploads\/2024\/03\/foliculitis-despues-de-depilacion-laser.jpg\" \/>\n\t<meta property=\"og:image:width\" content=\"1700\" \/>\n\t<meta property=\"og:image:height\" content=\"600\" \/>\n\t<meta property=\"og:image:type\" content=\"image\/jpeg\" \/>\n<meta name=\"author\" content=\"Centros bedda\" \/>\n<meta name=\"twitter:card\" content=\"summary_large_image\" \/>\n<meta name=\"twitter:creator\" content=\"@centrosbedda\" \/>\n<meta name=\"twitter:site\" content=\"@centrosbedda\" \/>\n<meta name=\"twitter:label1\" content=\"Escrito por\" \/>\n\t<meta name=\"twitter:data1\" content=\"Centros bedda\" \/>\n\t<meta name=\"twitter:label2\" content=\"Tiempo de lectura\" \/>\n\t<meta name=\"twitter:data2\" content=\"4 minutos\" \/>\n<!-- \/ Yoast SEO plugin. -->","yoast_head_json":{"title":"Etapas del crecimiento del vello | Centros bedda","description":"\u00bfCu\u00e1les son las etapas de crecimiento del vello? En este art\u00edculo de Centros bedda te lo contamos. \u00a1Entra ahora y desc\u00fabrelas!","robots":{"index":"noindex","follow":"follow","max-snippet":"max-snippet:-1","max-image-preview":"max-image-preview:large","max-video-preview":"max-video-preview:-1"},"og_locale":"es_ES","og_type":"article","og_title":"Etapas del crecimiento del vello | Centros bedda","og_description":"\u00bfCu\u00e1les son las etapas de crecimiento del vello? En este art\u00edculo de Centros bedda te lo contamos. \u00a1Entra ahora y desc\u00fabrelas!","og_url":"https:\/\/agenciaseolocal.eu\/bedda\/etapas-crecimiento-vello\/","og_site_name":"Centros bedda","article_publisher":"https:\/\/www.facebook.com\/centrobedda","article_published_time":"2024-03-23T10:02:25+00:00","article_modified_time":"2025-01-15T13:30:15+00:00","og_image":[{"width":1700,"height":600,"url":"https:\/\/agenciaseolocal.eu\/bedda\/wp-content\/uploads\/2024\/03\/foliculitis-despues-de-depilacion-laser.jpg","type":"image\/jpeg"}],"author":"Centros bedda","twitter_card":"summary_large_image","twitter_creator":"@centrosbedda","twitter_site":"@centrosbedda","twitter_misc":{"Escrito por":"Centros bedda","Tiempo de lectura":"4 minutos"},"schema":{"@context":"https:\/\/schema.org","@graph":[{"@type":"Article","@id":"https:\/\/agenciaseolocal.eu\/bedda\/etapas-crecimiento-vello\/#article","isPartOf":{"@id":"https:\/\/agenciaseolocal.eu\/bedda\/etapas-crecimiento-vello\/"},"author":{"name":"Centros bedda","@id":"https:\/\/agenciaseolocal.eu\/bedda\/#\/schema\/person\/ca3010faf67f189fd2de8d61a763fc8b"},"headline":"Etapas del crecimiento del vello","datePublished":"2024-03-23T10:02:25+00:00","dateModified":"2025-01-15T13:30:15+00:00","mainEntityOfPage":{"@id":"https:\/\/agenciaseolocal.eu\/bedda\/etapas-crecimiento-vello\/"},"wordCount":871,"commentCount":0,"publisher":{"@id":"https:\/\/agenciaseolocal.eu\/bedda\/#organization"},"image":{"@id":"https:\/\/agenciaseolocal.eu\/bedda\/etapas-crecimiento-vello\/#primaryimage"},"thumbnailUrl":"https:\/\/agenciaseolocal.eu\/bedda\/wp-content\/uploads\/2024\/03\/foliculitis-despues-de-depilacion-laser.jpg","articleSection":["Blog","Depilaci\u00f3n"],"inLanguage":"es","potentialAction":[{"@type":"CommentAction","name":"Comment","target":["https:\/\/agenciaseolocal.eu\/bedda\/etapas-crecimiento-vello\/#respond"]}]},{"@type":"WebPage","@id":"https:\/\/agenciaseolocal.eu\/bedda\/etapas-crecimiento-vello\/","url":"https:\/\/agenciaseolocal.eu\/bedda\/etapas-crecimiento-vello\/","name":"Etapas del crecimiento del vello | Centros bedda","isPartOf":{"@id":"https:\/\/agenciaseolocal.eu\/bedda\/#website"},"primaryImageOfPage":{"@id":"https:\/\/agenciaseolocal.eu\/bedda\/etapas-crecimiento-vello\/#primaryimage"},"image":{"@id":"https:\/\/agenciaseolocal.eu\/bedda\/etapas-crecimiento-vello\/#primaryimage"},"thumbnailUrl":"https:\/\/agenciaseolocal.eu\/bedda\/wp-content\/uploads\/2024\/03\/foliculitis-despues-de-depilacion-laser.jpg","datePublished":"2024-03-23T10:02:25+00:00","dateModified":"2025-01-15T13:30:15+00:00","description":"\u00bfCu\u00e1les son las etapas de crecimiento del vello? En este art\u00edculo de Centros bedda te lo contamos. \u00a1Entra ahora y desc\u00fabrelas!","breadcrumb":{"@id":"https:\/\/agenciaseolocal.eu\/bedda\/etapas-crecimiento-vello\/#breadcrumb"},"inLanguage":"es","potentialAction":[{"@type":"ReadAction","target":["https:\/\/agenciaseolocal.eu\/bedda\/etapas-crecimiento-vello\/"]}]},{"@type":"ImageObject","inLanguage":"es","@id":"https:\/\/agenciaseolocal.eu\/bedda\/etapas-crecimiento-vello\/#primaryimage","url":"https:\/\/agenciaseolocal.eu\/bedda\/wp-content\/uploads\/2024\/03\/foliculitis-despues-de-depilacion-laser.jpg","contentUrl":"https:\/\/agenciaseolocal.eu\/bedda\/wp-content\/uploads\/2024\/03\/foliculitis-despues-de-depilacion-laser.jpg","width":1700,"height":600,"caption":"foliculitis despu\u00e9s de depilaci\u00f3n laser"},{"@type":"BreadcrumbList","@id":"https:\/\/agenciaseolocal.eu\/bedda\/etapas-crecimiento-vello\/#breadcrumb","itemListElement":[{"@type":"ListItem","position":1,"name":"Portada","item":"https:\/\/agenciaseolocal.eu\/bedda\/"},{"@type":"ListItem","position":2,"name":"Etapas del crecimiento del vello"}]},{"@type":"WebSite","@id":"https:\/\/agenciaseolocal.eu\/bedda\/#website","url":"https:\/\/agenciaseolocal.eu\/bedda\/","name":"Centros bedda","description":"Centro de depilaci\u00f3n l\u00e1ser","publisher":{"@id":"https:\/\/agenciaseolocal.eu\/bedda\/#organization"},"potentialAction":[{"@type":"SearchAction","target":{"@type":"EntryPoint","urlTemplate":"https:\/\/agenciaseolocal.eu\/bedda\/?s={search_term_string}"},"query-input":{"@type":"PropertyValueSpecification","valueRequired":true,"valueName":"search_term_string"}}],"inLanguage":"es"},{"@type":"Organization","@id":"https:\/\/agenciaseolocal.eu\/bedda\/#organization","name":"Centros bedda","url":"https:\/\/agenciaseolocal.eu\/bedda\/","logo":{"@type":"ImageObject","inLanguage":"es","@id":"https:\/\/agenciaseolocal.eu\/bedda\/#\/schema\/logo\/image\/","url":"https:\/\/agenciaseolocal.eu\/bedda\/wp-content\/uploads\/2024\/04\/centros-bedda-depilacion-laser-logo.png","contentUrl":"https:\/\/agenciaseolocal.eu\/bedda\/wp-content\/uploads\/2024\/04\/centros-bedda-depilacion-laser-logo.png","width":220,"height":220,"caption":"Centros bedda"},"image":{"@id":"https:\/\/agenciaseolocal.eu\/bedda\/#\/schema\/logo\/image\/"},"sameAs":["https:\/\/www.facebook.com\/centrobedda","https:\/\/x.com\/centrosbedda","https:\/\/www.youtube.com\/channel\/UCV57tDnQcnHfTici1funk4g?app=desktop","https:\/\/www.instagram.com\/centrosbedda\/","https:\/\/www.linkedin.com\/company\/centros-bedda\/"]},{"@type":"Person","@id":"https:\/\/agenciaseolocal.eu\/bedda\/#\/schema\/person\/ca3010faf67f189fd2de8d61a763fc8b","name":"Centros bedda","image":{"@type":"ImageObject","inLanguage":"es","@id":"https:\/\/agenciaseolocal.eu\/bedda\/#\/schema\/person\/image\/","url":"https:\/\/secure.gravatar.com\/avatar\/ea1f00b0a249719594f6b50ee5d3214c2c192531d8f80f789208e2aa9605ac08?s=96&d=mm&r=g","contentUrl":"https:\/\/secure.gravatar.com\/avatar\/ea1f00b0a249719594f6b50ee5d3214c2c192531d8f80f789208e2aa9605ac08?s=96&d=mm&r=g","caption":"Centros bedda"},"url":"https:\/\/agenciaseolocal.eu\/bedda\/author\/mktpmp_gedfwb31y\/"}]}},"_links":{"self":[{"href":"https:\/\/agenciaseolocal.eu\/bedda\/wp-json\/wp\/v2\/posts\/987515248","targetHints":{"allow":["GET"]}}],"collection":[{"href":"https:\/\/agenciaseolocal.eu\/bedda\/wp-json\/wp\/v2\/posts"}],"about":[{"href":"https:\/\/agenciaseolocal.eu\/bedda\/wp-json\/wp\/v2\/types\/post"}],"author":[{"embeddable":true,"href":"https:\/\/agenciaseolocal.eu\/bedda\/wp-json\/wp\/v2\/users\/3"}],"replies":[{"embeddable":true,"href":"https:\/\/agenciaseolocal.eu\/bedda\/wp-json\/wp\/v2\/comments?post=987515248"}],"version-history":[{"count":2,"href":"https:\/\/agenciaseolocal.eu\/bedda\/wp-json\/wp\/v2\/posts\/987515248\/revisions"}],"predecessor-version":[{"id":987518287,"href":"https:\/\/agenciaseolocal.eu\/bedda\/wp-json\/wp\/v2\/posts\/987515248\/revisions\/987518287"}],"wp:featuredmedia":[{"embeddable":true,"href":"https:\/\/agenciaseolocal.eu\/bedda\/wp-json\/wp\/v2\/media\/987515256"}],"wp:attachment":[{"href":"https:\/\/agenciaseolocal.eu\/bedda\/wp-json\/wp\/v2\/media?parent=987515248"}],"wp:term":[{"taxonomy":"category","embeddable":true,"href":"https:\/\/agenciaseolocal.eu\/bedda\/wp-json\/wp\/v2\/categories?post=987515248"},{"taxonomy":"post_tag","embeddable":true,"href":"https:\/\/agenciaseolocal.eu\/bedda\/wp-json\/wp\/v2\/tags?post=987515248"}],"curies":[{"name":"wp","href":"https:\/\/api.w.org\/{rel}","templated":true}]}}