{"id":987515527,"date":"2024-04-16T10:15:19","date_gmt":"2024-04-16T08:15:19","guid":{"rendered":"https:\/\/centrosbedda.com\/?p=987515527"},"modified":"2024-04-16T10:15:20","modified_gmt":"2024-04-16T08:15:20","slug":"depilacion-laser-embarazo-son-compatibles","status":"publish","type":"post","link":"https:\/\/agenciaseolocal.eu\/bedda\/depilacion-laser-embarazo-son-compatibles\/","title":{"rendered":"Depilaci\u00f3n l\u00e1ser y embarazo: \u00bfSon compatibles?"},"content":{"rendered":"\n<p>La&nbsp;<a href=\"https:\/\/agenciaseolocal.eu\/bedda\/\">depilaci\u00f3n l\u00e1ser<\/a>&nbsp;es un tratamiento muy popular para eliminar el vello no deseado de forma duradera. Sin embargo, cuando una mujer est\u00e1 embarazada, surgen m\u00faltiples dudas sobre la seguridad de someterse a este procedimiento. En este art\u00edculo, exploraremos si la&nbsp;<strong>depilaci\u00f3n l\u00e1ser y el embarazo son compatibles<\/strong>, y cu\u00e1les son las&nbsp;<strong>consideraciones&nbsp;<\/strong>importantes que debes tener en cuenta si est\u00e1s esperando un beb\u00e9.<\/p>\n\n\n\n<h2 class=\"wp-block-heading\">Consideraciones importantes de la depilaci\u00f3n l\u00e1ser durante el embarazo<\/h2>\n\n\n\n<p>Antes de tomar una decisi\u00f3n sobre someterte a la depilaci\u00f3n l\u00e1ser durante el embarazo, es fundamental&nbsp;<strong>considerar varios aspectos<\/strong>. Si bien no existen estudios concluyentes sobre los efectos del l\u00e1ser en el feto, muchos expertos m\u00e9dicos y profesionales de la salud recomiendan evitar este tipo de tratamiento durante este periodo tan crucial.<\/p>\n\n\n\n<p>El principal motivo por el cual&nbsp;<strong>se desaconseja la depilaci\u00f3n l\u00e1ser durante el embarazo<\/strong>&nbsp;es que&nbsp;<strong>no se ha demostrado su seguridad absoluta para el desarrollo fetal<\/strong>. Aunque la cantidad de energ\u00eda liberada durante el procedimiento es m\u00ednima, no se puede descartar por completo el riesgo potencial que podr\u00eda representar para el feto.<\/p>\n\n\n\n<p>Adem\u00e1s, durante el embarazo,&nbsp;<strong>la piel tiende a volverse m\u00e1s sensible y propensa a irritaciones<\/strong>, lo que podr\u00eda aumentar las molestias asociadas con la depilaci\u00f3n l\u00e1ser. Es importante tener en cuenta que las hormonas fluct\u00faan considerablemente durante este periodo, lo que puede afectar la eficacia del tratamiento y causar resultados impredecibles.<\/p>\n\n\n\n<p>Por otro lado, existen m\u00e9todos de depilaci\u00f3n temporales y seguros que pueden ser m\u00e1s adecuados durante el embarazo, como la cuchilla, que no emiten ning\u00fan tipo de radiaci\u00f3n y es menos invasiva para el cuerpo en este momento tan delicado.<\/p>\n\n\n\n<h2 class=\"wp-block-heading\">\u00bfEs compatible la depilaci\u00f3n l\u00e1ser con el embarazo?<\/h2>\n\n\n\n<p>La respuesta corta es&nbsp;<strong>no<\/strong>, la depilaci\u00f3n l\u00e1ser no se considera compatible con el embarazo&nbsp;<strong>debido a la falta de evidencia cient\u00edfica&nbsp;<\/strong>que respalde su seguridad total para el desarrollo del feto. En este momento, la prioridad principal debe ser la salud y el bienestar tanto de la madre como del beb\u00e9.<\/p>\n\n\n\n<p>Es importante recordar que durante el embarazo, el cuerpo de la mujer experimenta una serie de cambios hormonales y fisiol\u00f3gicos. Estos cambios pueden afectar la sensibilidad de la piel y aumentar el riesgo de irritaci\u00f3n o da\u00f1o durante la depilaci\u00f3n l\u00e1ser. Por lo tanto, es preferible optar por m\u00e9todos de depilaci\u00f3n temporales y seguros durante esta etapa.<\/p>\n\n\n\n<p>El embarazo es un momento \u00fanico en la vida de una mujer, donde su cuerpo se prepara para acoger y nutrir a un nuevo ser. Durante este per\u00edodo, la piel puede volverse m\u00e1s sensible y propensa a reacciones inesperadas, por lo que es fundamental ser cuidadosa con los tratamientos est\u00e9ticos que se eligen.<\/p>\n\n\n\n<p>Adem\u00e1s, la depilaci\u00f3n l\u00e1ser implica la aplicaci\u00f3n de calor en la piel para eliminar el vello de forma permanente, lo cual podr\u00eda representar un riesgo potencial para el desarrollo del feto. Aunque no se han establecido evidencias concretas de da\u00f1o,&nbsp;<strong>los expertos recomiendan ser precavidos<\/strong>&nbsp;y optar por m\u00e9todos no invasivos durante el embarazo.<\/p>\n\n\n\n<h2 class=\"wp-block-heading\">\u00bfPor qu\u00e9 se desaconseja la depilaci\u00f3n l\u00e1ser durante el embarazo?<\/h2>\n\n\n\n<p>La depilaci\u00f3n l\u00e1ser utiliza luz pulsada intensa (IPL) o l\u00e1ser para destruir el fol\u00edculo piloso y prevenir el crecimiento futuro del vello. Aunque se considera un procedimiento seguro en condiciones normales, no se ha investigado lo suficiente en relaci\u00f3n con su uso durante el embarazo.<\/p>\n\n\n\n<p>Es importante tener en cuenta que, durante el embarazo, el cuerpo experimenta una serie de cambios hormonales que pueden afectar la sensibilidad de la piel. Estos cambios pueden hacer que la piel sea m\u00e1s propensa a reacciones adversas durante un procedimiento como la depilaci\u00f3n l\u00e1ser, lo que aumenta el riesgo de irritaci\u00f3n o quemaduras.<\/p>\n\n\n\n<p>Adem\u00e1s, la pigmentaci\u00f3n de la piel tambi\u00e9n puede cambiar durante el embarazo debido a la producci\u00f3n de melanina, lo que puede influir en la efectividad del tratamiento con l\u00e1ser. La melanina es el pigmento responsable del color de la piel y del vello, y un aumento en su producci\u00f3n puede hacer que el l\u00e1ser sea menos eficaz en la eliminaci\u00f3n del vello no deseado.<\/p>\n\n\n\n<h2 class=\"wp-block-heading\">\u00bfQu\u00e9 efectos puede tener el l\u00e1ser en el feto durante el embarazo?<\/h2>\n\n\n\n<p>Aunque&nbsp;<strong>no se han registrado efectos adversos espec\u00edficos del l\u00e1ser en el feto durante el embarazo<\/strong>, algunos expertos sugieren que podr\u00eda existir un riesgo te\u00f3rico de da\u00f1o gen\u00e9tico o malformaciones. Sin embargo, es importante tener en cuenta que esta afirmaci\u00f3n se basa en suposiciones y no en evidencia concreta.<\/p>\n\n\n\n<p>Para asegurar la m\u00e1xima seguridad durante el embarazo, es recomendable posponer cualquier tratamiento de depilaci\u00f3n l\u00e1ser hasta despu\u00e9s del parto y la lactancia. De esta manera, se evitan posibles riesgos y se garantiza la protecci\u00f3n tanto de la madre como del beb\u00e9.<\/p>\n\n\n\n<h2 class=\"wp-block-heading\">\u00bfQu\u00e9 pasa si ya comenc\u00e9 sesiones de depilaci\u00f3n l\u00e1ser estando embarazada? \u00bfDebo interrumpir el tratamiento?<\/h2>\n\n\n\n<p>Si ya has comenzado sesiones de depilaci\u00f3n l\u00e1ser y descubres que est\u00e1s embarazada, es recomendable&nbsp;<strong>interrumpir el tratamiento&nbsp;<\/strong>de inmediato. Aunque se desconoce el riesgo real para el feto, lo m\u00e1s prudente es evitar cualquier exposici\u00f3n adicional mientras est\u00e9s embarazada.<\/p>\n\n\n\n<p>Si te preocupa el crecimiento del vello durante el embarazo, existen m\u00e9todos temporales y seguros de depilaci\u00f3n que puedes utilizar, como la cuchilla, la crema depilatoria o la cera. Estos m\u00e9todos no conllevan riesgos para el feto y pueden brindarte la comodidad que buscas sin comprometer la salud de tu beb\u00e9.<\/p>\n","protected":false},"excerpt":{"rendered":"<p>La&nbsp;depilaci\u00f3n l\u00e1ser&nbsp;es un tratamiento muy popular para eliminar el vello no deseado de forma duradera. Sin embargo, cuando una mujer est\u00e1 embarazada, surgen m\u00faltiples dudas sobre la seguridad de someterse a este procedimiento. En este art\u00edculo, exploraremos si la&nbsp;depilaci\u00f3n l\u00e1ser y el embarazo son compatibles, y cu\u00e1les son las&nbsp;consideraciones&nbsp;importantes que debes tener en cuenta si [&hellip;]<\/p>\n","protected":false},"author":3,"featured_media":987515539,"comment_status":"open","ping_status":"closed","sticky":false,"template":"","format":"standard","meta":{"_et_pb_use_builder":"off","_et_pb_old_content":"","_et_gb_content_width":"","_joinchat":[],"footnotes":""},"categories":[51,65],"tags":[],"class_list":["post-987515527","post","type-post","status-publish","format-standard","has-post-thumbnail","hentry","category-blog","category-depilacion"],"yoast_head":"<!-- This site is optimized with the Yoast SEO plugin v25.9 - https:\/\/yoast.com\/wordpress\/plugins\/seo\/ -->\n<title>Depilaci\u00f3n l\u00e1ser y embarazo | Centros bedda<\/title>\n<meta name=\"description\" content=\"Entra ahora en el blog de Centros bedda y descubre si la depilaci\u00f3n l\u00e1ser y el embarazo son compatibles. \u00a1Te las contamos!\" \/>\n<meta name=\"robots\" content=\"noindex, follow, max-snippet:-1, max-image-preview:large, max-video-preview:-1\" \/>\n<meta property=\"og:locale\" content=\"es_ES\" \/>\n<meta property=\"og:type\" content=\"article\" \/>\n<meta property=\"og:title\" content=\"Depilaci\u00f3n l\u00e1ser y embarazo | Centros bedda\" \/>\n<meta property=\"og:description\" content=\"Entra ahora en el blog de Centros bedda y descubre si la depilaci\u00f3n l\u00e1ser y el embarazo son compatibles. \u00a1Te las contamos!\" \/>\n<meta property=\"og:url\" content=\"https:\/\/agenciaseolocal.eu\/bedda\/depilacion-laser-embarazo-son-compatibles\/\" \/>\n<meta property=\"og:site_name\" content=\"Centros bedda\" \/>\n<meta property=\"article:publisher\" content=\"https:\/\/www.facebook.com\/centrobedda\" \/>\n<meta property=\"article:published_time\" content=\"2024-04-16T08:15:19+00:00\" \/>\n<meta property=\"article:modified_time\" content=\"2024-04-16T08:15:20+00:00\" \/>\n<meta property=\"og:image\" content=\"https:\/\/agenciaseolocal.eu\/bedda\/wp-content\/uploads\/2024\/04\/depilacion-laser-mujer-embarazada.jpeg\" \/>\n\t<meta property=\"og:image:width\" content=\"1700\" \/>\n\t<meta property=\"og:image:height\" content=\"600\" \/>\n\t<meta property=\"og:image:type\" content=\"image\/jpeg\" \/>\n<meta name=\"author\" content=\"Centros bedda\" \/>\n<meta name=\"twitter:card\" content=\"summary_large_image\" \/>\n<meta name=\"twitter:creator\" content=\"@centrosbedda\" \/>\n<meta name=\"twitter:site\" content=\"@centrosbedda\" \/>\n<meta name=\"twitter:label1\" content=\"Escrito por\" \/>\n\t<meta name=\"twitter:data1\" content=\"Centros bedda\" \/>\n\t<meta name=\"twitter:label2\" content=\"Tiempo de lectura\" \/>\n\t<meta name=\"twitter:data2\" content=\"5 minutos\" \/>\n<!-- \/ Yoast SEO plugin. -->","yoast_head_json":{"title":"Depilaci\u00f3n l\u00e1ser y embarazo | Centros bedda","description":"Entra ahora en el blog de Centros bedda y descubre si la depilaci\u00f3n l\u00e1ser y el embarazo son compatibles. \u00a1Te las contamos!","robots":{"index":"noindex","follow":"follow","max-snippet":"max-snippet:-1","max-image-preview":"max-image-preview:large","max-video-preview":"max-video-preview:-1"},"og_locale":"es_ES","og_type":"article","og_title":"Depilaci\u00f3n l\u00e1ser y embarazo | Centros bedda","og_description":"Entra ahora en el blog de Centros bedda y descubre si la depilaci\u00f3n l\u00e1ser y el embarazo son compatibles. \u00a1Te las contamos!","og_url":"https:\/\/agenciaseolocal.eu\/bedda\/depilacion-laser-embarazo-son-compatibles\/","og_site_name":"Centros bedda","article_publisher":"https:\/\/www.facebook.com\/centrobedda","article_published_time":"2024-04-16T08:15:19+00:00","article_modified_time":"2024-04-16T08:15:20+00:00","og_image":[{"width":1700,"height":600,"url":"https:\/\/agenciaseolocal.eu\/bedda\/wp-content\/uploads\/2024\/04\/depilacion-laser-mujer-embarazada.jpeg","type":"image\/jpeg"}],"author":"Centros bedda","twitter_card":"summary_large_image","twitter_creator":"@centrosbedda","twitter_site":"@centrosbedda","twitter_misc":{"Escrito por":"Centros bedda","Tiempo de lectura":"5 minutos"},"schema":{"@context":"https:\/\/schema.org","@graph":[{"@type":"Article","@id":"https:\/\/agenciaseolocal.eu\/bedda\/depilacion-laser-embarazo-son-compatibles\/#article","isPartOf":{"@id":"https:\/\/agenciaseolocal.eu\/bedda\/depilacion-laser-embarazo-son-compatibles\/"},"author":{"name":"Centros bedda","@id":"https:\/\/agenciaseolocal.eu\/bedda\/#\/schema\/person\/ca3010faf67f189fd2de8d61a763fc8b"},"headline":"Depilaci\u00f3n l\u00e1ser y embarazo: \u00bfSon compatibles?","datePublished":"2024-04-16T08:15:19+00:00","dateModified":"2024-04-16T08:15:20+00:00","mainEntityOfPage":{"@id":"https:\/\/agenciaseolocal.eu\/bedda\/depilacion-laser-embarazo-son-compatibles\/"},"wordCount":997,"commentCount":0,"publisher":{"@id":"https:\/\/agenciaseolocal.eu\/bedda\/#organization"},"image":{"@id":"https:\/\/agenciaseolocal.eu\/bedda\/depilacion-laser-embarazo-son-compatibles\/#primaryimage"},"thumbnailUrl":"https:\/\/agenciaseolocal.eu\/bedda\/wp-content\/uploads\/2024\/04\/depilacion-laser-mujer-embarazada.jpeg","articleSection":["Blog","Depilaci\u00f3n"],"inLanguage":"es","potentialAction":[{"@type":"CommentAction","name":"Comment","target":["https:\/\/agenciaseolocal.eu\/bedda\/depilacion-laser-embarazo-son-compatibles\/#respond"]}]},{"@type":"WebPage","@id":"https:\/\/agenciaseolocal.eu\/bedda\/depilacion-laser-embarazo-son-compatibles\/","url":"https:\/\/agenciaseolocal.eu\/bedda\/depilacion-laser-embarazo-son-compatibles\/","name":"Depilaci\u00f3n l\u00e1ser y embarazo | Centros bedda","isPartOf":{"@id":"https:\/\/agenciaseolocal.eu\/bedda\/#website"},"primaryImageOfPage":{"@id":"https:\/\/agenciaseolocal.eu\/bedda\/depilacion-laser-embarazo-son-compatibles\/#primaryimage"},"image":{"@id":"https:\/\/agenciaseolocal.eu\/bedda\/depilacion-laser-embarazo-son-compatibles\/#primaryimage"},"thumbnailUrl":"https:\/\/agenciaseolocal.eu\/bedda\/wp-content\/uploads\/2024\/04\/depilacion-laser-mujer-embarazada.jpeg","datePublished":"2024-04-16T08:15:19+00:00","dateModified":"2024-04-16T08:15:20+00:00","description":"Entra ahora en el blog de Centros bedda y descubre si la depilaci\u00f3n l\u00e1ser y el embarazo son compatibles. \u00a1Te las contamos!","breadcrumb":{"@id":"https:\/\/agenciaseolocal.eu\/bedda\/depilacion-laser-embarazo-son-compatibles\/#breadcrumb"},"inLanguage":"es","potentialAction":[{"@type":"ReadAction","target":["https:\/\/agenciaseolocal.eu\/bedda\/depilacion-laser-embarazo-son-compatibles\/"]}]},{"@type":"ImageObject","inLanguage":"es","@id":"https:\/\/agenciaseolocal.eu\/bedda\/depilacion-laser-embarazo-son-compatibles\/#primaryimage","url":"https:\/\/agenciaseolocal.eu\/bedda\/wp-content\/uploads\/2024\/04\/depilacion-laser-mujer-embarazada.jpeg","contentUrl":"https:\/\/agenciaseolocal.eu\/bedda\/wp-content\/uploads\/2024\/04\/depilacion-laser-mujer-embarazada.jpeg","width":1700,"height":600,"caption":"depilaci\u00f3n laser mujer embarazada"},{"@type":"BreadcrumbList","@id":"https:\/\/agenciaseolocal.eu\/bedda\/depilacion-laser-embarazo-son-compatibles\/#breadcrumb","itemListElement":[{"@type":"ListItem","position":1,"name":"Portada","item":"https:\/\/agenciaseolocal.eu\/bedda\/"},{"@type":"ListItem","position":2,"name":"Depilaci\u00f3n l\u00e1ser y embarazo: \u00bfSon compatibles?"}]},{"@type":"WebSite","@id":"https:\/\/agenciaseolocal.eu\/bedda\/#website","url":"https:\/\/agenciaseolocal.eu\/bedda\/","name":"Centros bedda","description":"Centro de depilaci\u00f3n l\u00e1ser","publisher":{"@id":"https:\/\/agenciaseolocal.eu\/bedda\/#organization"},"potentialAction":[{"@type":"SearchAction","target":{"@type":"EntryPoint","urlTemplate":"https:\/\/agenciaseolocal.eu\/bedda\/?s={search_term_string}"},"query-input":{"@type":"PropertyValueSpecification","valueRequired":true,"valueName":"search_term_string"}}],"inLanguage":"es"},{"@type":"Organization","@id":"https:\/\/agenciaseolocal.eu\/bedda\/#organization","name":"Centros bedda","url":"https:\/\/agenciaseolocal.eu\/bedda\/","logo":{"@type":"ImageObject","inLanguage":"es","@id":"https:\/\/agenciaseolocal.eu\/bedda\/#\/schema\/logo\/image\/","url":"https:\/\/agenciaseolocal.eu\/bedda\/wp-content\/uploads\/2024\/04\/centros-bedda-depilacion-laser-logo.png","contentUrl":"https:\/\/agenciaseolocal.eu\/bedda\/wp-content\/uploads\/2024\/04\/centros-bedda-depilacion-laser-logo.png","width":220,"height":220,"caption":"Centros bedda"},"image":{"@id":"https:\/\/agenciaseolocal.eu\/bedda\/#\/schema\/logo\/image\/"},"sameAs":["https:\/\/www.facebook.com\/centrobedda","https:\/\/x.com\/centrosbedda","https:\/\/www.youtube.com\/channel\/UCV57tDnQcnHfTici1funk4g?app=desktop","https:\/\/www.instagram.com\/centrosbedda\/","https:\/\/www.linkedin.com\/company\/centros-bedda\/"]},{"@type":"Person","@id":"https:\/\/agenciaseolocal.eu\/bedda\/#\/schema\/person\/ca3010faf67f189fd2de8d61a763fc8b","name":"Centros bedda","image":{"@type":"ImageObject","inLanguage":"es","@id":"https:\/\/agenciaseolocal.eu\/bedda\/#\/schema\/person\/image\/","url":"https:\/\/secure.gravatar.com\/avatar\/ea1f00b0a249719594f6b50ee5d3214c2c192531d8f80f789208e2aa9605ac08?s=96&d=mm&r=g","contentUrl":"https:\/\/secure.gravatar.com\/avatar\/ea1f00b0a249719594f6b50ee5d3214c2c192531d8f80f789208e2aa9605ac08?s=96&d=mm&r=g","caption":"Centros bedda"},"url":"https:\/\/agenciaseolocal.eu\/bedda\/author\/mktpmp_gedfwb31y\/"}]}},"_links":{"self":[{"href":"https:\/\/agenciaseolocal.eu\/bedda\/wp-json\/wp\/v2\/posts\/987515527","targetHints":{"allow":["GET"]}}],"collection":[{"href":"https:\/\/agenciaseolocal.eu\/bedda\/wp-json\/wp\/v2\/posts"}],"about":[{"href":"https:\/\/agenciaseolocal.eu\/bedda\/wp-json\/wp\/v2\/types\/post"}],"author":[{"embeddable":true,"href":"https:\/\/agenciaseolocal.eu\/bedda\/wp-json\/wp\/v2\/users\/3"}],"replies":[{"embeddable":true,"href":"https:\/\/agenciaseolocal.eu\/bedda\/wp-json\/wp\/v2\/comments?post=987515527"}],"version-history":[{"count":3,"href":"https:\/\/agenciaseolocal.eu\/bedda\/wp-json\/wp\/v2\/posts\/987515527\/revisions"}],"predecessor-version":[{"id":987515721,"href":"https:\/\/agenciaseolocal.eu\/bedda\/wp-json\/wp\/v2\/posts\/987515527\/revisions\/987515721"}],"wp:featuredmedia":[{"embeddable":true,"href":"https:\/\/agenciaseolocal.eu\/bedda\/wp-json\/wp\/v2\/media\/987515539"}],"wp:attachment":[{"href":"https:\/\/agenciaseolocal.eu\/bedda\/wp-json\/wp\/v2\/media?parent=987515527"}],"wp:term":[{"taxonomy":"category","embeddable":true,"href":"https:\/\/agenciaseolocal.eu\/bedda\/wp-json\/wp\/v2\/categories?post=987515527"},{"taxonomy":"post_tag","embeddable":true,"href":"https:\/\/agenciaseolocal.eu\/bedda\/wp-json\/wp\/v2\/tags?post=987515527"}],"curies":[{"name":"wp","href":"https:\/\/api.w.org\/{rel}","templated":true}]}}