{"id":987515530,"date":"2024-04-16T10:17:12","date_gmt":"2024-04-16T08:17:12","guid":{"rendered":"https:\/\/centrosbedda.com\/?p=987515530"},"modified":"2024-04-16T10:17:16","modified_gmt":"2024-04-16T08:17:16","slug":"depilacion-laser-barba-guia-completa","status":"publish","type":"post","link":"https:\/\/agenciaseolocal.eu\/bedda\/depilacion-laser-barba-guia-completa\/","title":{"rendered":"Depilaci\u00f3n l\u00e1ser de barba: La gu\u00eda completa"},"content":{"rendered":"\n<p>La&nbsp;<strong>depilaci\u00f3n l\u00e1ser de barba&nbsp;<\/strong>es un procedimiento cada vez m\u00e1s popular entre los hombres que desean&nbsp;<strong>deshacerse del vello facial de forma duradera<\/strong>. A diferencia de los m\u00e9todos tradicionales como el afeitado o la cera, la depilaci\u00f3n l\u00e1ser ofrece resultados m\u00e1s duraderos y menos irritaci\u00f3n en la piel. En esta gu\u00eda completa de&nbsp;<a href=\"https:\/\/agenciaseolocal.eu\/bedda\/\">Centros bedda<\/a>, te explicaremos c\u00f3mo funciona este proceso, las ventajas y desventajas, y los cuidados necesarios antes y despu\u00e9s del tratamiento. Adem\u00e1s, te daremos una idea de los resultados que puedes esperar y la cantidad de sesiones que necesitar\u00e1s para conseguir una barba sin vello.<\/p>\n\n\n\n<h2 class=\"wp-block-heading\">C\u00f3mo funciona la depilaci\u00f3n l\u00e1ser en la zona de la barba<\/h2>\n\n\n\n<p>Antes de sumergirnos en los detalles, es importante comprender el funcionamiento b\u00e1sico de la&nbsp;<strong>depilaci\u00f3n l\u00e1ser en la zona de la barba<\/strong>. El&nbsp;<strong>l\u00e1ser&nbsp;<\/strong>utilizado en este tipo de tratamiento&nbsp;<strong>emite una luz altamente intensa que es absorbida por la melanina<\/strong>, el pigmento responsable del color del vello.&nbsp;<strong>Esta energ\u00eda&nbsp;<\/strong>lum\u00ednica&nbsp;<strong>es convertida en calor y<\/strong><strong>destruye<\/strong>&nbsp;selectivamente&nbsp;<strong>el fol\u00edculo piloso sin da\u00f1ar la piel<\/strong>&nbsp;circundante.<\/p>\n\n\n\n<p>Con precisi\u00f3n milim\u00e9trica, el l\u00e1ser apunta directamente al fol\u00edculo piloso, debilit\u00e1ndolo y evitando que vuelva a crecer. \u00a1Adi\u00f3s vello facial de manera permanente!<\/p>\n\n\n\n<p>En el proceso de\u00a0<a href=\"https:\/\/agenciaseolocal.eu\/bedda\/tratamientos\/depilacion-laser-barba-hombre\/\">depilaci\u00f3n l\u00e1ser de barba<\/a>, es fundamental tener en cuenta que\u00a0<strong>se necesitan m\u00faltiples sesiones para lograr resultados \u00f3ptimos<\/strong>. Esto se debe a que la zona facial es una zona hormonal y por eso son necesarias sesiones cada mes.<\/p>\n\n\n\n<h2 class=\"wp-block-heading\">Ventajas de la depilaci\u00f3n l\u00e1ser de barba<\/h2>\n\n\n\n<p>Ahora que sabemos c\u00f3mo funciona la depilaci\u00f3n l\u00e1ser en la zona de la barba, es momento de analizar las ventajas de este procedimiento. Es importante destacar que cada persona es \u00fanica y los resultados pueden variar, por lo que siempre es recomendable consultar con un profesional antes de decidir iniciar el tratamiento.<\/p>\n\n\n\n<ul class=\"wp-block-list\">\n<li><strong>Resultado duradero<\/strong>: a diferencia de otros m\u00e9todos, la depilaci\u00f3n l\u00e1ser ofrece una soluci\u00f3n duradera al eliminar el vello de ra\u00edz.<\/li>\n\n\n\n<li><strong>Menor irritaci\u00f3n<\/strong>: al no tener que afeitarse constantemente, la piel se libra de la irritaci\u00f3n y los problemas causados por el uso de cuchillas.<\/li>\n\n\n\n<li><strong>Mayor comodidad<\/strong>: olv\u00eddate de los vellos encarnados y la picaz\u00f3n que suelen aparecer despu\u00e9s del afeitado. La depilaci\u00f3n l\u00e1ser te brinda una sensaci\u00f3n de suavidad constante.<\/li>\n<\/ul>\n\n\n\n<h2 class=\"wp-block-heading\">Preparaci\u00f3n para la depilaci\u00f3n l\u00e1ser de barba<\/h2>\n\n\n\n<p>Antes de someterte a un tratamiento de depilaci\u00f3n l\u00e1ser en la barba, es importante tomar algunas precauciones y preparar adecuadamente la piel para obtener los mejores resultados. Sigue estos consejos antes de tu cita:<\/p>\n\n\n\n<ol class=\"wp-block-list\">\n<li><strong>Evita la exposici\u00f3n solar:<\/strong>\u00a0la exposici\u00f3n directa al sol puede aumentar el riesgo de quemaduras o decoloraci\u00f3n en la piel tratada. No tomes el sol 3 d\u00edas antes de realizar el tratamiento y apl\u00edcate nuestra crema de protecci\u00f3n solar cada dos horas los d\u00edas antes si vas a estar en la calle.<\/li>\n\n\n\n<li><strong>Deja crecer el vello:<\/strong>\u00a0para que el l\u00e1ser sea efectivo, es necesario que el fol\u00edculo piloso est\u00e9 presente. Puedes afeitarte siempre que quieras, lo que no se puede hacer es arrancar el pelo.<\/li>\n\n\n\n<li><strong>Limpia y exfolia la piel:<\/strong>\u00a0aseg\u00farate de limpiar bien la zona de la barba antes del tratamiento para evitar la obstrucci\u00f3n de los poros. Adem\u00e1s, realiza una exfoliaci\u00f3n una vez por semana hasta una semana antes de la sesi\u00f3n.<\/li>\n\n\n\n<li><strong>No apliques productos irritantes:<\/strong>\u00a0es importante que el mismo d\u00eda de la sesi\u00f3n la piel est\u00e9 limpia y sin cremas ni after shave.<\/li>\n<\/ol>\n\n\n\n<h2 class=\"wp-block-heading\">Cuidados posteriores al tratamiento de depilaci\u00f3n l\u00e1ser en la barba<\/h2>\n\n\n\n<p>Una vez que has realizado tu sesi\u00f3n de depilaci\u00f3n l\u00e1ser en la barba, es importante cuidar adecuadamente la piel para evitar complicaciones y maximizar los resultados. Sigue estos consejos para el cuidado posterior:<\/p>\n\n\n\n<ul class=\"wp-block-list\">\n<li><strong>Aplica crema hidratante:<\/strong>\u00a0despu\u00e9s del tratamiento, es normal que la piel est\u00e9 un poco sensible. Aplica nuestra crema post depilatoria los 3 d\u00edas siguientes a la sesi\u00f3n, te ayudar\u00e1 a regenerar la piel.<\/li>\n\n\n\n<li><strong>Evita la exposici\u00f3n solar:<\/strong>\u00a0Durante los tres d\u00edas siguientes a la sesi\u00f3n no tomes el sol, y si est\u00e1s en la calle apl\u00edcate nuestra crema de protecci\u00f3n solar.<\/li>\n\n\n\n<li><strong>Evita la depilaci\u00f3n manual:<\/strong>&nbsp;despu\u00e9s de la sesi\u00f3n de depilaci\u00f3n l\u00e1ser, evita arrancar o rasurar el vello de forma manual. Deja que el l\u00e1ser haga su trabajo gradualmente.<\/li>\n\n\n\n<li><strong>Sigue las indicaciones del especialista:<\/strong>&nbsp;cada persona es \u00fanica y puede requerir cuidados espec\u00edficos seg\u00fan su tipo de piel y vello. Sigue las indicaciones dadas por el profesional para obtener los mejores resultados.<\/li>\n<\/ul>\n\n\n\n<h2 class=\"wp-block-heading\">Resultados esperados y n\u00famero de sesiones necesarias para la depilaci\u00f3n l\u00e1ser de la barba<\/h2>\n\n\n\n<p>Los&nbsp;<strong>resultados&nbsp;<\/strong>de la depilaci\u00f3n l\u00e1ser en la barba<strong>&nbsp;var\u00edan de persona a persona<\/strong>&nbsp;debido a la naturaleza \u00fanica de cada individuo. En general,&nbsp;<strong>se pueden observar resultados significativos despu\u00e9s de las primeras sesiones<\/strong>, pero se recomienda completar todas las sesiones recomendadas por el especialista para obtener resultados \u00f3ptimos y duraderos.<\/p>\n\n\n\n<p>Recuerda que la depilaci\u00f3n l\u00e1ser no garantiza la eliminaci\u00f3n total del vello, pero<strong>&nbsp;reduce significativamente su cantidad y grosor<\/strong>. Adem\u00e1s, con el tiempo, es posible que necesites realizar sesiones de mantenimiento para mantener los resultados obtenidos.<\/p>\n","protected":false},"excerpt":{"rendered":"<p>La&nbsp;depilaci\u00f3n l\u00e1ser de barba&nbsp;es un procedimiento cada vez m\u00e1s popular entre los hombres que desean&nbsp;deshacerse del vello facial de forma duradera. A diferencia de los m\u00e9todos tradicionales como el afeitado o la cera, la depilaci\u00f3n l\u00e1ser ofrece resultados m\u00e1s duraderos y menos irritaci\u00f3n en la piel. En esta gu\u00eda completa de&nbsp;Centros bedda, te explicaremos c\u00f3mo [&hellip;]<\/p>\n","protected":false},"author":3,"featured_media":987515546,"comment_status":"open","ping_status":"closed","sticky":false,"template":"","format":"standard","meta":{"_et_pb_use_builder":"off","_et_pb_old_content":"","_et_gb_content_width":"","_joinchat":[],"footnotes":""},"categories":[51,65,50],"tags":[],"class_list":["post-987515530","post","type-post","status-publish","format-standard","has-post-thumbnail","hentry","category-blog","category-depilacion","category-facial"],"yoast_head":"<!-- This site is optimized with the Yoast SEO plugin v25.9 - https:\/\/yoast.com\/wordpress\/plugins\/seo\/ -->\n<title>Depilaci\u00f3n l\u00e1ser de barba: Gu\u00eda completa | Centros bedda<\/title>\n<meta name=\"description\" content=\"Entra ahora en el blog de Centros bedda y descubre nuestra completa gu\u00eda sobre depilaci\u00f3n l\u00e1ser de barba. \u00a1Te las contamos!\" \/>\n<meta name=\"robots\" content=\"noindex, follow, max-snippet:-1, max-image-preview:large, max-video-preview:-1\" \/>\n<meta property=\"og:locale\" content=\"es_ES\" \/>\n<meta property=\"og:type\" content=\"article\" \/>\n<meta property=\"og:title\" content=\"Depilaci\u00f3n l\u00e1ser de barba: Gu\u00eda completa | Centros bedda\" \/>\n<meta property=\"og:description\" content=\"Entra ahora en el blog de Centros bedda y descubre nuestra completa gu\u00eda sobre depilaci\u00f3n l\u00e1ser de barba. \u00a1Te las contamos!\" \/>\n<meta property=\"og:url\" content=\"https:\/\/agenciaseolocal.eu\/bedda\/depilacion-laser-barba-guia-completa\/\" \/>\n<meta property=\"og:site_name\" content=\"Centros bedda\" \/>\n<meta property=\"article:publisher\" content=\"https:\/\/www.facebook.com\/centrobedda\" \/>\n<meta property=\"article:published_time\" content=\"2024-04-16T08:17:12+00:00\" \/>\n<meta property=\"article:modified_time\" content=\"2024-04-16T08:17:16+00:00\" \/>\n<meta property=\"og:image\" content=\"https:\/\/agenciaseolocal.eu\/bedda\/wp-content\/uploads\/2024\/04\/hombre-recibiendo-depilacion-laser-barba.jpeg\" \/>\n\t<meta property=\"og:image:width\" content=\"1700\" \/>\n\t<meta property=\"og:image:height\" content=\"600\" \/>\n\t<meta property=\"og:image:type\" content=\"image\/jpeg\" \/>\n<meta name=\"author\" content=\"Centros bedda\" \/>\n<meta name=\"twitter:card\" content=\"summary_large_image\" \/>\n<meta name=\"twitter:creator\" content=\"@centrosbedda\" \/>\n<meta name=\"twitter:site\" content=\"@centrosbedda\" \/>\n<meta name=\"twitter:label1\" content=\"Escrito por\" \/>\n\t<meta name=\"twitter:data1\" content=\"Centros bedda\" \/>\n\t<meta name=\"twitter:label2\" content=\"Tiempo de lectura\" \/>\n\t<meta name=\"twitter:data2\" content=\"4 minutos\" \/>\n<!-- \/ Yoast SEO plugin. -->","yoast_head_json":{"title":"Depilaci\u00f3n l\u00e1ser de barba: Gu\u00eda completa | Centros bedda","description":"Entra ahora en el blog de Centros bedda y descubre nuestra completa gu\u00eda sobre depilaci\u00f3n l\u00e1ser de barba. \u00a1Te las contamos!","robots":{"index":"noindex","follow":"follow","max-snippet":"max-snippet:-1","max-image-preview":"max-image-preview:large","max-video-preview":"max-video-preview:-1"},"og_locale":"es_ES","og_type":"article","og_title":"Depilaci\u00f3n l\u00e1ser de barba: Gu\u00eda completa | Centros bedda","og_description":"Entra ahora en el blog de Centros bedda y descubre nuestra completa gu\u00eda sobre depilaci\u00f3n l\u00e1ser de barba. \u00a1Te las contamos!","og_url":"https:\/\/agenciaseolocal.eu\/bedda\/depilacion-laser-barba-guia-completa\/","og_site_name":"Centros bedda","article_publisher":"https:\/\/www.facebook.com\/centrobedda","article_published_time":"2024-04-16T08:17:12+00:00","article_modified_time":"2024-04-16T08:17:16+00:00","og_image":[{"width":1700,"height":600,"url":"https:\/\/agenciaseolocal.eu\/bedda\/wp-content\/uploads\/2024\/04\/hombre-recibiendo-depilacion-laser-barba.jpeg","type":"image\/jpeg"}],"author":"Centros bedda","twitter_card":"summary_large_image","twitter_creator":"@centrosbedda","twitter_site":"@centrosbedda","twitter_misc":{"Escrito por":"Centros bedda","Tiempo de lectura":"4 minutos"},"schema":{"@context":"https:\/\/schema.org","@graph":[{"@type":"Article","@id":"https:\/\/agenciaseolocal.eu\/bedda\/depilacion-laser-barba-guia-completa\/#article","isPartOf":{"@id":"https:\/\/agenciaseolocal.eu\/bedda\/depilacion-laser-barba-guia-completa\/"},"author":{"name":"Centros bedda","@id":"https:\/\/agenciaseolocal.eu\/bedda\/#\/schema\/person\/ca3010faf67f189fd2de8d61a763fc8b"},"headline":"Depilaci\u00f3n l\u00e1ser de barba: La gu\u00eda completa","datePublished":"2024-04-16T08:17:12+00:00","dateModified":"2024-04-16T08:17:16+00:00","mainEntityOfPage":{"@id":"https:\/\/agenciaseolocal.eu\/bedda\/depilacion-laser-barba-guia-completa\/"},"wordCount":959,"commentCount":0,"publisher":{"@id":"https:\/\/agenciaseolocal.eu\/bedda\/#organization"},"image":{"@id":"https:\/\/agenciaseolocal.eu\/bedda\/depilacion-laser-barba-guia-completa\/#primaryimage"},"thumbnailUrl":"https:\/\/agenciaseolocal.eu\/bedda\/wp-content\/uploads\/2024\/04\/hombre-recibiendo-depilacion-laser-barba.jpeg","articleSection":["Blog","Depilaci\u00f3n","Facial"],"inLanguage":"es","potentialAction":[{"@type":"CommentAction","name":"Comment","target":["https:\/\/agenciaseolocal.eu\/bedda\/depilacion-laser-barba-guia-completa\/#respond"]}]},{"@type":"WebPage","@id":"https:\/\/agenciaseolocal.eu\/bedda\/depilacion-laser-barba-guia-completa\/","url":"https:\/\/agenciaseolocal.eu\/bedda\/depilacion-laser-barba-guia-completa\/","name":"Depilaci\u00f3n l\u00e1ser de barba: Gu\u00eda completa | Centros bedda","isPartOf":{"@id":"https:\/\/agenciaseolocal.eu\/bedda\/#website"},"primaryImageOfPage":{"@id":"https:\/\/agenciaseolocal.eu\/bedda\/depilacion-laser-barba-guia-completa\/#primaryimage"},"image":{"@id":"https:\/\/agenciaseolocal.eu\/bedda\/depilacion-laser-barba-guia-completa\/#primaryimage"},"thumbnailUrl":"https:\/\/agenciaseolocal.eu\/bedda\/wp-content\/uploads\/2024\/04\/hombre-recibiendo-depilacion-laser-barba.jpeg","datePublished":"2024-04-16T08:17:12+00:00","dateModified":"2024-04-16T08:17:16+00:00","description":"Entra ahora en el blog de Centros bedda y descubre nuestra completa gu\u00eda sobre depilaci\u00f3n l\u00e1ser de barba. \u00a1Te las contamos!","breadcrumb":{"@id":"https:\/\/agenciaseolocal.eu\/bedda\/depilacion-laser-barba-guia-completa\/#breadcrumb"},"inLanguage":"es","potentialAction":[{"@type":"ReadAction","target":["https:\/\/agenciaseolocal.eu\/bedda\/depilacion-laser-barba-guia-completa\/"]}]},{"@type":"ImageObject","inLanguage":"es","@id":"https:\/\/agenciaseolocal.eu\/bedda\/depilacion-laser-barba-guia-completa\/#primaryimage","url":"https:\/\/agenciaseolocal.eu\/bedda\/wp-content\/uploads\/2024\/04\/hombre-recibiendo-depilacion-laser-barba.jpeg","contentUrl":"https:\/\/agenciaseolocal.eu\/bedda\/wp-content\/uploads\/2024\/04\/hombre-recibiendo-depilacion-laser-barba.jpeg","width":1700,"height":600,"caption":"hombre recibiendo depilaci\u00f3n laser barba"},{"@type":"BreadcrumbList","@id":"https:\/\/agenciaseolocal.eu\/bedda\/depilacion-laser-barba-guia-completa\/#breadcrumb","itemListElement":[{"@type":"ListItem","position":1,"name":"Portada","item":"https:\/\/agenciaseolocal.eu\/bedda\/"},{"@type":"ListItem","position":2,"name":"Depilaci\u00f3n l\u00e1ser de barba: La gu\u00eda completa"}]},{"@type":"WebSite","@id":"https:\/\/agenciaseolocal.eu\/bedda\/#website","url":"https:\/\/agenciaseolocal.eu\/bedda\/","name":"Centros bedda","description":"Centro de depilaci\u00f3n l\u00e1ser","publisher":{"@id":"https:\/\/agenciaseolocal.eu\/bedda\/#organization"},"potentialAction":[{"@type":"SearchAction","target":{"@type":"EntryPoint","urlTemplate":"https:\/\/agenciaseolocal.eu\/bedda\/?s={search_term_string}"},"query-input":{"@type":"PropertyValueSpecification","valueRequired":true,"valueName":"search_term_string"}}],"inLanguage":"es"},{"@type":"Organization","@id":"https:\/\/agenciaseolocal.eu\/bedda\/#organization","name":"Centros bedda","url":"https:\/\/agenciaseolocal.eu\/bedda\/","logo":{"@type":"ImageObject","inLanguage":"es","@id":"https:\/\/agenciaseolocal.eu\/bedda\/#\/schema\/logo\/image\/","url":"https:\/\/agenciaseolocal.eu\/bedda\/wp-content\/uploads\/2024\/04\/centros-bedda-depilacion-laser-logo.png","contentUrl":"https:\/\/agenciaseolocal.eu\/bedda\/wp-content\/uploads\/2024\/04\/centros-bedda-depilacion-laser-logo.png","width":220,"height":220,"caption":"Centros bedda"},"image":{"@id":"https:\/\/agenciaseolocal.eu\/bedda\/#\/schema\/logo\/image\/"},"sameAs":["https:\/\/www.facebook.com\/centrobedda","https:\/\/x.com\/centrosbedda","https:\/\/www.youtube.com\/channel\/UCV57tDnQcnHfTici1funk4g?app=desktop","https:\/\/www.instagram.com\/centrosbedda\/","https:\/\/www.linkedin.com\/company\/centros-bedda\/"]},{"@type":"Person","@id":"https:\/\/agenciaseolocal.eu\/bedda\/#\/schema\/person\/ca3010faf67f189fd2de8d61a763fc8b","name":"Centros bedda","image":{"@type":"ImageObject","inLanguage":"es","@id":"https:\/\/agenciaseolocal.eu\/bedda\/#\/schema\/person\/image\/","url":"https:\/\/secure.gravatar.com\/avatar\/ea1f00b0a249719594f6b50ee5d3214c2c192531d8f80f789208e2aa9605ac08?s=96&d=mm&r=g","contentUrl":"https:\/\/secure.gravatar.com\/avatar\/ea1f00b0a249719594f6b50ee5d3214c2c192531d8f80f789208e2aa9605ac08?s=96&d=mm&r=g","caption":"Centros bedda"},"url":"https:\/\/agenciaseolocal.eu\/bedda\/author\/mktpmp_gedfwb31y\/"}]}},"_links":{"self":[{"href":"https:\/\/agenciaseolocal.eu\/bedda\/wp-json\/wp\/v2\/posts\/987515530","targetHints":{"allow":["GET"]}}],"collection":[{"href":"https:\/\/agenciaseolocal.eu\/bedda\/wp-json\/wp\/v2\/posts"}],"about":[{"href":"https:\/\/agenciaseolocal.eu\/bedda\/wp-json\/wp\/v2\/types\/post"}],"author":[{"embeddable":true,"href":"https:\/\/agenciaseolocal.eu\/bedda\/wp-json\/wp\/v2\/users\/3"}],"replies":[{"embeddable":true,"href":"https:\/\/agenciaseolocal.eu\/bedda\/wp-json\/wp\/v2\/comments?post=987515530"}],"version-history":[{"count":2,"href":"https:\/\/agenciaseolocal.eu\/bedda\/wp-json\/wp\/v2\/posts\/987515530\/revisions"}],"predecessor-version":[{"id":987515723,"href":"https:\/\/agenciaseolocal.eu\/bedda\/wp-json\/wp\/v2\/posts\/987515530\/revisions\/987515723"}],"wp:featuredmedia":[{"embeddable":true,"href":"https:\/\/agenciaseolocal.eu\/bedda\/wp-json\/wp\/v2\/media\/987515546"}],"wp:attachment":[{"href":"https:\/\/agenciaseolocal.eu\/bedda\/wp-json\/wp\/v2\/media?parent=987515530"}],"wp:term":[{"taxonomy":"category","embeddable":true,"href":"https:\/\/agenciaseolocal.eu\/bedda\/wp-json\/wp\/v2\/categories?post=987515530"},{"taxonomy":"post_tag","embeddable":true,"href":"https:\/\/agenciaseolocal.eu\/bedda\/wp-json\/wp\/v2\/tags?post=987515530"}],"curies":[{"name":"wp","href":"https:\/\/api.w.org\/{rel}","templated":true}]}}