{"id":987515531,"date":"2024-04-16T10:17:47","date_gmt":"2024-04-16T08:17:47","guid":{"rendered":"https:\/\/centrosbedda.com\/?p=987515531"},"modified":"2025-01-15T14:30:57","modified_gmt":"2025-01-15T13:30:57","slug":"como-afecta-retrasar-depilacion-laser-resultados","status":"publish","type":"post","link":"https:\/\/agenciaseolocal.eu\/bedda\/como-afecta-retrasar-depilacion-laser-resultados\/","title":{"rendered":"\u00bfC\u00f3mo afecta retrasar la depilaci\u00f3n l\u00e1ser a los resultados?"},"content":{"rendered":"\n<p>La&nbsp;<a href=\"https:\/\/agenciaseolocal.eu\/bedda\/\">depilaci\u00f3n l\u00e1ser<\/a>&nbsp;se ha convertido en una opci\u00f3n popular para aquellos que buscan una soluci\u00f3n duradera al problema del vello no deseado. Sin embargo, es importante tener en cuenta que&nbsp;<strong>el \u00e9xito de este tratamiento depende en gran medida de seguir el calendario de sesiones&nbsp;<\/strong>recomendado por el especialista. En este art\u00edculo, exploraremos los efectos que puede tener el retrasar la depilaci\u00f3n l\u00e1ser en los resultados finales.<\/p>\n\n\n\n<h2 class=\"wp-block-heading\">Importancia del cumplimiento del calendario de sesiones<\/h2>\n\n\n\n<p>La depilaci\u00f3n l\u00e1ser&nbsp;<strong>es un proceso gradual que requiere varias sesiones&nbsp;<\/strong>para obtener resultados \u00f3ptimos.<strong>&nbsp;Cada sesi\u00f3n est\u00e1 dise\u00f1ada para da\u00f1ar progresivamente los fol\u00edculos pilosos y reducir el crecimiento del vello<\/strong>.&nbsp;<strong>Si se retrasa la programaci\u00f3n de las sesiones, se interrumpe<\/strong>&nbsp;este proceso y se puede comprometer la efectividad general del tratamiento.<\/p>\n\n\n\n<p>Para comprender mejor este concepto, podemos pensar en la depilaci\u00f3n l\u00e1ser como un camino que conduce a la meta de una piel suave y libre de vello. Cada sesi\u00f3n programada representa un paso importante en ese camino, y si nos desviamos o nos saltamos ese paso, es como si nos alej\u00e1ramos m\u00e1s y m\u00e1s de nuestra meta. Por lo tanto,&nbsp;<strong>es fundamental seguir el calendario de sesiones establecido&nbsp;<\/strong>por el especialista para maximizar los resultados.<\/p>\n\n\n\n<p>El pelo que no cae tarda en crecer y es la t\u00e9cnico l\u00e1ser la que se encarga de alargar las sesiones.<\/p>\n\n\n\n<h2 class=\"wp-block-heading\">Factores al planificar las sesiones de depilaci\u00f3n<\/h2>\n\n\n\n<p>Cuando se planifican las sesiones de depilaci\u00f3n l\u00e1ser, es importante tener en cuenta algunos factores clave. La&nbsp;<strong>duraci\u00f3n del tratamiento<\/strong>&nbsp;puede variar seg\u00fan la&nbsp;<strong>zona a tratar<\/strong>, el<strong>&nbsp;tipo de vello&nbsp;<\/strong>y las&nbsp;<strong>caracter\u00edsticas individuales<\/strong>&nbsp;de cada persona. Es fundamental discutir estos aspectos con el especialista para establecer un cronograma personalizado que se ajuste a nuestras necesidades y expectativas.<\/p>\n\n\n\n<p><strong>La depilaci\u00f3n l\u00e1ser requiere un compromiso constante y diligencia<\/strong>&nbsp;para obtener los mejores resultados. Al programar las sesiones de manera adecuada y seguir el calendario recomendado, nos aseguramos de regar las semillas del \u00e9xito y disfrutar de los frutos de una piel sin vello.<\/p>\n\n\n\n<h2 class=\"wp-block-heading\">Efectos del retraso en el intervalo entre sesiones de depilaci\u00f3n l\u00e1ser<\/h2>\n\n\n\n<p><strong>El intervalo entre las sesiones de depilaci\u00f3n l\u00e1ser es otro aspecto crucial a considerar<\/strong>. Este per\u00edodo de tiempo es determinado por el especialista en funci\u00f3n de la velocidad de crecimiento del vello en la zona tratada.&nbsp;<strong>Al retrasar este intervalo, se permite que algunos fol\u00edculos pilosos se recuperen y regeneren<\/strong>, lo que puede afectar negativamente los resultados finales del tratamiento.<\/p>\n\n\n\n<p><strong>Es esencial seguir el intervalo de tiempo establecido por el especialista<\/strong>&nbsp;para garantizar que cada sesi\u00f3n de depilaci\u00f3n l\u00e1ser sea efectiva y reduzca al m\u00e1ximo la aparici\u00f3n del vello.<\/p>\n\n\n\n<h2 class=\"wp-block-heading\">Impacto en la eficacia de la depilaci\u00f3n l\u00e1ser durante las diferentes fases del crecimiento del vello<\/h2>\n\n\n\n<p><strong>El crecimiento del vello se produce en ciclos y pasa por diferentes&nbsp;<a href=\"https:\/\/agenciaseolocal.eu\/bedda\/etapas-crecimiento-vello\/\">fases<\/a><\/strong>. Para comprender mejor c\u00f3mo afecta el retraso en la depilaci\u00f3n l\u00e1ser a los resultados, es necesario analizar el impacto de este retraso en cada fase del crecimiento del vello.<\/p>\n\n\n\n<p>Durante la&nbsp;<strong>fase an\u00e1gena<\/strong>, que es la etapa de crecimiento activo en la que los fol\u00edculos pilosos est\u00e1n m\u00e1s receptivos al tratamiento l\u00e1ser. Si programamos y cumplimos nuestras sesiones de depilaci\u00f3n l\u00e1ser en esta etapa, tenemos la mejor oportunidad de debilitar y da\u00f1ar los fol\u00edculos pilosos de forma efectiva, obteniendo as\u00ed resultados m\u00e1s duraderos.<\/p>\n\n\n\n<p>Por otro lado, si se retrasa la programaci\u00f3n de las sesiones y nos acercamos a la&nbsp;<strong>fase cat\u00e1gena o tel\u00f3gena<\/strong>, en las que el vello est\u00e1 en reposo o en proceso de ca\u00edda. Durante esta fase, los fol\u00edculos pilosos pueden ser menos receptivos al tratamiento, lo que puede comprometer la efectividad general de la depilaci\u00f3n l\u00e1ser.<\/p>\n\n\n\n<h2 class=\"wp-block-heading\">Riesgos de una regeneraci\u00f3n parcial del vello<\/h2>\n\n\n\n<p>Uno de los riesgos asociados con el retraso en la depilaci\u00f3n l\u00e1ser es la&nbsp;<strong>regeneraci\u00f3n parcial del vello<\/strong>. Cuando el intervalo entre las sesiones es prolongado, algunos fol\u00edculos pilosos pueden recuperarse y comenzar a producir nuevo vello no deseado. Este nuevo crecimiento puede resultar en una disminuci\u00f3n de los resultados obtenidos hasta el momento y la necesidad de someterse a sesiones adicionales para lograr la reducci\u00f3n del vello deseada.<\/p>\n\n\n\n<p>Es esencial seguir el cronograma recomendado para minimizar este riesgo y garantizar resultados satisfactorios.<\/p>\n\n\n\n<h2 class=\"wp-block-heading\">Necesidad de sesiones adicionales debido al retraso en el tratamiento<\/h2>\n\n\n\n<p>Por \u00faltimo, es importante tener en cuenta que&nbsp;<strong>el retraso en la depilaci\u00f3n l\u00e1ser puede dar lugar a la necesidad de someterse a sesiones adicionales<\/strong>. Cada sesi\u00f3n de depilaci\u00f3n l\u00e1ser est\u00e1 dise\u00f1ada para debilitar progresivamente los fol\u00edculos pilosos y reducir el crecimiento del vello. Si se retrasa el tratamiento, es posible que se requieran m\u00e1s sesiones para lograr los resultados deseados.<\/p>\n\n\n\n<p>Sin embargo, es importante destacar que estas sesiones adicionales pueden requerir tiempo y recursos adicionales, tanto en t\u00e9rminos de costo como de dedicaci\u00f3n personal.<\/p>\n\n\n\n<h3 class=\"wp-block-heading\">En conclusi\u00f3n,<\/h3>\n\n\n\n<p><strong>El retraso en la depilaci\u00f3n l\u00e1ser puede afectar significativamente los resultados finales<\/strong>&nbsp;del tratamiento. Al no seguir el calendario de sesiones recomendado, se interrumpe el proceso gradual de da\u00f1ar y debilitar los fol\u00edculos pilosos, lo que puede comprometer la efectividad general de la depilaci\u00f3n l\u00e1ser. Adem\u00e1s, el retraso en el intervalo entre sesiones y la regeneraci\u00f3n parcial del vello pueden dar lugar a la necesidad de someterse a sesiones adicionales para lograr los resultados deseados.<\/p>\n\n\n\n<p>Para aprovechar al m\u00e1ximo la depilaci\u00f3n l\u00e1ser y obtener resultados duraderos, es fundamental seguir el calendario de sesiones establecido por el especialista. Al hacerlo, nos aseguramos de regar las semillas del \u00e9xito, evitamos el crecimiento no deseado del vello y nos acercamos cada vez m\u00e1s a la meta de una piel suave y libre de vello.<\/p>\n","protected":false},"excerpt":{"rendered":"<p>La&nbsp;depilaci\u00f3n l\u00e1ser&nbsp;se ha convertido en una opci\u00f3n popular para aquellos que buscan una soluci\u00f3n duradera al problema del vello no deseado. Sin embargo, es importante tener en cuenta que&nbsp;el \u00e9xito de este tratamiento depende en gran medida de seguir el calendario de sesiones&nbsp;recomendado por el especialista. En este art\u00edculo, exploraremos los efectos que puede tener [&hellip;]<\/p>\n","protected":false},"author":3,"featured_media":987515548,"comment_status":"open","ping_status":"closed","sticky":false,"template":"","format":"standard","meta":{"_et_pb_use_builder":"off","_et_pb_old_content":"","_et_gb_content_width":"","_joinchat":[],"footnotes":""},"categories":[51,65],"tags":[],"class_list":["post-987515531","post","type-post","status-publish","format-standard","has-post-thumbnail","hentry","category-blog","category-depilacion"],"yoast_head":"<!-- This site is optimized with the Yoast SEO plugin v25.9 - https:\/\/yoast.com\/wordpress\/plugins\/seo\/ -->\n<title>Retrasar depilaci\u00f3n afecta resultados | Centros bedda<\/title>\n<meta name=\"description\" content=\"Entra ahora en el blog de Centros bedda y descubre c\u00f3mo afecta retrasar la depilaci\u00f3n l\u00e1ser a los resultados. \u00a1Te las contamos!\" \/>\n<meta name=\"robots\" content=\"noindex, follow, max-snippet:-1, max-image-preview:large, max-video-preview:-1\" \/>\n<meta property=\"og:locale\" content=\"es_ES\" \/>\n<meta property=\"og:type\" content=\"article\" \/>\n<meta property=\"og:title\" content=\"Retrasar depilaci\u00f3n afecta resultados | Centros bedda\" \/>\n<meta property=\"og:description\" content=\"Entra ahora en el blog de Centros bedda y descubre c\u00f3mo afecta retrasar la depilaci\u00f3n l\u00e1ser a los resultados. \u00a1Te las contamos!\" \/>\n<meta property=\"og:url\" content=\"https:\/\/agenciaseolocal.eu\/bedda\/como-afecta-retrasar-depilacion-laser-resultados\/\" \/>\n<meta property=\"og:site_name\" content=\"Centros bedda\" \/>\n<meta property=\"article:publisher\" content=\"https:\/\/www.facebook.com\/centrobedda\" \/>\n<meta property=\"article:published_time\" content=\"2024-04-16T08:17:47+00:00\" \/>\n<meta property=\"article:modified_time\" content=\"2025-01-15T13:30:57+00:00\" \/>\n<meta property=\"og:image\" content=\"https:\/\/agenciaseolocal.eu\/bedda\/wp-content\/uploads\/2024\/04\/paciente-retrasando-crecimiento-vello-piernas.jpeg\" \/>\n\t<meta property=\"og:image:width\" content=\"1700\" \/>\n\t<meta property=\"og:image:height\" content=\"600\" \/>\n\t<meta property=\"og:image:type\" content=\"image\/jpeg\" \/>\n<meta name=\"author\" content=\"Centros bedda\" \/>\n<meta name=\"twitter:card\" content=\"summary_large_image\" \/>\n<meta name=\"twitter:creator\" content=\"@centrosbedda\" \/>\n<meta name=\"twitter:site\" content=\"@centrosbedda\" \/>\n<meta name=\"twitter:label1\" content=\"Escrito por\" \/>\n\t<meta name=\"twitter:data1\" content=\"Centros bedda\" \/>\n\t<meta name=\"twitter:label2\" content=\"Tiempo de lectura\" \/>\n\t<meta name=\"twitter:data2\" content=\"5 minutos\" \/>\n<!-- \/ Yoast SEO plugin. -->","yoast_head_json":{"title":"Retrasar depilaci\u00f3n afecta resultados | Centros bedda","description":"Entra ahora en el blog de Centros bedda y descubre c\u00f3mo afecta retrasar la depilaci\u00f3n l\u00e1ser a los resultados. \u00a1Te las contamos!","robots":{"index":"noindex","follow":"follow","max-snippet":"max-snippet:-1","max-image-preview":"max-image-preview:large","max-video-preview":"max-video-preview:-1"},"og_locale":"es_ES","og_type":"article","og_title":"Retrasar depilaci\u00f3n afecta resultados | Centros bedda","og_description":"Entra ahora en el blog de Centros bedda y descubre c\u00f3mo afecta retrasar la depilaci\u00f3n l\u00e1ser a los resultados. \u00a1Te las contamos!","og_url":"https:\/\/agenciaseolocal.eu\/bedda\/como-afecta-retrasar-depilacion-laser-resultados\/","og_site_name":"Centros bedda","article_publisher":"https:\/\/www.facebook.com\/centrobedda","article_published_time":"2024-04-16T08:17:47+00:00","article_modified_time":"2025-01-15T13:30:57+00:00","og_image":[{"width":1700,"height":600,"url":"https:\/\/agenciaseolocal.eu\/bedda\/wp-content\/uploads\/2024\/04\/paciente-retrasando-crecimiento-vello-piernas.jpeg","type":"image\/jpeg"}],"author":"Centros bedda","twitter_card":"summary_large_image","twitter_creator":"@centrosbedda","twitter_site":"@centrosbedda","twitter_misc":{"Escrito por":"Centros bedda","Tiempo de lectura":"5 minutos"},"schema":{"@context":"https:\/\/schema.org","@graph":[{"@type":"Article","@id":"https:\/\/agenciaseolocal.eu\/bedda\/como-afecta-retrasar-depilacion-laser-resultados\/#article","isPartOf":{"@id":"https:\/\/agenciaseolocal.eu\/bedda\/como-afecta-retrasar-depilacion-laser-resultados\/"},"author":{"name":"Centros bedda","@id":"https:\/\/agenciaseolocal.eu\/bedda\/#\/schema\/person\/ca3010faf67f189fd2de8d61a763fc8b"},"headline":"\u00bfC\u00f3mo afecta retrasar la depilaci\u00f3n l\u00e1ser a los resultados?","datePublished":"2024-04-16T08:17:47+00:00","dateModified":"2025-01-15T13:30:57+00:00","mainEntityOfPage":{"@id":"https:\/\/agenciaseolocal.eu\/bedda\/como-afecta-retrasar-depilacion-laser-resultados\/"},"wordCount":1052,"commentCount":0,"publisher":{"@id":"https:\/\/agenciaseolocal.eu\/bedda\/#organization"},"image":{"@id":"https:\/\/agenciaseolocal.eu\/bedda\/como-afecta-retrasar-depilacion-laser-resultados\/#primaryimage"},"thumbnailUrl":"https:\/\/agenciaseolocal.eu\/bedda\/wp-content\/uploads\/2024\/04\/paciente-retrasando-crecimiento-vello-piernas.jpeg","articleSection":["Blog","Depilaci\u00f3n"],"inLanguage":"es","potentialAction":[{"@type":"CommentAction","name":"Comment","target":["https:\/\/agenciaseolocal.eu\/bedda\/como-afecta-retrasar-depilacion-laser-resultados\/#respond"]}]},{"@type":"WebPage","@id":"https:\/\/agenciaseolocal.eu\/bedda\/como-afecta-retrasar-depilacion-laser-resultados\/","url":"https:\/\/agenciaseolocal.eu\/bedda\/como-afecta-retrasar-depilacion-laser-resultados\/","name":"Retrasar depilaci\u00f3n afecta resultados | Centros bedda","isPartOf":{"@id":"https:\/\/agenciaseolocal.eu\/bedda\/#website"},"primaryImageOfPage":{"@id":"https:\/\/agenciaseolocal.eu\/bedda\/como-afecta-retrasar-depilacion-laser-resultados\/#primaryimage"},"image":{"@id":"https:\/\/agenciaseolocal.eu\/bedda\/como-afecta-retrasar-depilacion-laser-resultados\/#primaryimage"},"thumbnailUrl":"https:\/\/agenciaseolocal.eu\/bedda\/wp-content\/uploads\/2024\/04\/paciente-retrasando-crecimiento-vello-piernas.jpeg","datePublished":"2024-04-16T08:17:47+00:00","dateModified":"2025-01-15T13:30:57+00:00","description":"Entra ahora en el blog de Centros bedda y descubre c\u00f3mo afecta retrasar la depilaci\u00f3n l\u00e1ser a los resultados. \u00a1Te las contamos!","breadcrumb":{"@id":"https:\/\/agenciaseolocal.eu\/bedda\/como-afecta-retrasar-depilacion-laser-resultados\/#breadcrumb"},"inLanguage":"es","potentialAction":[{"@type":"ReadAction","target":["https:\/\/agenciaseolocal.eu\/bedda\/como-afecta-retrasar-depilacion-laser-resultados\/"]}]},{"@type":"ImageObject","inLanguage":"es","@id":"https:\/\/agenciaseolocal.eu\/bedda\/como-afecta-retrasar-depilacion-laser-resultados\/#primaryimage","url":"https:\/\/agenciaseolocal.eu\/bedda\/wp-content\/uploads\/2024\/04\/paciente-retrasando-crecimiento-vello-piernas.jpeg","contentUrl":"https:\/\/agenciaseolocal.eu\/bedda\/wp-content\/uploads\/2024\/04\/paciente-retrasando-crecimiento-vello-piernas.jpeg","width":1700,"height":600,"caption":"paciente retrasando crecimiento vello piernas"},{"@type":"BreadcrumbList","@id":"https:\/\/agenciaseolocal.eu\/bedda\/como-afecta-retrasar-depilacion-laser-resultados\/#breadcrumb","itemListElement":[{"@type":"ListItem","position":1,"name":"Portada","item":"https:\/\/agenciaseolocal.eu\/bedda\/"},{"@type":"ListItem","position":2,"name":"\u00bfC\u00f3mo afecta retrasar la depilaci\u00f3n l\u00e1ser a los resultados?"}]},{"@type":"WebSite","@id":"https:\/\/agenciaseolocal.eu\/bedda\/#website","url":"https:\/\/agenciaseolocal.eu\/bedda\/","name":"Centros bedda","description":"Centro de depilaci\u00f3n l\u00e1ser","publisher":{"@id":"https:\/\/agenciaseolocal.eu\/bedda\/#organization"},"potentialAction":[{"@type":"SearchAction","target":{"@type":"EntryPoint","urlTemplate":"https:\/\/agenciaseolocal.eu\/bedda\/?s={search_term_string}"},"query-input":{"@type":"PropertyValueSpecification","valueRequired":true,"valueName":"search_term_string"}}],"inLanguage":"es"},{"@type":"Organization","@id":"https:\/\/agenciaseolocal.eu\/bedda\/#organization","name":"Centros bedda","url":"https:\/\/agenciaseolocal.eu\/bedda\/","logo":{"@type":"ImageObject","inLanguage":"es","@id":"https:\/\/agenciaseolocal.eu\/bedda\/#\/schema\/logo\/image\/","url":"https:\/\/agenciaseolocal.eu\/bedda\/wp-content\/uploads\/2024\/04\/centros-bedda-depilacion-laser-logo.png","contentUrl":"https:\/\/agenciaseolocal.eu\/bedda\/wp-content\/uploads\/2024\/04\/centros-bedda-depilacion-laser-logo.png","width":220,"height":220,"caption":"Centros bedda"},"image":{"@id":"https:\/\/agenciaseolocal.eu\/bedda\/#\/schema\/logo\/image\/"},"sameAs":["https:\/\/www.facebook.com\/centrobedda","https:\/\/x.com\/centrosbedda","https:\/\/www.youtube.com\/channel\/UCV57tDnQcnHfTici1funk4g?app=desktop","https:\/\/www.instagram.com\/centrosbedda\/","https:\/\/www.linkedin.com\/company\/centros-bedda\/"]},{"@type":"Person","@id":"https:\/\/agenciaseolocal.eu\/bedda\/#\/schema\/person\/ca3010faf67f189fd2de8d61a763fc8b","name":"Centros bedda","image":{"@type":"ImageObject","inLanguage":"es","@id":"https:\/\/agenciaseolocal.eu\/bedda\/#\/schema\/person\/image\/","url":"https:\/\/secure.gravatar.com\/avatar\/ea1f00b0a249719594f6b50ee5d3214c2c192531d8f80f789208e2aa9605ac08?s=96&d=mm&r=g","contentUrl":"https:\/\/secure.gravatar.com\/avatar\/ea1f00b0a249719594f6b50ee5d3214c2c192531d8f80f789208e2aa9605ac08?s=96&d=mm&r=g","caption":"Centros bedda"},"url":"https:\/\/agenciaseolocal.eu\/bedda\/author\/mktpmp_gedfwb31y\/"}]}},"_links":{"self":[{"href":"https:\/\/agenciaseolocal.eu\/bedda\/wp-json\/wp\/v2\/posts\/987515531","targetHints":{"allow":["GET"]}}],"collection":[{"href":"https:\/\/agenciaseolocal.eu\/bedda\/wp-json\/wp\/v2\/posts"}],"about":[{"href":"https:\/\/agenciaseolocal.eu\/bedda\/wp-json\/wp\/v2\/types\/post"}],"author":[{"embeddable":true,"href":"https:\/\/agenciaseolocal.eu\/bedda\/wp-json\/wp\/v2\/users\/3"}],"replies":[{"embeddable":true,"href":"https:\/\/agenciaseolocal.eu\/bedda\/wp-json\/wp\/v2\/comments?post=987515531"}],"version-history":[{"count":4,"href":"https:\/\/agenciaseolocal.eu\/bedda\/wp-json\/wp\/v2\/posts\/987515531\/revisions"}],"predecessor-version":[{"id":987518289,"href":"https:\/\/agenciaseolocal.eu\/bedda\/wp-json\/wp\/v2\/posts\/987515531\/revisions\/987518289"}],"wp:featuredmedia":[{"embeddable":true,"href":"https:\/\/agenciaseolocal.eu\/bedda\/wp-json\/wp\/v2\/media\/987515548"}],"wp:attachment":[{"href":"https:\/\/agenciaseolocal.eu\/bedda\/wp-json\/wp\/v2\/media?parent=987515531"}],"wp:term":[{"taxonomy":"category","embeddable":true,"href":"https:\/\/agenciaseolocal.eu\/bedda\/wp-json\/wp\/v2\/categories?post=987515531"},{"taxonomy":"post_tag","embeddable":true,"href":"https:\/\/agenciaseolocal.eu\/bedda\/wp-json\/wp\/v2\/tags?post=987515531"}],"curies":[{"name":"wp","href":"https:\/\/api.w.org\/{rel}","templated":true}]}}