{"id":987515533,"date":"2024-04-18T09:50:48","date_gmt":"2024-04-18T07:50:48","guid":{"rendered":"https:\/\/centrosbedda.com\/?p=987515533"},"modified":"2025-01-15T13:57:53","modified_gmt":"2025-01-15T12:57:53","slug":"10-curiosidades-sobre-depilacion-laser-facial","status":"publish","type":"post","link":"https:\/\/agenciaseolocal.eu\/bedda\/10-curiosidades-sobre-depilacion-laser-facial\/","title":{"rendered":"9 curiosidades sobre la depilaci\u00f3n l\u00e1ser facial"},"content":{"rendered":"\n<p>La&nbsp;<strong>depilaci\u00f3n l\u00e1ser facial&nbsp;<\/strong>se ha convertido en una opci\u00f3n popular para muchas personas que desean eliminar el vello no deseado en su rostro. Este m\u00e9todo utiliza tecnolog\u00eda l\u00e1ser que emite una luz concentrada en la melanina, el pigmento que da color al vello, provocando su destrucci\u00f3n. A continuaci\u00f3n, en&nbsp;<a href=\"https:\/\/agenciaseolocal.eu\/bedda\/\">Centros bedda<\/a>&nbsp;te presentamos 10 curiosidades interesantes sobre la depilaci\u00f3n l\u00e1ser facial que quiz\u00e1s desconoc\u00edas.<\/p>\n\n\n\n<h2 class=\"wp-block-heading\">1. La depilaci\u00f3n l\u00e1ser facial es adecuada para todo tipo de piel<\/h2>\n\n\n\n<p>Cuando se trata de eliminar el vello facial,&nbsp;<strong>la depilaci\u00f3n l\u00e1ser es una opci\u00f3n segura y efectiva para todo tipo de piel<\/strong>. A diferencia de otros m\u00e9todos que pueden causar irritaci\u00f3n o enrojecimiento, el l\u00e1ser se adapta a distintos tonos de piel, desde los m\u00e1s claros hasta los m\u00e1s oscuros.<\/p>\n\n\n\n<p>La tecnolog\u00eda l\u00e1ser utilizada en la depilaci\u00f3n facial se ha desarrollado significativamente en los \u00faltimos a\u00f1os, lo que ha permitido que sea una opci\u00f3n viable para una amplia gama de personas. Incluso aquellas con piel sensible pueden beneficiarse de la depilaci\u00f3n l\u00e1ser, ya que los dispositivos modernos est\u00e1n dise\u00f1ados para minimizar cualquier molestia durante el tratamiento.<\/p>\n\n\n\n<h2 class=\"wp-block-heading\">2. Resultados visibles desde las primeras sesiones<\/h2>\n\n\n\n<p>Una de las ventajas de la&nbsp;<a href=\"https:\/\/agenciaseolocal.eu\/bedda\/tratamientos\/depilacion-laser-facial-mujer\/\">depilaci\u00f3n l\u00e1ser facial<\/a>&nbsp;es que<strong>&nbsp;podr\u00e1s ver resultados visibles desde las primeras sesiones<\/strong>. A medida que el vello se va debilitando y cayendo, la piel se sentir\u00e1 m\u00e1s suave y libre de pelitos indeseados.<\/p>\n\n\n\n<p>La tecnolog\u00eda l\u00e1ser utilizada en estos tratamientos se ha perfeccionado con el tiempo, permitiendo una<strong>&nbsp;mayor precisi\u00f3n y eficacia&nbsp;<\/strong>en la eliminaci\u00f3n del vello no deseado. Adem\u00e1s, al ser un&nbsp;<strong>m\u00e9todo no invasivo<\/strong>, la mayor\u00eda de las personas experimentan una recuperaci\u00f3n r\u00e1pida y pueden retomar sus actividades diarias sin mayores inconvenientes.<\/p>\n\n\n\n<p>Es importante tener en cuenta que&nbsp;<strong>cada persona es \u00fanica y los resultados pueden variar&nbsp;<\/strong>seg\u00fan el tipo de vello y la pigmentaci\u00f3n de la piel. Por ello, es fundamental acudir a un centro especializado como Centros bedda donde se realice una evaluaci\u00f3n personalizada y se establezca un plan de tratamiento adecuado a tus necesidades espec\u00edficas.<\/p>\n\n\n\n<h2 class=\"wp-block-heading\">3. La tecnolog\u00eda l\u00e1ser no afecta la textura de la piel facial<\/h2>\n\n\n\n<p>Algunos m\u00e9todos de depilaci\u00f3n facial pueden dejar la piel \u00e1spera o con irregularidades, pero<strong>&nbsp;la depilaci\u00f3n l\u00e1ser no altera la textura natural de tu rostro<\/strong>. Esta tecnolog\u00eda se enfoca \u00fanicamente en el vello, dejando la piel suave y sin imperfecciones.<\/p>\n\n\n\n<h2 class=\"wp-block-heading\">4. Es posible tratar \u00e1reas delicadas como el labio superior con seguridad<\/h2>\n\n\n\n<p>El<a href=\"https:\/\/agenciaseolocal.eu\/bedda\/tratamientos\/depilacion-laser-labio-superior-mujer\/\"><strong>labio superior<\/strong><\/a>&nbsp;es una zona delicada del rostro que requiere un tratamiento preciso y seguro. La depilaci\u00f3n l\u00e1ser facial es capaz de tratar esta \u00e1rea sin causar da\u00f1os o irritaciones, permiti\u00e9ndote obtener resultados \u00f3ptimos sin preocuparte por posibles efectos secundarios.<\/p>\n\n\n\n<p>La piel alrededor del labio superior es especialmente sensible debido a su delgadez y a la presencia de terminaciones nerviosas. Por esta raz\u00f3n, es fundamental elegir un centro de est\u00e9tica con profesionales expertos en depilaci\u00f3n l\u00e1ser que puedan adaptar el tratamiento a las necesidades espec\u00edficas de esta zona. De esta manera, se garantiza un procedimiento seguro y efectivo, evitando cualquier riesgo de quemaduras o lesiones cut\u00e1neas.<\/p>\n\n\n\n<h2 class=\"wp-block-heading\">5. La l\u00e1ser es menos dolorosa que otros m\u00e9todos de depilaci\u00f3n facial<\/h2>\n\n\n\n<p>Muchas personas asocian la depilaci\u00f3n facial con el dolor, pero la realidad es que<strong>&nbsp;la depilaci\u00f3n l\u00e1ser facial es menos dolorosa en comparaci\u00f3n con otros m\u00e9todos<\/strong>&nbsp;como la cera caliente o las pinzas. La sensaci\u00f3n de molestia es m\u00ednima y generalmente se describe como una ligera picaz\u00f3n o calor en la piel durante el tratamiento.<\/p>\n\n\n\n<p>La tecnolog\u00eda l\u00e1ser utilizada en la depilaci\u00f3n facial se basa en la emisi\u00f3n de pulsos de luz que son absorbidos por el pigmento del vello, lo que debilita el fol\u00edculo piloso y retrasa su crecimiento. Este proceso no solo reduce el dolor, sino que tambi\u00e9n disminuye la posibilidad de irritaci\u00f3n en la piel, convirti\u00e9ndola en una opci\u00f3n m\u00e1s suave y efectiva para la eliminaci\u00f3n del vello no deseado en el rostro.<\/p>\n\n\n\n<h2 class=\"wp-block-heading\">6. La depilaci\u00f3n l\u00e1ser facial se puede realizar en cualquier \u00e9poca del a\u00f1o<\/h2>\n\n\n\n<p><strong>La depilaci\u00f3n l\u00e1ser facial se puede realizar en cualquier \u00e9poca del a\u00f1o<\/strong>. Ya sea invierno o verano, podr\u00e1s disfrutar de una piel suave y sin vello facial sin preocuparte por limitaciones estacionales.<\/p>\n\n\n\n<p>La depilaci\u00f3n l\u00e1ser facial es un procedimiento seguro y efectivo que utiliza pulsos de luz para eliminar el vello no deseado de forma permanente. Aunque se recomienda realizar varias sesiones para obtener resultados \u00f3ptimos, muchos pacientes notan una reducci\u00f3n significativa del vello facial despu\u00e9s de solo unas pocas sesiones.<\/p>\n\n\n\n<p>Es importante mencionar que la depilaci\u00f3n l\u00e1ser facial puede ser realizada en diferentes tipos de piel, aunque es fundamental consultar con un profesional para determinar el tipo de l\u00e1ser m\u00e1s adecuado para cada caso. Adem\u00e1s, es crucial seguir las recomendaciones post-tratamiento para garantizar una recuperaci\u00f3n \u00f3ptima de la piel y maximizar los resultados a largo plazo.<\/p>\n\n\n\n<h2 class=\"wp-block-heading\">8. Ayuda a prevenir y tratar el acn\u00e9 asociado con el vello facial<\/h2>\n\n\n\n<p>El vello facial no solo es antiest\u00e9tico, sino que tambi\u00e9n puede contribuir a la aparici\u00f3n de acn\u00e9. Al eliminar el vello de manera efectiva, la depilaci\u00f3n l\u00e1ser facial&nbsp;<strong>puede ayudar a prevenir y tratar el acn\u00e9 asociado con el vello facial<\/strong>, proporcionando una piel m\u00e1s clara y libre de imperfecciones.<\/p>\n\n\n\n<h2 class=\"wp-block-heading\">9. No requiere tiempo de recuperaci\u00f3n despu\u00e9s de cada sesi\u00f3n<\/h2>\n\n\n\n<p>A diferencia de otros tratamientos est\u00e9ticos que pueden requerir tiempo de recuperaci\u00f3n, la depilaci\u00f3n l\u00e1ser facial&nbsp;<strong>no tiene efectos secundarios significativos<\/strong>&nbsp;y no requiere tiempo de inactividad despu\u00e9s de cada sesi\u00f3n. Podr\u00e1s retomar tus actividades diarias de inmediato sin preocuparte por molestias o restricciones.<\/p>\n\n\n\n<h2 class=\"wp-block-heading\">10. La depilaci\u00f3n l\u00e1ser facial puede ser una inversi\u00f3n rentable a largo plazo en comparaci\u00f3n con otros m\u00e9todos de depilaci\u00f3n<\/h2>\n\n\n\n<p>Mientras que otros m\u00e9todos de depilaci\u00f3n facial requieren un mantenimiento constante, la depilaci\u00f3n l\u00e1ser facial&nbsp;<strong>puede ser una inversi\u00f3n rentable a largo plazo<\/strong>. Aunque inicialmente puede requerir una inversi\u00f3n m\u00e1s alta, a largo plazo ahorrar\u00e1s dinero en productos y tratamientos de depilaci\u00f3n recurrentes.<\/p>\n\n\n\n<p>Si te ha gustado este art\u00edculo te animamos a que leas este otro sobre&nbsp;<a href=\"https:\/\/agenciaseolocal.eu\/bedda\/falsos-mitos-depilacion-laser-cara\/\">falsos mitos de la depilaci\u00f3n l\u00e1ser en la cara<\/a>.<\/p>\n","protected":false},"excerpt":{"rendered":"<p>La&nbsp;depilaci\u00f3n l\u00e1ser facial&nbsp;se ha convertido en una opci\u00f3n popular para muchas personas que desean eliminar el vello no deseado en su rostro. Este m\u00e9todo utiliza tecnolog\u00eda l\u00e1ser que emite una luz concentrada en la melanina, el pigmento que da color al vello, provocando su destrucci\u00f3n. A continuaci\u00f3n, en&nbsp;Centros bedda&nbsp;te presentamos 10 curiosidades interesantes sobre la [&hellip;]<\/p>\n","protected":false},"author":3,"featured_media":987515552,"comment_status":"open","ping_status":"closed","sticky":false,"template":"","format":"standard","meta":{"_et_pb_use_builder":"off","_et_pb_old_content":"","_et_gb_content_width":"","_joinchat":[],"footnotes":""},"categories":[51,65,50],"tags":[],"class_list":["post-987515533","post","type-post","status-publish","format-standard","has-post-thumbnail","hentry","category-blog","category-depilacion","category-facial"],"yoast_head":"<!-- This site is optimized with the Yoast SEO plugin v25.9 - https:\/\/yoast.com\/wordpress\/plugins\/seo\/ -->\n<title>Curiosidades depilaci\u00f3n l\u00e1ser facial | Centros bedda<\/title>\n<meta name=\"description\" content=\"Entra ahora en el blog de Centros bedda y descubre 10 curiosidades sobre la depilaci\u00f3n l\u00e1ser facial. \u00a1Te las contamos!\" \/>\n<meta name=\"robots\" content=\"noindex, follow, max-snippet:-1, max-image-preview:large, max-video-preview:-1\" \/>\n<meta property=\"og:locale\" content=\"es_ES\" \/>\n<meta property=\"og:type\" content=\"article\" \/>\n<meta property=\"og:title\" content=\"Curiosidades depilaci\u00f3n l\u00e1ser facial | Centros bedda\" \/>\n<meta property=\"og:description\" content=\"Entra ahora en el blog de Centros bedda y descubre 10 curiosidades sobre la depilaci\u00f3n l\u00e1ser facial. \u00a1Te las contamos!\" \/>\n<meta property=\"og:url\" content=\"https:\/\/agenciaseolocal.eu\/bedda\/10-curiosidades-sobre-depilacion-laser-facial\/\" \/>\n<meta property=\"og:site_name\" content=\"Centros bedda\" \/>\n<meta property=\"article:publisher\" content=\"https:\/\/www.facebook.com\/centrobedda\" \/>\n<meta property=\"article:published_time\" content=\"2024-04-18T07:50:48+00:00\" \/>\n<meta property=\"article:modified_time\" content=\"2025-01-15T12:57:53+00:00\" \/>\n<meta property=\"og:image\" content=\"https:\/\/agenciaseolocal.eu\/bedda\/wp-content\/uploads\/2024\/04\/depilacion-laser-cara-paciente-zona-superior-labio.jpeg\" \/>\n\t<meta property=\"og:image:width\" content=\"1700\" \/>\n\t<meta property=\"og:image:height\" content=\"600\" \/>\n\t<meta property=\"og:image:type\" content=\"image\/jpeg\" \/>\n<meta name=\"author\" content=\"Centros bedda\" \/>\n<meta name=\"twitter:card\" content=\"summary_large_image\" \/>\n<meta name=\"twitter:creator\" content=\"@centrosbedda\" \/>\n<meta name=\"twitter:site\" content=\"@centrosbedda\" \/>\n<meta name=\"twitter:label1\" content=\"Escrito por\" \/>\n\t<meta name=\"twitter:data1\" content=\"Centros bedda\" \/>\n\t<meta name=\"twitter:label2\" content=\"Tiempo de lectura\" \/>\n\t<meta name=\"twitter:data2\" content=\"5 minutos\" \/>\n<!-- \/ Yoast SEO plugin. -->","yoast_head_json":{"title":"Curiosidades depilaci\u00f3n l\u00e1ser facial | Centros bedda","description":"Entra ahora en el blog de Centros bedda y descubre 10 curiosidades sobre la depilaci\u00f3n l\u00e1ser facial. \u00a1Te las contamos!","robots":{"index":"noindex","follow":"follow","max-snippet":"max-snippet:-1","max-image-preview":"max-image-preview:large","max-video-preview":"max-video-preview:-1"},"og_locale":"es_ES","og_type":"article","og_title":"Curiosidades depilaci\u00f3n l\u00e1ser facial | Centros bedda","og_description":"Entra ahora en el blog de Centros bedda y descubre 10 curiosidades sobre la depilaci\u00f3n l\u00e1ser facial. \u00a1Te las contamos!","og_url":"https:\/\/agenciaseolocal.eu\/bedda\/10-curiosidades-sobre-depilacion-laser-facial\/","og_site_name":"Centros bedda","article_publisher":"https:\/\/www.facebook.com\/centrobedda","article_published_time":"2024-04-18T07:50:48+00:00","article_modified_time":"2025-01-15T12:57:53+00:00","og_image":[{"width":1700,"height":600,"url":"https:\/\/agenciaseolocal.eu\/bedda\/wp-content\/uploads\/2024\/04\/depilacion-laser-cara-paciente-zona-superior-labio.jpeg","type":"image\/jpeg"}],"author":"Centros bedda","twitter_card":"summary_large_image","twitter_creator":"@centrosbedda","twitter_site":"@centrosbedda","twitter_misc":{"Escrito por":"Centros bedda","Tiempo de lectura":"5 minutos"},"schema":{"@context":"https:\/\/schema.org","@graph":[{"@type":"Article","@id":"https:\/\/agenciaseolocal.eu\/bedda\/10-curiosidades-sobre-depilacion-laser-facial\/#article","isPartOf":{"@id":"https:\/\/agenciaseolocal.eu\/bedda\/10-curiosidades-sobre-depilacion-laser-facial\/"},"author":{"name":"Centros bedda","@id":"https:\/\/agenciaseolocal.eu\/bedda\/#\/schema\/person\/ca3010faf67f189fd2de8d61a763fc8b"},"headline":"9 curiosidades sobre la depilaci\u00f3n l\u00e1ser facial","datePublished":"2024-04-18T07:50:48+00:00","dateModified":"2025-01-15T12:57:53+00:00","mainEntityOfPage":{"@id":"https:\/\/agenciaseolocal.eu\/bedda\/10-curiosidades-sobre-depilacion-laser-facial\/"},"wordCount":1157,"commentCount":0,"publisher":{"@id":"https:\/\/agenciaseolocal.eu\/bedda\/#organization"},"image":{"@id":"https:\/\/agenciaseolocal.eu\/bedda\/10-curiosidades-sobre-depilacion-laser-facial\/#primaryimage"},"thumbnailUrl":"https:\/\/agenciaseolocal.eu\/bedda\/wp-content\/uploads\/2024\/04\/depilacion-laser-cara-paciente-zona-superior-labio.jpeg","articleSection":["Blog","Depilaci\u00f3n","Facial"],"inLanguage":"es","potentialAction":[{"@type":"CommentAction","name":"Comment","target":["https:\/\/agenciaseolocal.eu\/bedda\/10-curiosidades-sobre-depilacion-laser-facial\/#respond"]}]},{"@type":"WebPage","@id":"https:\/\/agenciaseolocal.eu\/bedda\/10-curiosidades-sobre-depilacion-laser-facial\/","url":"https:\/\/agenciaseolocal.eu\/bedda\/10-curiosidades-sobre-depilacion-laser-facial\/","name":"Curiosidades depilaci\u00f3n l\u00e1ser facial | Centros bedda","isPartOf":{"@id":"https:\/\/agenciaseolocal.eu\/bedda\/#website"},"primaryImageOfPage":{"@id":"https:\/\/agenciaseolocal.eu\/bedda\/10-curiosidades-sobre-depilacion-laser-facial\/#primaryimage"},"image":{"@id":"https:\/\/agenciaseolocal.eu\/bedda\/10-curiosidades-sobre-depilacion-laser-facial\/#primaryimage"},"thumbnailUrl":"https:\/\/agenciaseolocal.eu\/bedda\/wp-content\/uploads\/2024\/04\/depilacion-laser-cara-paciente-zona-superior-labio.jpeg","datePublished":"2024-04-18T07:50:48+00:00","dateModified":"2025-01-15T12:57:53+00:00","description":"Entra ahora en el blog de Centros bedda y descubre 10 curiosidades sobre la depilaci\u00f3n l\u00e1ser facial. \u00a1Te las contamos!","breadcrumb":{"@id":"https:\/\/agenciaseolocal.eu\/bedda\/10-curiosidades-sobre-depilacion-laser-facial\/#breadcrumb"},"inLanguage":"es","potentialAction":[{"@type":"ReadAction","target":["https:\/\/agenciaseolocal.eu\/bedda\/10-curiosidades-sobre-depilacion-laser-facial\/"]}]},{"@type":"ImageObject","inLanguage":"es","@id":"https:\/\/agenciaseolocal.eu\/bedda\/10-curiosidades-sobre-depilacion-laser-facial\/#primaryimage","url":"https:\/\/agenciaseolocal.eu\/bedda\/wp-content\/uploads\/2024\/04\/depilacion-laser-cara-paciente-zona-superior-labio.jpeg","contentUrl":"https:\/\/agenciaseolocal.eu\/bedda\/wp-content\/uploads\/2024\/04\/depilacion-laser-cara-paciente-zona-superior-labio.jpeg","width":1700,"height":600,"caption":"depilaci\u00f3n laser cara-paciente zona superior labio"},{"@type":"BreadcrumbList","@id":"https:\/\/agenciaseolocal.eu\/bedda\/10-curiosidades-sobre-depilacion-laser-facial\/#breadcrumb","itemListElement":[{"@type":"ListItem","position":1,"name":"Portada","item":"https:\/\/agenciaseolocal.eu\/bedda\/"},{"@type":"ListItem","position":2,"name":"9 curiosidades sobre la depilaci\u00f3n l\u00e1ser facial"}]},{"@type":"WebSite","@id":"https:\/\/agenciaseolocal.eu\/bedda\/#website","url":"https:\/\/agenciaseolocal.eu\/bedda\/","name":"Centros bedda","description":"Centro de depilaci\u00f3n l\u00e1ser","publisher":{"@id":"https:\/\/agenciaseolocal.eu\/bedda\/#organization"},"potentialAction":[{"@type":"SearchAction","target":{"@type":"EntryPoint","urlTemplate":"https:\/\/agenciaseolocal.eu\/bedda\/?s={search_term_string}"},"query-input":{"@type":"PropertyValueSpecification","valueRequired":true,"valueName":"search_term_string"}}],"inLanguage":"es"},{"@type":"Organization","@id":"https:\/\/agenciaseolocal.eu\/bedda\/#organization","name":"Centros bedda","url":"https:\/\/agenciaseolocal.eu\/bedda\/","logo":{"@type":"ImageObject","inLanguage":"es","@id":"https:\/\/agenciaseolocal.eu\/bedda\/#\/schema\/logo\/image\/","url":"https:\/\/agenciaseolocal.eu\/bedda\/wp-content\/uploads\/2024\/04\/centros-bedda-depilacion-laser-logo.png","contentUrl":"https:\/\/agenciaseolocal.eu\/bedda\/wp-content\/uploads\/2024\/04\/centros-bedda-depilacion-laser-logo.png","width":220,"height":220,"caption":"Centros bedda"},"image":{"@id":"https:\/\/agenciaseolocal.eu\/bedda\/#\/schema\/logo\/image\/"},"sameAs":["https:\/\/www.facebook.com\/centrobedda","https:\/\/x.com\/centrosbedda","https:\/\/www.youtube.com\/channel\/UCV57tDnQcnHfTici1funk4g?app=desktop","https:\/\/www.instagram.com\/centrosbedda\/","https:\/\/www.linkedin.com\/company\/centros-bedda\/"]},{"@type":"Person","@id":"https:\/\/agenciaseolocal.eu\/bedda\/#\/schema\/person\/ca3010faf67f189fd2de8d61a763fc8b","name":"Centros bedda","image":{"@type":"ImageObject","inLanguage":"es","@id":"https:\/\/agenciaseolocal.eu\/bedda\/#\/schema\/person\/image\/","url":"https:\/\/secure.gravatar.com\/avatar\/ea1f00b0a249719594f6b50ee5d3214c2c192531d8f80f789208e2aa9605ac08?s=96&d=mm&r=g","contentUrl":"https:\/\/secure.gravatar.com\/avatar\/ea1f00b0a249719594f6b50ee5d3214c2c192531d8f80f789208e2aa9605ac08?s=96&d=mm&r=g","caption":"Centros bedda"},"url":"https:\/\/agenciaseolocal.eu\/bedda\/author\/mktpmp_gedfwb31y\/"}]}},"_links":{"self":[{"href":"https:\/\/agenciaseolocal.eu\/bedda\/wp-json\/wp\/v2\/posts\/987515533","targetHints":{"allow":["GET"]}}],"collection":[{"href":"https:\/\/agenciaseolocal.eu\/bedda\/wp-json\/wp\/v2\/posts"}],"about":[{"href":"https:\/\/agenciaseolocal.eu\/bedda\/wp-json\/wp\/v2\/types\/post"}],"author":[{"embeddable":true,"href":"https:\/\/agenciaseolocal.eu\/bedda\/wp-json\/wp\/v2\/users\/3"}],"replies":[{"embeddable":true,"href":"https:\/\/agenciaseolocal.eu\/bedda\/wp-json\/wp\/v2\/comments?post=987515533"}],"version-history":[{"count":2,"href":"https:\/\/agenciaseolocal.eu\/bedda\/wp-json\/wp\/v2\/posts\/987515533\/revisions"}],"predecessor-version":[{"id":987515737,"href":"https:\/\/agenciaseolocal.eu\/bedda\/wp-json\/wp\/v2\/posts\/987515533\/revisions\/987515737"}],"wp:featuredmedia":[{"embeddable":true,"href":"https:\/\/agenciaseolocal.eu\/bedda\/wp-json\/wp\/v2\/media\/987515552"}],"wp:attachment":[{"href":"https:\/\/agenciaseolocal.eu\/bedda\/wp-json\/wp\/v2\/media?parent=987515533"}],"wp:term":[{"taxonomy":"category","embeddable":true,"href":"https:\/\/agenciaseolocal.eu\/bedda\/wp-json\/wp\/v2\/categories?post=987515533"},{"taxonomy":"post_tag","embeddable":true,"href":"https:\/\/agenciaseolocal.eu\/bedda\/wp-json\/wp\/v2\/tags?post=987515533"}],"curies":[{"name":"wp","href":"https:\/\/api.w.org\/{rel}","templated":true}]}}