{"id":987515883,"date":"2024-06-03T10:44:22","date_gmt":"2024-06-03T08:44:22","guid":{"rendered":"https:\/\/centrosbedda.com\/?p=987515883"},"modified":"2025-01-15T14:32:09","modified_gmt":"2025-01-15T13:32:09","slug":"puedo-hacerme-depilacion-laser-diodo-verano","status":"publish","type":"post","link":"https:\/\/agenciaseolocal.eu\/bedda\/puedo-hacerme-depilacion-laser-diodo-verano\/","title":{"rendered":"\u00bfPuedo hacerme la depilaci\u00f3n l\u00e1ser de diodo en verano?"},"content":{"rendered":"\n<p>Si est\u00e1s pensando en deshacerte del vello no deseado mediante la depilaci\u00f3n l\u00e1ser de diodo, es posible que te preguntes si esta t\u00e9cnica es adecuada para ser realizada durante la temporada de verano. En este art\u00edculo, desde&nbsp;<a href=\"https:\/\/agenciaseolocal.eu\/bedda\/\">Centros bedda<\/a>&nbsp;te daremos toda la informaci\u00f3n que necesitas para tomar una decisi\u00f3n informada sobre si puedes o no someterte a este tratamiento durante los meses de calor.<\/p>\n\n\n\n<h2 class=\"wp-block-heading\">\u00bfEs seguro realizar la depilaci\u00f3n l\u00e1ser de diodo durante de verano?<\/h2>\n\n\n\n<p>La&nbsp;<strong>seguridad&nbsp;<\/strong>es una preocupaci\u00f3n clave cuando se trata de someterse a cualquier tipo de tratamiento est\u00e9tico. En el caso de la depilaci\u00f3n l\u00e1ser de diodo, es importante tener en cuenta ciertos factores durante el verano.<\/p>\n\n\n\n<p>Una de las principales consideraciones es el&nbsp;<strong>estado de tu piel<\/strong>. Durante esta \u00e9poca del a\u00f1o, nuestra piel est\u00e1 m\u00e1s expuesta al sol y es m\u00e1s propensa a quemaduras. Por esta raz\u00f3n, algunos expertos recomiendan evitar la exposici\u00f3n solar directa tres d\u00edas antes y tres d\u00edas despu\u00e9s de cada sesi\u00f3n de depilaci\u00f3n l\u00e1ser.<\/p>\n\n\n\n<p>Otro factor a tener en cuenta es el posible&nbsp;<strong>bronceado de la piel<\/strong>. El color oscuro de la piel, ya sea de forma natural o debido a la exposici\u00f3n al sol, puede interferir con la eficacia del l\u00e1ser. Es importante discutir este aspecto con el especialista antes de comenzar el tratamiento.<\/p>\n\n\n\n<p>Adem\u00e1s, es fundamental&nbsp;<strong>seguir las recomendaciones postratamiento<\/strong>&nbsp;para garantizar resultados \u00f3ptimos y prevenir posibles complicaciones. Durante el verano, se recomienda evitar la exposici\u00f3n directa al sol en las \u00e1reas tratadas durante los tres d\u00edas siguientes, utilizar protector solar de amplio espectro y mantener la piel bien hidratada para favorecer su recuperaci\u00f3n.<\/p>\n\n\n\n<p>Otro aspecto a considerar es la&nbsp;<strong>planificaci\u00f3n de las sesiones<\/strong>&nbsp;de depilaci\u00f3n l\u00e1ser durante el verano. Debido a la sensibilidad de la piel por la exposici\u00f3n solar, es aconsejable programar las sesiones con suficiente antelaci\u00f3n para permitir que la piel se recupere adecuadamente entre cada sesi\u00f3n.<\/p>\n\n\n\n<h2 class=\"wp-block-heading\">Qu\u00e9 saber antes de someterte a la depilaci\u00f3n con calor<\/h2>\n\n\n\n<p>Si est\u00e1s considerando someterte a la depilaci\u00f3n l\u00e1ser de diodo durante el verano, es importante&nbsp;<strong>informarse adecuadamente y tomar algunas precauciones<\/strong>.<\/p>\n\n\n\n<p>En primer lugar, debes&nbsp;<strong>programar una consulta con un profesional&nbsp;<\/strong>especializado para evaluar el estado de tu piel y determinar si es seguro realizar el tratamiento en esta temporada. Adem\u00e1s, es esencial&nbsp;<strong>seguir las indicaciones<\/strong>&nbsp;que te de el especialista antes y despu\u00e9s de cada sesi\u00f3n de depilaci\u00f3n l\u00e1ser.<\/p>\n\n\n\n<p>Recuerda que cada persona es \u00fanica, por lo que es fundamental contar con un&nbsp;<strong>enfoque personalizado<\/strong>. Adem\u00e1s, es importante tener en cuenta que se pueden requerir&nbsp;<strong>m\u00faltiples sesiones&nbsp;<\/strong>para obtener los resultados deseados, y es posible que debas planificarlas con anticipaci\u00f3n.<\/p>\n\n\n\n<p>La depilaci\u00f3n l\u00e1ser de diodo es uno de los m\u00e9todos m\u00e1s efectivos para eliminar el vello no deseado de forma duradera. Este tipo de tratamiento utiliza una luz l\u00e1ser que es absorbida por la melanina del vello, lo que provoca un da\u00f1o en el fol\u00edculo piloso y evita que el vello vuelva a crecer.<\/p>\n\n\n\n<h2 class=\"wp-block-heading\">Beneficios de la depilaci\u00f3n l\u00e1ser de diodo en verano<\/h2>\n\n\n\n<p>A pesar de las precauciones y consideraciones durante el verano, la depilaci\u00f3n l\u00e1ser de diodo sigue teniendo numerosos&nbsp;<strong>beneficios&nbsp;<\/strong>que podr\u00edan hacer que valga la pena realizar el tratamiento en esta temporada.<\/p>\n\n\n\n<ul class=\"wp-block-list\">\n<li><strong>Resultados duraderos<\/strong>: A diferencia de otros m\u00e9todos de depilaci\u00f3n, la depilaci\u00f3n l\u00e1ser de diodo puede ofrecer resultados a largo plazo, lo que significa que podr\u00edas disfrutar de una piel suave y libre de vello durante mucho tiempo.<\/li>\n\n\n\n<li><strong>Menor crecimiento del vello<\/strong>: Con cada sesi\u00f3n de depilaci\u00f3n l\u00e1ser, el crecimiento del vello tiende a disminuir gradualmente. Esto significa que, incluso si no alcanzas la eliminaci\u00f3n completa del vello durante el verano, es probable que experimentes una reducci\u00f3n significativa en su crecimiento.<\/li>\n\n\n\n<li><strong>Rapidez<\/strong>: La depilaci\u00f3n l\u00e1ser de diodo es un tratamiento r\u00e1pido. Puede ser una excelente opci\u00f3n si deseas disfrutar de tu verano sin tener que preocuparte por la depilaci\u00f3n constante.<\/li>\n<\/ul>\n\n\n\n<h2 class=\"wp-block-heading\">\u00bfC\u00f3mo afecta el bronceado a la eficacia y seguridad de la depilaci\u00f3n l\u00e1ser de diodo en verano?<\/h2>\n\n\n\n<p>El&nbsp;<strong>bronceado&nbsp;<\/strong>de la piel es un factor importante a considerar al realizar la depilaci\u00f3n l\u00e1ser de diodo durante el verano. Como mencionamos anteriormente, el color oscuro de la piel puede afectar la eficacia del l\u00e1ser.<\/p>\n\n\n\n<p>La melanina, pigmento responsable del color de nuestra piel y vello, absorbe parte de la energ\u00eda del l\u00e1ser. Por lo tanto, cuanto m\u00e1s oscuro sea el tono de la piel, mayor ser\u00e1 la cantidad de energ\u00eda absorbida y menor ser\u00e1 la eficacia del tratamiento.<\/p>\n\n\n\n<p>En este sentido,&nbsp;<strong>es fundamental seguir las recomendaciones del especialista&nbsp;<\/strong>y evitar la exposici\u00f3n solar directa tres d\u00edas antes y despu\u00e9s de cada sesi\u00f3n de depilaci\u00f3n l\u00e1ser de diodo. De esta manera, se minimiza el riesgo de quemaduras o resultados poco satisfactorios.<\/p>\n\n\n\n<h2 class=\"wp-block-heading\">Por qu\u00e9 elegir Centros bedda para la depilaci\u00f3n l\u00e1ser de diodo durante el verano<\/h2>\n\n\n\n<p>Si est\u00e1s considerando la depilaci\u00f3n l\u00e1ser de diodo durante el verano, es importante elegir un centro especializado y de confianza. En&nbsp;<strong>Centros bedda<\/strong>, contamos con&nbsp;<strong>profesionales&nbsp;<\/strong>altamente capacitados y&nbsp;<strong>equipamiento de \u00faltima generaci\u00f3n<\/strong>&nbsp;para ofrecerte un tratamiento seguro y eficaz.<\/p>\n\n\n\n<p><strong>Nos preocupamos por tu bienestar<\/strong>&nbsp;y nos aseguramos de adaptar cada sesi\u00f3n de depilaci\u00f3n l\u00e1ser a tus necesidades y caracter\u00edsticas individuales. Nuestro objetivo es darte los&nbsp;<strong>mejores resultados<\/strong>&nbsp;posibles, para que puedas disfrutar de una piel suave y libre de vello durante el verano y m\u00e1s all\u00e1.<\/p>\n\n\n\n<p>Recuerda que, ante cualquier duda o consulta, siempre puedes acudir a nuestro equipo de expertos, quienes estar\u00e1n encantados de darte la&nbsp;<strong>informaci\u00f3n y orientaci\u00f3n<\/strong>&nbsp;que necesitas para tomar la mejor decisi\u00f3n.<\/p>\n","protected":false},"excerpt":{"rendered":"<p>Si est\u00e1s pensando en deshacerte del vello no deseado mediante la depilaci\u00f3n l\u00e1ser de diodo, es posible que te preguntes si esta t\u00e9cnica es adecuada para ser realizada durante la temporada de verano. En este art\u00edculo, desde&nbsp;Centros bedda&nbsp;te daremos toda la informaci\u00f3n que necesitas para tomar una decisi\u00f3n informada sobre si puedes o no someterte [&hellip;]<\/p>\n","protected":false},"author":3,"featured_media":987515916,"comment_status":"open","ping_status":"closed","sticky":false,"template":"","format":"standard","meta":{"_et_pb_use_builder":"off","_et_pb_old_content":"","_et_gb_content_width":"","_joinchat":[],"footnotes":""},"categories":[51,65],"tags":[],"class_list":["post-987515883","post","type-post","status-publish","format-standard","has-post-thumbnail","hentry","category-blog","category-depilacion"],"yoast_head":"<!-- This site is optimized with the Yoast SEO plugin v25.9 - https:\/\/yoast.com\/wordpress\/plugins\/seo\/ -->\n<title>Depilaci\u00f3n l\u00e1ser de diodo en verano | Centros bedda<\/title>\n<meta name=\"description\" content=\"Entra ahora en el blog de Centros bedda y descubre si puedes hacerte la depilaci\u00f3n l\u00e1ser de diodo en verano. \u00a1Te lo contamos!\" \/>\n<meta name=\"robots\" content=\"noindex, follow, max-snippet:-1, max-image-preview:large, max-video-preview:-1\" \/>\n<meta property=\"og:locale\" content=\"es_ES\" \/>\n<meta property=\"og:type\" content=\"article\" \/>\n<meta property=\"og:title\" content=\"Depilaci\u00f3n l\u00e1ser de diodo en verano | Centros bedda\" \/>\n<meta property=\"og:description\" content=\"Entra ahora en el blog de Centros bedda y descubre si puedes hacerte la depilaci\u00f3n l\u00e1ser de diodo en verano. \u00a1Te lo contamos!\" \/>\n<meta property=\"og:url\" content=\"https:\/\/agenciaseolocal.eu\/bedda\/puedo-hacerme-depilacion-laser-diodo-verano\/\" \/>\n<meta property=\"og:site_name\" content=\"Centros bedda\" \/>\n<meta property=\"article:publisher\" content=\"https:\/\/www.facebook.com\/centrobedda\" \/>\n<meta property=\"article:published_time\" content=\"2024-06-03T08:44:22+00:00\" \/>\n<meta property=\"article:modified_time\" content=\"2025-01-15T13:32:09+00:00\" \/>\n<meta property=\"og:image\" content=\"https:\/\/agenciaseolocal.eu\/bedda\/wp-content\/uploads\/2024\/05\/mostrando-pistola-depilacion-laser-antes-proceso.jpg\" \/>\n\t<meta property=\"og:image:width\" content=\"1920\" \/>\n\t<meta property=\"og:image:height\" content=\"800\" \/>\n\t<meta property=\"og:image:type\" content=\"image\/jpeg\" \/>\n<meta name=\"author\" content=\"Centros bedda\" \/>\n<meta name=\"twitter:card\" content=\"summary_large_image\" \/>\n<meta name=\"twitter:creator\" content=\"@centrosbedda\" \/>\n<meta name=\"twitter:site\" content=\"@centrosbedda\" \/>\n<meta name=\"twitter:label1\" content=\"Escrito por\" \/>\n\t<meta name=\"twitter:data1\" content=\"Centros bedda\" \/>\n\t<meta name=\"twitter:label2\" content=\"Tiempo de lectura\" \/>\n\t<meta name=\"twitter:data2\" content=\"5 minutos\" \/>\n<!-- \/ Yoast SEO plugin. -->","yoast_head_json":{"title":"Depilaci\u00f3n l\u00e1ser de diodo en verano | Centros bedda","description":"Entra ahora en el blog de Centros bedda y descubre si puedes hacerte la depilaci\u00f3n l\u00e1ser de diodo en verano. \u00a1Te lo contamos!","robots":{"index":"noindex","follow":"follow","max-snippet":"max-snippet:-1","max-image-preview":"max-image-preview:large","max-video-preview":"max-video-preview:-1"},"og_locale":"es_ES","og_type":"article","og_title":"Depilaci\u00f3n l\u00e1ser de diodo en verano | Centros bedda","og_description":"Entra ahora en el blog de Centros bedda y descubre si puedes hacerte la depilaci\u00f3n l\u00e1ser de diodo en verano. \u00a1Te lo contamos!","og_url":"https:\/\/agenciaseolocal.eu\/bedda\/puedo-hacerme-depilacion-laser-diodo-verano\/","og_site_name":"Centros bedda","article_publisher":"https:\/\/www.facebook.com\/centrobedda","article_published_time":"2024-06-03T08:44:22+00:00","article_modified_time":"2025-01-15T13:32:09+00:00","og_image":[{"width":1920,"height":800,"url":"https:\/\/agenciaseolocal.eu\/bedda\/wp-content\/uploads\/2024\/05\/mostrando-pistola-depilacion-laser-antes-proceso.jpg","type":"image\/jpeg"}],"author":"Centros bedda","twitter_card":"summary_large_image","twitter_creator":"@centrosbedda","twitter_site":"@centrosbedda","twitter_misc":{"Escrito por":"Centros bedda","Tiempo de lectura":"5 minutos"},"schema":{"@context":"https:\/\/schema.org","@graph":[{"@type":"Article","@id":"https:\/\/agenciaseolocal.eu\/bedda\/puedo-hacerme-depilacion-laser-diodo-verano\/#article","isPartOf":{"@id":"https:\/\/agenciaseolocal.eu\/bedda\/puedo-hacerme-depilacion-laser-diodo-verano\/"},"author":{"name":"Centros bedda","@id":"https:\/\/agenciaseolocal.eu\/bedda\/#\/schema\/person\/ca3010faf67f189fd2de8d61a763fc8b"},"headline":"\u00bfPuedo hacerme la depilaci\u00f3n l\u00e1ser de diodo en verano?","datePublished":"2024-06-03T08:44:22+00:00","dateModified":"2025-01-15T13:32:09+00:00","mainEntityOfPage":{"@id":"https:\/\/agenciaseolocal.eu\/bedda\/puedo-hacerme-depilacion-laser-diodo-verano\/"},"wordCount":1060,"commentCount":0,"publisher":{"@id":"https:\/\/agenciaseolocal.eu\/bedda\/#organization"},"image":{"@id":"https:\/\/agenciaseolocal.eu\/bedda\/puedo-hacerme-depilacion-laser-diodo-verano\/#primaryimage"},"thumbnailUrl":"https:\/\/agenciaseolocal.eu\/bedda\/wp-content\/uploads\/2024\/05\/mostrando-pistola-depilacion-laser-antes-proceso.jpg","articleSection":["Blog","Depilaci\u00f3n"],"inLanguage":"es","potentialAction":[{"@type":"CommentAction","name":"Comment","target":["https:\/\/agenciaseolocal.eu\/bedda\/puedo-hacerme-depilacion-laser-diodo-verano\/#respond"]}]},{"@type":"WebPage","@id":"https:\/\/agenciaseolocal.eu\/bedda\/puedo-hacerme-depilacion-laser-diodo-verano\/","url":"https:\/\/agenciaseolocal.eu\/bedda\/puedo-hacerme-depilacion-laser-diodo-verano\/","name":"Depilaci\u00f3n l\u00e1ser de diodo en verano | Centros bedda","isPartOf":{"@id":"https:\/\/agenciaseolocal.eu\/bedda\/#website"},"primaryImageOfPage":{"@id":"https:\/\/agenciaseolocal.eu\/bedda\/puedo-hacerme-depilacion-laser-diodo-verano\/#primaryimage"},"image":{"@id":"https:\/\/agenciaseolocal.eu\/bedda\/puedo-hacerme-depilacion-laser-diodo-verano\/#primaryimage"},"thumbnailUrl":"https:\/\/agenciaseolocal.eu\/bedda\/wp-content\/uploads\/2024\/05\/mostrando-pistola-depilacion-laser-antes-proceso.jpg","datePublished":"2024-06-03T08:44:22+00:00","dateModified":"2025-01-15T13:32:09+00:00","description":"Entra ahora en el blog de Centros bedda y descubre si puedes hacerte la depilaci\u00f3n l\u00e1ser de diodo en verano. \u00a1Te lo contamos!","breadcrumb":{"@id":"https:\/\/agenciaseolocal.eu\/bedda\/puedo-hacerme-depilacion-laser-diodo-verano\/#breadcrumb"},"inLanguage":"es","potentialAction":[{"@type":"ReadAction","target":["https:\/\/agenciaseolocal.eu\/bedda\/puedo-hacerme-depilacion-laser-diodo-verano\/"]}]},{"@type":"ImageObject","inLanguage":"es","@id":"https:\/\/agenciaseolocal.eu\/bedda\/puedo-hacerme-depilacion-laser-diodo-verano\/#primaryimage","url":"https:\/\/agenciaseolocal.eu\/bedda\/wp-content\/uploads\/2024\/05\/mostrando-pistola-depilacion-laser-antes-proceso.jpg","contentUrl":"https:\/\/agenciaseolocal.eu\/bedda\/wp-content\/uploads\/2024\/05\/mostrando-pistola-depilacion-laser-antes-proceso.jpg","width":1920,"height":800,"caption":"mostrando pistola depilaci\u00f3n laser antes proceso"},{"@type":"BreadcrumbList","@id":"https:\/\/agenciaseolocal.eu\/bedda\/puedo-hacerme-depilacion-laser-diodo-verano\/#breadcrumb","itemListElement":[{"@type":"ListItem","position":1,"name":"Portada","item":"https:\/\/agenciaseolocal.eu\/bedda\/"},{"@type":"ListItem","position":2,"name":"\u00bfPuedo hacerme la depilaci\u00f3n l\u00e1ser de diodo en verano?"}]},{"@type":"WebSite","@id":"https:\/\/agenciaseolocal.eu\/bedda\/#website","url":"https:\/\/agenciaseolocal.eu\/bedda\/","name":"Centros bedda","description":"Centro de depilaci\u00f3n l\u00e1ser","publisher":{"@id":"https:\/\/agenciaseolocal.eu\/bedda\/#organization"},"potentialAction":[{"@type":"SearchAction","target":{"@type":"EntryPoint","urlTemplate":"https:\/\/agenciaseolocal.eu\/bedda\/?s={search_term_string}"},"query-input":{"@type":"PropertyValueSpecification","valueRequired":true,"valueName":"search_term_string"}}],"inLanguage":"es"},{"@type":"Organization","@id":"https:\/\/agenciaseolocal.eu\/bedda\/#organization","name":"Centros bedda","url":"https:\/\/agenciaseolocal.eu\/bedda\/","logo":{"@type":"ImageObject","inLanguage":"es","@id":"https:\/\/agenciaseolocal.eu\/bedda\/#\/schema\/logo\/image\/","url":"https:\/\/agenciaseolocal.eu\/bedda\/wp-content\/uploads\/2024\/04\/centros-bedda-depilacion-laser-logo.png","contentUrl":"https:\/\/agenciaseolocal.eu\/bedda\/wp-content\/uploads\/2024\/04\/centros-bedda-depilacion-laser-logo.png","width":220,"height":220,"caption":"Centros bedda"},"image":{"@id":"https:\/\/agenciaseolocal.eu\/bedda\/#\/schema\/logo\/image\/"},"sameAs":["https:\/\/www.facebook.com\/centrobedda","https:\/\/x.com\/centrosbedda","https:\/\/www.youtube.com\/channel\/UCV57tDnQcnHfTici1funk4g?app=desktop","https:\/\/www.instagram.com\/centrosbedda\/","https:\/\/www.linkedin.com\/company\/centros-bedda\/"]},{"@type":"Person","@id":"https:\/\/agenciaseolocal.eu\/bedda\/#\/schema\/person\/ca3010faf67f189fd2de8d61a763fc8b","name":"Centros bedda","image":{"@type":"ImageObject","inLanguage":"es","@id":"https:\/\/agenciaseolocal.eu\/bedda\/#\/schema\/person\/image\/","url":"https:\/\/secure.gravatar.com\/avatar\/ea1f00b0a249719594f6b50ee5d3214c2c192531d8f80f789208e2aa9605ac08?s=96&d=mm&r=g","contentUrl":"https:\/\/secure.gravatar.com\/avatar\/ea1f00b0a249719594f6b50ee5d3214c2c192531d8f80f789208e2aa9605ac08?s=96&d=mm&r=g","caption":"Centros bedda"},"url":"https:\/\/agenciaseolocal.eu\/bedda\/author\/mktpmp_gedfwb31y\/"}]}},"_links":{"self":[{"href":"https:\/\/agenciaseolocal.eu\/bedda\/wp-json\/wp\/v2\/posts\/987515883","targetHints":{"allow":["GET"]}}],"collection":[{"href":"https:\/\/agenciaseolocal.eu\/bedda\/wp-json\/wp\/v2\/posts"}],"about":[{"href":"https:\/\/agenciaseolocal.eu\/bedda\/wp-json\/wp\/v2\/types\/post"}],"author":[{"embeddable":true,"href":"https:\/\/agenciaseolocal.eu\/bedda\/wp-json\/wp\/v2\/users\/3"}],"replies":[{"embeddable":true,"href":"https:\/\/agenciaseolocal.eu\/bedda\/wp-json\/wp\/v2\/comments?post=987515883"}],"version-history":[{"count":2,"href":"https:\/\/agenciaseolocal.eu\/bedda\/wp-json\/wp\/v2\/posts\/987515883\/revisions"}],"predecessor-version":[{"id":987518290,"href":"https:\/\/agenciaseolocal.eu\/bedda\/wp-json\/wp\/v2\/posts\/987515883\/revisions\/987518290"}],"wp:featuredmedia":[{"embeddable":true,"href":"https:\/\/agenciaseolocal.eu\/bedda\/wp-json\/wp\/v2\/media\/987515916"}],"wp:attachment":[{"href":"https:\/\/agenciaseolocal.eu\/bedda\/wp-json\/wp\/v2\/media?parent=987515883"}],"wp:term":[{"taxonomy":"category","embeddable":true,"href":"https:\/\/agenciaseolocal.eu\/bedda\/wp-json\/wp\/v2\/categories?post=987515883"},{"taxonomy":"post_tag","embeddable":true,"href":"https:\/\/agenciaseolocal.eu\/bedda\/wp-json\/wp\/v2\/tags?post=987515883"}],"curies":[{"name":"wp","href":"https:\/\/api.w.org\/{rel}","templated":true}]}}