{"id":987515888,"date":"2024-06-10T10:20:43","date_gmt":"2024-06-10T08:20:43","guid":{"rendered":"https:\/\/centrosbedda.com\/?p=987515888"},"modified":"2025-01-15T14:32:32","modified_gmt":"2025-01-15T13:32:32","slug":"edad-comenzar-depilacion-laser","status":"publish","type":"post","link":"https:\/\/agenciaseolocal.eu\/bedda\/edad-comenzar-depilacion-laser\/","title":{"rendered":"\u00bfA qu\u00e9 edad se recomienda comenzar con la depilaci\u00f3n l\u00e1ser?"},"content":{"rendered":"\n<p>La depilaci\u00f3n l\u00e1ser se ha convertido en uno de los tratamientos m\u00e1s populares y efectivos para eliminar el vello no deseado de forma duradera. Sin embargo, surge la pregunta:&nbsp;<strong>\u00bfa qu\u00e9 edad se recomienda comenzar con este procedimiento?<\/strong>&nbsp;En este art\u00edculo de&nbsp;<a href=\"https:\/\/agenciaseolocal.eu\/bedda\/\">Centros bedda<\/a>, exploraremos los diferentes factores a considerar al decidir cu\u00e1ndo es el momento adecuado para iniciar la depilaci\u00f3n l\u00e1ser, as\u00ed como los beneficios y consideraciones en diferentes etapas de la vida.<\/p>\n\n\n\n<h2 class=\"wp-block-heading\">\u00bfCu\u00e1l es la edad ideal para comenzar con la depilaci\u00f3n l\u00e1ser?<\/h2>\n\n\n\n<p>La respuesta a esta pregunta&nbsp;<strong>no es tan simple como una cifra&nbsp;<\/strong>espec\u00edfica. La edad ideal para comenzar con la depilaci\u00f3n l\u00e1ser&nbsp;<strong>puede variar seg\u00fan cada individuo y sus necesidades<\/strong>.<\/p>\n\n\n\n<p>Sin embargo,&nbsp;<strong>generalmente se recomienda esperar hasta que el cuerpo haya terminado su desarrollo hormonal<\/strong>, lo cual ocurre m\u00e1s o menos al final de la adolescencia o inicios de la adultez.<\/p>\n\n\n\n<p>Aunque&nbsp;<strong>no existe una edad determinada<\/strong>, es importante tener en cuenta algunos factores cruciales antes de tomar una decisi\u00f3n.<\/p>\n\n\n\n<h2 class=\"wp-block-heading\">Factores al decidir cu\u00e1ndo empezar con la depilaci\u00f3n l\u00e1ser<\/h2>\n\n\n\n<p>Existen varios&nbsp;<strong>factores&nbsp;<\/strong>que deben tenerse en cuenta al decidir cu\u00e1ndo es el momento adecuado para comenzar con la depilaci\u00f3n l\u00e1ser. Uno de los principales factores es la&nbsp;<strong>madurez del vello y la piel<\/strong>.<\/p>\n\n\n\n<p>La depilaci\u00f3n l\u00e1serfunciona mejor en vellos oscuros y gruesos, por lo que&nbsp;<strong>esperar hasta que el vello se haya desarrollado completamente<\/strong>&nbsp;puede asegurar una mayor efectividad.<\/p>\n\n\n\n<p>Adem\u00e1s, es importante&nbsp;<strong>considerar la salud de la piel<\/strong>. La depilaci\u00f3n l\u00e1ser puede causar irritaci\u00f3n o enrojecimiento temporal, por lo que es esencial que la piel est\u00e9 en buen estado y libre de afecciones cut\u00e1neas.<\/p>\n\n\n\n<p><strong>Consultar con un especialista&nbsp;<\/strong>antes de iniciar el tratamiento puede ser beneficioso para evaluar la salud de la piel y determinar si es adecuado comenzar con la depilaci\u00f3n l\u00e1ser.<\/p>\n\n\n\n<p>Otro factor importante a considerar es la&nbsp;<strong>propia preferencia del individuo<\/strong>. Algunas personas pueden sentirse inc\u00f3modas con el vello no deseado desde temprana edad y desear iniciar la depilaci\u00f3n l\u00e1ser lo antes posible. En estos casos, es esencial que los padres o tutores est\u00e9n involucrados y sean conscientes de los riesgos y beneficios del procedimiento.<\/p>\n\n\n\n<h2 class=\"wp-block-heading\">\u00bfEs seguro realizar la depilaci\u00f3n l\u00e1ser en adolescentes?<\/h2>\n\n\n\n<p>El tema de realizar la&nbsp;<strong><a href=\"https:\/\/agenciaseolocal.eu\/bedda\/consejos-depilacion-laser-ninas-adolescentes\/\">depilaci\u00f3n l\u00e1ser en adolescentes<\/a><\/strong>&nbsp;es objeto de debate entre los profesionales de la salud. Si bien algunos sostienen que no hay problemas de seguridad, otros sugieren esperar hasta la edad adulta para realizar el tratamiento.<\/p>\n\n\n\n<p>La seguridad de la depilaci\u00f3n l\u00e1ser en adolescentes depende de varios factores, como la calificaci\u00f3n y experiencia del profesional, as\u00ed como la salud y madurez de la piel del individuo en cuesti\u00f3n.<\/p>\n\n\n\n<p>Es fundamental que los adolescentes y sus padres o tutores busquen un&nbsp;<strong>centro confiable y profesional&nbsp;<\/strong>para llevar a cabo el procedimiento. Es recomendable que los tratamientos sean realizados por personal capacitados y certificados en depilaci\u00f3n l\u00e1ser.<\/p>\n\n\n\n<p>Adem\u00e1s, es necesario comprender que la depilaci\u00f3n l\u00e1ser&nbsp;<strong>no es un procedimiento instant\u00e1neo<\/strong>&nbsp;y puede requerir m\u00faltiples sesiones. Por lo tanto, es importante tener en cuenta la dedicaci\u00f3n y compromiso requeridos, as\u00ed como los posibles efectos secundarios.<\/p>\n\n\n\n<p>En Centros bedda, nuestros profesionales evaluar\u00e1n cada caso concreto en funci\u00f3n de la edad y desarrollo hormonal ya que puede realizarte antes de la mayor\u00eda de edad dependiendo de varios factores.<\/p>\n\n\n\n<h2 class=\"wp-block-heading\">Beneficios y consideraciones de la depilaci\u00f3n l\u00e1ser en diferentes etapas de la vida<\/h2>\n\n\n\n<p>La depilaci\u00f3n l\u00e1ser ofrece una serie de beneficios en diferentes etapas de la vida. Durante la adolescencia,&nbsp;<strong>puede ayudar a mejorar la confianza y autoestima<\/strong>&nbsp;de los j\u00f3venes al eliminar el vello no deseado. En la adultez, puede proporcionar una&nbsp;<strong>soluci\u00f3n duradera y conveniente para la reducci\u00f3n del vello<\/strong>, evitando as\u00ed los m\u00e9todos de depilaci\u00f3n m\u00e1s temporales.<\/p>\n\n\n\n<p>Sin embargo, es importante tener en cuenta que&nbsp;<strong>los efectos de la depilaci\u00f3n l\u00e1ser pueden variar seg\u00fan la edad<\/strong>. En general, se ha observado que<strong>&nbsp;la depilaci\u00f3n l\u00e1ser es m\u00e1s efectiva en personas con vellos oscuros y piel clara<\/strong>, debido a que el l\u00e1ser se dirige al pigmento del vello. Aquellos con vellos m\u00e1s claros o canas pueden no obtener los mismos resultados que aquellos con vellos m\u00e1s oscuros.<\/p>\n\n\n\n<p>Aunque los efectos secundarios son generalmente temporales y leves, como enrojecimiento o irritaci\u00f3n de la piel, es esencial seguir las recomendaciones y cuidados post-tratamiento para minimizar cualquier molestia o complicaci\u00f3n.<\/p>\n\n\n\n<h2 class=\"wp-block-heading\">\u00bfCu\u00e1ndo es m\u00e1s efectiva la depilaci\u00f3n l\u00e1ser seg\u00fan la edad?<\/h2>\n\n\n\n<p>La&nbsp;<strong>efectividad&nbsp;<\/strong>de la depilaci\u00f3n l\u00e1ser puede variar seg\u00fan la edad debido a los diferentes ciclos de crecimiento del vello y cambios hormonales que ocurren a lo largo de la vida.<\/p>\n\n\n\n<p>En general, se ha observado que la depilaci\u00f3n l\u00e1ser es m\u00e1s efectiva en personas j\u00f3venes, ya que suelen tener vellos m\u00e1s gruesos y oscuros.<\/p>\n\n\n\n<p>Sin embargo, esto no significa que la depilaci\u00f3n l\u00e1ser no sea efectiva en personas de mayor edad. Aunque el vello puede volverse m\u00e1s delgado y claro con el envejecimiento, la depilaci\u00f3n l\u00e1ser sigue siendo una opci\u00f3n viable para la reducci\u00f3n duradera del vello.<\/p>\n\n\n\n<p>Es importante tener en cuenta que la depilaci\u00f3n l\u00e1ser es un proceso gradual y que pueden requerirse m\u00faltiples sesiones para lograr resultados \u00f3ptimos. Esto es v\u00e1lido para personas de cualquier edad y es esencial seguir las recomendaciones del profesional para obtener los mejores resultados.<\/p>\n\n\n\n<h2 class=\"wp-block-heading\">Por qu\u00e9 comenzar a depilarte con l\u00e1ser en Centros bedda<\/h2>\n\n\n\n<p>Si est\u00e1s considerando comenzar con la depilaci\u00f3n l\u00e1ser,&nbsp;<strong>Centros bedda&nbsp;<\/strong>es una excelente opci\u00f3n para llevar a cabo el tratamiento. En Centros bedda, contamos con&nbsp;<strong>personal altamente capacitado y a\u00f1os de experiencia&nbsp;<\/strong>en el campo de la est\u00e9tica y depilaci\u00f3n l\u00e1ser.<\/p>\n\n\n\n<p>Nuestros profesionales te har\u00e1n una&nbsp;<strong>evaluaci\u00f3n personalizada<\/strong>&nbsp;para determinar cu\u00e1l es el momento adecuado para comenzar con la depilaci\u00f3n l\u00e1ser seg\u00fan tus necesidades y caracter\u00edsticas individuales.<\/p>\n\n\n\n<p>Adem\u00e1s, utilizamos&nbsp;<strong>tecnolog\u00eda l\u00e1ser de \u00faltima generaci\u00f3n<\/strong>&nbsp;que ofrece resultados efectivos y duraderos.<\/p>\n\n\n\n<p>En Centros bedda,&nbsp;<strong>nos preocupamos por tu seguridad y bienestar<\/strong>. Cumplimos con los m\u00e1s altos est\u00e1ndares de higiene y esterilizaci\u00f3n, ofreci\u00e9ndote un&nbsp;<strong>ambiente seguro y c\u00f3modo<\/strong>&nbsp;durante todo el proceso de depilaci\u00f3n l\u00e1ser.<\/p>\n\n\n\n<p>No esperes m\u00e1s para deshacerte del vello no deseado de forma duradera. \u00a1Visita Centros bedda y comienza tu camino hacia una piel suave y libre de vello!<\/p>\n","protected":false},"excerpt":{"rendered":"<p>La depilaci\u00f3n l\u00e1ser se ha convertido en uno de los tratamientos m\u00e1s populares y efectivos para eliminar el vello no deseado de forma duradera. Sin embargo, surge la pregunta:&nbsp;\u00bfa qu\u00e9 edad se recomienda comenzar con este procedimiento?&nbsp;En este art\u00edculo de&nbsp;Centros bedda, exploraremos los diferentes factores a considerar al decidir cu\u00e1ndo es el momento adecuado para [&hellip;]<\/p>\n","protected":false},"author":3,"featured_media":987515922,"comment_status":"open","ping_status":"closed","sticky":false,"template":"","format":"standard","meta":{"_et_pb_use_builder":"off","_et_pb_old_content":"","_et_gb_content_width":"","_joinchat":[],"footnotes":""},"categories":[51,65],"tags":[],"class_list":["post-987515888","post","type-post","status-publish","format-standard","has-post-thumbnail","hentry","category-blog","category-depilacion"],"yoast_head":"<!-- This site is optimized with the Yoast SEO plugin v25.9 - https:\/\/yoast.com\/wordpress\/plugins\/seo\/ -->\n<title>\u00bfA qu\u00e9 edad comenzar con la depilaci\u00f3n l\u00e1ser? | bedda<\/title>\n<meta name=\"description\" content=\"Entra ahora en el blog de Centros bedda y descubre a qu\u00e9 edad se recomienda comenzar con la depilaci\u00f3n l\u00e1ser. \u00a1Te lo contamos!\" \/>\n<meta name=\"robots\" content=\"noindex, follow, max-snippet:-1, max-image-preview:large, max-video-preview:-1\" \/>\n<meta property=\"og:locale\" content=\"es_ES\" \/>\n<meta property=\"og:type\" content=\"article\" \/>\n<meta property=\"og:title\" content=\"\u00bfA qu\u00e9 edad comenzar con la depilaci\u00f3n l\u00e1ser? | bedda\" \/>\n<meta property=\"og:description\" content=\"Entra ahora en el blog de Centros bedda y descubre a qu\u00e9 edad se recomienda comenzar con la depilaci\u00f3n l\u00e1ser. \u00a1Te lo contamos!\" \/>\n<meta property=\"og:url\" content=\"https:\/\/agenciaseolocal.eu\/bedda\/edad-comenzar-depilacion-laser\/\" \/>\n<meta property=\"og:site_name\" content=\"Centros bedda\" \/>\n<meta property=\"article:publisher\" content=\"https:\/\/www.facebook.com\/centrobedda\" \/>\n<meta property=\"article:published_time\" content=\"2024-06-10T08:20:43+00:00\" \/>\n<meta property=\"article:modified_time\" content=\"2025-01-15T13:32:32+00:00\" \/>\n<meta property=\"og:image\" content=\"https:\/\/agenciaseolocal.eu\/bedda\/wp-content\/uploads\/2024\/05\/piernas-suaves-depiladas-tras-depilacion-laser.jpg\" \/>\n\t<meta property=\"og:image:width\" content=\"2560\" \/>\n\t<meta property=\"og:image:height\" content=\"1280\" \/>\n\t<meta property=\"og:image:type\" content=\"image\/jpeg\" \/>\n<meta name=\"author\" content=\"Centros bedda\" \/>\n<meta name=\"twitter:card\" content=\"summary_large_image\" \/>\n<meta name=\"twitter:creator\" content=\"@centrosbedda\" \/>\n<meta name=\"twitter:site\" content=\"@centrosbedda\" \/>\n<meta name=\"twitter:label1\" content=\"Escrito por\" \/>\n\t<meta name=\"twitter:data1\" content=\"Centros bedda\" \/>\n\t<meta name=\"twitter:label2\" content=\"Tiempo de lectura\" \/>\n\t<meta name=\"twitter:data2\" content=\"5 minutos\" \/>\n<!-- \/ Yoast SEO plugin. -->","yoast_head_json":{"title":"\u00bfA qu\u00e9 edad comenzar con la depilaci\u00f3n l\u00e1ser? | bedda","description":"Entra ahora en el blog de Centros bedda y descubre a qu\u00e9 edad se recomienda comenzar con la depilaci\u00f3n l\u00e1ser. \u00a1Te lo contamos!","robots":{"index":"noindex","follow":"follow","max-snippet":"max-snippet:-1","max-image-preview":"max-image-preview:large","max-video-preview":"max-video-preview:-1"},"og_locale":"es_ES","og_type":"article","og_title":"\u00bfA qu\u00e9 edad comenzar con la depilaci\u00f3n l\u00e1ser? | bedda","og_description":"Entra ahora en el blog de Centros bedda y descubre a qu\u00e9 edad se recomienda comenzar con la depilaci\u00f3n l\u00e1ser. \u00a1Te lo contamos!","og_url":"https:\/\/agenciaseolocal.eu\/bedda\/edad-comenzar-depilacion-laser\/","og_site_name":"Centros bedda","article_publisher":"https:\/\/www.facebook.com\/centrobedda","article_published_time":"2024-06-10T08:20:43+00:00","article_modified_time":"2025-01-15T13:32:32+00:00","og_image":[{"width":2560,"height":1280,"url":"https:\/\/agenciaseolocal.eu\/bedda\/wp-content\/uploads\/2024\/05\/piernas-suaves-depiladas-tras-depilacion-laser.jpg","type":"image\/jpeg"}],"author":"Centros bedda","twitter_card":"summary_large_image","twitter_creator":"@centrosbedda","twitter_site":"@centrosbedda","twitter_misc":{"Escrito por":"Centros bedda","Tiempo de lectura":"5 minutos"},"schema":{"@context":"https:\/\/schema.org","@graph":[{"@type":"Article","@id":"https:\/\/agenciaseolocal.eu\/bedda\/edad-comenzar-depilacion-laser\/#article","isPartOf":{"@id":"https:\/\/agenciaseolocal.eu\/bedda\/edad-comenzar-depilacion-laser\/"},"author":{"name":"Centros bedda","@id":"https:\/\/agenciaseolocal.eu\/bedda\/#\/schema\/person\/ca3010faf67f189fd2de8d61a763fc8b"},"headline":"\u00bfA qu\u00e9 edad se recomienda comenzar con la depilaci\u00f3n l\u00e1ser?","datePublished":"2024-06-10T08:20:43+00:00","dateModified":"2025-01-15T13:32:32+00:00","mainEntityOfPage":{"@id":"https:\/\/agenciaseolocal.eu\/bedda\/edad-comenzar-depilacion-laser\/"},"wordCount":1188,"commentCount":0,"publisher":{"@id":"https:\/\/agenciaseolocal.eu\/bedda\/#organization"},"image":{"@id":"https:\/\/agenciaseolocal.eu\/bedda\/edad-comenzar-depilacion-laser\/#primaryimage"},"thumbnailUrl":"https:\/\/agenciaseolocal.eu\/bedda\/wp-content\/uploads\/2024\/05\/piernas-suaves-depiladas-tras-depilacion-laser.jpg","articleSection":["Blog","Depilaci\u00f3n"],"inLanguage":"es","potentialAction":[{"@type":"CommentAction","name":"Comment","target":["https:\/\/agenciaseolocal.eu\/bedda\/edad-comenzar-depilacion-laser\/#respond"]}]},{"@type":"WebPage","@id":"https:\/\/agenciaseolocal.eu\/bedda\/edad-comenzar-depilacion-laser\/","url":"https:\/\/agenciaseolocal.eu\/bedda\/edad-comenzar-depilacion-laser\/","name":"\u00bfA qu\u00e9 edad comenzar con la depilaci\u00f3n l\u00e1ser? | bedda","isPartOf":{"@id":"https:\/\/agenciaseolocal.eu\/bedda\/#website"},"primaryImageOfPage":{"@id":"https:\/\/agenciaseolocal.eu\/bedda\/edad-comenzar-depilacion-laser\/#primaryimage"},"image":{"@id":"https:\/\/agenciaseolocal.eu\/bedda\/edad-comenzar-depilacion-laser\/#primaryimage"},"thumbnailUrl":"https:\/\/agenciaseolocal.eu\/bedda\/wp-content\/uploads\/2024\/05\/piernas-suaves-depiladas-tras-depilacion-laser.jpg","datePublished":"2024-06-10T08:20:43+00:00","dateModified":"2025-01-15T13:32:32+00:00","description":"Entra ahora en el blog de Centros bedda y descubre a qu\u00e9 edad se recomienda comenzar con la depilaci\u00f3n l\u00e1ser. \u00a1Te lo contamos!","breadcrumb":{"@id":"https:\/\/agenciaseolocal.eu\/bedda\/edad-comenzar-depilacion-laser\/#breadcrumb"},"inLanguage":"es","potentialAction":[{"@type":"ReadAction","target":["https:\/\/agenciaseolocal.eu\/bedda\/edad-comenzar-depilacion-laser\/"]}]},{"@type":"ImageObject","inLanguage":"es","@id":"https:\/\/agenciaseolocal.eu\/bedda\/edad-comenzar-depilacion-laser\/#primaryimage","url":"https:\/\/agenciaseolocal.eu\/bedda\/wp-content\/uploads\/2024\/05\/piernas-suaves-depiladas-tras-depilacion-laser.jpg","contentUrl":"https:\/\/agenciaseolocal.eu\/bedda\/wp-content\/uploads\/2024\/05\/piernas-suaves-depiladas-tras-depilacion-laser.jpg","width":2560,"height":1280,"caption":"piernas suaves depiladas tras depilaci\u00f3n laser"},{"@type":"BreadcrumbList","@id":"https:\/\/agenciaseolocal.eu\/bedda\/edad-comenzar-depilacion-laser\/#breadcrumb","itemListElement":[{"@type":"ListItem","position":1,"name":"Portada","item":"https:\/\/agenciaseolocal.eu\/bedda\/"},{"@type":"ListItem","position":2,"name":"\u00bfA qu\u00e9 edad se recomienda comenzar con la depilaci\u00f3n l\u00e1ser?"}]},{"@type":"WebSite","@id":"https:\/\/agenciaseolocal.eu\/bedda\/#website","url":"https:\/\/agenciaseolocal.eu\/bedda\/","name":"Centros bedda","description":"Centro de depilaci\u00f3n l\u00e1ser","publisher":{"@id":"https:\/\/agenciaseolocal.eu\/bedda\/#organization"},"potentialAction":[{"@type":"SearchAction","target":{"@type":"EntryPoint","urlTemplate":"https:\/\/agenciaseolocal.eu\/bedda\/?s={search_term_string}"},"query-input":{"@type":"PropertyValueSpecification","valueRequired":true,"valueName":"search_term_string"}}],"inLanguage":"es"},{"@type":"Organization","@id":"https:\/\/agenciaseolocal.eu\/bedda\/#organization","name":"Centros bedda","url":"https:\/\/agenciaseolocal.eu\/bedda\/","logo":{"@type":"ImageObject","inLanguage":"es","@id":"https:\/\/agenciaseolocal.eu\/bedda\/#\/schema\/logo\/image\/","url":"https:\/\/agenciaseolocal.eu\/bedda\/wp-content\/uploads\/2024\/04\/centros-bedda-depilacion-laser-logo.png","contentUrl":"https:\/\/agenciaseolocal.eu\/bedda\/wp-content\/uploads\/2024\/04\/centros-bedda-depilacion-laser-logo.png","width":220,"height":220,"caption":"Centros bedda"},"image":{"@id":"https:\/\/agenciaseolocal.eu\/bedda\/#\/schema\/logo\/image\/"},"sameAs":["https:\/\/www.facebook.com\/centrobedda","https:\/\/x.com\/centrosbedda","https:\/\/www.youtube.com\/channel\/UCV57tDnQcnHfTici1funk4g?app=desktop","https:\/\/www.instagram.com\/centrosbedda\/","https:\/\/www.linkedin.com\/company\/centros-bedda\/"]},{"@type":"Person","@id":"https:\/\/agenciaseolocal.eu\/bedda\/#\/schema\/person\/ca3010faf67f189fd2de8d61a763fc8b","name":"Centros bedda","image":{"@type":"ImageObject","inLanguage":"es","@id":"https:\/\/agenciaseolocal.eu\/bedda\/#\/schema\/person\/image\/","url":"https:\/\/secure.gravatar.com\/avatar\/ea1f00b0a249719594f6b50ee5d3214c2c192531d8f80f789208e2aa9605ac08?s=96&d=mm&r=g","contentUrl":"https:\/\/secure.gravatar.com\/avatar\/ea1f00b0a249719594f6b50ee5d3214c2c192531d8f80f789208e2aa9605ac08?s=96&d=mm&r=g","caption":"Centros bedda"},"url":"https:\/\/agenciaseolocal.eu\/bedda\/author\/mktpmp_gedfwb31y\/"}]}},"_links":{"self":[{"href":"https:\/\/agenciaseolocal.eu\/bedda\/wp-json\/wp\/v2\/posts\/987515888","targetHints":{"allow":["GET"]}}],"collection":[{"href":"https:\/\/agenciaseolocal.eu\/bedda\/wp-json\/wp\/v2\/posts"}],"about":[{"href":"https:\/\/agenciaseolocal.eu\/bedda\/wp-json\/wp\/v2\/types\/post"}],"author":[{"embeddable":true,"href":"https:\/\/agenciaseolocal.eu\/bedda\/wp-json\/wp\/v2\/users\/3"}],"replies":[{"embeddable":true,"href":"https:\/\/agenciaseolocal.eu\/bedda\/wp-json\/wp\/v2\/comments?post=987515888"}],"version-history":[{"count":3,"href":"https:\/\/agenciaseolocal.eu\/bedda\/wp-json\/wp\/v2\/posts\/987515888\/revisions"}],"predecessor-version":[{"id":987518291,"href":"https:\/\/agenciaseolocal.eu\/bedda\/wp-json\/wp\/v2\/posts\/987515888\/revisions\/987518291"}],"wp:featuredmedia":[{"embeddable":true,"href":"https:\/\/agenciaseolocal.eu\/bedda\/wp-json\/wp\/v2\/media\/987515922"}],"wp:attachment":[{"href":"https:\/\/agenciaseolocal.eu\/bedda\/wp-json\/wp\/v2\/media?parent=987515888"}],"wp:term":[{"taxonomy":"category","embeddable":true,"href":"https:\/\/agenciaseolocal.eu\/bedda\/wp-json\/wp\/v2\/categories?post=987515888"},{"taxonomy":"post_tag","embeddable":true,"href":"https:\/\/agenciaseolocal.eu\/bedda\/wp-json\/wp\/v2\/tags?post=987515888"}],"curies":[{"name":"wp","href":"https:\/\/api.w.org\/{rel}","templated":true}]}}