{"id":987515925,"date":"2024-06-12T10:23:00","date_gmt":"2024-06-12T08:23:00","guid":{"rendered":"https:\/\/centrosbedda.com\/?p=987515925"},"modified":"2024-06-03T11:02:49","modified_gmt":"2024-06-03T09:02:49","slug":"fases-depilacion-laser","status":"publish","type":"post","link":"https:\/\/agenciaseolocal.eu\/bedda\/fases-depilacion-laser\/","title":{"rendered":"Fases de la depilaci\u00f3n l\u00e1ser"},"content":{"rendered":"\n<p>La&nbsp;<a href=\"https:\/\/agenciaseolocal.eu\/bedda\/\">depilaci\u00f3n l\u00e1ser<\/a>&nbsp;es uno de los m\u00e9todos m\u00e1s efectivos para deshacerse del vello no deseado de forma duradera. Aunque puede parecer un proceso sencillo, la depilaci\u00f3n l\u00e1ser&nbsp;<strong>consta de varias fases importantes que debes conocer<\/strong>. En este art\u00edculo, te explicaremos detalladamente cada una de estas fases para que puedas comprender mejor el procedimiento y tomar decisiones informadas. \u00a1Comencemos!<\/p>\n\n\n\n<h2 class=\"wp-block-heading\">\u00bfCu\u00e1les son las fases de la depilaci\u00f3n l\u00e1ser?<\/h2>\n\n\n\n<h3 class=\"wp-block-heading\">Fase de consulta inicial: Lo que debes esperar en tu primera visita al centro de depilaci\u00f3n l\u00e1ser<\/h3>\n\n\n\n<p>Antes de someterte a un tratamiento de depilaci\u00f3n l\u00e1ser,&nbsp;<strong>es fundamental que te re\u00fanas con un especialista en un centro especializado<\/strong>. Durante esta&nbsp;<strong>consulta inicial<\/strong>, el profesional evaluar\u00e1 tu tipo de piel, color de vello y \u00e1reas que deseas tratar. Tambi\u00e9n aprovechar\u00e1 para explicarte en detalle c\u00f3mo funciona el tratamiento y responder a todas tus preguntas. Esta fase es crucial para establecer expectativas realistas y asegurarte de que la depilaci\u00f3n l\u00e1ser es adecuada para ti.<\/p>\n\n\n\n<p>Recuerda que cada persona es \u00fanica y el resultado de la depilaci\u00f3n l\u00e1ser puede variar. Por eso, es importante comunicarle a tu especialista cualquier condici\u00f3n m\u00e9dica, tratamiento o medicamento que est\u00e9s tomando actualmente. Esto ayudar\u00e1 a evitar posibles complicaciones y asegurar la eficacia del tratamiento.<\/p>\n\n\n\n<h3 class=\"wp-block-heading\">Preparaci\u00f3n antes del tratamiento<\/h3>\n\n\n\n<p>Una vez que hayas acordado someterte a la depilaci\u00f3n l\u00e1ser,&nbsp;<strong>deber\u00e1s seguir algunas pautas de preparaci\u00f3n&nbsp;<\/strong>para garantizar mejores resultados. Es posible que te soliciten evitar la exposici\u00f3n al sol, la depilaci\u00f3n con cera u otros m\u00e9todos que arranquen el vello de ra\u00edz antes del tratamiento. Adem\u00e1s, es esencial rasurar la zona a tratar antes de la sesi\u00f3n de l\u00e1ser, ya que el vello visible en la superficie podr\u00eda absorber la energ\u00eda del l\u00e1ser y reducir su efectividad.<\/p>\n\n\n\n<p>Recuerda que el l\u00e1ser se dirige a la melanina, el pigmento responsable del color del vello. Por lo tanto, el vello m\u00e1s oscuro tiende a responder mejor al tratamiento, mientras que el vello muy claro o blanco puede no ser tan receptivo.<\/p>\n\n\n\n<h3 class=\"wp-block-heading\">Fase de tratamiento: Descripci\u00f3n detallada del procedimiento de depilaci\u00f3n l\u00e1ser<\/h3>\n\n\n\n<p>\u00a1Lleg\u00f3 el momento del&nbsp;<strong>tratamiento<\/strong>! Durante esta fase, te encontrar\u00e1s en una sala especializada donde te sentir\u00e1s c\u00f3moda y relajada. El especialista te guiar\u00e1 a trav\u00e9s del proceso paso a paso, asegur\u00e1ndose de que est\u00e9s preparada y tranquila antes de comenzar.<\/p>\n\n\n\n<p>El l\u00e1ser emitir\u00e1 pulsos de energ\u00eda enfocados en los fol\u00edculos pilosos. Estos pulsos da\u00f1ar\u00e1n los fol\u00edculos para inhibir el crecimiento futuro del vello.<\/p>\n\n\n\n<p>Es importante destacar que la depilaci\u00f3n l\u00e1ser se realiza en<strong>&nbsp;varias sesiones&nbsp;<\/strong>para asegurar la eliminaci\u00f3n efectiva del vello. Esto se debe a que el vello crece en diferentes etapas y el l\u00e1ser es m\u00e1s efectivo en la fase de crecimiento activo. El n\u00famero exacto de sesiones depender\u00e1 de varios factores, incluyendo el \u00e1rea que se est\u00e1 tratando y tu tipo de vello.<\/p>\n\n\n\n<h3 class=\"wp-block-heading\">Cuidados posteriores<\/h3>\n\n\n\n<p>Despu\u00e9s de cada sesi\u00f3n de depilaci\u00f3n l\u00e1ser, es importante&nbsp;<strong>seguir los cuidados posteriores recomendados<\/strong>&nbsp;por tu especialista para maximizar los resultados y minimizar cualquier molestia o riesgo de complicaciones. Estos cuidados pueden incluir la aplicaci\u00f3n de cremas calmantes o evitar la exposici\u00f3n al sol.<\/p>\n\n\n\n<p>Recuerda que los&nbsp;<strong>resultados&nbsp;<\/strong>de la depilaci\u00f3n l\u00e1ser&nbsp;<strong>no son inmediatos<\/strong>. El vello tratado comenzar\u00e1 a caerse gradualmente en las pr\u00f3ximas semanas despu\u00e9s de cada sesi\u00f3n y podr\u00edas notar un crecimiento m\u00e1s lento y m\u00e1s fino en las \u00e1reas tratadas. Nuevamente, esto variar\u00e1 de persona a persona, pero es importante ser paciente y seguir con el tratamiento hasta finalizar todas las sesiones recomendadas.<\/p>\n\n\n\n<h3 class=\"wp-block-heading\">\u00bfCon qu\u00e9 frecuencia necesitas programar tus citas de depilaci\u00f3n l\u00e1ser?<\/h3>\n\n\n\n<p>La\u00a0<strong>frecuencia\u00a0<\/strong>con la que debes programar tus citas de depilaci\u00f3n l\u00e1ser depender\u00e1 de varios factores, incluyendo el \u00e1rea que deseas tratar y tu tipo de vello. En general, las sesiones se suelen espaciar entre 6 y 10 semanas. Esto se debe a que el vello crece en ciclos y es necesario permitir que los fol\u00edculos entren en la fase de crecimiento activo para que el l\u00e1ser sea m\u00e1s efectivo.<\/p>\n\n\n\n<p>Es importante tener en cuenta que el tratamiento de cada \u00e1rea requerir\u00e1 un n\u00famero diferente de sesiones. Algunas \u00e1reas pueden requerir solo unas pocas sesiones, mientras que otras pueden necesitar m\u00e1s para lograr los resultados deseados. Tu especialista te guiar\u00e1 y elaborar\u00e1 un plan de tratamiento personalizado basado en tus necesidades y expectativas.<\/p>\n\n\n\n<h3 class=\"wp-block-heading\">Evaluaci\u00f3n de los resultados: C\u00f3mo determinar si la depilaci\u00f3n l\u00e1ser est\u00e1 siendo efectiva para ti<\/h3>\n\n\n\n<p>Despu\u00e9s de completar tu tratamiento inicial, es crucial&nbsp;<strong>evaluar los resultados<\/strong>&nbsp;de la depilaci\u00f3n l\u00e1ser. En este punto, podr\u00e1s observar una reducci\u00f3n significativa del crecimiento del vello en las \u00e1reas tratadas. Sin embargo, es importante tener en cuenta que la depilaci\u00f3n l\u00e1ser no puede garantizar una eliminaci\u00f3n completa del vello en todas las personas. Algunos individuos pueden experimentar una disminuci\u00f3n del vello, mientras que otros pueden notar una reducci\u00f3n completa.<\/p>\n\n\n\n<p>La evaluaci\u00f3n de los resultados tambi\u00e9n puede ayudarte a&nbsp;<strong>determinar si necesitar\u00e1s sesiones adicionales<\/strong>&nbsp;despu\u00e9s de completar tu tratamiento inicial. En algunos casos, puede ser necesario realizar sesiones de mantenimiento peri\u00f3dicas para mantener los resultados deseados a largo plazo.<\/p>\n","protected":false},"excerpt":{"rendered":"<p>La&nbsp;depilaci\u00f3n l\u00e1ser&nbsp;es uno de los m\u00e9todos m\u00e1s efectivos para deshacerse del vello no deseado de forma duradera. Aunque puede parecer un proceso sencillo, la depilaci\u00f3n l\u00e1ser&nbsp;consta de varias fases importantes que debes conocer. En este art\u00edculo, te explicaremos detalladamente cada una de estas fases para que puedas comprender mejor el procedimiento y tomar decisiones informadas. [&hellip;]<\/p>\n","protected":false},"author":3,"featured_media":987515507,"comment_status":"open","ping_status":"closed","sticky":false,"template":"","format":"standard","meta":{"_et_pb_use_builder":"off","_et_pb_old_content":"","_et_gb_content_width":"","_joinchat":[],"footnotes":""},"categories":[51,65],"tags":[],"class_list":["post-987515925","post","type-post","status-publish","format-standard","has-post-thumbnail","hentry","category-blog","category-depilacion"],"yoast_head":"<!-- This site is optimized with the Yoast SEO plugin v25.9 - https:\/\/yoast.com\/wordpress\/plugins\/seo\/ -->\n<title>Fases de la depilaci\u00f3n l\u00e1ser | Centros bedda<\/title>\n<meta name=\"description\" content=\"Entra ahora en el blog de Centros bedda y descubre todas las fases de la depilaci\u00f3n l\u00e1ser con nuestra completa gu\u00eda. \u00a1Te las contamos!\" \/>\n<meta name=\"robots\" content=\"noindex, follow, max-snippet:-1, max-image-preview:large, max-video-preview:-1\" \/>\n<meta property=\"og:locale\" content=\"es_ES\" \/>\n<meta property=\"og:type\" content=\"article\" \/>\n<meta property=\"og:title\" content=\"Fases de la depilaci\u00f3n l\u00e1ser | Centros bedda\" \/>\n<meta property=\"og:description\" content=\"Entra ahora en el blog de Centros bedda y descubre todas las fases de la depilaci\u00f3n l\u00e1ser con nuestra completa gu\u00eda. \u00a1Te las contamos!\" \/>\n<meta property=\"og:url\" content=\"https:\/\/agenciaseolocal.eu\/bedda\/fases-depilacion-laser\/\" \/>\n<meta property=\"og:site_name\" content=\"Centros bedda\" \/>\n<meta property=\"article:publisher\" content=\"https:\/\/www.facebook.com\/centrobedda\" \/>\n<meta property=\"article:published_time\" content=\"2024-06-12T08:23:00+00:00\" \/>\n<meta property=\"og:image\" content=\"https:\/\/agenciaseolocal.eu\/bedda\/wp-content\/uploads\/2024\/04\/profesional-aplicando-depilacion-laser-de-diodo.jpg\" \/>\n\t<meta property=\"og:image:width\" content=\"1700\" \/>\n\t<meta property=\"og:image:height\" content=\"600\" \/>\n\t<meta property=\"og:image:type\" content=\"image\/jpeg\" \/>\n<meta name=\"author\" content=\"Centros bedda\" \/>\n<meta name=\"twitter:card\" content=\"summary_large_image\" \/>\n<meta name=\"twitter:creator\" content=\"@centrosbedda\" \/>\n<meta name=\"twitter:site\" content=\"@centrosbedda\" \/>\n<meta name=\"twitter:label1\" content=\"Escrito por\" \/>\n\t<meta name=\"twitter:data1\" content=\"Centros bedda\" \/>\n\t<meta name=\"twitter:label2\" content=\"Tiempo de lectura\" \/>\n\t<meta name=\"twitter:data2\" content=\"5 minutos\" \/>\n<!-- \/ Yoast SEO plugin. -->","yoast_head_json":{"title":"Fases de la depilaci\u00f3n l\u00e1ser | Centros bedda","description":"Entra ahora en el blog de Centros bedda y descubre todas las fases de la depilaci\u00f3n l\u00e1ser con nuestra completa gu\u00eda. \u00a1Te las contamos!","robots":{"index":"noindex","follow":"follow","max-snippet":"max-snippet:-1","max-image-preview":"max-image-preview:large","max-video-preview":"max-video-preview:-1"},"og_locale":"es_ES","og_type":"article","og_title":"Fases de la depilaci\u00f3n l\u00e1ser | Centros bedda","og_description":"Entra ahora en el blog de Centros bedda y descubre todas las fases de la depilaci\u00f3n l\u00e1ser con nuestra completa gu\u00eda. \u00a1Te las contamos!","og_url":"https:\/\/agenciaseolocal.eu\/bedda\/fases-depilacion-laser\/","og_site_name":"Centros bedda","article_publisher":"https:\/\/www.facebook.com\/centrobedda","article_published_time":"2024-06-12T08:23:00+00:00","og_image":[{"width":1700,"height":600,"url":"https:\/\/agenciaseolocal.eu\/bedda\/wp-content\/uploads\/2024\/04\/profesional-aplicando-depilacion-laser-de-diodo.jpg","type":"image\/jpeg"}],"author":"Centros bedda","twitter_card":"summary_large_image","twitter_creator":"@centrosbedda","twitter_site":"@centrosbedda","twitter_misc":{"Escrito por":"Centros bedda","Tiempo de lectura":"5 minutos"},"schema":{"@context":"https:\/\/schema.org","@graph":[{"@type":"Article","@id":"https:\/\/agenciaseolocal.eu\/bedda\/fases-depilacion-laser\/#article","isPartOf":{"@id":"https:\/\/agenciaseolocal.eu\/bedda\/fases-depilacion-laser\/"},"author":{"name":"Centros bedda","@id":"https:\/\/agenciaseolocal.eu\/bedda\/#\/schema\/person\/ca3010faf67f189fd2de8d61a763fc8b"},"headline":"Fases de la depilaci\u00f3n l\u00e1ser","datePublished":"2024-06-12T08:23:00+00:00","mainEntityOfPage":{"@id":"https:\/\/agenciaseolocal.eu\/bedda\/fases-depilacion-laser\/"},"wordCount":959,"commentCount":0,"publisher":{"@id":"https:\/\/agenciaseolocal.eu\/bedda\/#organization"},"image":{"@id":"https:\/\/agenciaseolocal.eu\/bedda\/fases-depilacion-laser\/#primaryimage"},"thumbnailUrl":"https:\/\/agenciaseolocal.eu\/bedda\/wp-content\/uploads\/2024\/04\/profesional-aplicando-depilacion-laser-de-diodo.jpg","articleSection":["Blog","Depilaci\u00f3n"],"inLanguage":"es","potentialAction":[{"@type":"CommentAction","name":"Comment","target":["https:\/\/agenciaseolocal.eu\/bedda\/fases-depilacion-laser\/#respond"]}]},{"@type":"WebPage","@id":"https:\/\/agenciaseolocal.eu\/bedda\/fases-depilacion-laser\/","url":"https:\/\/agenciaseolocal.eu\/bedda\/fases-depilacion-laser\/","name":"Fases de la depilaci\u00f3n l\u00e1ser | Centros bedda","isPartOf":{"@id":"https:\/\/agenciaseolocal.eu\/bedda\/#website"},"primaryImageOfPage":{"@id":"https:\/\/agenciaseolocal.eu\/bedda\/fases-depilacion-laser\/#primaryimage"},"image":{"@id":"https:\/\/agenciaseolocal.eu\/bedda\/fases-depilacion-laser\/#primaryimage"},"thumbnailUrl":"https:\/\/agenciaseolocal.eu\/bedda\/wp-content\/uploads\/2024\/04\/profesional-aplicando-depilacion-laser-de-diodo.jpg","datePublished":"2024-06-12T08:23:00+00:00","description":"Entra ahora en el blog de Centros bedda y descubre todas las fases de la depilaci\u00f3n l\u00e1ser con nuestra completa gu\u00eda. \u00a1Te las contamos!","breadcrumb":{"@id":"https:\/\/agenciaseolocal.eu\/bedda\/fases-depilacion-laser\/#breadcrumb"},"inLanguage":"es","potentialAction":[{"@type":"ReadAction","target":["https:\/\/agenciaseolocal.eu\/bedda\/fases-depilacion-laser\/"]}]},{"@type":"ImageObject","inLanguage":"es","@id":"https:\/\/agenciaseolocal.eu\/bedda\/fases-depilacion-laser\/#primaryimage","url":"https:\/\/agenciaseolocal.eu\/bedda\/wp-content\/uploads\/2024\/04\/profesional-aplicando-depilacion-laser-de-diodo.jpg","contentUrl":"https:\/\/agenciaseolocal.eu\/bedda\/wp-content\/uploads\/2024\/04\/profesional-aplicando-depilacion-laser-de-diodo.jpg","width":1700,"height":600,"caption":"profesional aplicando depilaci\u00f3n laser de diodo"},{"@type":"BreadcrumbList","@id":"https:\/\/agenciaseolocal.eu\/bedda\/fases-depilacion-laser\/#breadcrumb","itemListElement":[{"@type":"ListItem","position":1,"name":"Portada","item":"https:\/\/agenciaseolocal.eu\/bedda\/"},{"@type":"ListItem","position":2,"name":"Fases de la depilaci\u00f3n l\u00e1ser"}]},{"@type":"WebSite","@id":"https:\/\/agenciaseolocal.eu\/bedda\/#website","url":"https:\/\/agenciaseolocal.eu\/bedda\/","name":"Centros bedda","description":"Centro de depilaci\u00f3n l\u00e1ser","publisher":{"@id":"https:\/\/agenciaseolocal.eu\/bedda\/#organization"},"potentialAction":[{"@type":"SearchAction","target":{"@type":"EntryPoint","urlTemplate":"https:\/\/agenciaseolocal.eu\/bedda\/?s={search_term_string}"},"query-input":{"@type":"PropertyValueSpecification","valueRequired":true,"valueName":"search_term_string"}}],"inLanguage":"es"},{"@type":"Organization","@id":"https:\/\/agenciaseolocal.eu\/bedda\/#organization","name":"Centros bedda","url":"https:\/\/agenciaseolocal.eu\/bedda\/","logo":{"@type":"ImageObject","inLanguage":"es","@id":"https:\/\/agenciaseolocal.eu\/bedda\/#\/schema\/logo\/image\/","url":"https:\/\/agenciaseolocal.eu\/bedda\/wp-content\/uploads\/2024\/04\/centros-bedda-depilacion-laser-logo.png","contentUrl":"https:\/\/agenciaseolocal.eu\/bedda\/wp-content\/uploads\/2024\/04\/centros-bedda-depilacion-laser-logo.png","width":220,"height":220,"caption":"Centros bedda"},"image":{"@id":"https:\/\/agenciaseolocal.eu\/bedda\/#\/schema\/logo\/image\/"},"sameAs":["https:\/\/www.facebook.com\/centrobedda","https:\/\/x.com\/centrosbedda","https:\/\/www.youtube.com\/channel\/UCV57tDnQcnHfTici1funk4g?app=desktop","https:\/\/www.instagram.com\/centrosbedda\/","https:\/\/www.linkedin.com\/company\/centros-bedda\/"]},{"@type":"Person","@id":"https:\/\/agenciaseolocal.eu\/bedda\/#\/schema\/person\/ca3010faf67f189fd2de8d61a763fc8b","name":"Centros bedda","image":{"@type":"ImageObject","inLanguage":"es","@id":"https:\/\/agenciaseolocal.eu\/bedda\/#\/schema\/person\/image\/","url":"https:\/\/secure.gravatar.com\/avatar\/ea1f00b0a249719594f6b50ee5d3214c2c192531d8f80f789208e2aa9605ac08?s=96&d=mm&r=g","contentUrl":"https:\/\/secure.gravatar.com\/avatar\/ea1f00b0a249719594f6b50ee5d3214c2c192531d8f80f789208e2aa9605ac08?s=96&d=mm&r=g","caption":"Centros bedda"},"url":"https:\/\/agenciaseolocal.eu\/bedda\/author\/mktpmp_gedfwb31y\/"}]}},"_links":{"self":[{"href":"https:\/\/agenciaseolocal.eu\/bedda\/wp-json\/wp\/v2\/posts\/987515925","targetHints":{"allow":["GET"]}}],"collection":[{"href":"https:\/\/agenciaseolocal.eu\/bedda\/wp-json\/wp\/v2\/posts"}],"about":[{"href":"https:\/\/agenciaseolocal.eu\/bedda\/wp-json\/wp\/v2\/types\/post"}],"author":[{"embeddable":true,"href":"https:\/\/agenciaseolocal.eu\/bedda\/wp-json\/wp\/v2\/users\/3"}],"replies":[{"embeddable":true,"href":"https:\/\/agenciaseolocal.eu\/bedda\/wp-json\/wp\/v2\/comments?post=987515925"}],"version-history":[{"count":2,"href":"https:\/\/agenciaseolocal.eu\/bedda\/wp-json\/wp\/v2\/posts\/987515925\/revisions"}],"predecessor-version":[{"id":987516209,"href":"https:\/\/agenciaseolocal.eu\/bedda\/wp-json\/wp\/v2\/posts\/987515925\/revisions\/987516209"}],"wp:featuredmedia":[{"embeddable":true,"href":"https:\/\/agenciaseolocal.eu\/bedda\/wp-json\/wp\/v2\/media\/987515507"}],"wp:attachment":[{"href":"https:\/\/agenciaseolocal.eu\/bedda\/wp-json\/wp\/v2\/media?parent=987515925"}],"wp:term":[{"taxonomy":"category","embeddable":true,"href":"https:\/\/agenciaseolocal.eu\/bedda\/wp-json\/wp\/v2\/categories?post=987515925"},{"taxonomy":"post_tag","embeddable":true,"href":"https:\/\/agenciaseolocal.eu\/bedda\/wp-json\/wp\/v2\/tags?post=987515925"}],"curies":[{"name":"wp","href":"https:\/\/api.w.org\/{rel}","templated":true}]}}