{"id":987515926,"date":"2024-06-13T10:25:09","date_gmt":"2024-06-13T08:25:09","guid":{"rendered":"https:\/\/centrosbedda.com\/?p=987515926"},"modified":"2024-06-03T11:04:09","modified_gmt":"2024-06-03T09:04:09","slug":"mejor-momento-ano-empezar-depilacion-laser","status":"publish","type":"post","link":"https:\/\/agenciaseolocal.eu\/bedda\/mejor-momento-ano-empezar-depilacion-laser\/","title":{"rendered":"\u00bfCu\u00e1l es el mejor momento del a\u00f1o para empezar la depilaci\u00f3n l\u00e1ser?"},"content":{"rendered":"\n<p>La&nbsp;<a href=\"https:\/\/agenciaseolocal.eu\/bedda\/\">depilaci\u00f3n l\u00e1ser<\/a>&nbsp;es una alternativa popular y efectiva para deshacerse del vello no deseado. Sin embargo, puede surgir la pregunta de&nbsp;<strong>cu\u00e1l es el mejor momento del a\u00f1o para comenzar este tratamiento<\/strong>. En este art\u00edculo, exploraremos los pros y contras de la depilaci\u00f3n l\u00e1ser en cada estaci\u00f3n, y te daremos estrategias para maximizar los resultados seg\u00fan la temporada. Tambi\u00e9n abordaremos si se puede hacer la depilaci\u00f3n l\u00e1ser en cualquier momento del a\u00f1o y cu\u00e1ndo es mejor evitarla. \u00a1Comencemos!<\/p>\n\n\n\n<h2 class=\"wp-block-heading\">Pros y contras de la depilaci\u00f3n l\u00e1ser en invierno<\/h2>\n\n\n\n<p>Empecemos por el&nbsp;<strong>invierno<\/strong>, una estaci\u00f3n en la que tendemos a pasar m\u00e1s tiempo cubiertos y menos expuestos al sol. Durante esta \u00e9poca, la depilaci\u00f3n l\u00e1ser<strong>&nbsp;puede ser especialmente beneficiosa<\/strong>, ya que&nbsp;<strong>es menos probable que la piel est\u00e9 bronceada o haya sido expuesta a la radiaci\u00f3n solar intensa<\/strong>. Adem\u00e1s, al estar menos expuestos al sol, hay menos riesgo de quemaduras o irritaciones en la piel reci\u00e9n tratada.<\/p>\n\n\n\n<p>Por otro lado, en invierno,&nbsp;<strong>nuestra piel tiende a estar m\u00e1s seca y deshidratada debido al fr\u00edo y la calefacci\u00f3n<\/strong>. Antes de someterte a la depilaci\u00f3n l\u00e1ser, es importante asegurarte de que tu piel est\u00e9 hidratada y en buenas condiciones. Tambi\u00e9n debes tener en cuenta que la depilaci\u00f3n l\u00e1ser puede requerir varias sesiones, por lo que es posible que necesites empezar en invierno para estar lista para el verano.<\/p>\n\n\n\n<p>Adem\u00e1s, es importante mencionar que la depilaci\u00f3n l\u00e1ser en invierno puede tener beneficios adicionales para ciertos tipos de piel. Por ejemplo, las personas con piel clara y vello oscuro suelen obtener mejores resultados con la depilaci\u00f3n l\u00e1ser, ya que el contraste entre el color de la piel y el vello es mayor, lo que facilita la eliminaci\u00f3n del vello no deseado de forma m\u00e1s efectiva.<\/p>\n\n\n\n<p>Por otro lado, es fundamental recordar que despu\u00e9s de someterte a una sesi\u00f3n de depilaci\u00f3n l\u00e1ser, es recomendable evitar la exposici\u00f3n directa al sol durante los tres primeros d\u00edas, para prevenir posibles irritaciones o quemaduras en la piel tratada. Esto puede ser m\u00e1s f\u00e1cil de lograr en invierno, cuando tendemos a pasar menos tiempo al aire libre y usamos ropa m\u00e1s cubierta para protegernos del fr\u00edo.<\/p>\n\n\n\n<h2 class=\"wp-block-heading\">Pros y contras de la depilaci\u00f3n l\u00e1ser en primavera<\/h2>\n\n\n\n<p>A medida que avanza el invierno y se acerca la&nbsp;<strong>primavera<\/strong>, muchas personas comienzan a preocuparse por el vello no deseado antes de la temporada de trajes de ba\u00f1o y ropa m\u00e1s ligera. La primavera puede ser un buen momento para comenzar la depilaci\u00f3n l\u00e1ser, ya que&nbsp;<strong>todav\u00eda no estamos expuestos al sol de manera intensa&nbsp;<\/strong>y podemos aprovechar las ventajas de la depilaci\u00f3n l\u00e1ser sin riesgo de quemaduras solares.<\/p>\n\n\n\n<p>Por otro lado, en primavera,<strong>&nbsp;la piel tiende a ser m\u00e1s sensible debido a los cambios clim\u00e1ticos y al aumento de la exposici\u00f3n al sol<\/strong>. Es esencial proteger tu piel tratada con SPF y evitar la exposici\u00f3n excesiva al sol durante el tratamiento. Adem\u00e1s, es posible que necesites varias sesiones de depilaci\u00f3n l\u00e1ser, lo que requiere tiempo y paciencia.<\/p>\n\n\n\n<h2 class=\"wp-block-heading\">Pros y contras de la depilaci\u00f3n l\u00e1ser en verano<\/h2>\n\n\n\n<p>El <strong>verano <\/strong>suele ser la temporada en la que m\u00e1s mostramos nuestra piel, pero \u00bfes un buen momento para comenzar la depilaci\u00f3n l\u00e1ser? Nuestra aparatolog\u00eda permite depilar con seguridad pieles bronceadas e incluso en verano si los 3 d\u00edas anteriores no se ha expuesto al sol. Por lo que nuestros profesionales evaluar\u00e1n cada cliente y la exposici\u00f3n asolar que se haya recibido anteriormente a la sesi\u00f3n de depilaci\u00f3n.<\/p>\n\n\n\n<p>Para realizar al depilaci\u00f3n l\u00e1ser en verano, es fundamental proteger tu piel con protector solar y limitar la exposici\u00f3n al sol 3 d\u00edas antes y 3 d\u00edas despu\u00e9s de la sesi\u00f3n.<\/p>\n\n\n\n<h2 class=\"wp-block-heading\">Pros y contras de la depilaci\u00f3n l\u00e1ser en oto\u00f1o<\/h2>\n\n\n\n<p>A medida que el verano llega a su fin y se acerca el&nbsp;<strong>oto\u00f1o<\/strong>,&nbsp;<strong>muchas personas consideran que esta temporada es el momento perfecto para comenzar la depilaci\u00f3n l\u00e1ser<\/strong>. Durante el oto\u00f1o, la exposici\u00f3n al sol disminuye, lo que reduce el riesgo de quemaduras o da\u00f1o en la piel tratada.<\/p>\n\n\n\n<p>Adem\u00e1s, el oto\u00f1o es una \u00e9poca en la que nuestra piel tiende a estar menos bronceada, lo que favorece el contraste entre el vello y la piel, y hace que los resultados de la depilaci\u00f3n l\u00e1ser sean m\u00e1s eficaces. Sin embargo, es importante tener en cuenta que algunos tratamientos pueden requerir varias sesiones, por lo que es recomendable comenzar en oto\u00f1o para tener tiempo suficiente antes de que llegue el verano.<\/p>\n\n\n\n<h2 class=\"wp-block-heading\">\u00bfPuede hacerse la depilaci\u00f3n l\u00e1ser en cualquier momento del a\u00f1o?<\/h2>\n\n\n\n<p>Si bien&nbsp;<strong>la depilaci\u00f3n l\u00e1ser se puede realizar en cualquier momento del a\u00f1o<\/strong>, es importante tener en cuenta las consideraciones mencionadas anteriormente. La elecci\u00f3n del momento adecuado depender\u00e1 de tus necesidades y preferencias personales, as\u00ed como de c\u00f3mo puedas proteger tu piel de la exposici\u00f3n al sol durante el tratamiento.<\/p>\n\n\n\n<h2 class=\"wp-block-heading\">Estrategias para maximizar los resultados de la depilaci\u00f3n l\u00e1ser seg\u00fan la temporada del a\u00f1o<\/h2>\n\n\n\n<p>Independientemente de la temporada en la que decidas comenzar la depilaci\u00f3n l\u00e1ser, hay estrategias que puedes seguir para maximizar los resultados:<\/p>\n\n\n\n<p><\/p>\n\n\n\n<ul class=\"wp-block-list\">\n<li><strong>Protege tu piel del sol<\/strong>: Usa protector solar con un alto factor de protecci\u00f3n (SPF) y limita la exposici\u00f3n al sol tres d\u00edas antes y despu\u00e9s del tratamiento.<\/li>\n\n\n\n<li><strong>Hidrata tu piel<\/strong>: Mant\u00e9n tu piel hidratada y en buen estado para asegurar una mejor respuesta al tratamiento.<\/li>\n\n\n\n<li><strong>Sigue las indicaciones del profesional<\/strong>: Consulta a un especialista en depilaci\u00f3n l\u00e1ser y sigue sus recomendaciones sobre el n\u00famero y el intervalo entre las sesiones.<\/li>\n\n\n\n<li><strong>Mant\u00e9n la paciencia<\/strong>: La depilaci\u00f3n l\u00e1ser suele requerir m\u00faltiples sesiones para obtener los resultados deseados. S\u00e9 paciente y constante en tu tratamiento.<\/li>\n<\/ul>\n","protected":false},"excerpt":{"rendered":"<p>La&nbsp;depilaci\u00f3n l\u00e1ser&nbsp;es una alternativa popular y efectiva para deshacerse del vello no deseado. Sin embargo, puede surgir la pregunta de&nbsp;cu\u00e1l es el mejor momento del a\u00f1o para comenzar este tratamiento. En este art\u00edculo, exploraremos los pros y contras de la depilaci\u00f3n l\u00e1ser en cada estaci\u00f3n, y te daremos estrategias para maximizar los resultados seg\u00fan la [&hellip;]<\/p>\n","protected":false},"author":3,"featured_media":987513364,"comment_status":"open","ping_status":"closed","sticky":false,"template":"","format":"standard","meta":{"_et_pb_use_builder":"off","_et_pb_old_content":"","_et_gb_content_width":"","_joinchat":[],"footnotes":""},"categories":[51,65],"tags":[],"class_list":["post-987515926","post","type-post","status-publish","format-standard","has-post-thumbnail","hentry","category-blog","category-depilacion"],"yoast_head":"<!-- This site is optimized with the Yoast SEO plugin v25.9 - https:\/\/yoast.com\/wordpress\/plugins\/seo\/ -->\n<title>Mejor \u00e9poca del a\u00f1o para la depilaci\u00f3n l\u00e1ser | bedda<\/title>\n<meta name=\"description\" content=\"Entra ahora en el blog de Centros bedda y descubre cu\u00e1l es la mejor \u00e9poca del a\u00f1o para la depilaci\u00f3n l\u00e1ser. \u00a1Te lo contamos!\" \/>\n<meta name=\"robots\" content=\"noindex, follow, max-snippet:-1, max-image-preview:large, max-video-preview:-1\" \/>\n<meta property=\"og:locale\" content=\"es_ES\" \/>\n<meta property=\"og:type\" content=\"article\" \/>\n<meta property=\"og:title\" content=\"Mejor \u00e9poca del a\u00f1o para la depilaci\u00f3n l\u00e1ser | bedda\" \/>\n<meta property=\"og:description\" content=\"Entra ahora en el blog de Centros bedda y descubre cu\u00e1l es la mejor \u00e9poca del a\u00f1o para la depilaci\u00f3n l\u00e1ser. \u00a1Te lo contamos!\" \/>\n<meta property=\"og:url\" content=\"https:\/\/agenciaseolocal.eu\/bedda\/mejor-momento-ano-empezar-depilacion-laser\/\" \/>\n<meta property=\"og:site_name\" content=\"Centros bedda\" \/>\n<meta property=\"article:publisher\" content=\"https:\/\/www.facebook.com\/centrobedda\" \/>\n<meta property=\"article:published_time\" content=\"2024-06-13T08:25:09+00:00\" \/>\n<meta property=\"og:image\" content=\"https:\/\/agenciaseolocal.eu\/bedda\/wp-content\/uploads\/2023\/11\/promociones-depilacion-laser-cabecera.jpg\" \/>\n\t<meta property=\"og:image:width\" content=\"1200\" \/>\n\t<meta property=\"og:image:height\" content=\"494\" \/>\n\t<meta property=\"og:image:type\" content=\"image\/jpeg\" \/>\n<meta name=\"author\" content=\"Centros bedda\" \/>\n<meta name=\"twitter:card\" content=\"summary_large_image\" \/>\n<meta name=\"twitter:creator\" content=\"@centrosbedda\" \/>\n<meta name=\"twitter:site\" content=\"@centrosbedda\" \/>\n<meta name=\"twitter:label1\" content=\"Escrito por\" \/>\n\t<meta name=\"twitter:data1\" content=\"Centros bedda\" \/>\n\t<meta name=\"twitter:label2\" content=\"Tiempo de lectura\" \/>\n\t<meta name=\"twitter:data2\" content=\"5 minutos\" \/>\n<!-- \/ Yoast SEO plugin. -->","yoast_head_json":{"title":"Mejor \u00e9poca del a\u00f1o para la depilaci\u00f3n l\u00e1ser | bedda","description":"Entra ahora en el blog de Centros bedda y descubre cu\u00e1l es la mejor \u00e9poca del a\u00f1o para la depilaci\u00f3n l\u00e1ser. \u00a1Te lo contamos!","robots":{"index":"noindex","follow":"follow","max-snippet":"max-snippet:-1","max-image-preview":"max-image-preview:large","max-video-preview":"max-video-preview:-1"},"og_locale":"es_ES","og_type":"article","og_title":"Mejor \u00e9poca del a\u00f1o para la depilaci\u00f3n l\u00e1ser | bedda","og_description":"Entra ahora en el blog de Centros bedda y descubre cu\u00e1l es la mejor \u00e9poca del a\u00f1o para la depilaci\u00f3n l\u00e1ser. \u00a1Te lo contamos!","og_url":"https:\/\/agenciaseolocal.eu\/bedda\/mejor-momento-ano-empezar-depilacion-laser\/","og_site_name":"Centros bedda","article_publisher":"https:\/\/www.facebook.com\/centrobedda","article_published_time":"2024-06-13T08:25:09+00:00","og_image":[{"width":1200,"height":494,"url":"https:\/\/agenciaseolocal.eu\/bedda\/wp-content\/uploads\/2023\/11\/promociones-depilacion-laser-cabecera.jpg","type":"image\/jpeg"}],"author":"Centros bedda","twitter_card":"summary_large_image","twitter_creator":"@centrosbedda","twitter_site":"@centrosbedda","twitter_misc":{"Escrito por":"Centros bedda","Tiempo de lectura":"5 minutos"},"schema":{"@context":"https:\/\/schema.org","@graph":[{"@type":"Article","@id":"https:\/\/agenciaseolocal.eu\/bedda\/mejor-momento-ano-empezar-depilacion-laser\/#article","isPartOf":{"@id":"https:\/\/agenciaseolocal.eu\/bedda\/mejor-momento-ano-empezar-depilacion-laser\/"},"author":{"name":"Centros bedda","@id":"https:\/\/agenciaseolocal.eu\/bedda\/#\/schema\/person\/ca3010faf67f189fd2de8d61a763fc8b"},"headline":"\u00bfCu\u00e1l es el mejor momento del a\u00f1o para empezar la depilaci\u00f3n l\u00e1ser?","datePublished":"2024-06-13T08:25:09+00:00","mainEntityOfPage":{"@id":"https:\/\/agenciaseolocal.eu\/bedda\/mejor-momento-ano-empezar-depilacion-laser\/"},"wordCount":1071,"commentCount":0,"publisher":{"@id":"https:\/\/agenciaseolocal.eu\/bedda\/#organization"},"image":{"@id":"https:\/\/agenciaseolocal.eu\/bedda\/mejor-momento-ano-empezar-depilacion-laser\/#primaryimage"},"thumbnailUrl":"https:\/\/agenciaseolocal.eu\/bedda\/wp-content\/uploads\/2023\/11\/promociones-depilacion-laser-cabecera.jpg","articleSection":["Blog","Depilaci\u00f3n"],"inLanguage":"es","potentialAction":[{"@type":"CommentAction","name":"Comment","target":["https:\/\/agenciaseolocal.eu\/bedda\/mejor-momento-ano-empezar-depilacion-laser\/#respond"]}]},{"@type":"WebPage","@id":"https:\/\/agenciaseolocal.eu\/bedda\/mejor-momento-ano-empezar-depilacion-laser\/","url":"https:\/\/agenciaseolocal.eu\/bedda\/mejor-momento-ano-empezar-depilacion-laser\/","name":"Mejor \u00e9poca del a\u00f1o para la depilaci\u00f3n l\u00e1ser | bedda","isPartOf":{"@id":"https:\/\/agenciaseolocal.eu\/bedda\/#website"},"primaryImageOfPage":{"@id":"https:\/\/agenciaseolocal.eu\/bedda\/mejor-momento-ano-empezar-depilacion-laser\/#primaryimage"},"image":{"@id":"https:\/\/agenciaseolocal.eu\/bedda\/mejor-momento-ano-empezar-depilacion-laser\/#primaryimage"},"thumbnailUrl":"https:\/\/agenciaseolocal.eu\/bedda\/wp-content\/uploads\/2023\/11\/promociones-depilacion-laser-cabecera.jpg","datePublished":"2024-06-13T08:25:09+00:00","description":"Entra ahora en el blog de Centros bedda y descubre cu\u00e1l es la mejor \u00e9poca del a\u00f1o para la depilaci\u00f3n l\u00e1ser. \u00a1Te lo contamos!","breadcrumb":{"@id":"https:\/\/agenciaseolocal.eu\/bedda\/mejor-momento-ano-empezar-depilacion-laser\/#breadcrumb"},"inLanguage":"es","potentialAction":[{"@type":"ReadAction","target":["https:\/\/agenciaseolocal.eu\/bedda\/mejor-momento-ano-empezar-depilacion-laser\/"]}]},{"@type":"ImageObject","inLanguage":"es","@id":"https:\/\/agenciaseolocal.eu\/bedda\/mejor-momento-ano-empezar-depilacion-laser\/#primaryimage","url":"https:\/\/agenciaseolocal.eu\/bedda\/wp-content\/uploads\/2023\/11\/promociones-depilacion-laser-cabecera.jpg","contentUrl":"https:\/\/agenciaseolocal.eu\/bedda\/wp-content\/uploads\/2023\/11\/promociones-depilacion-laser-cabecera.jpg","width":1200,"height":494,"caption":"promociones depilacion laser cabecera"},{"@type":"BreadcrumbList","@id":"https:\/\/agenciaseolocal.eu\/bedda\/mejor-momento-ano-empezar-depilacion-laser\/#breadcrumb","itemListElement":[{"@type":"ListItem","position":1,"name":"Portada","item":"https:\/\/agenciaseolocal.eu\/bedda\/"},{"@type":"ListItem","position":2,"name":"\u00bfCu\u00e1l es el mejor momento del a\u00f1o para empezar la depilaci\u00f3n l\u00e1ser?"}]},{"@type":"WebSite","@id":"https:\/\/agenciaseolocal.eu\/bedda\/#website","url":"https:\/\/agenciaseolocal.eu\/bedda\/","name":"Centros bedda","description":"Centro de depilaci\u00f3n l\u00e1ser","publisher":{"@id":"https:\/\/agenciaseolocal.eu\/bedda\/#organization"},"potentialAction":[{"@type":"SearchAction","target":{"@type":"EntryPoint","urlTemplate":"https:\/\/agenciaseolocal.eu\/bedda\/?s={search_term_string}"},"query-input":{"@type":"PropertyValueSpecification","valueRequired":true,"valueName":"search_term_string"}}],"inLanguage":"es"},{"@type":"Organization","@id":"https:\/\/agenciaseolocal.eu\/bedda\/#organization","name":"Centros bedda","url":"https:\/\/agenciaseolocal.eu\/bedda\/","logo":{"@type":"ImageObject","inLanguage":"es","@id":"https:\/\/agenciaseolocal.eu\/bedda\/#\/schema\/logo\/image\/","url":"https:\/\/agenciaseolocal.eu\/bedda\/wp-content\/uploads\/2024\/04\/centros-bedda-depilacion-laser-logo.png","contentUrl":"https:\/\/agenciaseolocal.eu\/bedda\/wp-content\/uploads\/2024\/04\/centros-bedda-depilacion-laser-logo.png","width":220,"height":220,"caption":"Centros bedda"},"image":{"@id":"https:\/\/agenciaseolocal.eu\/bedda\/#\/schema\/logo\/image\/"},"sameAs":["https:\/\/www.facebook.com\/centrobedda","https:\/\/x.com\/centrosbedda","https:\/\/www.youtube.com\/channel\/UCV57tDnQcnHfTici1funk4g?app=desktop","https:\/\/www.instagram.com\/centrosbedda\/","https:\/\/www.linkedin.com\/company\/centros-bedda\/"]},{"@type":"Person","@id":"https:\/\/agenciaseolocal.eu\/bedda\/#\/schema\/person\/ca3010faf67f189fd2de8d61a763fc8b","name":"Centros bedda","image":{"@type":"ImageObject","inLanguage":"es","@id":"https:\/\/agenciaseolocal.eu\/bedda\/#\/schema\/person\/image\/","url":"https:\/\/secure.gravatar.com\/avatar\/ea1f00b0a249719594f6b50ee5d3214c2c192531d8f80f789208e2aa9605ac08?s=96&d=mm&r=g","contentUrl":"https:\/\/secure.gravatar.com\/avatar\/ea1f00b0a249719594f6b50ee5d3214c2c192531d8f80f789208e2aa9605ac08?s=96&d=mm&r=g","caption":"Centros bedda"},"url":"https:\/\/agenciaseolocal.eu\/bedda\/author\/mktpmp_gedfwb31y\/"}]}},"_links":{"self":[{"href":"https:\/\/agenciaseolocal.eu\/bedda\/wp-json\/wp\/v2\/posts\/987515926","targetHints":{"allow":["GET"]}}],"collection":[{"href":"https:\/\/agenciaseolocal.eu\/bedda\/wp-json\/wp\/v2\/posts"}],"about":[{"href":"https:\/\/agenciaseolocal.eu\/bedda\/wp-json\/wp\/v2\/types\/post"}],"author":[{"embeddable":true,"href":"https:\/\/agenciaseolocal.eu\/bedda\/wp-json\/wp\/v2\/users\/3"}],"replies":[{"embeddable":true,"href":"https:\/\/agenciaseolocal.eu\/bedda\/wp-json\/wp\/v2\/comments?post=987515926"}],"version-history":[{"count":3,"href":"https:\/\/agenciaseolocal.eu\/bedda\/wp-json\/wp\/v2\/posts\/987515926\/revisions"}],"predecessor-version":[{"id":987516210,"href":"https:\/\/agenciaseolocal.eu\/bedda\/wp-json\/wp\/v2\/posts\/987515926\/revisions\/987516210"}],"wp:featuredmedia":[{"embeddable":true,"href":"https:\/\/agenciaseolocal.eu\/bedda\/wp-json\/wp\/v2\/media\/987513364"}],"wp:attachment":[{"href":"https:\/\/agenciaseolocal.eu\/bedda\/wp-json\/wp\/v2\/media?parent=987515926"}],"wp:term":[{"taxonomy":"category","embeddable":true,"href":"https:\/\/agenciaseolocal.eu\/bedda\/wp-json\/wp\/v2\/categories?post=987515926"},{"taxonomy":"post_tag","embeddable":true,"href":"https:\/\/agenciaseolocal.eu\/bedda\/wp-json\/wp\/v2\/tags?post=987515926"}],"curies":[{"name":"wp","href":"https:\/\/api.w.org\/{rel}","templated":true}]}}