{"id":987515933,"date":"2024-06-25T08:50:16","date_gmt":"2024-06-25T06:50:16","guid":{"rendered":"https:\/\/centrosbedda.com\/?p=987515933"},"modified":"2025-01-15T14:35:23","modified_gmt":"2025-01-15T13:35:23","slug":"ibuprofeno-depilacion-laser","status":"publish","type":"post","link":"https:\/\/agenciaseolocal.eu\/bedda\/ibuprofeno-depilacion-laser\/","title":{"rendered":"Ibuprofeno y depilaci\u00f3n l\u00e1ser: Qu\u00e9 debes saber"},"content":{"rendered":"\n<p>Si est\u00e1s pensando en someterte a un tratamiento de&nbsp;<strong>depilaci\u00f3n l\u00e1ser<\/strong>&nbsp;y sueles recurrir al&nbsp;<strong>ibuprofeno&nbsp;<\/strong>para aliviar el dolor, es importante que conozcas algunos aspectos clave sobre la&nbsp;<strong>interacci\u00f3n entre ambos<\/strong>. En este art\u00edculo de&nbsp;<a href=\"https:\/\/agenciaseolocal.eu\/bedda\/\">Centros bedda<\/a>&nbsp;analizaremos una serie de preguntas frecuentes para darte toda la informaci\u00f3n necesaria antes de tomar cualquier decisi\u00f3n.<\/p>\n\n\n\n<h2 class=\"wp-block-heading\">\u00bfEs compatible el ibuprofeno con la depilaci\u00f3n l\u00e1ser?<\/h2>\n\n\n\n<p>Es importante saber que el ibuprofeno es un medicamento antinflamatorio no esteroideo (AINE) que tiene la capacidad de bloquear las enzimas responsables de la inflamaci\u00f3n y el dolor.<\/p>\n\n\n\n<p>En Centros bedda recomendamos no tomar ibuprofeno antes de la sesi\u00f3n de depilaci\u00f3n l\u00e1ser, ya que se trata de un medicamente que  cuenta con principios activos que producen fotosensibilidad, aunque por la toma puntual de un ibuprofeno no se producir\u00eda el efecto de fotosensibilidad. Si se toma durante un tiempo prolongado es cuando se producir\u00eda este efecto y, por ello, es recomendable evitar tomar ibuprofeno, para no tener ning\u00fan efecto secundario y evitar reacciones cut\u00e1neas no deseables como: enrojecimiento, hiperpigmentaci\u00f3n, picor, quemaduras, etc.<\/p>\n\n\n\n<h2 class=\"wp-block-heading\">\u00bfPor qu\u00e9 debes comunicar cualquier medicaci\u00f3n que se est\u00e9 tomando?<\/h2>\n\n\n\n<p>En cualquier caso, siempre es importante comunicar y consultar con nuestros especialistas cualquier medicaci\u00f3n que se est\u00e9 tomando antes de realizar la sesi\u00f3n de depilaci\u00f3n l\u00e1ser para comprobar la compatibilidad, ya que existen varios <a href=\"https:\/\/agenciaseolocal.eu\/bedda\/medicamentos-fotosensibles-laser\/\">medicamentos fotosensibles<\/a> que debemos evitar o, en caso de no poder suspender su tratamiento por prescripci\u00f3n m\u00e9dica, nuestros profesionales pueden realizar una prueba de fotosensibilidad previa a la sesi\u00f3n, tras la cual comprobaremos la compatibilidad y luego proceder a la sesi\u00f3n de depilaci\u00f3n con total seguridad.<\/p>\n","protected":false},"excerpt":{"rendered":"<p>Si est\u00e1s pensando en someterte a un tratamiento de&nbsp;depilaci\u00f3n l\u00e1ser&nbsp;y sueles recurrir al&nbsp;ibuprofeno&nbsp;para aliviar el dolor, es importante que conozcas algunos aspectos clave sobre la&nbsp;interacci\u00f3n entre ambos. En este art\u00edculo de&nbsp;Centros bedda&nbsp;analizaremos una serie de preguntas frecuentes para darte toda la informaci\u00f3n necesaria antes de tomar cualquier decisi\u00f3n. \u00bfEs compatible el ibuprofeno con la depilaci\u00f3n [&hellip;]<\/p>\n","protected":false},"author":3,"featured_media":987515951,"comment_status":"open","ping_status":"closed","sticky":false,"template":"","format":"standard","meta":{"_et_pb_use_builder":"off","_et_pb_old_content":"","_et_gb_content_width":"","_joinchat":[],"footnotes":""},"categories":[51,65],"tags":[],"class_list":["post-987515933","post","type-post","status-publish","format-standard","has-post-thumbnail","hentry","category-blog","category-depilacion"],"yoast_head":"<!-- This site is optimized with the Yoast SEO plugin v25.9 - https:\/\/yoast.com\/wordpress\/plugins\/seo\/ -->\n<title>Ibuprofeno y depilaci\u00f3n l\u00e1ser | Centros bedda<\/title>\n<meta name=\"description\" content=\"Entra ahora en el blog de Centros bedda y descubre todo lo que debes saber sobre el ibuprofeno y la depilaci\u00f3n l\u00e1ser. \u00a1Te lo contamos!\" \/>\n<meta name=\"robots\" content=\"noindex, follow, max-snippet:-1, max-image-preview:large, max-video-preview:-1\" \/>\n<meta property=\"og:locale\" content=\"es_ES\" \/>\n<meta property=\"og:type\" content=\"article\" \/>\n<meta property=\"og:title\" content=\"Ibuprofeno y depilaci\u00f3n l\u00e1ser | Centros bedda\" \/>\n<meta property=\"og:description\" content=\"Entra ahora en el blog de Centros bedda y descubre todo lo que debes saber sobre el ibuprofeno y la depilaci\u00f3n l\u00e1ser. \u00a1Te lo contamos!\" \/>\n<meta property=\"og:url\" content=\"https:\/\/agenciaseolocal.eu\/bedda\/ibuprofeno-depilacion-laser\/\" \/>\n<meta property=\"og:site_name\" content=\"Centros bedda\" \/>\n<meta property=\"article:publisher\" content=\"https:\/\/www.facebook.com\/centrobedda\" \/>\n<meta property=\"article:published_time\" content=\"2024-06-25T06:50:16+00:00\" \/>\n<meta property=\"article:modified_time\" content=\"2025-01-15T13:35:23+00:00\" \/>\n<meta property=\"og:image\" content=\"https:\/\/agenciaseolocal.eu\/bedda\/wp-content\/uploads\/2024\/05\/mano-mujer-vierte-pastillas-medicina.jpg\" \/>\n\t<meta property=\"og:image:width\" content=\"2048\" \/>\n\t<meta property=\"og:image:height\" content=\"800\" \/>\n\t<meta property=\"og:image:type\" content=\"image\/jpeg\" \/>\n<meta name=\"author\" content=\"Centros bedda\" \/>\n<meta name=\"twitter:card\" content=\"summary_large_image\" \/>\n<meta name=\"twitter:creator\" content=\"@centrosbedda\" \/>\n<meta name=\"twitter:site\" content=\"@centrosbedda\" \/>\n<meta name=\"twitter:label1\" content=\"Escrito por\" \/>\n\t<meta name=\"twitter:data1\" content=\"Centros bedda\" \/>\n\t<meta name=\"twitter:label2\" content=\"Tiempo de lectura\" \/>\n\t<meta name=\"twitter:data2\" content=\"2 minutos\" \/>\n<!-- \/ Yoast SEO plugin. -->","yoast_head_json":{"title":"Ibuprofeno y depilaci\u00f3n l\u00e1ser | Centros bedda","description":"Entra ahora en el blog de Centros bedda y descubre todo lo que debes saber sobre el ibuprofeno y la depilaci\u00f3n l\u00e1ser. \u00a1Te lo contamos!","robots":{"index":"noindex","follow":"follow","max-snippet":"max-snippet:-1","max-image-preview":"max-image-preview:large","max-video-preview":"max-video-preview:-1"},"og_locale":"es_ES","og_type":"article","og_title":"Ibuprofeno y depilaci\u00f3n l\u00e1ser | Centros bedda","og_description":"Entra ahora en el blog de Centros bedda y descubre todo lo que debes saber sobre el ibuprofeno y la depilaci\u00f3n l\u00e1ser. \u00a1Te lo contamos!","og_url":"https:\/\/agenciaseolocal.eu\/bedda\/ibuprofeno-depilacion-laser\/","og_site_name":"Centros bedda","article_publisher":"https:\/\/www.facebook.com\/centrobedda","article_published_time":"2024-06-25T06:50:16+00:00","article_modified_time":"2025-01-15T13:35:23+00:00","og_image":[{"width":2048,"height":800,"url":"https:\/\/agenciaseolocal.eu\/bedda\/wp-content\/uploads\/2024\/05\/mano-mujer-vierte-pastillas-medicina.jpg","type":"image\/jpeg"}],"author":"Centros bedda","twitter_card":"summary_large_image","twitter_creator":"@centrosbedda","twitter_site":"@centrosbedda","twitter_misc":{"Escrito por":"Centros bedda","Tiempo de lectura":"2 minutos"},"schema":{"@context":"https:\/\/schema.org","@graph":[{"@type":"Article","@id":"https:\/\/agenciaseolocal.eu\/bedda\/ibuprofeno-depilacion-laser\/#article","isPartOf":{"@id":"https:\/\/agenciaseolocal.eu\/bedda\/ibuprofeno-depilacion-laser\/"},"author":{"name":"Centros bedda","@id":"https:\/\/agenciaseolocal.eu\/bedda\/#\/schema\/person\/ca3010faf67f189fd2de8d61a763fc8b"},"headline":"Ibuprofeno y depilaci\u00f3n l\u00e1ser: Qu\u00e9 debes saber","datePublished":"2024-06-25T06:50:16+00:00","dateModified":"2025-01-15T13:35:23+00:00","mainEntityOfPage":{"@id":"https:\/\/agenciaseolocal.eu\/bedda\/ibuprofeno-depilacion-laser\/"},"wordCount":308,"commentCount":0,"publisher":{"@id":"https:\/\/agenciaseolocal.eu\/bedda\/#organization"},"image":{"@id":"https:\/\/agenciaseolocal.eu\/bedda\/ibuprofeno-depilacion-laser\/#primaryimage"},"thumbnailUrl":"https:\/\/agenciaseolocal.eu\/bedda\/wp-content\/uploads\/2024\/05\/mano-mujer-vierte-pastillas-medicina.jpg","articleSection":["Blog","Depilaci\u00f3n"],"inLanguage":"es","potentialAction":[{"@type":"CommentAction","name":"Comment","target":["https:\/\/agenciaseolocal.eu\/bedda\/ibuprofeno-depilacion-laser\/#respond"]}]},{"@type":"WebPage","@id":"https:\/\/agenciaseolocal.eu\/bedda\/ibuprofeno-depilacion-laser\/","url":"https:\/\/agenciaseolocal.eu\/bedda\/ibuprofeno-depilacion-laser\/","name":"Ibuprofeno y depilaci\u00f3n l\u00e1ser | Centros bedda","isPartOf":{"@id":"https:\/\/agenciaseolocal.eu\/bedda\/#website"},"primaryImageOfPage":{"@id":"https:\/\/agenciaseolocal.eu\/bedda\/ibuprofeno-depilacion-laser\/#primaryimage"},"image":{"@id":"https:\/\/agenciaseolocal.eu\/bedda\/ibuprofeno-depilacion-laser\/#primaryimage"},"thumbnailUrl":"https:\/\/agenciaseolocal.eu\/bedda\/wp-content\/uploads\/2024\/05\/mano-mujer-vierte-pastillas-medicina.jpg","datePublished":"2024-06-25T06:50:16+00:00","dateModified":"2025-01-15T13:35:23+00:00","description":"Entra ahora en el blog de Centros bedda y descubre todo lo que debes saber sobre el ibuprofeno y la depilaci\u00f3n l\u00e1ser. \u00a1Te lo contamos!","breadcrumb":{"@id":"https:\/\/agenciaseolocal.eu\/bedda\/ibuprofeno-depilacion-laser\/#breadcrumb"},"inLanguage":"es","potentialAction":[{"@type":"ReadAction","target":["https:\/\/agenciaseolocal.eu\/bedda\/ibuprofeno-depilacion-laser\/"]}]},{"@type":"ImageObject","inLanguage":"es","@id":"https:\/\/agenciaseolocal.eu\/bedda\/ibuprofeno-depilacion-laser\/#primaryimage","url":"https:\/\/agenciaseolocal.eu\/bedda\/wp-content\/uploads\/2024\/05\/mano-mujer-vierte-pastillas-medicina.jpg","contentUrl":"https:\/\/agenciaseolocal.eu\/bedda\/wp-content\/uploads\/2024\/05\/mano-mujer-vierte-pastillas-medicina.jpg","width":2048,"height":800,"caption":"mano mujer vierte pastillas medicina"},{"@type":"BreadcrumbList","@id":"https:\/\/agenciaseolocal.eu\/bedda\/ibuprofeno-depilacion-laser\/#breadcrumb","itemListElement":[{"@type":"ListItem","position":1,"name":"Portada","item":"https:\/\/agenciaseolocal.eu\/bedda\/"},{"@type":"ListItem","position":2,"name":"Ibuprofeno y depilaci\u00f3n l\u00e1ser: Qu\u00e9 debes saber"}]},{"@type":"WebSite","@id":"https:\/\/agenciaseolocal.eu\/bedda\/#website","url":"https:\/\/agenciaseolocal.eu\/bedda\/","name":"Centros bedda","description":"Centro de depilaci\u00f3n l\u00e1ser","publisher":{"@id":"https:\/\/agenciaseolocal.eu\/bedda\/#organization"},"potentialAction":[{"@type":"SearchAction","target":{"@type":"EntryPoint","urlTemplate":"https:\/\/agenciaseolocal.eu\/bedda\/?s={search_term_string}"},"query-input":{"@type":"PropertyValueSpecification","valueRequired":true,"valueName":"search_term_string"}}],"inLanguage":"es"},{"@type":"Organization","@id":"https:\/\/agenciaseolocal.eu\/bedda\/#organization","name":"Centros bedda","url":"https:\/\/agenciaseolocal.eu\/bedda\/","logo":{"@type":"ImageObject","inLanguage":"es","@id":"https:\/\/agenciaseolocal.eu\/bedda\/#\/schema\/logo\/image\/","url":"https:\/\/agenciaseolocal.eu\/bedda\/wp-content\/uploads\/2024\/04\/centros-bedda-depilacion-laser-logo.png","contentUrl":"https:\/\/agenciaseolocal.eu\/bedda\/wp-content\/uploads\/2024\/04\/centros-bedda-depilacion-laser-logo.png","width":220,"height":220,"caption":"Centros bedda"},"image":{"@id":"https:\/\/agenciaseolocal.eu\/bedda\/#\/schema\/logo\/image\/"},"sameAs":["https:\/\/www.facebook.com\/centrobedda","https:\/\/x.com\/centrosbedda","https:\/\/www.youtube.com\/channel\/UCV57tDnQcnHfTici1funk4g?app=desktop","https:\/\/www.instagram.com\/centrosbedda\/","https:\/\/www.linkedin.com\/company\/centros-bedda\/"]},{"@type":"Person","@id":"https:\/\/agenciaseolocal.eu\/bedda\/#\/schema\/person\/ca3010faf67f189fd2de8d61a763fc8b","name":"Centros bedda","image":{"@type":"ImageObject","inLanguage":"es","@id":"https:\/\/agenciaseolocal.eu\/bedda\/#\/schema\/person\/image\/","url":"https:\/\/secure.gravatar.com\/avatar\/ea1f00b0a249719594f6b50ee5d3214c2c192531d8f80f789208e2aa9605ac08?s=96&d=mm&r=g","contentUrl":"https:\/\/secure.gravatar.com\/avatar\/ea1f00b0a249719594f6b50ee5d3214c2c192531d8f80f789208e2aa9605ac08?s=96&d=mm&r=g","caption":"Centros bedda"},"url":"https:\/\/agenciaseolocal.eu\/bedda\/author\/mktpmp_gedfwb31y\/"}]}},"_links":{"self":[{"href":"https:\/\/agenciaseolocal.eu\/bedda\/wp-json\/wp\/v2\/posts\/987515933","targetHints":{"allow":["GET"]}}],"collection":[{"href":"https:\/\/agenciaseolocal.eu\/bedda\/wp-json\/wp\/v2\/posts"}],"about":[{"href":"https:\/\/agenciaseolocal.eu\/bedda\/wp-json\/wp\/v2\/types\/post"}],"author":[{"embeddable":true,"href":"https:\/\/agenciaseolocal.eu\/bedda\/wp-json\/wp\/v2\/users\/3"}],"replies":[{"embeddable":true,"href":"https:\/\/agenciaseolocal.eu\/bedda\/wp-json\/wp\/v2\/comments?post=987515933"}],"version-history":[{"count":3,"href":"https:\/\/agenciaseolocal.eu\/bedda\/wp-json\/wp\/v2\/posts\/987515933\/revisions"}],"predecessor-version":[{"id":987518295,"href":"https:\/\/agenciaseolocal.eu\/bedda\/wp-json\/wp\/v2\/posts\/987515933\/revisions\/987518295"}],"wp:featuredmedia":[{"embeddable":true,"href":"https:\/\/agenciaseolocal.eu\/bedda\/wp-json\/wp\/v2\/media\/987515951"}],"wp:attachment":[{"href":"https:\/\/agenciaseolocal.eu\/bedda\/wp-json\/wp\/v2\/media?parent=987515933"}],"wp:term":[{"taxonomy":"category","embeddable":true,"href":"https:\/\/agenciaseolocal.eu\/bedda\/wp-json\/wp\/v2\/categories?post=987515933"},{"taxonomy":"post_tag","embeddable":true,"href":"https:\/\/agenciaseolocal.eu\/bedda\/wp-json\/wp\/v2\/tags?post=987515933"}],"curies":[{"name":"wp","href":"https:\/\/api.w.org\/{rel}","templated":true}]}}