{"id":987515935,"date":"2024-06-27T08:52:13","date_gmt":"2024-06-27T06:52:13","guid":{"rendered":"https:\/\/centrosbedda.com\/?p=987515935"},"modified":"2025-01-15T14:29:03","modified_gmt":"2025-01-15T13:29:03","slug":"pastillas-anticonceptivas-compatibles-depilacion-laser","status":"publish","type":"post","link":"https:\/\/agenciaseolocal.eu\/bedda\/pastillas-anticonceptivas-compatibles-depilacion-laser\/","title":{"rendered":"\u00bfSon las pastillas anticonceptivas compatibles con la depilaci\u00f3n?"},"content":{"rendered":"\n<p>Existen muchas mujeres que optan por utilizar&nbsp;<strong>pastillas anticonceptivas<\/strong>&nbsp;como m\u00e9todo para evitar un embarazo no deseado. Sin embargo, surge la interrogante de si estas pastillas son&nbsp;<strong>compatibles con un tratamiento de depilaci\u00f3n l\u00e1ser<\/strong>. En este art\u00edculo de&nbsp;<a href=\"https:\/\/agenciaseolocal.eu\/bedda\/\">Centros bedda<\/a>, exploraremos esta interesante cuesti\u00f3n y analizaremos c\u00f3mo las pastillas anticonceptivas pueden afectar este tipo de procedimiento.<\/p>\n\n\n\n<h2 class=\"wp-block-heading\">\u00bfC\u00f3mo afectan las pastillas anticonceptivas a la depilaci\u00f3n l\u00e1ser?<\/h2>\n\n\n\n<p>Para entender c\u00f3mo las&nbsp;<strong>pastillas anticonceptivas<\/strong>&nbsp;pueden interactuar con la depilaci\u00f3n l\u00e1ser, es importante conocer c\u00f3mo funcionan ambos procesos. Las pastillas anticonceptivas contienen hormonas sint\u00e9ticas que previenen la ovulaci\u00f3n y, por ende, el embarazo. Por otro lado, la&nbsp;<strong>depilaci\u00f3n l\u00e1ser&nbsp;<\/strong>es un procedimiento que utiliza pulsos de luz para calentar y destruir los fol\u00edculos pilosos, lo que resulta en una reducci\u00f3n permanente del vello.<\/p>\n\n\n\n<p>Sin embargo,&nbsp;<strong>estas dos acciones no est\u00e1n necesariamente relacionadas<\/strong>, ya que la depilaci\u00f3n l\u00e1ser se centra en los fol\u00edculos pilosos y no en el ciclo hormonal de la mujer. Por lo tanto, en t\u00e9rminos m\u00e9dicos,&nbsp;<strong>no hay una incompatibilidad directa&nbsp;<\/strong>entre las pastillas anticonceptivas y la depilaci\u00f3n l\u00e1ser.<\/p>\n\n\n\n<p>En cuanto a las pastillas anticonceptivas, es importante destacar que su uso puede afectar la sensibilidad de la piel, lo cual puede influir en la percepci\u00f3n del dolor durante la depilaci\u00f3n l\u00e1ser. Algunas mujeres que toman anticonceptivos hormonales pueden experimentar una mayor sensibilidad en la piel, lo que podr\u00eda hacer que el procedimiento de depilaci\u00f3n l\u00e1ser sea un poco m\u00e1s inc\u00f3modo para ellas.<\/p>\n\n\n\n<p>Adem\u00e1s, es fundamental tener en cuenta que las hormonas presentes en las pastillas anticonceptivas pueden influir en el crecimiento del vello. Aunque la depilaci\u00f3n l\u00e1ser est\u00e1 dise\u00f1ada para reducir permanentemente el vello, es posible que la interacci\u00f3n con las hormonas sint\u00e9ticas de las pastillas anticonceptivas pueda afectar los resultados a largo plazo, haciendo que se necesiten sesiones adicionales para lograr la reducci\u00f3n deseada del vello.<\/p>\n\n\n\n<h2 class=\"wp-block-heading\">\u00bfHay riesgos con el uso de pastillas anticonceptivas?<\/h2>\n\n\n\n<p>Si bien las pastillas anticonceptivas en s\u00ed mismas no representan un riesgo directo para la depilaci\u00f3n l\u00e1ser, es importante considerar los efectos secundarios asociados con estas hormonas sint\u00e9ticas. Algunas mujeres pueden experimentar&nbsp;<strong>cambios en su piel durante el uso de anticonceptivos, como sensibilidad, sequedad o aumento de la pigmentaci\u00f3n<\/strong>.<\/p>\n\n\n\n<p>Estos cambios en la piel podr\u00edan afectar los resultados de la depilaci\u00f3n l\u00e1ser. Por ejemplo, la piel sensible podr\u00eda experimentar un mayor malestar durante el procedimiento. Adem\u00e1s, la pigmentaci\u00f3n alterada podr\u00eda dificultar la efectividad de la depilaci\u00f3n l\u00e1ser, ya que las pulsaciones de luz podr\u00edan absorberse de manera desigual.<\/p>\n\n\n\n<p>Es importante destacar que estos posibles efectos secundarios var\u00edan de una mujer a otra, y es vital consultar a un profesional de la depilaci\u00f3n l\u00e1ser para evaluar los riesgos asociados con el uso de pastillas anticonceptivas durante el tratamiento.<\/p>\n\n\n\n<p>Adem\u00e1s de los efectos en la piel, otro aspecto a considerar al combinar pastillas anticonceptivas y depilaci\u00f3n l\u00e1ser es el&nbsp;<strong>potencial impacto hormonal<\/strong>. Las pastillas anticonceptivas pueden influir en los niveles hormonales de una mujer, lo que a su vez puede afectar la sensibilidad de la piel y la respuesta al tratamiento de depilaci\u00f3n l\u00e1ser.<\/p>\n\n\n\n<p>Algunas mujeres pueden experimentar cambios en la densidad del vello debido a la interacci\u00f3n entre las hormonas y el proceso de depilaci\u00f3n l\u00e1ser. Esto significa que la eficacia del tratamiento puede variar seg\u00fan el ciclo hormonal de cada mujer, lo que podr\u00eda resultar en resultados inconsistentes o necesidad de sesiones adicionales.<\/p>\n\n\n\n<p>Por lo tanto, es esencial&nbsp;<strong>informar a su especialista&nbsp;<\/strong>en depilaci\u00f3n l\u00e1ser sobre cualquier medicamento que est\u00e9 tomando, incluidas las pastillas anticonceptivas, para garantizar un tratamiento seguro y efectivo.<\/p>\n\n\n\n<h2 class=\"wp-block-heading\">\u00bfEs seguro someterse a la depilaci\u00f3n l\u00e1ser mientras se toman anticonceptivos?<\/h2>\n\n\n\n<p>A pesar de los posibles efectos secundarios mencionados anteriormente,&nbsp;<strong>en la mayor\u00eda de los casos, es seguro someterse a la depilaci\u00f3n l\u00e1ser mientras se toman pastillas anticonceptivas<\/strong>. Los profesionales de la depilaci\u00f3n l\u00e1ser est\u00e1n capacitados para evaluar cada situaci\u00f3n de manera individual y ajustar el tratamiento seg\u00fan las necesidades espec\u00edficas de cada paciente.<\/p>\n\n\n\n<p>Es fundamental comunicar al especialista sobre el uso de anticonceptivos orales para que pueda proporcionar una orientaci\u00f3n personalizada y determinar si existen contraindicaciones o precauciones adicionales a tener en cuenta.<\/p>\n\n\n\n<p><strong>La interacci\u00f3n entre la depilaci\u00f3n l\u00e1ser y los anticonceptivos orales ha sido objeto de diversos estudios cient\u00edficos&nbsp;<\/strong>en los \u00faltimos a\u00f1os. Aunque no se ha demostrado una interacci\u00f3n significativa que pueda afectar la eficacia de los anticonceptivos, es importante seguir las recomendaciones del profesional de la salud para garantizar la seguridad del tratamiento.<\/p>\n\n\n\n<p>Adem\u00e1s, se ha observado que en algunos casos, la depilaci\u00f3n l\u00e1ser puede provocar una mayor sensibilidad en la piel, especialmente en aquellas personas que est\u00e1n tomando anticonceptivos hormonales. Por esta raz\u00f3n, es crucial informar al especialista sobre cualquier cambio en la piel durante el tratamiento para ajustar la intensidad de la depilaci\u00f3n l\u00e1ser de manera adecuada.<\/p>\n\n\n\n<h2 class=\"wp-block-heading\">\u00bfHay alg\u00fan riesgo de interacci\u00f3n entre las pastillas anticonceptivas y los dispositivos de depilaci\u00f3n l\u00e1ser?<\/h2>\n\n\n\n<p>En cuanto a la posible interacci\u00f3n entre las pastillas anticonceptivas y los dispositivos de depilaci\u00f3n l\u00e1ser, no hay evidencia cient\u00edfica que demuestre un riesgo espec\u00edfico. Los dispositivos de depilaci\u00f3n l\u00e1ser emiten pulsos de luz que se dirigen a los fol\u00edculos pilosos y no interact\u00faan directamente con las hormonas presentes en las pastillas anticonceptivas.<\/p>\n\n\n\n<p>Por lo tanto,<strong>&nbsp;es poco probable que exista una interacci\u00f3n negativa entre ambos<\/strong>. No obstante, siempre es recomendable seguir las indicaciones del fabricante del dispositivo l\u00e1ser y consultar con un profesional de la depilaci\u00f3n l\u00e1ser para obtener una evaluaci\u00f3n personalizada.<\/p>\n","protected":false},"excerpt":{"rendered":"<p>Existen muchas mujeres que optan por utilizar&nbsp;pastillas anticonceptivas&nbsp;como m\u00e9todo para evitar un embarazo no deseado. Sin embargo, surge la interrogante de si estas pastillas son&nbsp;compatibles con un tratamiento de depilaci\u00f3n l\u00e1ser. En este art\u00edculo de&nbsp;Centros bedda, exploraremos esta interesante cuesti\u00f3n y analizaremos c\u00f3mo las pastillas anticonceptivas pueden afectar este tipo de procedimiento. \u00bfC\u00f3mo afectan las [&hellip;]<\/p>\n","protected":false},"author":3,"featured_media":987515955,"comment_status":"open","ping_status":"closed","sticky":false,"template":"","format":"standard","meta":{"_et_pb_use_builder":"off","_et_pb_old_content":"","_et_gb_content_width":"","_joinchat":[],"footnotes":""},"categories":[51,65],"tags":[],"class_list":["post-987515935","post","type-post","status-publish","format-standard","has-post-thumbnail","hentry","category-blog","category-depilacion"],"yoast_head":"<!-- This site is optimized with the Yoast SEO plugin v25.9 - https:\/\/yoast.com\/wordpress\/plugins\/seo\/ -->\n<title>Pastillas anticonceptivas y depilaci\u00f3n l\u00e1ser | bedda<\/title>\n<meta name=\"description\" content=\"Entra ahora en el blog de Centros bedda y descubre si las pastillas anticonceptivas son compatibles con la depilaci\u00f3n l\u00e1ser. \u00a1Te lo contamos!\" \/>\n<meta name=\"robots\" content=\"noindex, follow, max-snippet:-1, max-image-preview:large, max-video-preview:-1\" \/>\n<meta property=\"og:locale\" content=\"es_ES\" \/>\n<meta property=\"og:type\" content=\"article\" \/>\n<meta property=\"og:title\" content=\"Pastillas anticonceptivas y depilaci\u00f3n l\u00e1ser | bedda\" \/>\n<meta property=\"og:description\" content=\"Entra ahora en el blog de Centros bedda y descubre si las pastillas anticonceptivas son compatibles con la depilaci\u00f3n l\u00e1ser. \u00a1Te lo contamos!\" \/>\n<meta property=\"og:url\" content=\"https:\/\/agenciaseolocal.eu\/bedda\/pastillas-anticonceptivas-compatibles-depilacion-laser\/\" \/>\n<meta property=\"og:site_name\" content=\"Centros bedda\" \/>\n<meta property=\"article:publisher\" content=\"https:\/\/www.facebook.com\/centrobedda\" \/>\n<meta property=\"article:published_time\" content=\"2024-06-27T06:52:13+00:00\" \/>\n<meta property=\"article:modified_time\" content=\"2025-01-15T13:29:03+00:00\" \/>\n<meta property=\"og:image\" content=\"https:\/\/agenciaseolocal.eu\/bedda\/wp-content\/uploads\/2024\/05\/mujer-sujetando-pastillas-anticonceptivas.jpg\" \/>\n\t<meta property=\"og:image:width\" content=\"2560\" \/>\n\t<meta property=\"og:image:height\" content=\"800\" \/>\n\t<meta property=\"og:image:type\" content=\"image\/jpeg\" \/>\n<meta name=\"author\" content=\"Centros bedda\" \/>\n<meta name=\"twitter:card\" content=\"summary_large_image\" \/>\n<meta name=\"twitter:creator\" content=\"@centrosbedda\" \/>\n<meta name=\"twitter:site\" content=\"@centrosbedda\" \/>\n<meta name=\"twitter:label1\" content=\"Escrito por\" \/>\n\t<meta name=\"twitter:data1\" content=\"Centros bedda\" \/>\n\t<meta name=\"twitter:label2\" content=\"Tiempo de lectura\" \/>\n\t<meta name=\"twitter:data2\" content=\"5 minutos\" \/>\n<!-- \/ Yoast SEO plugin. -->","yoast_head_json":{"title":"Pastillas anticonceptivas y depilaci\u00f3n l\u00e1ser | bedda","description":"Entra ahora en el blog de Centros bedda y descubre si las pastillas anticonceptivas son compatibles con la depilaci\u00f3n l\u00e1ser. \u00a1Te lo contamos!","robots":{"index":"noindex","follow":"follow","max-snippet":"max-snippet:-1","max-image-preview":"max-image-preview:large","max-video-preview":"max-video-preview:-1"},"og_locale":"es_ES","og_type":"article","og_title":"Pastillas anticonceptivas y depilaci\u00f3n l\u00e1ser | bedda","og_description":"Entra ahora en el blog de Centros bedda y descubre si las pastillas anticonceptivas son compatibles con la depilaci\u00f3n l\u00e1ser. \u00a1Te lo contamos!","og_url":"https:\/\/agenciaseolocal.eu\/bedda\/pastillas-anticonceptivas-compatibles-depilacion-laser\/","og_site_name":"Centros bedda","article_publisher":"https:\/\/www.facebook.com\/centrobedda","article_published_time":"2024-06-27T06:52:13+00:00","article_modified_time":"2025-01-15T13:29:03+00:00","og_image":[{"width":2560,"height":800,"url":"https:\/\/agenciaseolocal.eu\/bedda\/wp-content\/uploads\/2024\/05\/mujer-sujetando-pastillas-anticonceptivas.jpg","type":"image\/jpeg"}],"author":"Centros bedda","twitter_card":"summary_large_image","twitter_creator":"@centrosbedda","twitter_site":"@centrosbedda","twitter_misc":{"Escrito por":"Centros bedda","Tiempo de lectura":"5 minutos"},"schema":{"@context":"https:\/\/schema.org","@graph":[{"@type":"Article","@id":"https:\/\/agenciaseolocal.eu\/bedda\/pastillas-anticonceptivas-compatibles-depilacion-laser\/#article","isPartOf":{"@id":"https:\/\/agenciaseolocal.eu\/bedda\/pastillas-anticonceptivas-compatibles-depilacion-laser\/"},"author":{"name":"Centros bedda","@id":"https:\/\/agenciaseolocal.eu\/bedda\/#\/schema\/person\/ca3010faf67f189fd2de8d61a763fc8b"},"headline":"\u00bfSon las pastillas anticonceptivas compatibles con la depilaci\u00f3n?","datePublished":"2024-06-27T06:52:13+00:00","dateModified":"2025-01-15T13:29:03+00:00","mainEntityOfPage":{"@id":"https:\/\/agenciaseolocal.eu\/bedda\/pastillas-anticonceptivas-compatibles-depilacion-laser\/"},"wordCount":1037,"commentCount":0,"publisher":{"@id":"https:\/\/agenciaseolocal.eu\/bedda\/#organization"},"image":{"@id":"https:\/\/agenciaseolocal.eu\/bedda\/pastillas-anticonceptivas-compatibles-depilacion-laser\/#primaryimage"},"thumbnailUrl":"https:\/\/agenciaseolocal.eu\/bedda\/wp-content\/uploads\/2024\/05\/mujer-sujetando-pastillas-anticonceptivas.jpg","articleSection":["Blog","Depilaci\u00f3n"],"inLanguage":"es","potentialAction":[{"@type":"CommentAction","name":"Comment","target":["https:\/\/agenciaseolocal.eu\/bedda\/pastillas-anticonceptivas-compatibles-depilacion-laser\/#respond"]}]},{"@type":"WebPage","@id":"https:\/\/agenciaseolocal.eu\/bedda\/pastillas-anticonceptivas-compatibles-depilacion-laser\/","url":"https:\/\/agenciaseolocal.eu\/bedda\/pastillas-anticonceptivas-compatibles-depilacion-laser\/","name":"Pastillas anticonceptivas y depilaci\u00f3n l\u00e1ser | bedda","isPartOf":{"@id":"https:\/\/agenciaseolocal.eu\/bedda\/#website"},"primaryImageOfPage":{"@id":"https:\/\/agenciaseolocal.eu\/bedda\/pastillas-anticonceptivas-compatibles-depilacion-laser\/#primaryimage"},"image":{"@id":"https:\/\/agenciaseolocal.eu\/bedda\/pastillas-anticonceptivas-compatibles-depilacion-laser\/#primaryimage"},"thumbnailUrl":"https:\/\/agenciaseolocal.eu\/bedda\/wp-content\/uploads\/2024\/05\/mujer-sujetando-pastillas-anticonceptivas.jpg","datePublished":"2024-06-27T06:52:13+00:00","dateModified":"2025-01-15T13:29:03+00:00","description":"Entra ahora en el blog de Centros bedda y descubre si las pastillas anticonceptivas son compatibles con la depilaci\u00f3n l\u00e1ser. \u00a1Te lo contamos!","breadcrumb":{"@id":"https:\/\/agenciaseolocal.eu\/bedda\/pastillas-anticonceptivas-compatibles-depilacion-laser\/#breadcrumb"},"inLanguage":"es","potentialAction":[{"@type":"ReadAction","target":["https:\/\/agenciaseolocal.eu\/bedda\/pastillas-anticonceptivas-compatibles-depilacion-laser\/"]}]},{"@type":"ImageObject","inLanguage":"es","@id":"https:\/\/agenciaseolocal.eu\/bedda\/pastillas-anticonceptivas-compatibles-depilacion-laser\/#primaryimage","url":"https:\/\/agenciaseolocal.eu\/bedda\/wp-content\/uploads\/2024\/05\/mujer-sujetando-pastillas-anticonceptivas.jpg","contentUrl":"https:\/\/agenciaseolocal.eu\/bedda\/wp-content\/uploads\/2024\/05\/mujer-sujetando-pastillas-anticonceptivas.jpg","width":2560,"height":800,"caption":"mujer sujetando pastillas anticonceptivas"},{"@type":"BreadcrumbList","@id":"https:\/\/agenciaseolocal.eu\/bedda\/pastillas-anticonceptivas-compatibles-depilacion-laser\/#breadcrumb","itemListElement":[{"@type":"ListItem","position":1,"name":"Portada","item":"https:\/\/agenciaseolocal.eu\/bedda\/"},{"@type":"ListItem","position":2,"name":"\u00bfSon las pastillas anticonceptivas compatibles con la depilaci\u00f3n?"}]},{"@type":"WebSite","@id":"https:\/\/agenciaseolocal.eu\/bedda\/#website","url":"https:\/\/agenciaseolocal.eu\/bedda\/","name":"Centros bedda","description":"Centro de depilaci\u00f3n l\u00e1ser","publisher":{"@id":"https:\/\/agenciaseolocal.eu\/bedda\/#organization"},"potentialAction":[{"@type":"SearchAction","target":{"@type":"EntryPoint","urlTemplate":"https:\/\/agenciaseolocal.eu\/bedda\/?s={search_term_string}"},"query-input":{"@type":"PropertyValueSpecification","valueRequired":true,"valueName":"search_term_string"}}],"inLanguage":"es"},{"@type":"Organization","@id":"https:\/\/agenciaseolocal.eu\/bedda\/#organization","name":"Centros bedda","url":"https:\/\/agenciaseolocal.eu\/bedda\/","logo":{"@type":"ImageObject","inLanguage":"es","@id":"https:\/\/agenciaseolocal.eu\/bedda\/#\/schema\/logo\/image\/","url":"https:\/\/agenciaseolocal.eu\/bedda\/wp-content\/uploads\/2024\/04\/centros-bedda-depilacion-laser-logo.png","contentUrl":"https:\/\/agenciaseolocal.eu\/bedda\/wp-content\/uploads\/2024\/04\/centros-bedda-depilacion-laser-logo.png","width":220,"height":220,"caption":"Centros bedda"},"image":{"@id":"https:\/\/agenciaseolocal.eu\/bedda\/#\/schema\/logo\/image\/"},"sameAs":["https:\/\/www.facebook.com\/centrobedda","https:\/\/x.com\/centrosbedda","https:\/\/www.youtube.com\/channel\/UCV57tDnQcnHfTici1funk4g?app=desktop","https:\/\/www.instagram.com\/centrosbedda\/","https:\/\/www.linkedin.com\/company\/centros-bedda\/"]},{"@type":"Person","@id":"https:\/\/agenciaseolocal.eu\/bedda\/#\/schema\/person\/ca3010faf67f189fd2de8d61a763fc8b","name":"Centros bedda","image":{"@type":"ImageObject","inLanguage":"es","@id":"https:\/\/agenciaseolocal.eu\/bedda\/#\/schema\/person\/image\/","url":"https:\/\/secure.gravatar.com\/avatar\/ea1f00b0a249719594f6b50ee5d3214c2c192531d8f80f789208e2aa9605ac08?s=96&d=mm&r=g","contentUrl":"https:\/\/secure.gravatar.com\/avatar\/ea1f00b0a249719594f6b50ee5d3214c2c192531d8f80f789208e2aa9605ac08?s=96&d=mm&r=g","caption":"Centros bedda"},"url":"https:\/\/agenciaseolocal.eu\/bedda\/author\/mktpmp_gedfwb31y\/"}]}},"_links":{"self":[{"href":"https:\/\/agenciaseolocal.eu\/bedda\/wp-json\/wp\/v2\/posts\/987515935","targetHints":{"allow":["GET"]}}],"collection":[{"href":"https:\/\/agenciaseolocal.eu\/bedda\/wp-json\/wp\/v2\/posts"}],"about":[{"href":"https:\/\/agenciaseolocal.eu\/bedda\/wp-json\/wp\/v2\/types\/post"}],"author":[{"embeddable":true,"href":"https:\/\/agenciaseolocal.eu\/bedda\/wp-json\/wp\/v2\/users\/3"}],"replies":[{"embeddable":true,"href":"https:\/\/agenciaseolocal.eu\/bedda\/wp-json\/wp\/v2\/comments?post=987515935"}],"version-history":[{"count":4,"href":"https:\/\/agenciaseolocal.eu\/bedda\/wp-json\/wp\/v2\/posts\/987515935\/revisions"}],"predecessor-version":[{"id":987518285,"href":"https:\/\/agenciaseolocal.eu\/bedda\/wp-json\/wp\/v2\/posts\/987515935\/revisions\/987518285"}],"wp:featuredmedia":[{"embeddable":true,"href":"https:\/\/agenciaseolocal.eu\/bedda\/wp-json\/wp\/v2\/media\/987515955"}],"wp:attachment":[{"href":"https:\/\/agenciaseolocal.eu\/bedda\/wp-json\/wp\/v2\/media?parent=987515935"}],"wp:term":[{"taxonomy":"category","embeddable":true,"href":"https:\/\/agenciaseolocal.eu\/bedda\/wp-json\/wp\/v2\/categories?post=987515935"},{"taxonomy":"post_tag","embeddable":true,"href":"https:\/\/agenciaseolocal.eu\/bedda\/wp-json\/wp\/v2\/tags?post=987515935"}],"curies":[{"name":"wp","href":"https:\/\/api.w.org\/{rel}","templated":true}]}}