{"id":987516147,"date":"2024-07-05T10:55:00","date_gmt":"2024-07-05T08:55:00","guid":{"rendered":"https:\/\/centrosbedda.com\/?p=987516147"},"modified":"2025-01-15T14:45:05","modified_gmt":"2025-01-15T13:45:05","slug":"medicamentos-contra-alopecia-depilacion-laser-compatibles","status":"publish","type":"post","link":"https:\/\/agenciaseolocal.eu\/bedda\/medicamentos-contra-alopecia-depilacion-laser-compatibles\/","title":{"rendered":"Medicamentos contra la alopecia y depilaci\u00f3n l\u00e1ser: \u00bfCompatibles?"},"content":{"rendered":"\n<p>Cada vez m\u00e1s personas buscan soluciones para frenar la ca\u00edda del cabello y eliminar el vello corporal de forma duradera. \u00bfPero qu\u00e9 ocurre cuando estas dos preocupaciones se entrecruzan? Los medicamentos contra la alopecia y la depilaci\u00f3n l\u00e1ser pueden parecer dos caminos opuestos, sin embargo, en este art\u00edculo de&nbsp;<a href=\"https:\/\/agenciaseolocal.eu\/bedda\/\">Centros bedda<\/a>&nbsp;te informaremos sobre su compatibilidad y las precauciones que debes tomar.<\/p>\n\n\n\n<h2 class=\"wp-block-heading\">\u00bfC\u00f3mo afectan los medicamentos contra la alopecia a la depilaci\u00f3n?<\/h2>\n\n\n\n<p>Comencemos desvelando c\u00f3mo afectan los medicamentos contra la alopecia a la efectividad de la depilaci\u00f3n l\u00e1ser.<\/p>\n\n\n\n<p>Hay que tener en cuenta que&nbsp;<strong>el l\u00e1ser act\u00faa sobre el pigmento del pelo<\/strong>, debilit\u00e1ndolo en cada sesi\u00f3n y, eventualmente, logrando que no vuelva a crecer. Sin embargo, algunos medicamentos para la alopecia pueden interactuar con este proceso.<\/p>\n\n\n\n<p><strong>Es importante consultar con el especialista<\/strong>&nbsp;en depilaci\u00f3n l\u00e1ser para conocer las particularidades de cada caso y verificar si es seguro proseguir con el tratamiento l\u00e1ser mientras se toma medicaci\u00f3n contra la ca\u00edda del cabello.<\/p>\n\n\n\n<p><strong>En algunos casos, los medicamentos para la alopecia contienen principios activos que pueden interferir con el buen funcionamiento de la depilaci\u00f3n l\u00e1ser<\/strong>. Como resultado, los resultados pueden no ser tan satisfactorios como se espera.<\/p>\n\n\n\n<p>Adem\u00e1s, es relevante mencionar que la depilaci\u00f3n l\u00e1ser no es un proceso instant\u00e1neo, ya que se requieren varias sesiones para obtener resultados \u00f3ptimos. La combinaci\u00f3n de este tratamiento con medicamentos para la alopecia puede&nbsp;<strong>requerir un seguimiento cuidadoso&nbsp;<\/strong>para garantizar la eficacia de ambos procedimientos y evitar posibles contraindicaciones.<\/p>\n\n\n\n<h2 class=\"wp-block-heading\">Precauciones si est\u00e1s en tratamiento contra la alopecia<\/h2>\n\n\n\n<p>Si est\u00e1s bajo tratamiento para la alopecia y deseas someterte a sesiones de depilaci\u00f3n l\u00e1ser, es fundamental&nbsp;<strong>seguir algunas precauciones&nbsp;<\/strong>para garantizar la seguridad y la efectividad del proceso.<\/p>\n\n\n\n<p>En primer lugar, es esencial<strong>&nbsp;informar a tu especialista en depilaci\u00f3n l\u00e1ser<\/strong>&nbsp;sobre los medicamentos que est\u00e1s tomando para la alopecia. El profesional podr\u00e1 evaluar las posibles interacciones y ajustar el tratamiento de acuerdo a tu situaci\u00f3n.<\/p>\n\n\n\n<p>Adem\u00e1s, es importante tener en cuenta que la depilaci\u00f3n l\u00e1ser puede ser m\u00e1s eficaz en ciertos momentos del ciclo de crecimiento del pelo. Por lo tanto, es conveniente&nbsp;<strong>coordinar el tratamiento l\u00e1ser con el per\u00edodo adecuado<\/strong>&nbsp;para optimizar los resultados.<\/p>\n\n\n\n<p>\u00a1No olvides&nbsp;<strong>realizar una prueba de sensibilidad<\/strong>&nbsp;antes de comenzar el tratamiento! Esto es especialmente importante si est\u00e1s utilizando medicamentos o productos t\u00f3picos para tratar la alopecia, ya que tu piel puede reaccionar de manera diferente.<\/p>\n\n\n\n<p>Por \u00faltimo, recuerda que tanto los medicamentos contra la alopecia como la depilaci\u00f3n l\u00e1ser son procedimientos que requieren tiempo y paciencia.&nbsp;<strong>Los resultados no son inmediatos<\/strong>, pero con perseverancia y cuidado, podr\u00e1s alcanzar tus metas de tener un cabello sano y una piel libre de vello.<\/p>\n\n\n\n<h2 class=\"wp-block-heading\">\u00bfC\u00f3mo act\u00faan los medicamentos para la alopecia?<\/h2>\n\n\n\n<p>En cuanto a los medicamentos utilizados para tratar la alopecia, es importante destacar que&nbsp;<strong>existen diferentes opciones&nbsp;<\/strong>disponibles en el mercado. Algunos de ellos&nbsp;<strong>act\u00faan directamente sobre los fol\u00edculos pilosos<\/strong>, estimulando el crecimiento del cabello, mientras que otros se enfocan en&nbsp;<strong>bloquear la acci\u00f3n de la hormona responsable de la ca\u00edda del pelo<\/strong>.<\/p>\n\n\n\n<p>Es fundamental&nbsp;<strong>seguir las indicaciones de tu m\u00e9dico especialista<\/strong>&nbsp;para asegurarte de utilizar el medicamento adecuado para tu tipo de alopecia. Adem\u00e1s, es importante tener en cuenta que&nbsp;<strong>estos medicamentos pueden tener efectos secundarios<\/strong>, por lo que es esencial informarte sobre ellos y estar atento a cualquier cambio o reacci\u00f3n inusual en tu cuerpo.<\/p>\n\n\n\n<p>En resumen, el tratamiento contra la alopecia y la depilaci\u00f3n l\u00e1ser son dos procedimientos que pueden complementarse, siempre y cuando se tomen las precauciones necesarias. Consultar con profesionales especializados, seguir las indicaciones m\u00e9dicas y tener paciencia son clave para obtener los mejores resultados y cuidar de tu salud capilar y cut\u00e1nea.<\/p>\n","protected":false},"excerpt":{"rendered":"<p>Cada vez m\u00e1s personas buscan soluciones para frenar la ca\u00edda del cabello y eliminar el vello corporal de forma duradera. \u00bfPero qu\u00e9 ocurre cuando estas dos preocupaciones se entrecruzan? Los medicamentos contra la alopecia y la depilaci\u00f3n l\u00e1ser pueden parecer dos caminos opuestos, sin embargo, en este art\u00edculo de&nbsp;Centros bedda&nbsp;te informaremos sobre su compatibilidad y [&hellip;]<\/p>\n","protected":false},"author":3,"featured_media":987516161,"comment_status":"open","ping_status":"closed","sticky":false,"template":"","format":"standard","meta":{"_et_pb_use_builder":"off","_et_pb_old_content":"","_et_gb_content_width":"","_joinchat":[],"footnotes":""},"categories":[51,65],"tags":[],"class_list":["post-987516147","post","type-post","status-publish","format-standard","has-post-thumbnail","hentry","category-blog","category-depilacion"],"yoast_head":"<!-- This site is optimized with the Yoast SEO plugin v25.9 - https:\/\/yoast.com\/wordpress\/plugins\/seo\/ -->\n<title>Medicamentos par alopecia y depilaci\u00f3n l\u00e1ser | bedda<\/title>\n<meta name=\"description\" content=\"Visita el blog de Centros bedda y descubre si los medicamentos contra la alopecia son compatibles con la depilaci\u00f3n l\u00e1ser. \u00a1Te lo contamos!\" \/>\n<meta name=\"robots\" content=\"noindex, follow, max-snippet:-1, max-image-preview:large, max-video-preview:-1\" \/>\n<meta property=\"og:locale\" content=\"es_ES\" \/>\n<meta property=\"og:type\" content=\"article\" \/>\n<meta property=\"og:title\" content=\"Medicamentos par alopecia y depilaci\u00f3n l\u00e1ser | bedda\" \/>\n<meta property=\"og:description\" content=\"Visita el blog de Centros bedda y descubre si los medicamentos contra la alopecia son compatibles con la depilaci\u00f3n l\u00e1ser. \u00a1Te lo contamos!\" \/>\n<meta property=\"og:url\" content=\"https:\/\/agenciaseolocal.eu\/bedda\/medicamentos-contra-alopecia-depilacion-laser-compatibles\/\" \/>\n<meta property=\"og:site_name\" content=\"Centros bedda\" \/>\n<meta property=\"article:publisher\" content=\"https:\/\/www.facebook.com\/centrobedda\" \/>\n<meta property=\"article:published_time\" content=\"2024-07-05T08:55:00+00:00\" \/>\n<meta property=\"article:modified_time\" content=\"2025-01-15T13:45:05+00:00\" \/>\n<meta property=\"og:image\" content=\"https:\/\/agenciaseolocal.eu\/bedda\/wp-content\/uploads\/2024\/05\/hombre-con-alopecia-echandose-producto.webp\" \/>\n\t<meta property=\"og:image:width\" content=\"2000\" \/>\n\t<meta property=\"og:image:height\" content=\"700\" \/>\n\t<meta property=\"og:image:type\" content=\"image\/webp\" \/>\n<meta name=\"author\" content=\"Centros bedda\" \/>\n<meta name=\"twitter:card\" content=\"summary_large_image\" \/>\n<meta name=\"twitter:creator\" content=\"@centrosbedda\" \/>\n<meta name=\"twitter:site\" content=\"@centrosbedda\" \/>\n<meta name=\"twitter:label1\" content=\"Escrito por\" \/>\n\t<meta name=\"twitter:data1\" content=\"Centros bedda\" \/>\n\t<meta name=\"twitter:label2\" content=\"Tiempo de lectura\" \/>\n\t<meta name=\"twitter:data2\" content=\"4 minutos\" \/>\n<!-- \/ Yoast SEO plugin. -->","yoast_head_json":{"title":"Medicamentos par alopecia y depilaci\u00f3n l\u00e1ser | bedda","description":"Visita el blog de Centros bedda y descubre si los medicamentos contra la alopecia son compatibles con la depilaci\u00f3n l\u00e1ser. \u00a1Te lo contamos!","robots":{"index":"noindex","follow":"follow","max-snippet":"max-snippet:-1","max-image-preview":"max-image-preview:large","max-video-preview":"max-video-preview:-1"},"og_locale":"es_ES","og_type":"article","og_title":"Medicamentos par alopecia y depilaci\u00f3n l\u00e1ser | bedda","og_description":"Visita el blog de Centros bedda y descubre si los medicamentos contra la alopecia son compatibles con la depilaci\u00f3n l\u00e1ser. \u00a1Te lo contamos!","og_url":"https:\/\/agenciaseolocal.eu\/bedda\/medicamentos-contra-alopecia-depilacion-laser-compatibles\/","og_site_name":"Centros bedda","article_publisher":"https:\/\/www.facebook.com\/centrobedda","article_published_time":"2024-07-05T08:55:00+00:00","article_modified_time":"2025-01-15T13:45:05+00:00","og_image":[{"width":2000,"height":700,"url":"https:\/\/agenciaseolocal.eu\/bedda\/wp-content\/uploads\/2024\/05\/hombre-con-alopecia-echandose-producto.webp","type":"image\/webp"}],"author":"Centros bedda","twitter_card":"summary_large_image","twitter_creator":"@centrosbedda","twitter_site":"@centrosbedda","twitter_misc":{"Escrito por":"Centros bedda","Tiempo de lectura":"4 minutos"},"schema":{"@context":"https:\/\/schema.org","@graph":[{"@type":"Article","@id":"https:\/\/agenciaseolocal.eu\/bedda\/medicamentos-contra-alopecia-depilacion-laser-compatibles\/#article","isPartOf":{"@id":"https:\/\/agenciaseolocal.eu\/bedda\/medicamentos-contra-alopecia-depilacion-laser-compatibles\/"},"author":{"name":"Centros bedda","@id":"https:\/\/agenciaseolocal.eu\/bedda\/#\/schema\/person\/ca3010faf67f189fd2de8d61a763fc8b"},"headline":"Medicamentos contra la alopecia y depilaci\u00f3n l\u00e1ser: \u00bfCompatibles?","datePublished":"2024-07-05T08:55:00+00:00","dateModified":"2025-01-15T13:45:05+00:00","mainEntityOfPage":{"@id":"https:\/\/agenciaseolocal.eu\/bedda\/medicamentos-contra-alopecia-depilacion-laser-compatibles\/"},"wordCount":695,"commentCount":0,"publisher":{"@id":"https:\/\/agenciaseolocal.eu\/bedda\/#organization"},"image":{"@id":"https:\/\/agenciaseolocal.eu\/bedda\/medicamentos-contra-alopecia-depilacion-laser-compatibles\/#primaryimage"},"thumbnailUrl":"https:\/\/agenciaseolocal.eu\/bedda\/wp-content\/uploads\/2024\/05\/hombre-con-alopecia-echandose-producto.webp","articleSection":["Blog","Depilaci\u00f3n"],"inLanguage":"es","potentialAction":[{"@type":"CommentAction","name":"Comment","target":["https:\/\/agenciaseolocal.eu\/bedda\/medicamentos-contra-alopecia-depilacion-laser-compatibles\/#respond"]}]},{"@type":"WebPage","@id":"https:\/\/agenciaseolocal.eu\/bedda\/medicamentos-contra-alopecia-depilacion-laser-compatibles\/","url":"https:\/\/agenciaseolocal.eu\/bedda\/medicamentos-contra-alopecia-depilacion-laser-compatibles\/","name":"Medicamentos par alopecia y depilaci\u00f3n l\u00e1ser | bedda","isPartOf":{"@id":"https:\/\/agenciaseolocal.eu\/bedda\/#website"},"primaryImageOfPage":{"@id":"https:\/\/agenciaseolocal.eu\/bedda\/medicamentos-contra-alopecia-depilacion-laser-compatibles\/#primaryimage"},"image":{"@id":"https:\/\/agenciaseolocal.eu\/bedda\/medicamentos-contra-alopecia-depilacion-laser-compatibles\/#primaryimage"},"thumbnailUrl":"https:\/\/agenciaseolocal.eu\/bedda\/wp-content\/uploads\/2024\/05\/hombre-con-alopecia-echandose-producto.webp","datePublished":"2024-07-05T08:55:00+00:00","dateModified":"2025-01-15T13:45:05+00:00","description":"Visita el blog de Centros bedda y descubre si los medicamentos contra la alopecia son compatibles con la depilaci\u00f3n l\u00e1ser. \u00a1Te lo contamos!","breadcrumb":{"@id":"https:\/\/agenciaseolocal.eu\/bedda\/medicamentos-contra-alopecia-depilacion-laser-compatibles\/#breadcrumb"},"inLanguage":"es","potentialAction":[{"@type":"ReadAction","target":["https:\/\/agenciaseolocal.eu\/bedda\/medicamentos-contra-alopecia-depilacion-laser-compatibles\/"]}]},{"@type":"ImageObject","inLanguage":"es","@id":"https:\/\/agenciaseolocal.eu\/bedda\/medicamentos-contra-alopecia-depilacion-laser-compatibles\/#primaryimage","url":"https:\/\/agenciaseolocal.eu\/bedda\/wp-content\/uploads\/2024\/05\/hombre-con-alopecia-echandose-producto.webp","contentUrl":"https:\/\/agenciaseolocal.eu\/bedda\/wp-content\/uploads\/2024\/05\/hombre-con-alopecia-echandose-producto.webp","width":2000,"height":700,"caption":"hombre con alopecia echandose producto"},{"@type":"BreadcrumbList","@id":"https:\/\/agenciaseolocal.eu\/bedda\/medicamentos-contra-alopecia-depilacion-laser-compatibles\/#breadcrumb","itemListElement":[{"@type":"ListItem","position":1,"name":"Portada","item":"https:\/\/agenciaseolocal.eu\/bedda\/"},{"@type":"ListItem","position":2,"name":"Medicamentos contra la alopecia y depilaci\u00f3n l\u00e1ser: \u00bfCompatibles?"}]},{"@type":"WebSite","@id":"https:\/\/agenciaseolocal.eu\/bedda\/#website","url":"https:\/\/agenciaseolocal.eu\/bedda\/","name":"Centros bedda","description":"Centro de depilaci\u00f3n l\u00e1ser","publisher":{"@id":"https:\/\/agenciaseolocal.eu\/bedda\/#organization"},"potentialAction":[{"@type":"SearchAction","target":{"@type":"EntryPoint","urlTemplate":"https:\/\/agenciaseolocal.eu\/bedda\/?s={search_term_string}"},"query-input":{"@type":"PropertyValueSpecification","valueRequired":true,"valueName":"search_term_string"}}],"inLanguage":"es"},{"@type":"Organization","@id":"https:\/\/agenciaseolocal.eu\/bedda\/#organization","name":"Centros bedda","url":"https:\/\/agenciaseolocal.eu\/bedda\/","logo":{"@type":"ImageObject","inLanguage":"es","@id":"https:\/\/agenciaseolocal.eu\/bedda\/#\/schema\/logo\/image\/","url":"https:\/\/agenciaseolocal.eu\/bedda\/wp-content\/uploads\/2024\/04\/centros-bedda-depilacion-laser-logo.png","contentUrl":"https:\/\/agenciaseolocal.eu\/bedda\/wp-content\/uploads\/2024\/04\/centros-bedda-depilacion-laser-logo.png","width":220,"height":220,"caption":"Centros bedda"},"image":{"@id":"https:\/\/agenciaseolocal.eu\/bedda\/#\/schema\/logo\/image\/"},"sameAs":["https:\/\/www.facebook.com\/centrobedda","https:\/\/x.com\/centrosbedda","https:\/\/www.youtube.com\/channel\/UCV57tDnQcnHfTici1funk4g?app=desktop","https:\/\/www.instagram.com\/centrosbedda\/","https:\/\/www.linkedin.com\/company\/centros-bedda\/"]},{"@type":"Person","@id":"https:\/\/agenciaseolocal.eu\/bedda\/#\/schema\/person\/ca3010faf67f189fd2de8d61a763fc8b","name":"Centros bedda","image":{"@type":"ImageObject","inLanguage":"es","@id":"https:\/\/agenciaseolocal.eu\/bedda\/#\/schema\/person\/image\/","url":"https:\/\/secure.gravatar.com\/avatar\/ea1f00b0a249719594f6b50ee5d3214c2c192531d8f80f789208e2aa9605ac08?s=96&d=mm&r=g","contentUrl":"https:\/\/secure.gravatar.com\/avatar\/ea1f00b0a249719594f6b50ee5d3214c2c192531d8f80f789208e2aa9605ac08?s=96&d=mm&r=g","caption":"Centros bedda"},"url":"https:\/\/agenciaseolocal.eu\/bedda\/author\/mktpmp_gedfwb31y\/"}]}},"_links":{"self":[{"href":"https:\/\/agenciaseolocal.eu\/bedda\/wp-json\/wp\/v2\/posts\/987516147","targetHints":{"allow":["GET"]}}],"collection":[{"href":"https:\/\/agenciaseolocal.eu\/bedda\/wp-json\/wp\/v2\/posts"}],"about":[{"href":"https:\/\/agenciaseolocal.eu\/bedda\/wp-json\/wp\/v2\/types\/post"}],"author":[{"embeddable":true,"href":"https:\/\/agenciaseolocal.eu\/bedda\/wp-json\/wp\/v2\/users\/3"}],"replies":[{"embeddable":true,"href":"https:\/\/agenciaseolocal.eu\/bedda\/wp-json\/wp\/v2\/comments?post=987516147"}],"version-history":[{"count":2,"href":"https:\/\/agenciaseolocal.eu\/bedda\/wp-json\/wp\/v2\/posts\/987516147\/revisions"}],"predecessor-version":[{"id":987518305,"href":"https:\/\/agenciaseolocal.eu\/bedda\/wp-json\/wp\/v2\/posts\/987516147\/revisions\/987518305"}],"wp:featuredmedia":[{"embeddable":true,"href":"https:\/\/agenciaseolocal.eu\/bedda\/wp-json\/wp\/v2\/media\/987516161"}],"wp:attachment":[{"href":"https:\/\/agenciaseolocal.eu\/bedda\/wp-json\/wp\/v2\/media?parent=987516147"}],"wp:term":[{"taxonomy":"category","embeddable":true,"href":"https:\/\/agenciaseolocal.eu\/bedda\/wp-json\/wp\/v2\/categories?post=987516147"},{"taxonomy":"post_tag","embeddable":true,"href":"https:\/\/agenciaseolocal.eu\/bedda\/wp-json\/wp\/v2\/tags?post=987516147"}],"curies":[{"name":"wp","href":"https:\/\/api.w.org\/{rel}","templated":true}]}}