{"id":987516149,"date":"2024-07-09T11:01:00","date_gmt":"2024-07-09T09:01:00","guid":{"rendered":"https:\/\/centrosbedda.com\/?p=987516149"},"modified":"2024-06-14T10:21:37","modified_gmt":"2024-06-14T08:21:37","slug":"depilacion-laser-pieles-oscuras","status":"publish","type":"post","link":"https:\/\/agenciaseolocal.eu\/bedda\/depilacion-laser-pieles-oscuras\/","title":{"rendered":"Depilaci\u00f3n l\u00e1ser en pieles oscuras: Todo lo que debes saber"},"content":{"rendered":"\n<p>La&nbsp;<a href=\"https:\/\/agenciaseolocal.eu\/bedda\/\">depilaci\u00f3n l\u00e1ser<\/a>&nbsp;es una soluci\u00f3n popular y efectiva para deshacerse del vello no deseado de forma duradera. Sin embargo, cuando se trata de pieles oscuras, surgen ciertas preocupaciones y dudas. En este art\u00edculo, responderemos todas tus preguntas sobre la depilaci\u00f3n l\u00e1ser en pieles oscuras y te daremos informaci\u00f3n valiosa para que puedas tomar decisiones informadas sobre tu cuidado personal.<\/p>\n\n\n\n<h2 class=\"wp-block-heading\">\u00bfEs segura la depilaci\u00f3n l\u00e1ser en pieles oscuras?<\/h2>\n\n\n\n<p>Una de las preocupaciones m\u00e1s comunes es si&nbsp;<strong>la depilaci\u00f3n l\u00e1ser es segura para las personas con pieles oscuras<\/strong>. La respuesta es s\u00ed, siempre y cuando se utilicen los tipos de l\u00e1ser adecuados. La melanina, el pigmento responsable del color de la piel, tambi\u00e9n es el objetivo del l\u00e1ser. Por lo tanto, es importante utilizar l\u00e1seres que sean seguros y efectivos en pieles m\u00e1s oscuras.<\/p>\n\n\n\n<p>Al elegir un centro de depilaci\u00f3n l\u00e1ser, aseg\u00farate de que cuenten con&nbsp;<strong>l\u00e1seres que sean efectivos en pieles oscuras<\/strong>. Estos l\u00e1seres son capaces de penetrar de manera segura en la piel sin causar da\u00f1o ni cambios indeseables en la pigmentaci\u00f3n.<\/p>\n\n\n\n<p>Adem\u00e1s, es importante tener en cuenta que&nbsp;<strong>la depilaci\u00f3n l\u00e1ser en pieles oscuras puede requerir un n\u00famero ligeramente mayor de sesiones&nbsp;<\/strong>en comparaci\u00f3n con las pieles m\u00e1s claras. Esto se debe a que el contraste entre el color del vello y el tono de la piel es menor, lo que significa que el l\u00e1ser puede requerir m\u00e1s sesiones para eliminar eficazmente el vello no deseado.<\/p>\n\n\n\n<h2 class=\"wp-block-heading\">Tipos de l\u00e1ser recomendados para pieles oscuras<\/h2>\n\n\n\n<p>Existen diferentes tipos de l\u00e1seres en el mercado y algunos son m\u00e1s adecuados para pieles oscuras que otros. El&nbsp;<strong>l\u00e1ser de diodo&nbsp;<\/strong>es una opci\u00f3n popular y segura para personas con pieles m\u00e1s oscuras.<\/p>\n\n\n\n<p><strong>El l\u00e1ser de diodo suele ser el m\u00e1s recomendado para pieles con alto contenido de melanina<\/strong>, ya que puede ser ajustado para adaptarse a diferentes tonos de piel.<\/p>\n\n\n\n<h2 class=\"wp-block-heading\">Efectividad del l\u00e1ser en tonos de piel m\u00e1s oscuros<\/h2>\n\n\n\n<p>Es comprensible que te preguntes si&nbsp;<strong>la depilaci\u00f3n l\u00e1ser ser\u00e1 tan efectiva en pieles m\u00e1s oscuras como lo es en pieles m\u00e1s claras<\/strong>. La respuesta es s\u00ed, aunque puede requerir m\u00e1s sesiones para obtener los mismos resultados. Esto se debe a que la melanina en la piel oscura tambi\u00e9n absorbe parte de la energ\u00eda del l\u00e1ser, lo que puede disminuir la efectividad del tratamiento.<\/p>\n\n\n\n<p>Sin embargo, esto no significa que la depilaci\u00f3n l\u00e1ser no funcione en pieles oscuras. Simplemente significa que necesitar\u00e1s m\u00e1s sesiones para lograr una reducci\u00f3n completa del vello.&nbsp;<strong>Los resultados var\u00edan de persona a persona<\/strong>, pero en general, ver\u00e1s una disminuci\u00f3n significativa y duradera del vello no deseado.<\/p>\n\n\n\n<h2 class=\"wp-block-heading\">Cuidados especiales antes y despu\u00e9s de la depilaci\u00f3n l\u00e1ser en pieles oscuras<\/h2>\n\n\n\n<p>Antes de someterte a la depilaci\u00f3n l\u00e1ser, es importante que sigas algunas pautas para asegurar resultados \u00f3ptimos y minimizar los riesgos. El centro de depilaci\u00f3n l\u00e1ser te proporcionar\u00e1 instrucciones detalladas, pero aqu\u00ed hay algunos cuidados especiales a tener en cuenta:<\/p>\n\n\n\n<ul class=\"wp-block-list\">\n<li><strong>Evita la exposici\u00f3n al sol:<\/strong>&nbsp;La piel m\u00e1s oscura es m\u00e1s propensa a la hiperpigmentaci\u00f3n, por lo que es crucial protegerla del sol tres d\u00edas antes y despu\u00e9s del tratamiento. Aplica protector solar de amplio espectro con un alto factor de protecci\u00f3n.<\/li>\n\n\n\n<li><strong>Evita el bronceado artificial:<\/strong>&nbsp;El bronceado artificial tambi\u00e9n puede alterar la pigmentaci\u00f3n de la piel y afectar los resultados de la depilaci\u00f3n l\u00e1ser. Evita las camas de bronceado antes y durante el tratamiento.<\/li>\n\n\n\n<li><strong>No arranques el vello entre sesiones:<\/strong>&nbsp;Durante el tratamiento, debes evitar arrancar el vello con pinzas o cera, ya que esto interfiere con la efectividad del l\u00e1ser.<\/li>\n\n\n\n<li><strong>Hidrata y exfolia la piel:<\/strong>&nbsp;Mant\u00e9n tu piel hidratada y exfoliada antes del tratamiento para asegurar una mejor absorci\u00f3n del l\u00e1ser.<\/li>\n<\/ul>\n\n\n\n<p><strong>Despu\u00e9s&nbsp;<\/strong>de cada sesi\u00f3n de depilaci\u00f3n l\u00e1ser, es posible que experimentes un enrojecimiento temporal, sensibilidad e inflamaci\u00f3n en la piel tratada. Esto es completamente normal y desaparecer\u00e1 en unos d\u00edas. Sin embargo, es importante que sigas estos cuidados posteriores para optimizar los resultados y evitar complicaciones:<\/p>\n\n\n\n<ul class=\"wp-block-list\">\n<li><strong>Aplica la crema postdepil de Centros bedda:<\/strong>&nbsp;Nuestras cremas postdepil son ideales para dejar la piel perfecta despu\u00e9s del tratamiento.<\/li>\n\n\n\n<li><strong>Evita el sol y el calor:<\/strong>&nbsp;Durante al menos tres d\u00edas despu\u00e9s del tratamiento, evita la exposici\u00f3n al sol, as\u00ed como los ba\u00f1os calientes, saunas y actividades que aumenten la temperatura de tu piel.<\/li>\n\n\n\n<li><strong>Usa protector solar:<\/strong>&nbsp;Incluso despu\u00e9s de que haya pasado el enrojecimiento, es importante proteger tu piel del sol con protector solar de amplio espectro.<\/li>\n\n\n\n<li><strong>Evita la depilaci\u00f3n agresiva:<\/strong>&nbsp;Durante el periodo de tratamiento, evita otros m\u00e9todos de depilaci\u00f3n que puedan irritar o da\u00f1ar la piel, como la cera caliente o las cuchillas.<\/li>\n<\/ul>\n\n\n\n<h2 class=\"wp-block-heading\">Mitos y realidades sobre la depilaci\u00f3n l\u00e1ser en pieles oscuras<\/h2>\n\n\n\n<p>La depilaci\u00f3n l\u00e1ser en pieles oscuras a menudo est\u00e1 rodeada de mitos y malentendidos. Aqu\u00ed vamos a aclarar algunos de ellos:<\/p>\n\n\n\n<p><strong>Mito:<\/strong>&nbsp;La depilaci\u00f3n l\u00e1ser causa cambios permanentes en la pigmentaci\u00f3n de la piel.<\/p>\n\n\n\n<p><strong>Realidad:<\/strong>&nbsp;Si se utiliza un l\u00e1ser adecuado y se siguen los cuidados recomendados, la depilaci\u00f3n l\u00e1ser no causar\u00e1 cambios permanentes en la pigmentaci\u00f3n de la piel.<\/p>\n\n\n\n<p><strong>Mito:<\/strong>&nbsp;La depilaci\u00f3n l\u00e1ser no funciona en pieles oscuras.<\/p>\n\n\n\n<p><strong>Realidad:<\/strong>&nbsp;La depilaci\u00f3n l\u00e1ser puede ser igual de efectiva en pieles oscuras, aunque puede requerir m\u00e1s sesiones que en pieles m\u00e1s claras.<\/p>\n\n\n\n<p>En conclusi\u00f3n, la depilaci\u00f3n l\u00e1ser es una opci\u00f3n segura y efectiva para personas con pieles oscuras. Al elegir un centro de depilaci\u00f3n l\u00e1ser, aseg\u00farate de que utilicen el tipo de l\u00e1ser adecuado para tu tono de piel. Sigue los cuidados especiales antes y despu\u00e9s del tratamiento para optimizar los resultados y evitar complicaciones. Recuerda que, con paciencia y constancia, podr\u00e1s despedirte del vello no deseado de forma duradera. \u00a1Tu piel lo agradecer\u00e1!<\/p>\n","protected":false},"excerpt":{"rendered":"<p>La&nbsp;depilaci\u00f3n l\u00e1ser&nbsp;es una soluci\u00f3n popular y efectiva para deshacerse del vello no deseado de forma duradera. Sin embargo, cuando se trata de pieles oscuras, surgen ciertas preocupaciones y dudas. En este art\u00edculo, responderemos todas tus preguntas sobre la depilaci\u00f3n l\u00e1ser en pieles oscuras y te daremos informaci\u00f3n valiosa para que puedas tomar decisiones informadas sobre [&hellip;]<\/p>\n","protected":false},"author":3,"featured_media":987516166,"comment_status":"open","ping_status":"closed","sticky":false,"template":"","format":"standard","meta":{"_et_pb_use_builder":"off","_et_pb_old_content":"","_et_gb_content_width":"","_joinchat":[],"footnotes":""},"categories":[51,65],"tags":[],"class_list":["post-987516149","post","type-post","status-publish","format-standard","has-post-thumbnail","hentry","category-blog","category-depilacion"],"yoast_head":"<!-- This site is optimized with the Yoast SEO plugin v25.9 - https:\/\/yoast.com\/wordpress\/plugins\/seo\/ -->\n<title>Depilaci\u00f3n l\u00e1ser en pieles oscuras | Centros bedda<\/title>\n<meta name=\"description\" content=\"Entra ahora en el blog de Centros bedda y descubre todo lo que debes saber sobre la depilaci\u00f3n l\u00e1ser en pieles oscuras. \u00a1Te lo contamos!\" \/>\n<meta name=\"robots\" content=\"noindex, follow, max-snippet:-1, max-image-preview:large, max-video-preview:-1\" \/>\n<meta property=\"og:locale\" content=\"es_ES\" \/>\n<meta property=\"og:type\" content=\"article\" \/>\n<meta property=\"og:title\" content=\"Depilaci\u00f3n l\u00e1ser en pieles oscuras | Centros bedda\" \/>\n<meta property=\"og:description\" content=\"Entra ahora en el blog de Centros bedda y descubre todo lo que debes saber sobre la depilaci\u00f3n l\u00e1ser en pieles oscuras. \u00a1Te lo contamos!\" \/>\n<meta property=\"og:url\" content=\"https:\/\/agenciaseolocal.eu\/bedda\/depilacion-laser-pieles-oscuras\/\" \/>\n<meta property=\"og:site_name\" content=\"Centros bedda\" \/>\n<meta property=\"article:publisher\" content=\"https:\/\/www.facebook.com\/centrobedda\" \/>\n<meta property=\"article:published_time\" content=\"2024-07-09T09:01:00+00:00\" \/>\n<meta property=\"og:image\" content=\"https:\/\/agenciaseolocal.eu\/bedda\/wp-content\/uploads\/2024\/05\/mujer-tez-morena-pelo-afro.webp\" \/>\n\t<meta property=\"og:image:width\" content=\"1920\" \/>\n\t<meta property=\"og:image:height\" content=\"700\" \/>\n\t<meta property=\"og:image:type\" content=\"image\/webp\" \/>\n<meta name=\"author\" content=\"Centros bedda\" \/>\n<meta name=\"twitter:card\" content=\"summary_large_image\" \/>\n<meta name=\"twitter:creator\" content=\"@centrosbedda\" \/>\n<meta name=\"twitter:site\" content=\"@centrosbedda\" \/>\n<meta name=\"twitter:label1\" content=\"Escrito por\" \/>\n\t<meta name=\"twitter:data1\" content=\"Centros bedda\" \/>\n\t<meta name=\"twitter:label2\" content=\"Tiempo de lectura\" \/>\n\t<meta name=\"twitter:data2\" content=\"5 minutos\" \/>\n<!-- \/ Yoast SEO plugin. -->","yoast_head_json":{"title":"Depilaci\u00f3n l\u00e1ser en pieles oscuras | Centros bedda","description":"Entra ahora en el blog de Centros bedda y descubre todo lo que debes saber sobre la depilaci\u00f3n l\u00e1ser en pieles oscuras. \u00a1Te lo contamos!","robots":{"index":"noindex","follow":"follow","max-snippet":"max-snippet:-1","max-image-preview":"max-image-preview:large","max-video-preview":"max-video-preview:-1"},"og_locale":"es_ES","og_type":"article","og_title":"Depilaci\u00f3n l\u00e1ser en pieles oscuras | Centros bedda","og_description":"Entra ahora en el blog de Centros bedda y descubre todo lo que debes saber sobre la depilaci\u00f3n l\u00e1ser en pieles oscuras. \u00a1Te lo contamos!","og_url":"https:\/\/agenciaseolocal.eu\/bedda\/depilacion-laser-pieles-oscuras\/","og_site_name":"Centros bedda","article_publisher":"https:\/\/www.facebook.com\/centrobedda","article_published_time":"2024-07-09T09:01:00+00:00","og_image":[{"width":1920,"height":700,"url":"https:\/\/agenciaseolocal.eu\/bedda\/wp-content\/uploads\/2024\/05\/mujer-tez-morena-pelo-afro.webp","type":"image\/webp"}],"author":"Centros bedda","twitter_card":"summary_large_image","twitter_creator":"@centrosbedda","twitter_site":"@centrosbedda","twitter_misc":{"Escrito por":"Centros bedda","Tiempo de lectura":"5 minutos"},"schema":{"@context":"https:\/\/schema.org","@graph":[{"@type":"Article","@id":"https:\/\/agenciaseolocal.eu\/bedda\/depilacion-laser-pieles-oscuras\/#article","isPartOf":{"@id":"https:\/\/agenciaseolocal.eu\/bedda\/depilacion-laser-pieles-oscuras\/"},"author":{"name":"Centros bedda","@id":"https:\/\/agenciaseolocal.eu\/bedda\/#\/schema\/person\/ca3010faf67f189fd2de8d61a763fc8b"},"headline":"Depilaci\u00f3n l\u00e1ser en pieles oscuras: Todo lo que debes saber","datePublished":"2024-07-09T09:01:00+00:00","mainEntityOfPage":{"@id":"https:\/\/agenciaseolocal.eu\/bedda\/depilacion-laser-pieles-oscuras\/"},"wordCount":1085,"commentCount":0,"publisher":{"@id":"https:\/\/agenciaseolocal.eu\/bedda\/#organization"},"image":{"@id":"https:\/\/agenciaseolocal.eu\/bedda\/depilacion-laser-pieles-oscuras\/#primaryimage"},"thumbnailUrl":"https:\/\/agenciaseolocal.eu\/bedda\/wp-content\/uploads\/2024\/05\/mujer-tez-morena-pelo-afro.webp","articleSection":["Blog","Depilaci\u00f3n"],"inLanguage":"es","potentialAction":[{"@type":"CommentAction","name":"Comment","target":["https:\/\/agenciaseolocal.eu\/bedda\/depilacion-laser-pieles-oscuras\/#respond"]}]},{"@type":"WebPage","@id":"https:\/\/agenciaseolocal.eu\/bedda\/depilacion-laser-pieles-oscuras\/","url":"https:\/\/agenciaseolocal.eu\/bedda\/depilacion-laser-pieles-oscuras\/","name":"Depilaci\u00f3n l\u00e1ser en pieles oscuras | Centros bedda","isPartOf":{"@id":"https:\/\/agenciaseolocal.eu\/bedda\/#website"},"primaryImageOfPage":{"@id":"https:\/\/agenciaseolocal.eu\/bedda\/depilacion-laser-pieles-oscuras\/#primaryimage"},"image":{"@id":"https:\/\/agenciaseolocal.eu\/bedda\/depilacion-laser-pieles-oscuras\/#primaryimage"},"thumbnailUrl":"https:\/\/agenciaseolocal.eu\/bedda\/wp-content\/uploads\/2024\/05\/mujer-tez-morena-pelo-afro.webp","datePublished":"2024-07-09T09:01:00+00:00","description":"Entra ahora en el blog de Centros bedda y descubre todo lo que debes saber sobre la depilaci\u00f3n l\u00e1ser en pieles oscuras. \u00a1Te lo contamos!","breadcrumb":{"@id":"https:\/\/agenciaseolocal.eu\/bedda\/depilacion-laser-pieles-oscuras\/#breadcrumb"},"inLanguage":"es","potentialAction":[{"@type":"ReadAction","target":["https:\/\/agenciaseolocal.eu\/bedda\/depilacion-laser-pieles-oscuras\/"]}]},{"@type":"ImageObject","inLanguage":"es","@id":"https:\/\/agenciaseolocal.eu\/bedda\/depilacion-laser-pieles-oscuras\/#primaryimage","url":"https:\/\/agenciaseolocal.eu\/bedda\/wp-content\/uploads\/2024\/05\/mujer-tez-morena-pelo-afro.webp","contentUrl":"https:\/\/agenciaseolocal.eu\/bedda\/wp-content\/uploads\/2024\/05\/mujer-tez-morena-pelo-afro.webp","width":1920,"height":700,"caption":"mujer tez morena pelo afro"},{"@type":"BreadcrumbList","@id":"https:\/\/agenciaseolocal.eu\/bedda\/depilacion-laser-pieles-oscuras\/#breadcrumb","itemListElement":[{"@type":"ListItem","position":1,"name":"Portada","item":"https:\/\/agenciaseolocal.eu\/bedda\/"},{"@type":"ListItem","position":2,"name":"Depilaci\u00f3n l\u00e1ser en pieles oscuras: Todo lo que debes saber"}]},{"@type":"WebSite","@id":"https:\/\/agenciaseolocal.eu\/bedda\/#website","url":"https:\/\/agenciaseolocal.eu\/bedda\/","name":"Centros bedda","description":"Centro de depilaci\u00f3n l\u00e1ser","publisher":{"@id":"https:\/\/agenciaseolocal.eu\/bedda\/#organization"},"potentialAction":[{"@type":"SearchAction","target":{"@type":"EntryPoint","urlTemplate":"https:\/\/agenciaseolocal.eu\/bedda\/?s={search_term_string}"},"query-input":{"@type":"PropertyValueSpecification","valueRequired":true,"valueName":"search_term_string"}}],"inLanguage":"es"},{"@type":"Organization","@id":"https:\/\/agenciaseolocal.eu\/bedda\/#organization","name":"Centros bedda","url":"https:\/\/agenciaseolocal.eu\/bedda\/","logo":{"@type":"ImageObject","inLanguage":"es","@id":"https:\/\/agenciaseolocal.eu\/bedda\/#\/schema\/logo\/image\/","url":"https:\/\/agenciaseolocal.eu\/bedda\/wp-content\/uploads\/2024\/04\/centros-bedda-depilacion-laser-logo.png","contentUrl":"https:\/\/agenciaseolocal.eu\/bedda\/wp-content\/uploads\/2024\/04\/centros-bedda-depilacion-laser-logo.png","width":220,"height":220,"caption":"Centros bedda"},"image":{"@id":"https:\/\/agenciaseolocal.eu\/bedda\/#\/schema\/logo\/image\/"},"sameAs":["https:\/\/www.facebook.com\/centrobedda","https:\/\/x.com\/centrosbedda","https:\/\/www.youtube.com\/channel\/UCV57tDnQcnHfTici1funk4g?app=desktop","https:\/\/www.instagram.com\/centrosbedda\/","https:\/\/www.linkedin.com\/company\/centros-bedda\/"]},{"@type":"Person","@id":"https:\/\/agenciaseolocal.eu\/bedda\/#\/schema\/person\/ca3010faf67f189fd2de8d61a763fc8b","name":"Centros bedda","image":{"@type":"ImageObject","inLanguage":"es","@id":"https:\/\/agenciaseolocal.eu\/bedda\/#\/schema\/person\/image\/","url":"https:\/\/secure.gravatar.com\/avatar\/ea1f00b0a249719594f6b50ee5d3214c2c192531d8f80f789208e2aa9605ac08?s=96&d=mm&r=g","contentUrl":"https:\/\/secure.gravatar.com\/avatar\/ea1f00b0a249719594f6b50ee5d3214c2c192531d8f80f789208e2aa9605ac08?s=96&d=mm&r=g","caption":"Centros bedda"},"url":"https:\/\/agenciaseolocal.eu\/bedda\/author\/mktpmp_gedfwb31y\/"}]}},"_links":{"self":[{"href":"https:\/\/agenciaseolocal.eu\/bedda\/wp-json\/wp\/v2\/posts\/987516149","targetHints":{"allow":["GET"]}}],"collection":[{"href":"https:\/\/agenciaseolocal.eu\/bedda\/wp-json\/wp\/v2\/posts"}],"about":[{"href":"https:\/\/agenciaseolocal.eu\/bedda\/wp-json\/wp\/v2\/types\/post"}],"author":[{"embeddable":true,"href":"https:\/\/agenciaseolocal.eu\/bedda\/wp-json\/wp\/v2\/users\/3"}],"replies":[{"embeddable":true,"href":"https:\/\/agenciaseolocal.eu\/bedda\/wp-json\/wp\/v2\/comments?post=987516149"}],"version-history":[{"count":2,"href":"https:\/\/agenciaseolocal.eu\/bedda\/wp-json\/wp\/v2\/posts\/987516149\/revisions"}],"predecessor-version":[{"id":987516168,"href":"https:\/\/agenciaseolocal.eu\/bedda\/wp-json\/wp\/v2\/posts\/987516149\/revisions\/987516168"}],"wp:featuredmedia":[{"embeddable":true,"href":"https:\/\/agenciaseolocal.eu\/bedda\/wp-json\/wp\/v2\/media\/987516166"}],"wp:attachment":[{"href":"https:\/\/agenciaseolocal.eu\/bedda\/wp-json\/wp\/v2\/media?parent=987516149"}],"wp:term":[{"taxonomy":"category","embeddable":true,"href":"https:\/\/agenciaseolocal.eu\/bedda\/wp-json\/wp\/v2\/categories?post=987516149"},{"taxonomy":"post_tag","embeddable":true,"href":"https:\/\/agenciaseolocal.eu\/bedda\/wp-json\/wp\/v2\/tags?post=987516149"}],"curies":[{"name":"wp","href":"https:\/\/api.w.org\/{rel}","templated":true}]}}