{"id":987516151,"date":"2024-07-11T08:24:00","date_gmt":"2024-07-11T06:24:00","guid":{"rendered":"https:\/\/centrosbedda.com\/?p=987516151"},"modified":"2024-11-20T13:30:08","modified_gmt":"2024-11-20T12:30:08","slug":"cuanto-tiempo-esperar-entre-sesion-y-sesion-de-depilacion-laser","status":"publish","type":"post","link":"https:\/\/agenciaseolocal.eu\/bedda\/cuanto-tiempo-esperar-entre-sesion-y-sesion-de-depilacion-laser\/","title":{"rendered":"\u00bfCu\u00e1nto tiempo esperar entre sesi\u00f3n y sesi\u00f3n de depilaci\u00f3n l\u00e1ser?"},"content":{"rendered":"\n<p>La depilaci\u00f3n l\u00e1ser se ha convertido en una opci\u00f3n popular para deshacerse del vello no deseado de manera duradera. Sin embargo, muchas personas se preguntan cu\u00e1nto tiempo deben esperar entre sesiones para obtener los mejores resultados. En este art\u00edculo de&nbsp;<a href=\"https:\/\/agenciaseolocal.eu\/bedda\/\">Centros bedda<\/a>, exploraremos los factores que determinan el intervalo entre sesiones de depilaci\u00f3n l\u00e1ser y daremos algunas recomendaciones generales para maximizar la eficacia de este tratamiento.<\/p>\n\n\n\n<h2 class=\"wp-block-heading\">Factores que determinan el tiempo entre sesiones de depilaci\u00f3n l\u00e1ser<\/h2>\n\n\n\n<p>El<strong>&nbsp;tiempo que debes esperar entre sesiones<\/strong>&nbsp;de depilaci\u00f3n l\u00e1ser&nbsp;<strong>puede variar seg\u00fan varios factores<\/strong>. Uno de los factores m\u00e1s importantes es el&nbsp;<strong><a href=\"https:\/\/agenciaseolocal.eu\/bedda\/etapas-crecimiento-vello\/\">ciclo de crecimiento del vello<\/a><\/strong>. El ciclo de crecimiento consta de tres fases:&nbsp;<strong>an\u00e1gena<\/strong>,&nbsp;<strong>cat\u00e1gena&nbsp;<\/strong>y&nbsp;<strong>tel\u00f3gena<\/strong>.<\/p>\n\n\n\n<p>Durante la fase an\u00e1gena, el vello est\u00e1 en su etapa de crecimiento activo y es m\u00e1s receptivo al tratamiento l\u00e1ser. En cambio, durante la fase tel\u00f3gena, el vello est\u00e1 en su etapa de reposo y no responde tan bien al l\u00e1ser. Por lo tanto, es crucial esperar el tiempo suficiente para que el vello entre en la fase an\u00e1gena antes de someterlo a otro tratamiento l\u00e1ser.<\/p>\n\n\n\n<p>Otro factor que influye en el tiempo entre sesiones es el\u00a0<strong>\u00e1rea del cuerpo<\/strong>\u00a0que se est\u00e1 tratando. Algunas \u00e1reas, como el\u00a0<a href=\"https:\/\/agenciaseolocal.eu\/bedda\/tratamientos\/depilacion-laser-facial-mujer\/\">rostro<\/a>\u00a0o las\u00a0<a href=\"https:\/\/agenciaseolocal.eu\/bedda\/tratamientos\/depilacion-laser-axilas-mujer\/\">axilas<\/a>, tienen un ciclo de crecimiento m\u00e1s r\u00e1pido en comparaci\u00f3n con otras \u00e1reas, como las\u00a0<a href=\"https:\/\/agenciaseolocal.eu\/bedda\/tratamientos\/depilacion-laser-piernas-completas-mujer\/\">piernas<\/a>\u00a0o el <a href=\"https:\/\/agenciaseolocal.eu\/bedda\/tratamientos\/depilacion-laser-pecho-hombre\/\">pecho<\/a>. Esto significa que es posible que debas esperar menos tiempo entre sesiones para las \u00e1reas de crecimiento m\u00e1s r\u00e1pido.<\/p>\n\n\n\n<p>Adem\u00e1s, el<strong>&nbsp;color del vello y el tipo de piel&nbsp;<\/strong>tambi\u00e9n pueden influir en el tiempo entre sesiones. El vello oscuro responde mejor al l\u00e1ser que el vello claro, ya que contiene m\u00e1s melanina, el pigmento que absorbe la energ\u00eda del l\u00e1ser. Del mismo modo, las personas con piel clara y vello oscuro pueden requerir menos tiempo entre sesiones en comparaci\u00f3n con aquellas con piel oscura y vello claro.<\/p>\n\n\n\n<p>Otro aspecto a considerar es la<strong>&nbsp;tecnolog\u00eda utilizada&nbsp;<\/strong>en el tratamiento de depilaci\u00f3n l\u00e1ser. Existen diferentes tipos de l\u00e1seres, como el l\u00e1ser de diodo, el l\u00e1ser de rub\u00ed o el l\u00e1ser de alejandrita, cada uno con sus propias caracter\u00edsticas y beneficios.&nbsp;<\/p>\n\n\n\n<p>Adem\u00e1s, factores como&nbsp;<strong>la edad y las hormonas<\/strong>&nbsp;tambi\u00e9n pueden desempe\u00f1ar un papel en la efectividad y duraci\u00f3n de las sesiones de depilaci\u00f3n l\u00e1ser. A medida que envejecemos, el ciclo de crecimiento del vello puede cambiar, lo que podr\u00eda afectar la frecuencia con la que necesitas someterte a sesiones de depilaci\u00f3n l\u00e1ser. Del mismo modo,&nbsp;<strong>cambios hormonales<\/strong>, como los causados por el&nbsp;<a href=\"https:\/\/agenciaseolocal.eu\/bedda\/depilacion-laser-embarazo-son-compatibles\/\">embarazo<\/a>&nbsp;o la menopausia, pueden influir en la respuesta del vello al tratamiento l\u00e1ser y, por lo tanto, en el tiempo entre sesiones.<\/p>\n\n\n\n<h2 class=\"wp-block-heading\">Recomendaciones generales para el intervalo entre sesiones de l\u00e1ser<\/h2>\n\n\n\n<p>Dado que cada persona y cada \u00e1rea del cuerpo son diferentes,&nbsp;<strong>no hay un intervalo espec\u00edfico que se aplique a todos<\/strong>. Sin embargo, aqu\u00ed hay algunas recomendaciones generales que pueden ayudarte a determinar el tiempo adecuado entre sesiones de depilaci\u00f3n l\u00e1ser.<\/p>\n\n\n\n<p><strong>Consulta a un profesional<\/strong>: Lo m\u00e1s importante es acudir a un especialista en depilaci\u00f3n l\u00e1ser que pueda evaluar tu caso de manera individual. Ellos podr\u00e1n determinar el intervalo adecuado seg\u00fan tus caracter\u00edsticas personales.<\/p>\n\n\n\n<p>En Centros bedda, nuestras especialistas te recomendar\u00e1n el <strong>intervalo entre sesiones<\/strong> que necesitas, siendo m\u00e1s corto en las primeras sesiones, y espaci\u00e1ndose hasta los 3 meses a medida que avanza el tratamiento para asegurarnos que el mayor porcentaje de pelo se encuentre en fase an\u00e1gena y as\u00ed resulte mucho m\u00e1s eficaz.<\/p>\n\n\n\n<p><strong>Sigue las pautas del especialista<\/strong>: El especialista en depilaci\u00f3n l\u00e1ser te proporcionar\u00e1 instrucciones espec\u00edficas sobre cu\u00e1nto tiempo debes esperar entre sesiones. Sigue estas pautas con atenci\u00f3n para obtener los mejores resultados posibles.<\/p>\n\n\n\n<h2 class=\"wp-block-heading\">C\u00f3mo influye el tipo de piel y vello en la frecuencia de las sesiones<\/h2>\n\n\n\n<p>La elecci\u00f3n del intervalo entre sesiones de depilaci\u00f3n l\u00e1ser tambi\u00e9n depende del&nbsp;<strong>tipo de piel y vello que tengas<\/strong>. Como mencionamos anteriormente, el vello oscuro y la piel clara son los m\u00e1s receptivos al l\u00e1ser. Por lo tanto, las personas con estas caracter\u00edsticas pueden requerir menos sesiones y un intervalo m\u00e1s largo entre ellas.<\/p>\n\n\n\n<h2 class=\"wp-block-heading\">Consejos para maximizar la efectividad del l\u00e1ser entre sesiones<\/h2>\n\n\n\n<p>Aqu\u00ed hay algunos consejos para maximizar la efectividad del tratamiento l\u00e1ser entre sesiones:<\/p>\n\n\n\n<ul class=\"wp-block-list\">\n<li><strong>Evita la depilaci\u00f3n con cera o pinzas<\/strong>: No arranques el vello de ra\u00edz entre sesiones, ya que esto puede dificultar la efectividad del l\u00e1ser.<\/li>\n\n\n\n<li><strong>Sigue las instrucciones de cuidado de la piel<\/strong>: El especialista te indicar\u00e1 c\u00f3mo cuidar tu piel despu\u00e9s de cada sesi\u00f3n. Sigue estas instrucciones de cerca para garantizar los mejores resultados.<\/li>\n\n\n\n<li><strong>S\u00e9 paciente<\/strong>: Los resultados de la depilaci\u00f3n l\u00e1ser no son inmediatos y pueden requerir varias sesiones para lograr la eliminaci\u00f3n del vello no deseado de manera duradera. S\u00e9 paciente y constante en tu tratamiento.<\/li>\n<\/ul>\n","protected":false},"excerpt":{"rendered":"<p>La depilaci\u00f3n l\u00e1ser se ha convertido en una opci\u00f3n popular para deshacerse del vello no deseado de manera duradera. Sin embargo, muchas personas se preguntan cu\u00e1nto tiempo deben esperar entre sesiones para obtener los mejores resultados. En este art\u00edculo de&nbsp;Centros bedda, exploraremos los factores que determinan el intervalo entre sesiones de depilaci\u00f3n l\u00e1ser y daremos [&hellip;]<\/p>\n","protected":false},"author":3,"featured_media":987516171,"comment_status":"open","ping_status":"closed","sticky":false,"template":"","format":"standard","meta":{"_et_pb_use_builder":"off","_et_pb_old_content":"","_et_gb_content_width":"","_joinchat":[],"footnotes":""},"categories":[51,65],"tags":[],"class_list":["post-987516151","post","type-post","status-publish","format-standard","has-post-thumbnail","hentry","category-blog","category-depilacion"],"yoast_head":"<!-- This site is optimized with the Yoast SEO plugin v25.9 - https:\/\/yoast.com\/wordpress\/plugins\/seo\/ -->\n<title>Tiempo entre sesiones de depilaci\u00f3n l\u00e1ser | bedda<\/title>\n<meta name=\"description\" content=\"Entra ahora en el blog de Centros bedda y descubre cu\u00e1nto tiempo debes esperar entre sesiones de depilaci\u00f3n l\u00e1ser. \u00a1Te lo contamos!\" \/>\n<meta name=\"robots\" content=\"noindex, follow, max-snippet:-1, max-image-preview:large, max-video-preview:-1\" \/>\n<meta property=\"og:locale\" content=\"es_ES\" \/>\n<meta property=\"og:type\" content=\"article\" \/>\n<meta property=\"og:title\" content=\"Tiempo entre sesiones de depilaci\u00f3n l\u00e1ser | bedda\" \/>\n<meta property=\"og:description\" content=\"Entra ahora en el blog de Centros bedda y descubre cu\u00e1nto tiempo debes esperar entre sesiones de depilaci\u00f3n l\u00e1ser. \u00a1Te lo contamos!\" \/>\n<meta property=\"og:url\" content=\"https:\/\/agenciaseolocal.eu\/bedda\/cuanto-tiempo-esperar-entre-sesion-y-sesion-de-depilacion-laser\/\" \/>\n<meta property=\"og:site_name\" content=\"Centros bedda\" \/>\n<meta property=\"article:publisher\" content=\"https:\/\/www.facebook.com\/centrobedda\" \/>\n<meta property=\"article:published_time\" content=\"2024-07-11T06:24:00+00:00\" \/>\n<meta property=\"article:modified_time\" content=\"2024-11-20T12:30:08+00:00\" \/>\n<meta property=\"og:image\" content=\"https:\/\/agenciaseolocal.eu\/bedda\/wp-content\/uploads\/2024\/05\/mujer-rayas-rojas-sujetando-reloj.webp\" \/>\n\t<meta property=\"og:image:width\" content=\"2000\" \/>\n\t<meta property=\"og:image:height\" content=\"700\" \/>\n\t<meta property=\"og:image:type\" content=\"image\/webp\" \/>\n<meta name=\"author\" content=\"Centros bedda\" \/>\n<meta name=\"twitter:card\" content=\"summary_large_image\" \/>\n<meta name=\"twitter:creator\" content=\"@centrosbedda\" \/>\n<meta name=\"twitter:site\" content=\"@centrosbedda\" \/>\n<meta name=\"twitter:label1\" content=\"Escrito por\" \/>\n\t<meta name=\"twitter:data1\" content=\"Centros bedda\" \/>\n\t<meta name=\"twitter:label2\" content=\"Tiempo de lectura\" \/>\n\t<meta name=\"twitter:data2\" content=\"4 minutos\" \/>\n<!-- \/ Yoast SEO plugin. -->","yoast_head_json":{"title":"Tiempo entre sesiones de depilaci\u00f3n l\u00e1ser | bedda","description":"Entra ahora en el blog de Centros bedda y descubre cu\u00e1nto tiempo debes esperar entre sesiones de depilaci\u00f3n l\u00e1ser. \u00a1Te lo contamos!","robots":{"index":"noindex","follow":"follow","max-snippet":"max-snippet:-1","max-image-preview":"max-image-preview:large","max-video-preview":"max-video-preview:-1"},"og_locale":"es_ES","og_type":"article","og_title":"Tiempo entre sesiones de depilaci\u00f3n l\u00e1ser | bedda","og_description":"Entra ahora en el blog de Centros bedda y descubre cu\u00e1nto tiempo debes esperar entre sesiones de depilaci\u00f3n l\u00e1ser. \u00a1Te lo contamos!","og_url":"https:\/\/agenciaseolocal.eu\/bedda\/cuanto-tiempo-esperar-entre-sesion-y-sesion-de-depilacion-laser\/","og_site_name":"Centros bedda","article_publisher":"https:\/\/www.facebook.com\/centrobedda","article_published_time":"2024-07-11T06:24:00+00:00","article_modified_time":"2024-11-20T12:30:08+00:00","og_image":[{"width":2000,"height":700,"url":"https:\/\/agenciaseolocal.eu\/bedda\/wp-content\/uploads\/2024\/05\/mujer-rayas-rojas-sujetando-reloj.webp","type":"image\/webp"}],"author":"Centros bedda","twitter_card":"summary_large_image","twitter_creator":"@centrosbedda","twitter_site":"@centrosbedda","twitter_misc":{"Escrito por":"Centros bedda","Tiempo de lectura":"4 minutos"},"schema":{"@context":"https:\/\/schema.org","@graph":[{"@type":"Article","@id":"https:\/\/agenciaseolocal.eu\/bedda\/cuanto-tiempo-esperar-entre-sesion-y-sesion-de-depilacion-laser\/#article","isPartOf":{"@id":"https:\/\/agenciaseolocal.eu\/bedda\/cuanto-tiempo-esperar-entre-sesion-y-sesion-de-depilacion-laser\/"},"author":{"name":"Centros bedda","@id":"https:\/\/agenciaseolocal.eu\/bedda\/#\/schema\/person\/ca3010faf67f189fd2de8d61a763fc8b"},"headline":"\u00bfCu\u00e1nto tiempo esperar entre sesi\u00f3n y sesi\u00f3n de depilaci\u00f3n l\u00e1ser?","datePublished":"2024-07-11T06:24:00+00:00","dateModified":"2024-11-20T12:30:08+00:00","mainEntityOfPage":{"@id":"https:\/\/agenciaseolocal.eu\/bedda\/cuanto-tiempo-esperar-entre-sesion-y-sesion-de-depilacion-laser\/"},"wordCount":912,"commentCount":0,"publisher":{"@id":"https:\/\/agenciaseolocal.eu\/bedda\/#organization"},"image":{"@id":"https:\/\/agenciaseolocal.eu\/bedda\/cuanto-tiempo-esperar-entre-sesion-y-sesion-de-depilacion-laser\/#primaryimage"},"thumbnailUrl":"https:\/\/agenciaseolocal.eu\/bedda\/wp-content\/uploads\/2024\/05\/mujer-rayas-rojas-sujetando-reloj.webp","articleSection":["Blog","Depilaci\u00f3n"],"inLanguage":"es","potentialAction":[{"@type":"CommentAction","name":"Comment","target":["https:\/\/agenciaseolocal.eu\/bedda\/cuanto-tiempo-esperar-entre-sesion-y-sesion-de-depilacion-laser\/#respond"]}]},{"@type":"WebPage","@id":"https:\/\/agenciaseolocal.eu\/bedda\/cuanto-tiempo-esperar-entre-sesion-y-sesion-de-depilacion-laser\/","url":"https:\/\/agenciaseolocal.eu\/bedda\/cuanto-tiempo-esperar-entre-sesion-y-sesion-de-depilacion-laser\/","name":"Tiempo entre sesiones de depilaci\u00f3n l\u00e1ser | bedda","isPartOf":{"@id":"https:\/\/agenciaseolocal.eu\/bedda\/#website"},"primaryImageOfPage":{"@id":"https:\/\/agenciaseolocal.eu\/bedda\/cuanto-tiempo-esperar-entre-sesion-y-sesion-de-depilacion-laser\/#primaryimage"},"image":{"@id":"https:\/\/agenciaseolocal.eu\/bedda\/cuanto-tiempo-esperar-entre-sesion-y-sesion-de-depilacion-laser\/#primaryimage"},"thumbnailUrl":"https:\/\/agenciaseolocal.eu\/bedda\/wp-content\/uploads\/2024\/05\/mujer-rayas-rojas-sujetando-reloj.webp","datePublished":"2024-07-11T06:24:00+00:00","dateModified":"2024-11-20T12:30:08+00:00","description":"Entra ahora en el blog de Centros bedda y descubre cu\u00e1nto tiempo debes esperar entre sesiones de depilaci\u00f3n l\u00e1ser. \u00a1Te lo contamos!","breadcrumb":{"@id":"https:\/\/agenciaseolocal.eu\/bedda\/cuanto-tiempo-esperar-entre-sesion-y-sesion-de-depilacion-laser\/#breadcrumb"},"inLanguage":"es","potentialAction":[{"@type":"ReadAction","target":["https:\/\/agenciaseolocal.eu\/bedda\/cuanto-tiempo-esperar-entre-sesion-y-sesion-de-depilacion-laser\/"]}]},{"@type":"ImageObject","inLanguage":"es","@id":"https:\/\/agenciaseolocal.eu\/bedda\/cuanto-tiempo-esperar-entre-sesion-y-sesion-de-depilacion-laser\/#primaryimage","url":"https:\/\/agenciaseolocal.eu\/bedda\/wp-content\/uploads\/2024\/05\/mujer-rayas-rojas-sujetando-reloj.webp","contentUrl":"https:\/\/agenciaseolocal.eu\/bedda\/wp-content\/uploads\/2024\/05\/mujer-rayas-rojas-sujetando-reloj.webp","width":2000,"height":700,"caption":"mujer rayas rojas sujetando reloj"},{"@type":"BreadcrumbList","@id":"https:\/\/agenciaseolocal.eu\/bedda\/cuanto-tiempo-esperar-entre-sesion-y-sesion-de-depilacion-laser\/#breadcrumb","itemListElement":[{"@type":"ListItem","position":1,"name":"Portada","item":"https:\/\/agenciaseolocal.eu\/bedda\/"},{"@type":"ListItem","position":2,"name":"\u00bfCu\u00e1nto tiempo esperar entre sesi\u00f3n y sesi\u00f3n de depilaci\u00f3n l\u00e1ser?"}]},{"@type":"WebSite","@id":"https:\/\/agenciaseolocal.eu\/bedda\/#website","url":"https:\/\/agenciaseolocal.eu\/bedda\/","name":"Centros bedda","description":"Centro de depilaci\u00f3n l\u00e1ser","publisher":{"@id":"https:\/\/agenciaseolocal.eu\/bedda\/#organization"},"potentialAction":[{"@type":"SearchAction","target":{"@type":"EntryPoint","urlTemplate":"https:\/\/agenciaseolocal.eu\/bedda\/?s={search_term_string}"},"query-input":{"@type":"PropertyValueSpecification","valueRequired":true,"valueName":"search_term_string"}}],"inLanguage":"es"},{"@type":"Organization","@id":"https:\/\/agenciaseolocal.eu\/bedda\/#organization","name":"Centros bedda","url":"https:\/\/agenciaseolocal.eu\/bedda\/","logo":{"@type":"ImageObject","inLanguage":"es","@id":"https:\/\/agenciaseolocal.eu\/bedda\/#\/schema\/logo\/image\/","url":"https:\/\/agenciaseolocal.eu\/bedda\/wp-content\/uploads\/2024\/04\/centros-bedda-depilacion-laser-logo.png","contentUrl":"https:\/\/agenciaseolocal.eu\/bedda\/wp-content\/uploads\/2024\/04\/centros-bedda-depilacion-laser-logo.png","width":220,"height":220,"caption":"Centros bedda"},"image":{"@id":"https:\/\/agenciaseolocal.eu\/bedda\/#\/schema\/logo\/image\/"},"sameAs":["https:\/\/www.facebook.com\/centrobedda","https:\/\/x.com\/centrosbedda","https:\/\/www.youtube.com\/channel\/UCV57tDnQcnHfTici1funk4g?app=desktop","https:\/\/www.instagram.com\/centrosbedda\/","https:\/\/www.linkedin.com\/company\/centros-bedda\/"]},{"@type":"Person","@id":"https:\/\/agenciaseolocal.eu\/bedda\/#\/schema\/person\/ca3010faf67f189fd2de8d61a763fc8b","name":"Centros bedda","image":{"@type":"ImageObject","inLanguage":"es","@id":"https:\/\/agenciaseolocal.eu\/bedda\/#\/schema\/person\/image\/","url":"https:\/\/secure.gravatar.com\/avatar\/ea1f00b0a249719594f6b50ee5d3214c2c192531d8f80f789208e2aa9605ac08?s=96&d=mm&r=g","contentUrl":"https:\/\/secure.gravatar.com\/avatar\/ea1f00b0a249719594f6b50ee5d3214c2c192531d8f80f789208e2aa9605ac08?s=96&d=mm&r=g","caption":"Centros bedda"},"url":"https:\/\/agenciaseolocal.eu\/bedda\/author\/mktpmp_gedfwb31y\/"}]}},"_links":{"self":[{"href":"https:\/\/agenciaseolocal.eu\/bedda\/wp-json\/wp\/v2\/posts\/987516151","targetHints":{"allow":["GET"]}}],"collection":[{"href":"https:\/\/agenciaseolocal.eu\/bedda\/wp-json\/wp\/v2\/posts"}],"about":[{"href":"https:\/\/agenciaseolocal.eu\/bedda\/wp-json\/wp\/v2\/types\/post"}],"author":[{"embeddable":true,"href":"https:\/\/agenciaseolocal.eu\/bedda\/wp-json\/wp\/v2\/users\/3"}],"replies":[{"embeddable":true,"href":"https:\/\/agenciaseolocal.eu\/bedda\/wp-json\/wp\/v2\/comments?post=987516151"}],"version-history":[{"count":4,"href":"https:\/\/agenciaseolocal.eu\/bedda\/wp-json\/wp\/v2\/posts\/987516151\/revisions"}],"predecessor-version":[{"id":987517973,"href":"https:\/\/agenciaseolocal.eu\/bedda\/wp-json\/wp\/v2\/posts\/987516151\/revisions\/987517973"}],"wp:featuredmedia":[{"embeddable":true,"href":"https:\/\/agenciaseolocal.eu\/bedda\/wp-json\/wp\/v2\/media\/987516171"}],"wp:attachment":[{"href":"https:\/\/agenciaseolocal.eu\/bedda\/wp-json\/wp\/v2\/media?parent=987516151"}],"wp:term":[{"taxonomy":"category","embeddable":true,"href":"https:\/\/agenciaseolocal.eu\/bedda\/wp-json\/wp\/v2\/categories?post=987516151"},{"taxonomy":"post_tag","embeddable":true,"href":"https:\/\/agenciaseolocal.eu\/bedda\/wp-json\/wp\/v2\/tags?post=987516151"}],"curies":[{"name":"wp","href":"https:\/\/api.w.org\/{rel}","templated":true}]}}