{"id":987516231,"date":"2024-07-16T08:15:59","date_gmt":"2024-07-16T06:15:59","guid":{"rendered":"https:\/\/centrosbedda.com\/?p=987516231"},"modified":"2024-06-17T10:11:30","modified_gmt":"2024-06-17T08:11:30","slug":"depilacion-laser-elimina-vello-encarnado","status":"publish","type":"post","link":"https:\/\/agenciaseolocal.eu\/bedda\/depilacion-laser-elimina-vello-encarnado\/","title":{"rendered":"\u00bfLa depilaci\u00f3n l\u00e1ser elimina el vello encarnado?"},"content":{"rendered":"\n<p>La&nbsp;<a href=\"https:\/\/agenciaseolocal.eu\/bedda\/\">depilaci\u00f3n l\u00e1ser<\/a>&nbsp;es una t\u00e9cnica ampliamente utilizada para eliminar el vello no deseado de forma duradera. Sin embargo, muchas personas se preguntan si esta t\u00e9cnica tambi\u00e9n puede ser efectiva para eliminar el&nbsp;<strong>vello encarnado<\/strong>, uno de los problemas m\u00e1s comunes relacionados con la depilaci\u00f3n.<\/p>\n\n\n\n<p>En este art\u00edculo, exploraremos en detalle c\u00f3mo funciona la depilaci\u00f3n l\u00e1ser en relaci\u00f3n con el vello encarnado, sus causas y qu\u00e9 podemos esperar en t\u00e9rminos de reducci\u00f3n del vello encarnado. Tambi\u00e9n proporcionaremos consejos \u00fatiles para maximizar la eficacia de la depilaci\u00f3n l\u00e1ser contra el vello enquistado.<\/p>\n\n\n\n<h2 class=\"wp-block-heading\">\u00bfQu\u00e9 es el vello encarnado?<\/h2>\n\n\n\n<p>Antes de adentrarnos en el&nbsp;<strong>papel de la depilaci\u00f3n l\u00e1ser en la eliminaci\u00f3n del vello encarnado<\/strong>, es importante comprender qu\u00e9 es exactamente este problema.&nbsp;<strong>El vello encarnado se produce cuando un fol\u00edculo piloso crece de manera incorrecta y se introduce nuevamente en la piel en lugar de salir a la superficie<\/strong>. Esto puede provocar una serie de s\u00edntomas molestos, como inflamaci\u00f3n, enrojecimiento, picaz\u00f3n e incluso infecciones si no se trata adecuadamente.<\/p>\n\n\n\n<p>El vello encarnado es&nbsp;<strong>m\u00e1s com\u00fan en personas con cabello rizado o grueso<\/strong>, ya que tiende a enrollarse y crecer hacia adentro con m\u00e1s facilidad. Adem\u00e1s, ciertas pr\u00e1cticas de depilaci\u00f3n, como el afeitado o la depilaci\u00f3n con cera, pueden aumentar la probabilidad de que aparezcan vellos encarnados. Es importante<strong>&nbsp;tratar el vello encarnado con cuidado<\/strong>&nbsp;para evitar complicaciones y prevenir la formaci\u00f3n de cicatrices en la piel.<\/p>\n\n\n\n<h2 class=\"wp-block-heading\">Causas del vello enquistado<\/h2>\n\n\n\n<p>Existen varias&nbsp;<strong>causas&nbsp;<\/strong>subyacentes que pueden llevar a la aparici\u00f3n de vellos encarnados. Uno de los factores m\u00e1s comunes es la&nbsp;<strong>depilaci\u00f3n o el afeitado frecuente<\/strong>, ya que estas pr\u00e1cticas pueden alterar el crecimiento natural del vello.<\/p>\n\n\n\n<p>Otro factor importante es la&nbsp;<strong>estructura del cabello<\/strong>. Aquellas personas con cabello grueso y rizado tienen m\u00e1s probabilidades de experimentar vellos encarnados. Adem\u00e1s, el&nbsp;<strong>uso de productos para el cuidado de la piel que obstruyen los poros<\/strong>, como cremas y lociones grasas, tambi\u00e9n puede contribuir a este problema.<\/p>\n\n\n\n<p>Adem\u00e1s de los factores mencionados, la<strong>&nbsp;falta de exfoliaci\u00f3n regular<\/strong>&nbsp;de la piel tambi\u00e9n puede ser una causa com\u00fan de vellos enquistados. La&nbsp;<strong>acumulaci\u00f3n de c\u00e9lulas muertas en la superficie de la piel&nbsp;<\/strong>puede obstruir los fol\u00edculos pilosos, lo que dificulta que el vello crezca de manera adecuada. Por otro lado, la&nbsp;<strong>fricci\u00f3n constante en \u00e1reas donde se realiza la depilaci\u00f3n<\/strong>, como las axilas o la zona del bikini, puede irritar la piel y provocar la formaci\u00f3n de vellos encarnados.<\/p>\n\n\n\n<p>Para prevenir la aparici\u00f3n de vellos enquistados, es importante mantener una rutina de cuidado de la piel que incluya la exfoliaci\u00f3n regular para eliminar las c\u00e9lulas muertas y evitar la obstrucci\u00f3n de los fol\u00edculos pilosos. Asimismo, es recomendable utilizar m\u00e9todos de depilaci\u00f3n que no alteren el crecimiento natural del vello y evitar el uso de productos que puedan obstruir los poros. Al seguir estos consejos, se puede reducir significativamente la aparici\u00f3n de vellos encarnados y mantener una piel suave y libre de irritaciones.<\/p>\n\n\n\n<h2 class=\"wp-block-heading\">\u00bfC\u00f3mo funciona la depilaci\u00f3n l\u00e1ser en relaci\u00f3n con el vello encarnado?<\/h2>\n\n\n\n<p>La depilaci\u00f3n l\u00e1ser utiliza pulsos de luz intensa para da\u00f1ar los fol\u00edculos pilosos y prevenir el crecimiento futuro del vello, por ello es un tratamiento que reduce el vello encarnado, disminuyendo la cantidad de pelos enquistados y proporcionando una piel m\u00e1s suave y tersa, adem\u00e1s, el l\u00e1ser de diodo es antibacteriano ya que a trav\u00e9s del calor es a capaz de eliminar las bacterias que se producen en los fol\u00edculos pilosos evitando que se infecten.<\/p>\n\n\n\n<p>En el proceso de depilaci\u00f3n l\u00e1ser, la melanina en el vello absorbe la luz del l\u00e1ser, lo que genera calor y da\u00f1a el fol\u00edculo piloso. Es importante destacar que la<strong>&nbsp;efectividad de la depilaci\u00f3n l\u00e1ser puede variar seg\u00fan el color de la piel y del vello<\/strong>, ya que el contraste entre ambos facilita la absorci\u00f3n de la luz por parte del vello, maximizando los resultados.<\/p>\n\n\n\n<p>Adem\u00e1s,&nbsp;<strong>es fundamental seguir las recomendaciones del especialista&nbsp;<\/strong>en cuanto a las sesiones necesarias para obtener los mejores resultados. La depilaci\u00f3n l\u00e1ser suele requerir m\u00faltiples sesiones para abordar los fol\u00edculos pilosos en diferentes etapas de crecimiento, lo que garantiza una reducci\u00f3n significativa del vello no deseado a lo largo del tiempo.<\/p>\n\n\n\n<h2 class=\"wp-block-heading\">Reducci\u00f3n del vello encarnado con la depilaci\u00f3n l\u00e1ser: \u00bfQu\u00e9 esperar?<\/h2>\n\n\n\n<p>Es importante tener expectativas realistas sobre los resultados de la depilaci\u00f3n l\u00e1ser en relaci\u00f3n con el vello encarnado. Si bien la depilaci\u00f3n l\u00e1ser puede ayudar en la reducci\u00f3n del problema,&nbsp;<strong>es posible que no elimine por completo todos los vellos encarnados existentes<\/strong>.<\/p>\n\n\n\n<p>Debes tener en cuenta que el vello encarnado suele ser una condici\u00f3n cr\u00f3nica y persistente. Sin embargo, muchos pacientes informan una notable mejor\u00eda despu\u00e9s de realizar varias sesiones de depilaci\u00f3n l\u00e1ser. Es posible que experimentes una reducci\u00f3n en la cantidad y la gravedad de los vellos encarnados, lo que te brindar\u00e1 una mayor comodidad y una piel m\u00e1s suave.<\/p>\n\n\n\n<h2 class=\"wp-block-heading\">Consejos para maximizar la eficacia de la depilaci\u00f3n l\u00e1ser contra pelos enquistados<\/h2>\n\n\n\n<p>Aqu\u00ed hay algunos consejos \u00fatiles para complementar la depilaci\u00f3n l\u00e1ser y maximizar su eficacia contra los vellos enquistados:<\/p>\n\n\n\n<ul class=\"wp-block-list\">\n<li><strong>Mant\u00e9n la piel bien hidratada&nbsp;<\/strong>para evitar la sequedad y la irritaci\u00f3n.<\/li>\n\n\n\n<li><strong>Exfolia regularmente la piel<\/strong>&nbsp;para ayudar a prevenir la obstrucci\u00f3n de los poros.<\/li>\n\n\n\n<li><strong>Evita el afeitado o la depilaci\u00f3n con cera&nbsp;<\/strong>entre las sesiones de depilaci\u00f3n l\u00e1ser.<\/li>\n\n\n\n<li>Aseg\u00farate de&nbsp;<strong>seguir las instrucciones de cuidado posteriores&nbsp;<\/strong>a la depilaci\u00f3n proporcionadas por tu especialista en l\u00e1ser.<\/li>\n\n\n\n<li>Si tienes dudas o experimentas alg\u00fan problema,&nbsp;<strong>no dudes en consultar a tu especialista<\/strong>&nbsp;en l\u00e1ser. Ellos podr\u00e1n darte el asesoramiento y la orientaci\u00f3n adecuados para tu caso espec\u00edfico.<\/li>\n<\/ul>\n","protected":false},"excerpt":{"rendered":"<p>La&nbsp;depilaci\u00f3n l\u00e1ser&nbsp;es una t\u00e9cnica ampliamente utilizada para eliminar el vello no deseado de forma duradera. Sin embargo, muchas personas se preguntan si esta t\u00e9cnica tambi\u00e9n puede ser efectiva para eliminar el&nbsp;vello encarnado, uno de los problemas m\u00e1s comunes relacionados con la depilaci\u00f3n. En este art\u00edculo, exploraremos en detalle c\u00f3mo funciona la depilaci\u00f3n l\u00e1ser en relaci\u00f3n [&hellip;]<\/p>\n","protected":false},"author":3,"featured_media":987516240,"comment_status":"open","ping_status":"closed","sticky":false,"template":"","format":"standard","meta":{"_et_pb_use_builder":"off","_et_pb_old_content":"","_et_gb_content_width":"","_joinchat":[],"footnotes":""},"categories":[51,65],"tags":[],"class_list":["post-987516231","post","type-post","status-publish","format-standard","has-post-thumbnail","hentry","category-blog","category-depilacion"],"yoast_head":"<!-- This site is optimized with the Yoast SEO plugin v25.9 - https:\/\/yoast.com\/wordpress\/plugins\/seo\/ -->\n<title>La depilaci\u00f3n l\u00e1ser elimina el vello encarnado | bedda<\/title>\n<meta name=\"description\" content=\"Entra ahora en el blog de Centros bedda y descubre si la depilaci\u00f3n l\u00e1ser elimina el vello encarnado. \u00a1Te lo contamos!\" \/>\n<meta name=\"robots\" content=\"noindex, follow, max-snippet:-1, max-image-preview:large, max-video-preview:-1\" \/>\n<meta property=\"og:locale\" content=\"es_ES\" \/>\n<meta property=\"og:type\" content=\"article\" \/>\n<meta property=\"og:title\" content=\"La depilaci\u00f3n l\u00e1ser elimina el vello encarnado | bedda\" \/>\n<meta property=\"og:description\" content=\"Entra ahora en el blog de Centros bedda y descubre si la depilaci\u00f3n l\u00e1ser elimina el vello encarnado. \u00a1Te lo contamos!\" \/>\n<meta property=\"og:url\" content=\"https:\/\/agenciaseolocal.eu\/bedda\/depilacion-laser-elimina-vello-encarnado\/\" \/>\n<meta property=\"og:site_name\" content=\"Centros bedda\" \/>\n<meta property=\"article:publisher\" content=\"https:\/\/www.facebook.com\/centrobedda\" \/>\n<meta property=\"article:published_time\" content=\"2024-07-16T06:15:59+00:00\" \/>\n<meta property=\"og:image\" content=\"https:\/\/agenciaseolocal.eu\/bedda\/wp-content\/uploads\/2024\/06\/chica-comprobando-vello-encarnado-piernas.webp\" \/>\n\t<meta property=\"og:image:width\" content=\"2000\" \/>\n\t<meta property=\"og:image:height\" content=\"700\" \/>\n\t<meta property=\"og:image:type\" content=\"image\/webp\" \/>\n<meta name=\"author\" content=\"Centros bedda\" \/>\n<meta name=\"twitter:card\" content=\"summary_large_image\" \/>\n<meta name=\"twitter:creator\" content=\"@centrosbedda\" \/>\n<meta name=\"twitter:site\" content=\"@centrosbedda\" \/>\n<meta name=\"twitter:label1\" content=\"Escrito por\" \/>\n\t<meta name=\"twitter:data1\" content=\"Centros bedda\" \/>\n\t<meta name=\"twitter:label2\" content=\"Tiempo de lectura\" \/>\n\t<meta name=\"twitter:data2\" content=\"5 minutos\" \/>\n<!-- \/ Yoast SEO plugin. -->","yoast_head_json":{"title":"La depilaci\u00f3n l\u00e1ser elimina el vello encarnado | bedda","description":"Entra ahora en el blog de Centros bedda y descubre si la depilaci\u00f3n l\u00e1ser elimina el vello encarnado. \u00a1Te lo contamos!","robots":{"index":"noindex","follow":"follow","max-snippet":"max-snippet:-1","max-image-preview":"max-image-preview:large","max-video-preview":"max-video-preview:-1"},"og_locale":"es_ES","og_type":"article","og_title":"La depilaci\u00f3n l\u00e1ser elimina el vello encarnado | bedda","og_description":"Entra ahora en el blog de Centros bedda y descubre si la depilaci\u00f3n l\u00e1ser elimina el vello encarnado. \u00a1Te lo contamos!","og_url":"https:\/\/agenciaseolocal.eu\/bedda\/depilacion-laser-elimina-vello-encarnado\/","og_site_name":"Centros bedda","article_publisher":"https:\/\/www.facebook.com\/centrobedda","article_published_time":"2024-07-16T06:15:59+00:00","og_image":[{"width":2000,"height":700,"url":"https:\/\/agenciaseolocal.eu\/bedda\/wp-content\/uploads\/2024\/06\/chica-comprobando-vello-encarnado-piernas.webp","type":"image\/webp"}],"author":"Centros bedda","twitter_card":"summary_large_image","twitter_creator":"@centrosbedda","twitter_site":"@centrosbedda","twitter_misc":{"Escrito por":"Centros bedda","Tiempo de lectura":"5 minutos"},"schema":{"@context":"https:\/\/schema.org","@graph":[{"@type":"Article","@id":"https:\/\/agenciaseolocal.eu\/bedda\/depilacion-laser-elimina-vello-encarnado\/#article","isPartOf":{"@id":"https:\/\/agenciaseolocal.eu\/bedda\/depilacion-laser-elimina-vello-encarnado\/"},"author":{"name":"Centros bedda","@id":"https:\/\/agenciaseolocal.eu\/bedda\/#\/schema\/person\/ca3010faf67f189fd2de8d61a763fc8b"},"headline":"\u00bfLa depilaci\u00f3n l\u00e1ser elimina el vello encarnado?","datePublished":"2024-07-16T06:15:59+00:00","mainEntityOfPage":{"@id":"https:\/\/agenciaseolocal.eu\/bedda\/depilacion-laser-elimina-vello-encarnado\/"},"wordCount":1072,"commentCount":0,"publisher":{"@id":"https:\/\/agenciaseolocal.eu\/bedda\/#organization"},"image":{"@id":"https:\/\/agenciaseolocal.eu\/bedda\/depilacion-laser-elimina-vello-encarnado\/#primaryimage"},"thumbnailUrl":"https:\/\/agenciaseolocal.eu\/bedda\/wp-content\/uploads\/2024\/06\/chica-comprobando-vello-encarnado-piernas.webp","articleSection":["Blog","Depilaci\u00f3n"],"inLanguage":"es","potentialAction":[{"@type":"CommentAction","name":"Comment","target":["https:\/\/agenciaseolocal.eu\/bedda\/depilacion-laser-elimina-vello-encarnado\/#respond"]}]},{"@type":"WebPage","@id":"https:\/\/agenciaseolocal.eu\/bedda\/depilacion-laser-elimina-vello-encarnado\/","url":"https:\/\/agenciaseolocal.eu\/bedda\/depilacion-laser-elimina-vello-encarnado\/","name":"La depilaci\u00f3n l\u00e1ser elimina el vello encarnado | bedda","isPartOf":{"@id":"https:\/\/agenciaseolocal.eu\/bedda\/#website"},"primaryImageOfPage":{"@id":"https:\/\/agenciaseolocal.eu\/bedda\/depilacion-laser-elimina-vello-encarnado\/#primaryimage"},"image":{"@id":"https:\/\/agenciaseolocal.eu\/bedda\/depilacion-laser-elimina-vello-encarnado\/#primaryimage"},"thumbnailUrl":"https:\/\/agenciaseolocal.eu\/bedda\/wp-content\/uploads\/2024\/06\/chica-comprobando-vello-encarnado-piernas.webp","datePublished":"2024-07-16T06:15:59+00:00","description":"Entra ahora en el blog de Centros bedda y descubre si la depilaci\u00f3n l\u00e1ser elimina el vello encarnado. \u00a1Te lo contamos!","breadcrumb":{"@id":"https:\/\/agenciaseolocal.eu\/bedda\/depilacion-laser-elimina-vello-encarnado\/#breadcrumb"},"inLanguage":"es","potentialAction":[{"@type":"ReadAction","target":["https:\/\/agenciaseolocal.eu\/bedda\/depilacion-laser-elimina-vello-encarnado\/"]}]},{"@type":"ImageObject","inLanguage":"es","@id":"https:\/\/agenciaseolocal.eu\/bedda\/depilacion-laser-elimina-vello-encarnado\/#primaryimage","url":"https:\/\/agenciaseolocal.eu\/bedda\/wp-content\/uploads\/2024\/06\/chica-comprobando-vello-encarnado-piernas.webp","contentUrl":"https:\/\/agenciaseolocal.eu\/bedda\/wp-content\/uploads\/2024\/06\/chica-comprobando-vello-encarnado-piernas.webp","width":2000,"height":700,"caption":"chica comprobando vello encarnado piernas"},{"@type":"BreadcrumbList","@id":"https:\/\/agenciaseolocal.eu\/bedda\/depilacion-laser-elimina-vello-encarnado\/#breadcrumb","itemListElement":[{"@type":"ListItem","position":1,"name":"Portada","item":"https:\/\/agenciaseolocal.eu\/bedda\/"},{"@type":"ListItem","position":2,"name":"\u00bfLa depilaci\u00f3n l\u00e1ser elimina el vello encarnado?"}]},{"@type":"WebSite","@id":"https:\/\/agenciaseolocal.eu\/bedda\/#website","url":"https:\/\/agenciaseolocal.eu\/bedda\/","name":"Centros bedda","description":"Centro de depilaci\u00f3n l\u00e1ser","publisher":{"@id":"https:\/\/agenciaseolocal.eu\/bedda\/#organization"},"potentialAction":[{"@type":"SearchAction","target":{"@type":"EntryPoint","urlTemplate":"https:\/\/agenciaseolocal.eu\/bedda\/?s={search_term_string}"},"query-input":{"@type":"PropertyValueSpecification","valueRequired":true,"valueName":"search_term_string"}}],"inLanguage":"es"},{"@type":"Organization","@id":"https:\/\/agenciaseolocal.eu\/bedda\/#organization","name":"Centros bedda","url":"https:\/\/agenciaseolocal.eu\/bedda\/","logo":{"@type":"ImageObject","inLanguage":"es","@id":"https:\/\/agenciaseolocal.eu\/bedda\/#\/schema\/logo\/image\/","url":"https:\/\/agenciaseolocal.eu\/bedda\/wp-content\/uploads\/2024\/04\/centros-bedda-depilacion-laser-logo.png","contentUrl":"https:\/\/agenciaseolocal.eu\/bedda\/wp-content\/uploads\/2024\/04\/centros-bedda-depilacion-laser-logo.png","width":220,"height":220,"caption":"Centros bedda"},"image":{"@id":"https:\/\/agenciaseolocal.eu\/bedda\/#\/schema\/logo\/image\/"},"sameAs":["https:\/\/www.facebook.com\/centrobedda","https:\/\/x.com\/centrosbedda","https:\/\/www.youtube.com\/channel\/UCV57tDnQcnHfTici1funk4g?app=desktop","https:\/\/www.instagram.com\/centrosbedda\/","https:\/\/www.linkedin.com\/company\/centros-bedda\/"]},{"@type":"Person","@id":"https:\/\/agenciaseolocal.eu\/bedda\/#\/schema\/person\/ca3010faf67f189fd2de8d61a763fc8b","name":"Centros bedda","image":{"@type":"ImageObject","inLanguage":"es","@id":"https:\/\/agenciaseolocal.eu\/bedda\/#\/schema\/person\/image\/","url":"https:\/\/secure.gravatar.com\/avatar\/ea1f00b0a249719594f6b50ee5d3214c2c192531d8f80f789208e2aa9605ac08?s=96&d=mm&r=g","contentUrl":"https:\/\/secure.gravatar.com\/avatar\/ea1f00b0a249719594f6b50ee5d3214c2c192531d8f80f789208e2aa9605ac08?s=96&d=mm&r=g","caption":"Centros bedda"},"url":"https:\/\/agenciaseolocal.eu\/bedda\/author\/mktpmp_gedfwb31y\/"}]}},"_links":{"self":[{"href":"https:\/\/agenciaseolocal.eu\/bedda\/wp-json\/wp\/v2\/posts\/987516231","targetHints":{"allow":["GET"]}}],"collection":[{"href":"https:\/\/agenciaseolocal.eu\/bedda\/wp-json\/wp\/v2\/posts"}],"about":[{"href":"https:\/\/agenciaseolocal.eu\/bedda\/wp-json\/wp\/v2\/types\/post"}],"author":[{"embeddable":true,"href":"https:\/\/agenciaseolocal.eu\/bedda\/wp-json\/wp\/v2\/users\/3"}],"replies":[{"embeddable":true,"href":"https:\/\/agenciaseolocal.eu\/bedda\/wp-json\/wp\/v2\/comments?post=987516231"}],"version-history":[{"count":2,"href":"https:\/\/agenciaseolocal.eu\/bedda\/wp-json\/wp\/v2\/posts\/987516231\/revisions"}],"predecessor-version":[{"id":987516407,"href":"https:\/\/agenciaseolocal.eu\/bedda\/wp-json\/wp\/v2\/posts\/987516231\/revisions\/987516407"}],"wp:featuredmedia":[{"embeddable":true,"href":"https:\/\/agenciaseolocal.eu\/bedda\/wp-json\/wp\/v2\/media\/987516240"}],"wp:attachment":[{"href":"https:\/\/agenciaseolocal.eu\/bedda\/wp-json\/wp\/v2\/media?parent=987516231"}],"wp:term":[{"taxonomy":"category","embeddable":true,"href":"https:\/\/agenciaseolocal.eu\/bedda\/wp-json\/wp\/v2\/categories?post=987516231"},{"taxonomy":"post_tag","embeddable":true,"href":"https:\/\/agenciaseolocal.eu\/bedda\/wp-json\/wp\/v2\/tags?post=987516231"}],"curies":[{"name":"wp","href":"https:\/\/api.w.org\/{rel}","templated":true}]}}