{"id":987516234,"date":"2024-07-19T10:49:56","date_gmt":"2024-07-19T08:49:56","guid":{"rendered":"https:\/\/centrosbedda.com\/?p=987516234"},"modified":"2024-06-17T10:13:54","modified_gmt":"2024-06-17T08:13:54","slug":"queratosis-pilaris-depilacion-laser","status":"publish","type":"post","link":"https:\/\/agenciaseolocal.eu\/bedda\/queratosis-pilaris-depilacion-laser\/","title":{"rendered":"Queratosis pilaris y depilaci\u00f3n l\u00e1ser: Qu\u00e9 debes saber"},"content":{"rendered":"\n<p>La<strong>&nbsp;queratosis pilaris&nbsp;<\/strong>es una afecci\u00f3n cut\u00e1nea com\u00fan que afecta a muchas personas en todo el mundo. A veces conocida como &#8220;piel de gallina&#8221;, esta afecci\u00f3n se caracteriza por la aparici\u00f3n de peque\u00f1as protuberancias \u00e1speras en la piel, especialmente en los brazos, las piernas y las nalgas. Aunque inofensiva, puede ser embarazosa para quienes la padecen y puede afectar su confianza en s\u00ed mismos. Si est\u00e1s considerando someterte a&nbsp;<a href=\"https:\/\/agenciaseolocal.eu\/bedda\/\">depilaci\u00f3n l\u00e1ser<\/a>&nbsp;y tienes queratosis pilaris, es importante que comprendas c\u00f3mo estas dos cosas pueden estar relacionadas y qu\u00e9 debes tener en cuenta antes de tomar una decisi\u00f3n.<\/p>\n\n\n\n<h2 class=\"wp-block-heading\">\u00bfQu\u00e9 es la queratosis pilaris?<\/h2>\n\n\n\n<p>La queratosis pilaris es una&nbsp;<strong>afecci\u00f3n cut\u00e1nea que se caracteriza por la acumulaci\u00f3n de queratina<\/strong>, una prote\u00edna que forma parte de la estructura de la piel,&nbsp;<strong>en los fol\u00edculos pilosos<\/strong>. Esto provoca la obstrucci\u00f3n de los poros y la formaci\u00f3n de peque\u00f1as protuberancias rugosas en la superficie de la piel. Estas protuberancias suelen ser de color blanco o rojizo y pueden tener una apariencia similar a la piel de gallina.<\/p>\n\n\n\n<p>Aunque no se conoce la causa exacta de la queratosis pilaris, se cree que<strong>&nbsp;puede estar relacionada con factores gen\u00e9ticos y una sobreproducci\u00f3n de queratina en la piel<\/strong>. Tambi\u00e9n se ha observado que la afecci\u00f3n&nbsp;<strong>empeora en invierno y mejora en verano<\/strong>, lo que sugiere que el clima y la humedad pueden desempe\u00f1ar un papel en su desarrollo.<\/p>\n\n\n\n<p>La queratosis pilaris es una afecci\u00f3n com\u00fan que&nbsp;<strong>afecta principalmente a adolescentes y adultos j\u00f3venes<\/strong>, aunque tambi\u00e9n puede presentarse en personas de cualquier edad. A menudo<strong>&nbsp;se localiza en la parte superior de los brazos, muslos, gl\u00fateos y, en algunos casos, en el rostro<\/strong>. Aunque no es una afecci\u00f3n grave, puede resultar molesta desde el punto de vista est\u00e9tico para quienes la padecen.<\/p>\n\n\n\n<p>Para tratar la queratosis pilaris,&nbsp;<strong>se pueden utilizar cremas y lociones con ingredientes como \u00e1cido l\u00e1ctico, \u00e1cido glic\u00f3lico o urea<\/strong>, que ayudan a exfoliar la piel y suavizar las protuberancias. En casos m\u00e1s severos, un dermat\u00f3logo puede recetar tratamientos t\u00f3picos o procedimientos como la microdermoabrasi\u00f3n para mejorar la apariencia de la piel afectada.<\/p>\n\n\n\n<h2 class=\"wp-block-heading\">Causas de la queratosis pilaris<\/h2>\n\n\n\n<p>La queratosis pilaris&nbsp;<strong>puede ser causada por una combinaci\u00f3n de factores gen\u00e9ticos y ambientales<\/strong>. Si tienes antecedentes familiares de la afecci\u00f3n, es m\u00e1s probable que la desarrolles. Adem\u00e1s, la sequedad de la piel, la falta de humedad y la obstrucci\u00f3n de los poros pueden contribuir a su aparici\u00f3n.<\/p>\n\n\n\n<p>Es importante tener en cuenta que la queratosis pilaris&nbsp;<strong>no est\u00e1 relacionada con la falta de higiene o la suciedad<\/strong>.&nbsp;<strong>No es contagiosa<\/strong>&nbsp;y no se puede transmitir de una persona a otra.<\/p>\n\n\n\n<p>Adem\u00e1s de los factores gen\u00e9ticos y ambientales, hay ciertos factores de estilo de vida que pueden empeorar la queratosis pilaris. Por ejemplo, el uso de jabones abrasivos o la exposici\u00f3n excesiva a agua caliente pueden resecar a\u00fan m\u00e1s la piel, empeorando los s\u00edntomas. Es fundamental&nbsp;<strong>mantener la piel bien hidratada y utilizar productos suaves&nbsp;<\/strong>que no irriten ni obstruyan los poros.<\/p>\n\n\n\n<p>Otro aspecto a considerar es la&nbsp;<strong>dieta<\/strong>. Algunos estudios sugieren que una alimentaci\u00f3n rica en \u00e1cidos grasos omega-3 y vitaminas A, E y C puede ayudar a mejorar la apariencia de la piel y reducir la inflamaci\u00f3n asociada con la queratosis pilaris. Incorporar alimentos como pescado, frutas, verduras y frutos secos puede ser beneficioso para quienes sufren de esta afecci\u00f3n.<\/p>\n\n\n\n<h2 class=\"wp-block-heading\">Posibles efectos de la depilaci\u00f3n l\u00e1ser en la queratosis pilaris<\/h2>\n\n\n\n<p>Si tienes queratosis pilaris y est\u00e1s considerando someterte a depilaci\u00f3n l\u00e1ser, es importante ser consciente de los posibles efectos que este tratamiento puede tener en tu condici\u00f3n cut\u00e1nea. La depilaci\u00f3n l\u00e1ser funciona mediante la eliminaci\u00f3n del vello no deseado mediante la aplicaci\u00f3n de pulsos de luz l\u00e1ser en los fol\u00edculos pilosos. Se ha observado que este tipo de tratamiento&nbsp;<strong>puede tener efectos beneficiosos en algunas personas con queratosis pilaris<\/strong>.<\/p>\n\n\n\n<p>El l\u00e1ser puede ayudar a disminuir la apariencia de las protuberancias y suavizar la textura de la piel. Sin embargo, es importante tener en cuenta que<strong>&nbsp;los resultados pueden variar de una persona a otra<\/strong>&nbsp;y que no todos experimentan mejoras significativas.<\/p>\n\n\n\n<p>Adem\u00e1s,&nbsp;<strong>es posible que la depilaci\u00f3n l\u00e1ser no sea adecuada para todas las personas con queratosis pilaris<\/strong>. Si tienes la piel muy sensible o si la queratosis pilaris es severa, es posible que la depilaci\u00f3n l\u00e1ser no sea la mejor opci\u00f3n para ti. Es importante&nbsp;<strong>consultar a un dermat\u00f3logo o a un especialista en depilaci\u00f3n l\u00e1ser<\/strong>&nbsp;para evaluar tu caso espec\u00edfico y obtener recomendaciones personalizadas.<\/p>\n\n\n\n<h2 class=\"wp-block-heading\">Consideraciones antes de optar por la depilaci\u00f3n l\u00e1ser con queratosis pilaris<\/h2>\n\n\n\n<p>Antes de tomar la decisi\u00f3n de someterte a depilaci\u00f3n l\u00e1ser si tienes queratosis pilaris, es importante considerar algunos factores importantes:<\/p>\n\n\n\n<ol class=\"wp-block-list\">\n<li><strong>Eval\u00faa la gravedad de tu queratosis pilaris<\/strong>. Si la afecci\u00f3n es leve y no te causa demasiadas molestias, es posible que no necesites optar por la depilaci\u00f3n l\u00e1ser.<\/li>\n\n\n\n<li><strong>Consulta con un dermat\u00f3logo o un especialista en depilaci\u00f3n l\u00e1ser<\/strong>. Ellos podr\u00e1n evaluar tus necesidades y determinar si la depilaci\u00f3n l\u00e1ser es adecuada para ti.<\/li>\n<\/ol>\n\n\n\n<h2 class=\"wp-block-heading\">Consejos y precauciones para la depilaci\u00f3n l\u00e1ser en casos de queratosis pilaris<\/h2>\n\n\n\n<p>Si has decidido optar por la depilaci\u00f3n l\u00e1ser a pesar de tener queratosis pilaris, hay algunas precauciones y consejos que podr\u00edan serte \u00fatiles:<\/p>\n\n\n\n<ul class=\"wp-block-list\">\n<li><strong>Comunica a tu especialista en depilaci\u00f3n l\u00e1ser que tienes queratosis pilaris<\/strong>. Es importante que est\u00e9n al tanto de tu condici\u00f3n y puedan adaptar el tratamiento en consecuencia.<\/li>\n\n\n\n<li><strong>Evita la exposici\u00f3n al sol antes y despu\u00e9s de los tratamientos de depilaci\u00f3n l\u00e1ser<\/strong>. La piel sensible puede estar m\u00e1s propensa a quemaduras solares.<\/li>\n\n\n\n<li><strong>Hidrata bien tu piel antes y despu\u00e9s de cada sesi\u00f3n<\/strong>. La hidrataci\u00f3n adecuada puede ayudar a reducir la sequedad y suavizar la piel afectada por la queratosis pilaris.<\/li>\n\n\n\n<li><strong>No te rasques ni frotes vigorosamente las protuberancias<\/strong>. Esto puede empeorar la irritaci\u00f3n y el enrojecimiento.<\/li>\n<\/ul>\n\n\n\n<p>Recuerda que cada persona es \u00fanica y que los resultados de la depilaci\u00f3n l\u00e1ser pueden variar. Es importante estar informado y tomar una decisi\u00f3n basada en tus necesidades y consideraciones personales. Siempre consulta con un profesional de la salud antes de someterte a cualquier tipo de tratamiento.<\/p>\n","protected":false},"excerpt":{"rendered":"<p>La&nbsp;queratosis pilaris&nbsp;es una afecci\u00f3n cut\u00e1nea com\u00fan que afecta a muchas personas en todo el mundo. A veces conocida como &#8220;piel de gallina&#8221;, esta afecci\u00f3n se caracteriza por la aparici\u00f3n de peque\u00f1as protuberancias \u00e1speras en la piel, especialmente en los brazos, las piernas y las nalgas. Aunque inofensiva, puede ser embarazosa para quienes la padecen y [&hellip;]<\/p>\n","protected":false},"author":3,"featured_media":987516246,"comment_status":"open","ping_status":"closed","sticky":false,"template":"","format":"standard","meta":{"_et_pb_use_builder":"off","_et_pb_old_content":"","_et_gb_content_width":"","_joinchat":[],"footnotes":""},"categories":[51,65],"tags":[],"class_list":["post-987516234","post","type-post","status-publish","format-standard","has-post-thumbnail","hentry","category-blog","category-depilacion"],"yoast_head":"<!-- This site is optimized with the Yoast SEO plugin v25.9 - https:\/\/yoast.com\/wordpress\/plugins\/seo\/ -->\n<title>Queratosis pilaris y depilaci\u00f3n l\u00e1ser | Centros bedda<\/title>\n<meta name=\"description\" content=\"Entra en el blog de Centros bedda y descubre todo lo que debes saber sobre la queratosis pilaris y la depilaci\u00f3n l\u00e1ser. \u00a1Te lo contamos!\" \/>\n<meta name=\"robots\" content=\"noindex, follow, max-snippet:-1, max-image-preview:large, max-video-preview:-1\" \/>\n<meta property=\"og:locale\" content=\"es_ES\" \/>\n<meta property=\"og:type\" content=\"article\" \/>\n<meta property=\"og:title\" content=\"Queratosis pilaris y depilaci\u00f3n l\u00e1ser | Centros bedda\" \/>\n<meta property=\"og:description\" content=\"Entra en el blog de Centros bedda y descubre todo lo que debes saber sobre la queratosis pilaris y la depilaci\u00f3n l\u00e1ser. \u00a1Te lo contamos!\" \/>\n<meta property=\"og:url\" content=\"https:\/\/agenciaseolocal.eu\/bedda\/queratosis-pilaris-depilacion-laser\/\" \/>\n<meta property=\"og:site_name\" content=\"Centros bedda\" \/>\n<meta property=\"article:publisher\" content=\"https:\/\/www.facebook.com\/centrobedda\" \/>\n<meta property=\"article:published_time\" content=\"2024-07-19T08:49:56+00:00\" \/>\n<meta property=\"og:image\" content=\"https:\/\/agenciaseolocal.eu\/bedda\/wp-content\/uploads\/2024\/06\/persona-con-queratosis-pilaris-en-piel.webp\" \/>\n\t<meta property=\"og:image:width\" content=\"2000\" \/>\n\t<meta property=\"og:image:height\" content=\"700\" \/>\n\t<meta property=\"og:image:type\" content=\"image\/webp\" \/>\n<meta name=\"author\" content=\"Centros bedda\" \/>\n<meta name=\"twitter:card\" content=\"summary_large_image\" \/>\n<meta name=\"twitter:creator\" content=\"@centrosbedda\" \/>\n<meta name=\"twitter:site\" content=\"@centrosbedda\" \/>\n<meta name=\"twitter:label1\" content=\"Escrito por\" \/>\n\t<meta name=\"twitter:data1\" content=\"Centros bedda\" \/>\n\t<meta name=\"twitter:label2\" content=\"Tiempo de lectura\" \/>\n\t<meta name=\"twitter:data2\" content=\"5 minutos\" \/>\n<!-- \/ Yoast SEO plugin. -->","yoast_head_json":{"title":"Queratosis pilaris y depilaci\u00f3n l\u00e1ser | Centros bedda","description":"Entra en el blog de Centros bedda y descubre todo lo que debes saber sobre la queratosis pilaris y la depilaci\u00f3n l\u00e1ser. \u00a1Te lo contamos!","robots":{"index":"noindex","follow":"follow","max-snippet":"max-snippet:-1","max-image-preview":"max-image-preview:large","max-video-preview":"max-video-preview:-1"},"og_locale":"es_ES","og_type":"article","og_title":"Queratosis pilaris y depilaci\u00f3n l\u00e1ser | Centros bedda","og_description":"Entra en el blog de Centros bedda y descubre todo lo que debes saber sobre la queratosis pilaris y la depilaci\u00f3n l\u00e1ser. \u00a1Te lo contamos!","og_url":"https:\/\/agenciaseolocal.eu\/bedda\/queratosis-pilaris-depilacion-laser\/","og_site_name":"Centros bedda","article_publisher":"https:\/\/www.facebook.com\/centrobedda","article_published_time":"2024-07-19T08:49:56+00:00","og_image":[{"width":2000,"height":700,"url":"https:\/\/agenciaseolocal.eu\/bedda\/wp-content\/uploads\/2024\/06\/persona-con-queratosis-pilaris-en-piel.webp","type":"image\/webp"}],"author":"Centros bedda","twitter_card":"summary_large_image","twitter_creator":"@centrosbedda","twitter_site":"@centrosbedda","twitter_misc":{"Escrito por":"Centros bedda","Tiempo de lectura":"5 minutos"},"schema":{"@context":"https:\/\/schema.org","@graph":[{"@type":"Article","@id":"https:\/\/agenciaseolocal.eu\/bedda\/queratosis-pilaris-depilacion-laser\/#article","isPartOf":{"@id":"https:\/\/agenciaseolocal.eu\/bedda\/queratosis-pilaris-depilacion-laser\/"},"author":{"name":"Centros bedda","@id":"https:\/\/agenciaseolocal.eu\/bedda\/#\/schema\/person\/ca3010faf67f189fd2de8d61a763fc8b"},"headline":"Queratosis pilaris y depilaci\u00f3n l\u00e1ser: Qu\u00e9 debes saber","datePublished":"2024-07-19T08:49:56+00:00","mainEntityOfPage":{"@id":"https:\/\/agenciaseolocal.eu\/bedda\/queratosis-pilaris-depilacion-laser\/"},"wordCount":1147,"commentCount":0,"publisher":{"@id":"https:\/\/agenciaseolocal.eu\/bedda\/#organization"},"image":{"@id":"https:\/\/agenciaseolocal.eu\/bedda\/queratosis-pilaris-depilacion-laser\/#primaryimage"},"thumbnailUrl":"https:\/\/agenciaseolocal.eu\/bedda\/wp-content\/uploads\/2024\/06\/persona-con-queratosis-pilaris-en-piel.webp","articleSection":["Blog","Depilaci\u00f3n"],"inLanguage":"es","potentialAction":[{"@type":"CommentAction","name":"Comment","target":["https:\/\/agenciaseolocal.eu\/bedda\/queratosis-pilaris-depilacion-laser\/#respond"]}]},{"@type":"WebPage","@id":"https:\/\/agenciaseolocal.eu\/bedda\/queratosis-pilaris-depilacion-laser\/","url":"https:\/\/agenciaseolocal.eu\/bedda\/queratosis-pilaris-depilacion-laser\/","name":"Queratosis pilaris y depilaci\u00f3n l\u00e1ser | Centros bedda","isPartOf":{"@id":"https:\/\/agenciaseolocal.eu\/bedda\/#website"},"primaryImageOfPage":{"@id":"https:\/\/agenciaseolocal.eu\/bedda\/queratosis-pilaris-depilacion-laser\/#primaryimage"},"image":{"@id":"https:\/\/agenciaseolocal.eu\/bedda\/queratosis-pilaris-depilacion-laser\/#primaryimage"},"thumbnailUrl":"https:\/\/agenciaseolocal.eu\/bedda\/wp-content\/uploads\/2024\/06\/persona-con-queratosis-pilaris-en-piel.webp","datePublished":"2024-07-19T08:49:56+00:00","description":"Entra en el blog de Centros bedda y descubre todo lo que debes saber sobre la queratosis pilaris y la depilaci\u00f3n l\u00e1ser. \u00a1Te lo contamos!","breadcrumb":{"@id":"https:\/\/agenciaseolocal.eu\/bedda\/queratosis-pilaris-depilacion-laser\/#breadcrumb"},"inLanguage":"es","potentialAction":[{"@type":"ReadAction","target":["https:\/\/agenciaseolocal.eu\/bedda\/queratosis-pilaris-depilacion-laser\/"]}]},{"@type":"ImageObject","inLanguage":"es","@id":"https:\/\/agenciaseolocal.eu\/bedda\/queratosis-pilaris-depilacion-laser\/#primaryimage","url":"https:\/\/agenciaseolocal.eu\/bedda\/wp-content\/uploads\/2024\/06\/persona-con-queratosis-pilaris-en-piel.webp","contentUrl":"https:\/\/agenciaseolocal.eu\/bedda\/wp-content\/uploads\/2024\/06\/persona-con-queratosis-pilaris-en-piel.webp","width":2000,"height":700,"caption":"persona con queratosis pilaris en piel"},{"@type":"BreadcrumbList","@id":"https:\/\/agenciaseolocal.eu\/bedda\/queratosis-pilaris-depilacion-laser\/#breadcrumb","itemListElement":[{"@type":"ListItem","position":1,"name":"Portada","item":"https:\/\/agenciaseolocal.eu\/bedda\/"},{"@type":"ListItem","position":2,"name":"Queratosis pilaris y depilaci\u00f3n l\u00e1ser: Qu\u00e9 debes saber"}]},{"@type":"WebSite","@id":"https:\/\/agenciaseolocal.eu\/bedda\/#website","url":"https:\/\/agenciaseolocal.eu\/bedda\/","name":"Centros bedda","description":"Centro de depilaci\u00f3n l\u00e1ser","publisher":{"@id":"https:\/\/agenciaseolocal.eu\/bedda\/#organization"},"potentialAction":[{"@type":"SearchAction","target":{"@type":"EntryPoint","urlTemplate":"https:\/\/agenciaseolocal.eu\/bedda\/?s={search_term_string}"},"query-input":{"@type":"PropertyValueSpecification","valueRequired":true,"valueName":"search_term_string"}}],"inLanguage":"es"},{"@type":"Organization","@id":"https:\/\/agenciaseolocal.eu\/bedda\/#organization","name":"Centros bedda","url":"https:\/\/agenciaseolocal.eu\/bedda\/","logo":{"@type":"ImageObject","inLanguage":"es","@id":"https:\/\/agenciaseolocal.eu\/bedda\/#\/schema\/logo\/image\/","url":"https:\/\/agenciaseolocal.eu\/bedda\/wp-content\/uploads\/2024\/04\/centros-bedda-depilacion-laser-logo.png","contentUrl":"https:\/\/agenciaseolocal.eu\/bedda\/wp-content\/uploads\/2024\/04\/centros-bedda-depilacion-laser-logo.png","width":220,"height":220,"caption":"Centros bedda"},"image":{"@id":"https:\/\/agenciaseolocal.eu\/bedda\/#\/schema\/logo\/image\/"},"sameAs":["https:\/\/www.facebook.com\/centrobedda","https:\/\/x.com\/centrosbedda","https:\/\/www.youtube.com\/channel\/UCV57tDnQcnHfTici1funk4g?app=desktop","https:\/\/www.instagram.com\/centrosbedda\/","https:\/\/www.linkedin.com\/company\/centros-bedda\/"]},{"@type":"Person","@id":"https:\/\/agenciaseolocal.eu\/bedda\/#\/schema\/person\/ca3010faf67f189fd2de8d61a763fc8b","name":"Centros bedda","image":{"@type":"ImageObject","inLanguage":"es","@id":"https:\/\/agenciaseolocal.eu\/bedda\/#\/schema\/person\/image\/","url":"https:\/\/secure.gravatar.com\/avatar\/ea1f00b0a249719594f6b50ee5d3214c2c192531d8f80f789208e2aa9605ac08?s=96&d=mm&r=g","contentUrl":"https:\/\/secure.gravatar.com\/avatar\/ea1f00b0a249719594f6b50ee5d3214c2c192531d8f80f789208e2aa9605ac08?s=96&d=mm&r=g","caption":"Centros bedda"},"url":"https:\/\/agenciaseolocal.eu\/bedda\/author\/mktpmp_gedfwb31y\/"}]}},"_links":{"self":[{"href":"https:\/\/agenciaseolocal.eu\/bedda\/wp-json\/wp\/v2\/posts\/987516234","targetHints":{"allow":["GET"]}}],"collection":[{"href":"https:\/\/agenciaseolocal.eu\/bedda\/wp-json\/wp\/v2\/posts"}],"about":[{"href":"https:\/\/agenciaseolocal.eu\/bedda\/wp-json\/wp\/v2\/types\/post"}],"author":[{"embeddable":true,"href":"https:\/\/agenciaseolocal.eu\/bedda\/wp-json\/wp\/v2\/users\/3"}],"replies":[{"embeddable":true,"href":"https:\/\/agenciaseolocal.eu\/bedda\/wp-json\/wp\/v2\/comments?post=987516234"}],"version-history":[{"count":1,"href":"https:\/\/agenciaseolocal.eu\/bedda\/wp-json\/wp\/v2\/posts\/987516234\/revisions"}],"predecessor-version":[{"id":987516247,"href":"https:\/\/agenciaseolocal.eu\/bedda\/wp-json\/wp\/v2\/posts\/987516234\/revisions\/987516247"}],"wp:featuredmedia":[{"embeddable":true,"href":"https:\/\/agenciaseolocal.eu\/bedda\/wp-json\/wp\/v2\/media\/987516246"}],"wp:attachment":[{"href":"https:\/\/agenciaseolocal.eu\/bedda\/wp-json\/wp\/v2\/media?parent=987516234"}],"wp:term":[{"taxonomy":"category","embeddable":true,"href":"https:\/\/agenciaseolocal.eu\/bedda\/wp-json\/wp\/v2\/categories?post=987516234"},{"taxonomy":"post_tag","embeddable":true,"href":"https:\/\/agenciaseolocal.eu\/bedda\/wp-json\/wp\/v2\/tags?post=987516234"}],"curies":[{"name":"wp","href":"https:\/\/api.w.org\/{rel}","templated":true}]}}