{"id":987516236,"date":"2024-07-24T08:36:29","date_gmt":"2024-07-24T06:36:29","guid":{"rendered":"https:\/\/centrosbedda.com\/?p=987516236"},"modified":"2024-06-17T10:16:15","modified_gmt":"2024-06-17T08:16:15","slug":"que-es-melanina-como-afecta-depilacion-laser","status":"publish","type":"post","link":"https:\/\/agenciaseolocal.eu\/bedda\/que-es-melanina-como-afecta-depilacion-laser\/","title":{"rendered":"Qu\u00e9 es la melanina y c\u00f3mo afecta a la depilaci\u00f3n l\u00e1ser"},"content":{"rendered":"\n<p>La&nbsp;<strong>melanina&nbsp;<\/strong>es una sustancia que desempe\u00f1a un papel crucial en nuestro cuerpo. Su presencia afecta no solo nuestro aspecto f\u00edsico, sino tambi\u00e9n nuestra interacci\u00f3n con la tecnolog\u00eda l\u00e1ser en el proceso de depilaci\u00f3n. Para comprender mejor c\u00f3mo la melanina influye en la&nbsp;<a href=\"https:\/\/agenciaseolocal.eu\/bedda\/\">depilaci\u00f3n l\u00e1ser<\/a>, es necesario adentrarnos en los intrincados detalles de esta sustancia y su relaci\u00f3n con la luz.<\/p>\n\n\n\n<h2 class=\"wp-block-heading\">\u00bfQu\u00e9 es la melanina?<\/h2>\n\n\n\n<p>La&nbsp;<strong>melanina&nbsp;<\/strong>es un&nbsp;<strong>pigmento natural producido por c\u00e9lulas especializadas llamadas melanocitos<\/strong>. Estas c\u00e9lulas se encuentran en la epidermis, la capa m\u00e1s externa de nuestra piel.&nbsp;<strong>La funci\u00f3n principal de la melanina es proteger nuestra piel de los da\u00f1inos rayos ultravioleta del sol<\/strong>. Act\u00faa como un escudo natural, absorbiendo y dispersando parte de la radiaci\u00f3n solar, evitando as\u00ed que llegue a las capas m\u00e1s profundas de nuestra piel.<\/p>\n\n\n\n<p><strong>La producci\u00f3n de melanina var\u00eda de persona a persona y est\u00e1 determinada gen\u00e9ticamente<\/strong>.&nbsp;<strong>Es responsable de los diferentes tonos de piel<\/strong>&nbsp;que observamos en la poblaci\u00f3n mundial.&nbsp;<strong>Cuanta m\u00e1s melanina produzcan los melanocitos, m\u00e1s oscura ser\u00e1 la piel<\/strong>. Por el contrario, cuando se produce poca melanina, la piel ser\u00e1 m\u00e1s clara.<\/p>\n\n\n\n<p>La melanina no solo se encuentra en la piel, sino tambi\u00e9n en los ojos y el cabello. En los ojos, la cantidad y distribuci\u00f3n de melanina en el iris determina el color de los ojos de una persona. Cuanta m\u00e1s melanina haya en el iris, m\u00e1s oscuros ser\u00e1n los ojos. Por otro lado, en el cabello, la melanina es la responsable de su coloraci\u00f3n. Existen dos tipos principales de melanina en el cabello: la eumelanina, que produce tonos oscuros, y la feomelanina, que produce tonos m\u00e1s claros.<\/p>\n\n\n\n<h2 class=\"wp-block-heading\">Interacci\u00f3n entre la melanina y el l\u00e1ser en la depilaci\u00f3n<\/h2>\n\n\n\n<p>La depilaci\u00f3n l\u00e1ser es un procedimiento popular para reducir el crecimiento del vello no deseado. Su principio fundamental se basa en la capacidad del l\u00e1ser para generar calor y as\u00ed da\u00f1ar los fol\u00edculos pilosos, los peque\u00f1os sacos de donde crece el vello. Sin embargo, la eficacia de este procedimiento depende en gran medida de la interacci\u00f3n entre el l\u00e1ser y la melanina presente en los fol\u00edculos pilosos.<\/p>\n\n\n\n<p><strong>La melanina es un excelente absorbente de la energ\u00eda lum\u00ednica<\/strong>. Cuando el l\u00e1ser emite pulsos de luz, la melanina dentro del fol\u00edculo piloso absorbe la energ\u00eda, se calienta y transfiere ese calor a los tejidos circundantes. Esto da\u00f1a el fol\u00edculo piloso y eventualmente inhibe su capacidad para producir nuevo vello.<\/p>\n\n\n\n<p>Es en este punto donde la importancia del contraste de color se hace evidente. El l\u00e1ser necesita una diferencia significativa en la cantidad de melanina entre el vello y la piel circundante para poder enfocar su energ\u00eda en los fol\u00edculos pilosos sin da\u00f1ar la piel. Cuanto mayor sea el contraste, m\u00e1s selectivo ser\u00e1 el l\u00e1ser al dirigirse al vello y, en \u00faltima instancia, m\u00e1s eficaz ser\u00e1 el tratamiento.<\/p>\n\n\n\n<h2 class=\"wp-block-heading\">Importancia del contraste de color en la depilaci\u00f3n l\u00e1ser<\/h2>\n\n\n\n<p>El&nbsp;<strong>contraste de color&nbsp;<\/strong>es esencial en la depilaci\u00f3n l\u00e1ser. Cuando la cantidad de melanina en el vello es similar a la de la piel circundante, el l\u00e1ser puede tener dificultades para distinguir entre ambos y puede generar calor en la piel en lugar de enfocarse en los fol\u00edculos pilosos. Esto puede provocar quemaduras o irritaci\u00f3n en la piel.<\/p>\n\n\n\n<p>Por otro lado, cuando el contraste de color es alto, el l\u00e1ser puede ser m\u00e1s preciso al apuntar exclusivamente al vello oscuro y, al mismo tiempo, minimizar los efectos adversos en la piel. Esto significa que las personas con vello oscuro y piel clara son los candidatos ideales para la depilaci\u00f3n l\u00e1ser, ya que presentan un alto contraste de color.<\/p>\n\n\n\n<p>Es importante destacar que, aunque el contraste de color pueda resultar un factor determinante en la eficacia de la depilaci\u00f3n l\u00e1ser, otros aspectos como el tipo de l\u00e1ser utilizado, la configuraci\u00f3n del equipo y las habilidades del profesional tambi\u00e9n influyen en los resultados finales.<\/p>\n\n\n\n<h2 class=\"wp-block-heading\">Consideraciones para diferentes tonos de piel en la depilaci\u00f3n l\u00e1ser<\/h2>\n\n\n\n<p><strong>La depilaci\u00f3n l\u00e1ser no es exclusiva de personas con vello oscuro y piel clara<\/strong>. Aunque estas personas pueden obtener los mejores resultados debido al contraste de color, los avances tecnol\u00f3gicos han permitido adaptar la depilaci\u00f3n l\u00e1ser a diferentes tonos de piel.<\/p>\n\n\n\n<p>En cualquier caso, es crucial que las personas que deseen someterse a la depilaci\u00f3n l\u00e1ser&nbsp;<strong>consulten con un profesional capacitado<\/strong>&nbsp;para evaluar su tipo de piel y determinar el tipo de l\u00e1ser m\u00e1s adecuado para su situaci\u00f3n particular. Esto garantiza la seguridad y eficacia del procedimiento.<\/p>\n\n\n\n<h2 class=\"wp-block-heading\">Estrategias para la depilaci\u00f3n l\u00e1ser seg\u00fan el nivel de melanina<\/h2>\n\n\n\n<p>Debido a la diversidad de tonos de piel y a la cantidad variable de melanina presente en los fol\u00edculos pilosos, existen diferentes estrategias para adaptar la depilaci\u00f3n l\u00e1ser a cada situaci\u00f3n en particular. Estas estrategias se centran en aprovechar al m\u00e1ximo el contraste de color y minimizar los posibles riesgos asociados.<\/p>\n\n\n\n<p>En todos los casos, es fundamental<strong>&nbsp;buscar profesionales calificados y seguir todas las recomendaciones pre y post tratamiento&nbsp;<\/strong>para garantizar resultados \u00f3ptimos y seguros.<\/p>\n","protected":false},"excerpt":{"rendered":"<p>La&nbsp;melanina&nbsp;es una sustancia que desempe\u00f1a un papel crucial en nuestro cuerpo. Su presencia afecta no solo nuestro aspecto f\u00edsico, sino tambi\u00e9n nuestra interacci\u00f3n con la tecnolog\u00eda l\u00e1ser en el proceso de depilaci\u00f3n. Para comprender mejor c\u00f3mo la melanina influye en la&nbsp;depilaci\u00f3n l\u00e1ser, es necesario adentrarnos en los intrincados detalles de esta sustancia y su relaci\u00f3n [&hellip;]<\/p>\n","protected":false},"author":3,"featured_media":987516250,"comment_status":"open","ping_status":"closed","sticky":false,"template":"","format":"standard","meta":{"_et_pb_use_builder":"off","_et_pb_old_content":"","_et_gb_content_width":"","_joinchat":[],"footnotes":""},"categories":[51,65],"tags":[],"class_list":["post-987516236","post","type-post","status-publish","format-standard","has-post-thumbnail","hentry","category-blog","category-depilacion"],"yoast_head":"<!-- This site is optimized with the Yoast SEO plugin v25.9 - https:\/\/yoast.com\/wordpress\/plugins\/seo\/ -->\n<title>Melanina y depilaci\u00f3n l\u00e1ser | Centros bedda<\/title>\n<meta name=\"description\" content=\"Entra ahora en el blog de Centros bedda y descubre qu\u00e9 es la melanina y c\u00f3mo afecta a la depilaci\u00f3n l\u00e1ser. \u00a1Te lo contamos!\" \/>\n<meta name=\"robots\" content=\"noindex, follow, max-snippet:-1, max-image-preview:large, max-video-preview:-1\" \/>\n<meta property=\"og:locale\" content=\"es_ES\" \/>\n<meta property=\"og:type\" content=\"article\" \/>\n<meta property=\"og:title\" content=\"Melanina y depilaci\u00f3n l\u00e1ser | Centros bedda\" \/>\n<meta property=\"og:description\" content=\"Entra ahora en el blog de Centros bedda y descubre qu\u00e9 es la melanina y c\u00f3mo afecta a la depilaci\u00f3n l\u00e1ser. \u00a1Te lo contamos!\" \/>\n<meta property=\"og:url\" content=\"https:\/\/agenciaseolocal.eu\/bedda\/que-es-melanina-como-afecta-depilacion-laser\/\" \/>\n<meta property=\"og:site_name\" content=\"Centros bedda\" \/>\n<meta property=\"article:publisher\" content=\"https:\/\/www.facebook.com\/centrobedda\" \/>\n<meta property=\"article:published_time\" content=\"2024-07-24T06:36:29+00:00\" \/>\n<meta property=\"og:image\" content=\"https:\/\/agenciaseolocal.eu\/bedda\/wp-content\/uploads\/2024\/06\/mujeres-posando-en-fila-diferentes-tipos-piel.webp\" \/>\n\t<meta property=\"og:image:width\" content=\"1920\" \/>\n\t<meta property=\"og:image:height\" content=\"700\" \/>\n\t<meta property=\"og:image:type\" content=\"image\/webp\" \/>\n<meta name=\"author\" content=\"Centros bedda\" \/>\n<meta name=\"twitter:card\" content=\"summary_large_image\" \/>\n<meta name=\"twitter:creator\" content=\"@centrosbedda\" \/>\n<meta name=\"twitter:site\" content=\"@centrosbedda\" \/>\n<meta name=\"twitter:label1\" content=\"Escrito por\" \/>\n\t<meta name=\"twitter:data1\" content=\"Centros bedda\" \/>\n\t<meta name=\"twitter:label2\" content=\"Tiempo de lectura\" \/>\n\t<meta name=\"twitter:data2\" content=\"4 minutos\" \/>\n<!-- \/ Yoast SEO plugin. -->","yoast_head_json":{"title":"Melanina y depilaci\u00f3n l\u00e1ser | Centros bedda","description":"Entra ahora en el blog de Centros bedda y descubre qu\u00e9 es la melanina y c\u00f3mo afecta a la depilaci\u00f3n l\u00e1ser. \u00a1Te lo contamos!","robots":{"index":"noindex","follow":"follow","max-snippet":"max-snippet:-1","max-image-preview":"max-image-preview:large","max-video-preview":"max-video-preview:-1"},"og_locale":"es_ES","og_type":"article","og_title":"Melanina y depilaci\u00f3n l\u00e1ser | Centros bedda","og_description":"Entra ahora en el blog de Centros bedda y descubre qu\u00e9 es la melanina y c\u00f3mo afecta a la depilaci\u00f3n l\u00e1ser. \u00a1Te lo contamos!","og_url":"https:\/\/agenciaseolocal.eu\/bedda\/que-es-melanina-como-afecta-depilacion-laser\/","og_site_name":"Centros bedda","article_publisher":"https:\/\/www.facebook.com\/centrobedda","article_published_time":"2024-07-24T06:36:29+00:00","og_image":[{"width":1920,"height":700,"url":"https:\/\/agenciaseolocal.eu\/bedda\/wp-content\/uploads\/2024\/06\/mujeres-posando-en-fila-diferentes-tipos-piel.webp","type":"image\/webp"}],"author":"Centros bedda","twitter_card":"summary_large_image","twitter_creator":"@centrosbedda","twitter_site":"@centrosbedda","twitter_misc":{"Escrito por":"Centros bedda","Tiempo de lectura":"4 minutos"},"schema":{"@context":"https:\/\/schema.org","@graph":[{"@type":"Article","@id":"https:\/\/agenciaseolocal.eu\/bedda\/que-es-melanina-como-afecta-depilacion-laser\/#article","isPartOf":{"@id":"https:\/\/agenciaseolocal.eu\/bedda\/que-es-melanina-como-afecta-depilacion-laser\/"},"author":{"name":"Centros bedda","@id":"https:\/\/agenciaseolocal.eu\/bedda\/#\/schema\/person\/ca3010faf67f189fd2de8d61a763fc8b"},"headline":"Qu\u00e9 es la melanina y c\u00f3mo afecta a la depilaci\u00f3n l\u00e1ser","datePublished":"2024-07-24T06:36:29+00:00","mainEntityOfPage":{"@id":"https:\/\/agenciaseolocal.eu\/bedda\/que-es-melanina-como-afecta-depilacion-laser\/"},"wordCount":945,"commentCount":0,"publisher":{"@id":"https:\/\/agenciaseolocal.eu\/bedda\/#organization"},"image":{"@id":"https:\/\/agenciaseolocal.eu\/bedda\/que-es-melanina-como-afecta-depilacion-laser\/#primaryimage"},"thumbnailUrl":"https:\/\/agenciaseolocal.eu\/bedda\/wp-content\/uploads\/2024\/06\/mujeres-posando-en-fila-diferentes-tipos-piel.webp","articleSection":["Blog","Depilaci\u00f3n"],"inLanguage":"es","potentialAction":[{"@type":"CommentAction","name":"Comment","target":["https:\/\/agenciaseolocal.eu\/bedda\/que-es-melanina-como-afecta-depilacion-laser\/#respond"]}]},{"@type":"WebPage","@id":"https:\/\/agenciaseolocal.eu\/bedda\/que-es-melanina-como-afecta-depilacion-laser\/","url":"https:\/\/agenciaseolocal.eu\/bedda\/que-es-melanina-como-afecta-depilacion-laser\/","name":"Melanina y depilaci\u00f3n l\u00e1ser | Centros bedda","isPartOf":{"@id":"https:\/\/agenciaseolocal.eu\/bedda\/#website"},"primaryImageOfPage":{"@id":"https:\/\/agenciaseolocal.eu\/bedda\/que-es-melanina-como-afecta-depilacion-laser\/#primaryimage"},"image":{"@id":"https:\/\/agenciaseolocal.eu\/bedda\/que-es-melanina-como-afecta-depilacion-laser\/#primaryimage"},"thumbnailUrl":"https:\/\/agenciaseolocal.eu\/bedda\/wp-content\/uploads\/2024\/06\/mujeres-posando-en-fila-diferentes-tipos-piel.webp","datePublished":"2024-07-24T06:36:29+00:00","description":"Entra ahora en el blog de Centros bedda y descubre qu\u00e9 es la melanina y c\u00f3mo afecta a la depilaci\u00f3n l\u00e1ser. \u00a1Te lo contamos!","breadcrumb":{"@id":"https:\/\/agenciaseolocal.eu\/bedda\/que-es-melanina-como-afecta-depilacion-laser\/#breadcrumb"},"inLanguage":"es","potentialAction":[{"@type":"ReadAction","target":["https:\/\/agenciaseolocal.eu\/bedda\/que-es-melanina-como-afecta-depilacion-laser\/"]}]},{"@type":"ImageObject","inLanguage":"es","@id":"https:\/\/agenciaseolocal.eu\/bedda\/que-es-melanina-como-afecta-depilacion-laser\/#primaryimage","url":"https:\/\/agenciaseolocal.eu\/bedda\/wp-content\/uploads\/2024\/06\/mujeres-posando-en-fila-diferentes-tipos-piel.webp","contentUrl":"https:\/\/agenciaseolocal.eu\/bedda\/wp-content\/uploads\/2024\/06\/mujeres-posando-en-fila-diferentes-tipos-piel.webp","width":1920,"height":700,"caption":"mujeres posando en fila diferentes tipos piel"},{"@type":"BreadcrumbList","@id":"https:\/\/agenciaseolocal.eu\/bedda\/que-es-melanina-como-afecta-depilacion-laser\/#breadcrumb","itemListElement":[{"@type":"ListItem","position":1,"name":"Portada","item":"https:\/\/agenciaseolocal.eu\/bedda\/"},{"@type":"ListItem","position":2,"name":"Qu\u00e9 es la melanina y c\u00f3mo afecta a la depilaci\u00f3n l\u00e1ser"}]},{"@type":"WebSite","@id":"https:\/\/agenciaseolocal.eu\/bedda\/#website","url":"https:\/\/agenciaseolocal.eu\/bedda\/","name":"Centros bedda","description":"Centro de depilaci\u00f3n l\u00e1ser","publisher":{"@id":"https:\/\/agenciaseolocal.eu\/bedda\/#organization"},"potentialAction":[{"@type":"SearchAction","target":{"@type":"EntryPoint","urlTemplate":"https:\/\/agenciaseolocal.eu\/bedda\/?s={search_term_string}"},"query-input":{"@type":"PropertyValueSpecification","valueRequired":true,"valueName":"search_term_string"}}],"inLanguage":"es"},{"@type":"Organization","@id":"https:\/\/agenciaseolocal.eu\/bedda\/#organization","name":"Centros bedda","url":"https:\/\/agenciaseolocal.eu\/bedda\/","logo":{"@type":"ImageObject","inLanguage":"es","@id":"https:\/\/agenciaseolocal.eu\/bedda\/#\/schema\/logo\/image\/","url":"https:\/\/agenciaseolocal.eu\/bedda\/wp-content\/uploads\/2024\/04\/centros-bedda-depilacion-laser-logo.png","contentUrl":"https:\/\/agenciaseolocal.eu\/bedda\/wp-content\/uploads\/2024\/04\/centros-bedda-depilacion-laser-logo.png","width":220,"height":220,"caption":"Centros bedda"},"image":{"@id":"https:\/\/agenciaseolocal.eu\/bedda\/#\/schema\/logo\/image\/"},"sameAs":["https:\/\/www.facebook.com\/centrobedda","https:\/\/x.com\/centrosbedda","https:\/\/www.youtube.com\/channel\/UCV57tDnQcnHfTici1funk4g?app=desktop","https:\/\/www.instagram.com\/centrosbedda\/","https:\/\/www.linkedin.com\/company\/centros-bedda\/"]},{"@type":"Person","@id":"https:\/\/agenciaseolocal.eu\/bedda\/#\/schema\/person\/ca3010faf67f189fd2de8d61a763fc8b","name":"Centros bedda","image":{"@type":"ImageObject","inLanguage":"es","@id":"https:\/\/agenciaseolocal.eu\/bedda\/#\/schema\/person\/image\/","url":"https:\/\/secure.gravatar.com\/avatar\/ea1f00b0a249719594f6b50ee5d3214c2c192531d8f80f789208e2aa9605ac08?s=96&d=mm&r=g","contentUrl":"https:\/\/secure.gravatar.com\/avatar\/ea1f00b0a249719594f6b50ee5d3214c2c192531d8f80f789208e2aa9605ac08?s=96&d=mm&r=g","caption":"Centros bedda"},"url":"https:\/\/agenciaseolocal.eu\/bedda\/author\/mktpmp_gedfwb31y\/"}]}},"_links":{"self":[{"href":"https:\/\/agenciaseolocal.eu\/bedda\/wp-json\/wp\/v2\/posts\/987516236","targetHints":{"allow":["GET"]}}],"collection":[{"href":"https:\/\/agenciaseolocal.eu\/bedda\/wp-json\/wp\/v2\/posts"}],"about":[{"href":"https:\/\/agenciaseolocal.eu\/bedda\/wp-json\/wp\/v2\/types\/post"}],"author":[{"embeddable":true,"href":"https:\/\/agenciaseolocal.eu\/bedda\/wp-json\/wp\/v2\/users\/3"}],"replies":[{"embeddable":true,"href":"https:\/\/agenciaseolocal.eu\/bedda\/wp-json\/wp\/v2\/comments?post=987516236"}],"version-history":[{"count":2,"href":"https:\/\/agenciaseolocal.eu\/bedda\/wp-json\/wp\/v2\/posts\/987516236\/revisions"}],"predecessor-version":[{"id":987516410,"href":"https:\/\/agenciaseolocal.eu\/bedda\/wp-json\/wp\/v2\/posts\/987516236\/revisions\/987516410"}],"wp:featuredmedia":[{"embeddable":true,"href":"https:\/\/agenciaseolocal.eu\/bedda\/wp-json\/wp\/v2\/media\/987516250"}],"wp:attachment":[{"href":"https:\/\/agenciaseolocal.eu\/bedda\/wp-json\/wp\/v2\/media?parent=987516236"}],"wp:term":[{"taxonomy":"category","embeddable":true,"href":"https:\/\/agenciaseolocal.eu\/bedda\/wp-json\/wp\/v2\/categories?post=987516236"},{"taxonomy":"post_tag","embeddable":true,"href":"https:\/\/agenciaseolocal.eu\/bedda\/wp-json\/wp\/v2\/tags?post=987516236"}],"curies":[{"name":"wp","href":"https:\/\/api.w.org\/{rel}","templated":true}]}}