{"id":987516237,"date":"2024-07-26T08:40:08","date_gmt":"2024-07-26T06:40:08","guid":{"rendered":"https:\/\/centrosbedda.com\/?p=987516237"},"modified":"2025-01-15T14:28:11","modified_gmt":"2025-01-15T13:28:11","slug":"puedo-hacerme-depilacion-laser-con-regla","status":"publish","type":"post","link":"https:\/\/agenciaseolocal.eu\/bedda\/puedo-hacerme-depilacion-laser-con-regla\/","title":{"rendered":"\u00bfPuedo hacerme la depilaci\u00f3n l\u00e1ser con la menstruaci\u00f3n?"},"content":{"rendered":"\n<p>\u00bfEst\u00e1s pensando en hacerte la depilaci\u00f3n l\u00e1ser pero tienes dudas sobre si puedes hacerla durante tu per\u00edodo? No te preocupes, en este art\u00edculo de&nbsp;<a href=\"https:\/\/agenciaseolocal.eu\/bedda\/\">Centros bedda<\/a>&nbsp;responderemos todas tus preguntas y te daremos algunos consejos para que puedas tener una experiencia c\u00f3moda y efectiva. Aunque pueda parecer algo complicado, vayamos por partes, ya que cada mujer es diferente y puede tener diferentes sensibilidades durante su ciclo menstrual.<\/p>\n\n\n\n<h2 class=\"wp-block-heading\">\u00bfHay restricciones durante la regla?<\/h2>\n\n\n\n<p>Comencemos por aclarar que&nbsp;la depilaci\u00f3n l\u00e1ser y la menstruaci\u00f3n son totalmente compatibles, ya que se puede realizar con total seguridad. Adem\u00e1s, no hay ninguna diferencia en la eficacia del tratamiento tanto si te lo haces con la menstruaci\u00f3n o en cualquier otro periodo del ciclo menstrual. Es importante saber que debes acudir a tu cita cumpliendo las medidas de higiene necesarias y que durante el periodo de ovulaci\u00f3n puedes tener un poco m\u00e1s de sensibilidad o que el umbral del dolor sea menor, pero esto es totalmente variables de unas personas a otras.<\/p>\n\n\n\n<p>Adem\u00e1s, es importante tener en cuenta que&nbsp;<strong>la eficacia de la depilaci\u00f3n l\u00e1ser puede variar seg\u00fan la etapa del ciclo menstrual en la que te encuentres<\/strong>. Algunos expertos sugieren que la mejor \u00e9poca para realizar este procedimiento es en la fase folicular, es decir, justo despu\u00e9s de finalizar la menstruaci\u00f3n. En esta etapa, los niveles hormonales son m\u00e1s estables y la piel tiende a estar menos sensible, lo que puede resultar en una experiencia m\u00e1s c\u00f3moda y con mejores resultados en t\u00e9rminos de eliminaci\u00f3n del vello.<\/p>\n\n\n\n<h2 class=\"wp-block-heading\">Factores a considerar antes de programar una sesi\u00f3n de depilaci\u00f3n<\/h2>\n\n\n\n<p>Ahora que sabes c\u00f3mo puede afectar tu ciclo menstrual al procedimiento de depilaci\u00f3n l\u00e1ser, es importante que eval\u00faes algunos factores antes de programar tu cita.<\/p>\n\n\n\n<p>La depilaci\u00f3n l\u00e1ser durante la menstruaci\u00f3n es un tema que genera dudas entre muchas mujeres. Es importante recordar que cada cuerpo es diferente y que lo que funciona para una persona puede no ser adecuado para otra. Por eso, es esencial considerar varios aspectos antes de tomar una decisi\u00f3n.<\/p>\n\n\n\n<ol class=\"wp-block-list\">\n<li><strong>Consultar con un especialista:<\/strong>&nbsp;Antes de tomar una decisi\u00f3n, es fundamental consultar con un m\u00e9dico o un especialista en depilaci\u00f3n l\u00e1ser. Ellos podr\u00e1n evaluar tu situaci\u00f3n y brindarte recomendaciones personalizadas.<\/li>\n\n\n\n<li><strong>Tu tolerancia al dolor:<\/strong>&nbsp;Si eres sensible al dolor durante tu per\u00edodo, es posible que prefieras posponer la depilaci\u00f3n l\u00e1ser.<\/li>\n\n\n\n<li><strong>Tus niveles de comodidad:<\/strong>&nbsp;Si te sientes inc\u00f3moda o insegura durante tu per\u00edodo, es comprensible que prefieras esperar hasta que finalice para someterte al tratamiento.<\/li>\n<\/ol>\n\n\n\n<h2 class=\"wp-block-heading\">Consejos para una experiencia c\u00f3moda y efectiva de depilaci\u00f3n l\u00e1ser durante el per\u00edodo<\/h2>\n\n\n\n<p>Si decides realizar la depilaci\u00f3n l\u00e1ser durante tu per\u00edodo, aqu\u00ed tienes algunos consejos que pueden ayudarte a tener una experiencia m\u00e1s c\u00f3moda y efectiva:<\/p>\n\n\n\n<ul class=\"wp-block-list\">\n<li><strong>Comunica tus necesidades:<\/strong>&nbsp;Habla con el especialista y hazle saber que est\u00e1s en tu per\u00edodo. Ellos podr\u00e1n ajustar el tratamiento seg\u00fan tus necesidades.<\/li>\n\n\n\n<li><strong>Higiene personal:<\/strong>&nbsp;Mant\u00e9n una buena higiene personal antes de tu cita de depilaci\u00f3n l\u00e1ser.<\/li>\n\n\n\n<li><strong>V\u00edstete c\u00f3modamente:<\/strong>&nbsp;Usa ropa holgada y c\u00f3moda para tu cita, de manera que te sientas relajada durante el procedimiento.<\/li>\n\n\n\n<li><strong>Rel\u00e1jate:<\/strong>&nbsp;Si sientes ansiedad o estr\u00e9s, intenta relajarte antes de la sesi\u00f3n de depilaci\u00f3n l\u00e1ser. Esto te ayudar\u00e1 a reducir cualquier incomodidad o dolor que puedas experimentar.<\/li>\n<\/ul>\n","protected":false},"excerpt":{"rendered":"<p>\u00bfEst\u00e1s pensando en hacerte la depilaci\u00f3n l\u00e1ser pero tienes dudas sobre si puedes hacerla durante tu per\u00edodo? No te preocupes, en este art\u00edculo de&nbsp;Centros bedda&nbsp;responderemos todas tus preguntas y te daremos algunos consejos para que puedas tener una experiencia c\u00f3moda y efectiva. Aunque pueda parecer algo complicado, vayamos por partes, ya que cada mujer es [&hellip;]<\/p>\n","protected":false},"author":3,"featured_media":987516252,"comment_status":"open","ping_status":"closed","sticky":false,"template":"","format":"standard","meta":{"_et_pb_use_builder":"off","_et_pb_old_content":"","_et_gb_content_width":"","_joinchat":[],"footnotes":""},"categories":[51,65],"tags":[],"class_list":["post-987516237","post","type-post","status-publish","format-standard","has-post-thumbnail","hentry","category-blog","category-depilacion"],"yoast_head":"<!-- This site is optimized with the Yoast SEO plugin v25.9 - https:\/\/yoast.com\/wordpress\/plugins\/seo\/ -->\n<title>Depilaci\u00f3n l\u00e1ser y regla | Centros bedda<\/title>\n<meta name=\"description\" content=\"Entra ahora en el blog de Centros bedda y descubre si puedes hacerte la depilaci\u00f3n l\u00e1ser con la regla. \u00a1Te lo contamos!\" \/>\n<meta name=\"robots\" content=\"noindex, follow, max-snippet:-1, max-image-preview:large, max-video-preview:-1\" \/>\n<meta property=\"og:locale\" content=\"es_ES\" \/>\n<meta property=\"og:type\" content=\"article\" \/>\n<meta property=\"og:title\" content=\"Depilaci\u00f3n l\u00e1ser y regla | Centros bedda\" \/>\n<meta property=\"og:description\" content=\"Entra ahora en el blog de Centros bedda y descubre si puedes hacerte la depilaci\u00f3n l\u00e1ser con la regla. \u00a1Te lo contamos!\" \/>\n<meta property=\"og:url\" content=\"https:\/\/agenciaseolocal.eu\/bedda\/puedo-hacerme-depilacion-laser-con-regla\/\" \/>\n<meta property=\"og:site_name\" content=\"Centros bedda\" \/>\n<meta property=\"article:publisher\" content=\"https:\/\/www.facebook.com\/centrobedda\" \/>\n<meta property=\"article:published_time\" content=\"2024-07-26T06:40:08+00:00\" \/>\n<meta property=\"article:modified_time\" content=\"2025-01-15T13:28:11+00:00\" \/>\n<meta property=\"og:image\" content=\"https:\/\/agenciaseolocal.eu\/bedda\/wp-content\/uploads\/2024\/06\/persona-con-dolores-menstruales.webp\" \/>\n\t<meta property=\"og:image:width\" content=\"2000\" \/>\n\t<meta property=\"og:image:height\" content=\"700\" \/>\n\t<meta property=\"og:image:type\" content=\"image\/webp\" \/>\n<meta name=\"author\" content=\"Centros bedda\" \/>\n<meta name=\"twitter:card\" content=\"summary_large_image\" \/>\n<meta name=\"twitter:creator\" content=\"@centrosbedda\" \/>\n<meta name=\"twitter:site\" content=\"@centrosbedda\" \/>\n<meta name=\"twitter:label1\" content=\"Escrito por\" \/>\n\t<meta name=\"twitter:data1\" content=\"Centros bedda\" \/>\n\t<meta name=\"twitter:label2\" content=\"Tiempo de lectura\" \/>\n\t<meta name=\"twitter:data2\" content=\"3 minutos\" \/>\n<!-- \/ Yoast SEO plugin. -->","yoast_head_json":{"title":"Depilaci\u00f3n l\u00e1ser y regla | Centros bedda","description":"Entra ahora en el blog de Centros bedda y descubre si puedes hacerte la depilaci\u00f3n l\u00e1ser con la regla. \u00a1Te lo contamos!","robots":{"index":"noindex","follow":"follow","max-snippet":"max-snippet:-1","max-image-preview":"max-image-preview:large","max-video-preview":"max-video-preview:-1"},"og_locale":"es_ES","og_type":"article","og_title":"Depilaci\u00f3n l\u00e1ser y regla | Centros bedda","og_description":"Entra ahora en el blog de Centros bedda y descubre si puedes hacerte la depilaci\u00f3n l\u00e1ser con la regla. \u00a1Te lo contamos!","og_url":"https:\/\/agenciaseolocal.eu\/bedda\/puedo-hacerme-depilacion-laser-con-regla\/","og_site_name":"Centros bedda","article_publisher":"https:\/\/www.facebook.com\/centrobedda","article_published_time":"2024-07-26T06:40:08+00:00","article_modified_time":"2025-01-15T13:28:11+00:00","og_image":[{"width":2000,"height":700,"url":"https:\/\/agenciaseolocal.eu\/bedda\/wp-content\/uploads\/2024\/06\/persona-con-dolores-menstruales.webp","type":"image\/webp"}],"author":"Centros bedda","twitter_card":"summary_large_image","twitter_creator":"@centrosbedda","twitter_site":"@centrosbedda","twitter_misc":{"Escrito por":"Centros bedda","Tiempo de lectura":"3 minutos"},"schema":{"@context":"https:\/\/schema.org","@graph":[{"@type":"Article","@id":"https:\/\/agenciaseolocal.eu\/bedda\/puedo-hacerme-depilacion-laser-con-regla\/#article","isPartOf":{"@id":"https:\/\/agenciaseolocal.eu\/bedda\/puedo-hacerme-depilacion-laser-con-regla\/"},"author":{"name":"Centros bedda","@id":"https:\/\/agenciaseolocal.eu\/bedda\/#\/schema\/person\/ca3010faf67f189fd2de8d61a763fc8b"},"headline":"\u00bfPuedo hacerme la depilaci\u00f3n l\u00e1ser con la menstruaci\u00f3n?","datePublished":"2024-07-26T06:40:08+00:00","dateModified":"2025-01-15T13:28:11+00:00","mainEntityOfPage":{"@id":"https:\/\/agenciaseolocal.eu\/bedda\/puedo-hacerme-depilacion-laser-con-regla\/"},"wordCount":622,"commentCount":0,"publisher":{"@id":"https:\/\/agenciaseolocal.eu\/bedda\/#organization"},"image":{"@id":"https:\/\/agenciaseolocal.eu\/bedda\/puedo-hacerme-depilacion-laser-con-regla\/#primaryimage"},"thumbnailUrl":"https:\/\/agenciaseolocal.eu\/bedda\/wp-content\/uploads\/2024\/06\/persona-con-dolores-menstruales.webp","articleSection":["Blog","Depilaci\u00f3n"],"inLanguage":"es","potentialAction":[{"@type":"CommentAction","name":"Comment","target":["https:\/\/agenciaseolocal.eu\/bedda\/puedo-hacerme-depilacion-laser-con-regla\/#respond"]}]},{"@type":"WebPage","@id":"https:\/\/agenciaseolocal.eu\/bedda\/puedo-hacerme-depilacion-laser-con-regla\/","url":"https:\/\/agenciaseolocal.eu\/bedda\/puedo-hacerme-depilacion-laser-con-regla\/","name":"Depilaci\u00f3n l\u00e1ser y regla | Centros bedda","isPartOf":{"@id":"https:\/\/agenciaseolocal.eu\/bedda\/#website"},"primaryImageOfPage":{"@id":"https:\/\/agenciaseolocal.eu\/bedda\/puedo-hacerme-depilacion-laser-con-regla\/#primaryimage"},"image":{"@id":"https:\/\/agenciaseolocal.eu\/bedda\/puedo-hacerme-depilacion-laser-con-regla\/#primaryimage"},"thumbnailUrl":"https:\/\/agenciaseolocal.eu\/bedda\/wp-content\/uploads\/2024\/06\/persona-con-dolores-menstruales.webp","datePublished":"2024-07-26T06:40:08+00:00","dateModified":"2025-01-15T13:28:11+00:00","description":"Entra ahora en el blog de Centros bedda y descubre si puedes hacerte la depilaci\u00f3n l\u00e1ser con la regla. \u00a1Te lo contamos!","breadcrumb":{"@id":"https:\/\/agenciaseolocal.eu\/bedda\/puedo-hacerme-depilacion-laser-con-regla\/#breadcrumb"},"inLanguage":"es","potentialAction":[{"@type":"ReadAction","target":["https:\/\/agenciaseolocal.eu\/bedda\/puedo-hacerme-depilacion-laser-con-regla\/"]}]},{"@type":"ImageObject","inLanguage":"es","@id":"https:\/\/agenciaseolocal.eu\/bedda\/puedo-hacerme-depilacion-laser-con-regla\/#primaryimage","url":"https:\/\/agenciaseolocal.eu\/bedda\/wp-content\/uploads\/2024\/06\/persona-con-dolores-menstruales.webp","contentUrl":"https:\/\/agenciaseolocal.eu\/bedda\/wp-content\/uploads\/2024\/06\/persona-con-dolores-menstruales.webp","width":2000,"height":700,"caption":"persona con dolores menstruales"},{"@type":"BreadcrumbList","@id":"https:\/\/agenciaseolocal.eu\/bedda\/puedo-hacerme-depilacion-laser-con-regla\/#breadcrumb","itemListElement":[{"@type":"ListItem","position":1,"name":"Portada","item":"https:\/\/agenciaseolocal.eu\/bedda\/"},{"@type":"ListItem","position":2,"name":"\u00bfPuedo hacerme la depilaci\u00f3n l\u00e1ser con la menstruaci\u00f3n?"}]},{"@type":"WebSite","@id":"https:\/\/agenciaseolocal.eu\/bedda\/#website","url":"https:\/\/agenciaseolocal.eu\/bedda\/","name":"Centros bedda","description":"Centro de depilaci\u00f3n l\u00e1ser","publisher":{"@id":"https:\/\/agenciaseolocal.eu\/bedda\/#organization"},"potentialAction":[{"@type":"SearchAction","target":{"@type":"EntryPoint","urlTemplate":"https:\/\/agenciaseolocal.eu\/bedda\/?s={search_term_string}"},"query-input":{"@type":"PropertyValueSpecification","valueRequired":true,"valueName":"search_term_string"}}],"inLanguage":"es"},{"@type":"Organization","@id":"https:\/\/agenciaseolocal.eu\/bedda\/#organization","name":"Centros bedda","url":"https:\/\/agenciaseolocal.eu\/bedda\/","logo":{"@type":"ImageObject","inLanguage":"es","@id":"https:\/\/agenciaseolocal.eu\/bedda\/#\/schema\/logo\/image\/","url":"https:\/\/agenciaseolocal.eu\/bedda\/wp-content\/uploads\/2024\/04\/centros-bedda-depilacion-laser-logo.png","contentUrl":"https:\/\/agenciaseolocal.eu\/bedda\/wp-content\/uploads\/2024\/04\/centros-bedda-depilacion-laser-logo.png","width":220,"height":220,"caption":"Centros bedda"},"image":{"@id":"https:\/\/agenciaseolocal.eu\/bedda\/#\/schema\/logo\/image\/"},"sameAs":["https:\/\/www.facebook.com\/centrobedda","https:\/\/x.com\/centrosbedda","https:\/\/www.youtube.com\/channel\/UCV57tDnQcnHfTici1funk4g?app=desktop","https:\/\/www.instagram.com\/centrosbedda\/","https:\/\/www.linkedin.com\/company\/centros-bedda\/"]},{"@type":"Person","@id":"https:\/\/agenciaseolocal.eu\/bedda\/#\/schema\/person\/ca3010faf67f189fd2de8d61a763fc8b","name":"Centros bedda","image":{"@type":"ImageObject","inLanguage":"es","@id":"https:\/\/agenciaseolocal.eu\/bedda\/#\/schema\/person\/image\/","url":"https:\/\/secure.gravatar.com\/avatar\/ea1f00b0a249719594f6b50ee5d3214c2c192531d8f80f789208e2aa9605ac08?s=96&d=mm&r=g","contentUrl":"https:\/\/secure.gravatar.com\/avatar\/ea1f00b0a249719594f6b50ee5d3214c2c192531d8f80f789208e2aa9605ac08?s=96&d=mm&r=g","caption":"Centros bedda"},"url":"https:\/\/agenciaseolocal.eu\/bedda\/author\/mktpmp_gedfwb31y\/"}]}},"_links":{"self":[{"href":"https:\/\/agenciaseolocal.eu\/bedda\/wp-json\/wp\/v2\/posts\/987516237","targetHints":{"allow":["GET"]}}],"collection":[{"href":"https:\/\/agenciaseolocal.eu\/bedda\/wp-json\/wp\/v2\/posts"}],"about":[{"href":"https:\/\/agenciaseolocal.eu\/bedda\/wp-json\/wp\/v2\/types\/post"}],"author":[{"embeddable":true,"href":"https:\/\/agenciaseolocal.eu\/bedda\/wp-json\/wp\/v2\/users\/3"}],"replies":[{"embeddable":true,"href":"https:\/\/agenciaseolocal.eu\/bedda\/wp-json\/wp\/v2\/comments?post=987516237"}],"version-history":[{"count":3,"href":"https:\/\/agenciaseolocal.eu\/bedda\/wp-json\/wp\/v2\/posts\/987516237\/revisions"}],"predecessor-version":[{"id":987518284,"href":"https:\/\/agenciaseolocal.eu\/bedda\/wp-json\/wp\/v2\/posts\/987516237\/revisions\/987518284"}],"wp:featuredmedia":[{"embeddable":true,"href":"https:\/\/agenciaseolocal.eu\/bedda\/wp-json\/wp\/v2\/media\/987516252"}],"wp:attachment":[{"href":"https:\/\/agenciaseolocal.eu\/bedda\/wp-json\/wp\/v2\/media?parent=987516237"}],"wp:term":[{"taxonomy":"category","embeddable":true,"href":"https:\/\/agenciaseolocal.eu\/bedda\/wp-json\/wp\/v2\/categories?post=987516237"},{"taxonomy":"post_tag","embeddable":true,"href":"https:\/\/agenciaseolocal.eu\/bedda\/wp-json\/wp\/v2\/tags?post=987516237"}],"curies":[{"name":"wp","href":"https:\/\/api.w.org\/{rel}","templated":true}]}}