{"id":987516943,"date":"2024-08-06T11:08:29","date_gmt":"2024-08-06T09:08:29","guid":{"rendered":"https:\/\/centrosbedda.com\/?p=987516943"},"modified":"2024-07-17T14:35:59","modified_gmt":"2024-07-17T12:35:59","slug":"depilacion-laser-pieles-sensibles","status":"publish","type":"post","link":"https:\/\/agenciaseolocal.eu\/bedda\/depilacion-laser-pieles-sensibles\/","title":{"rendered":"Depilaci\u00f3n l\u00e1ser en pieles sensibles"},"content":{"rendered":"\n<p>La depilaci\u00f3n l\u00e1ser es una&nbsp;<strong>opci\u00f3n cada vez m\u00e1s popular para eliminar el vello no deseado de forma permanente<\/strong>. Sin embargo, muchas personas con pieles sensibles dudan de su viabilidad. En este art\u00edculo de&nbsp;<a href=\"https:\/\/agenciaseolocal.eu\/bedda\/\">Centros bedda<\/a>, exploraremos si es posible realizar la depilaci\u00f3n l\u00e1ser en una piel sensible y conoceremos las caracter\u00edsticas de este tipo de piel.&nbsp;<\/p>\n\n\n\n<h2 class=\"wp-block-heading\">\u00bfEs posible la depilaci\u00f3n l\u00e1ser en una piel sensible?<\/h2>\n\n\n\n<p>La respuesta es s\u00ed, es posible realizar la\u00a0<a href=\"https:\/\/agenciaseolocal.eu\/bedda\/depilacion-laser-mujer\/\">depilaci\u00f3n l\u00e1ser en mujeres<\/a>\u00a0y hombres con piel sensible. Como las pieles sensibles son m\u00e1s propensas a la irritaci\u00f3n y enrojecimiento deberemos seguir ciertas pautas pre y post depilaci\u00f3n l\u00e1ser para minimizar estos efectos secundarios.<\/p>\n\n\n\n<p>Por ello, antes de comenzar la depilaci\u00f3n l\u00e1ser es importante realizar una valoraci\u00f3n personalizada den nuestros centros donde nuestras t\u00e9cnicos especializadas realizar\u00e1n una prueba previa de tolerancia acorde a tu piel y explicar\u00e1n los cuidados necesarios para realizar el tratamiento con seguridad.<\/p>\n\n\n\n<p>Antes de someterte a la depilaci\u00f3n l\u00e1ser,&nbsp;<strong>es recomendable que consultes a un dermat\u00f3logo para evaluar la condici\u00f3n de tu piel<\/strong>. El dermat\u00f3logo te podr\u00e1 orientar sobre si eres un candidato adecuado para este tipo de tratamiento.<\/p>\n\n\n\n<p>Es fundamental seguir las recomendaciones del especialista antes y despu\u00e9s de la sesi\u00f3n de depilaci\u00f3n l\u00e1ser para minimizar las posibles reacciones adversas en una piel sensible. Adem\u00e1s, es importante mencionar que existen diferentes tipos de l\u00e1ser para la depilaci\u00f3n, algunos m\u00e1s adecuados que otros para pieles sensibles.<\/p>\n\n\n\n<p>La depilaci\u00f3n l\u00e1ser en una piel sensible puede requerir un&nbsp;<strong>tratamiento m\u00e1s suave y personalizado<\/strong>, con ajustes en la intensidad del l\u00e1ser y en el intervalo entre sesiones para evitar irritaciones severas. Es esencial comunicar cualquier sensaci\u00f3n anormal durante el procedimiento al profesional para garantizar una experiencia segura y efectiva.<\/p>\n\n\n\n<h2 class=\"wp-block-heading\">Caracter\u00edsticas de las pieles sensibles<\/h2>\n\n\n\n<p>Las pieles sensibles son m\u00e1s propensas a reaccionar de forma negativa ante diferentes est\u00edmulos. Algunas caracter\u00edsticas comunes de este tipo de piel incluyen:<\/p>\n\n\n\n<h3 class=\"wp-block-heading\">Enrojecimiento<\/h3>\n\n\n\n<p>Las pieles sensibles tienden a enrojecerse con mayor facilidad debido a una\u00a0<strong>respuesta inflamatoria m\u00e1s pronunciada<\/strong>. Al realizar la depilaci\u00f3n l\u00e1ser, es importante tener en cuenta que es normal experimentar un poco de enrojecimiento despu\u00e9s del tratamiento, sin embargo, este deber\u00eda desaparecer en poco tiempo. <\/p>\n\n\n\n<p>Si el enrojecimiento persiste o empeora, es recomendable acudir al centro para evaluar el estado de la piel y en caso de ser necesario nuestro departamento m\u00e9dico indicar\u00e1 tratamiento adicional para calmar la piel.<\/p>\n\n\n\n<h3 class=\"wp-block-heading\">Sensaci\u00f3n de irritaci\u00f3n o picor<\/h3>\n\n\n\n<p>Las personas con pieles sensibles pueden experimentar una sensaci\u00f3n de irritaci\u00f3n o picor despu\u00e9s de la depilaci\u00f3n l\u00e1ser. Esto se debe a la sensibilidad de la piel y a la reacci\u00f3n que el l\u00e1ser puede causar en ella. Es importante tener en cuenta que estas sensaciones suelen ser temporales y desaparecen en poco tiempo.<\/p>\n\n\n\n<p>Para aliviar la sensaci\u00f3n de irritaci\u00f3n o picor, puedes&nbsp;<strong>aplicar una crema calmante o utilizar compresas fr\u00edas sobre la piel tratada<\/strong>. Evita rascar o frotar la zona, ya que esto podr\u00eda empeorar la irritaci\u00f3n.<\/p>\n\n\n\n<h3 class=\"wp-block-heading\">Sequedad<\/h3>\n\n\n\n<p>Otra caracter\u00edstica com\u00fan de las pieles sensibles es la sensaci\u00f3n de sequedad. La depilaci\u00f3n l\u00e1ser puede tener un efecto deshidratante en la piel, por lo que es importante hidratarla correctamente antes y despu\u00e9s del tratamiento.<\/p>\n\n\n\n<p><strong>Utiliza una crema hidratante suave y libre de fragancias&nbsp;<\/strong>para mantener tu piel hidratada. Evita los productos con ingredientes irritantes o agresivos, ya que podr\u00edan empeorar la sequedad y causar una reacci\u00f3n adversa en tu piel sensible.<\/p>\n\n\n\n<h2 class=\"wp-block-heading\">Mitos sobre la depilaci\u00f3n l\u00e1ser en una piel sensible<\/h2>\n\n\n\n<p>A pesar de sus beneficios, existen algunos mitos comunes sobre la depilaci\u00f3n l\u00e1ser en pieles sensibles que es importante desmentir:<\/p>\n\n\n\n<h3 class=\"wp-block-heading\">La depilaci\u00f3n l\u00e1ser es peligrosa<\/h3>\n\n\n\n<p>La depilaci\u00f3n l\u00e1ser es un procedimiento seguro cuando se realiza correctamente por un profesional. Sin embargo, como mencionamos anteriormente,<strong>\u00a0las pieles sensibles pueden ser m\u00e1s propensas a reacciones adversas<\/strong>. Es por eso que es importante evaluar la condici\u00f3n de tu piel y seguir las recomendaciones de nuestros especialistas antes y durante todo el tratamiento.<\/p>\n\n\n\n<h3 class=\"wp-block-heading\">La depilaci\u00f3n l\u00e1ser no es eficaz<\/h3>\n\n\n\n<p>Contrariamente a este mito, la depilaci\u00f3n l\u00e1ser es un m\u00e9todo eficaz para eliminar el vello no deseado de forma permanente. Sin embargo, es importante tener en cuenta que cada persona puede responder de manera diferente al tratamiento. Algunas personas pueden requerir m\u00e1s sesiones que otras para obtener resultados \u00f3ptimos.<\/p>\n\n\n\n<p>Es importante&nbsp;<strong>tener expectativas realistas y comprender que la depilaci\u00f3n l\u00e1ser puede no ser completamente efectiva en todos los casos<\/strong>. De todos modos, es una opci\u00f3n que vale la pena considerar si est\u00e1s buscando una soluci\u00f3n duradera para eliminar el vello no deseado.<\/p>\n\n\n\n<h2 class=\"wp-block-heading\">Cuidados antes y despu\u00e9s de la depilaci\u00f3n l\u00e1ser<\/h2>\n\n\n\n<p>Para minimizar los riesgos y optimizar los resultados de la&nbsp;<a href=\"https:\/\/agenciaseolocal.eu\/bedda\/depilacion-laser-hombre\/\">depilaci\u00f3n l\u00e1ser en hombres<\/a>&nbsp;y mujeres con pieles sensibles, es importante seguir algunos cuidados espec\u00edficos antes y despu\u00e9s del tratamiento. Aqu\u00ed te presentamos algunos consejos:<\/p>\n\n\n\n<h3 class=\"wp-block-heading\">Evita bronceados artificiales<\/h3>\n\n\n\n<p>Antes del tratamiento,&nbsp;<strong>evita someter tu piel a bronceados artificiales o exposici\u00f3n solar intensa<\/strong>. La piel bronceada o da\u00f1ada es m\u00e1s sensible y puede aumentar el riesgo de reacciones adversas durante el tratamiento l\u00e1ser. Tambi\u00e9n debes evitar el uso de autobronceadores, ya que pueden interferir con el funcionamiento del l\u00e1ser.<\/p>\n\n\n\n<h3 class=\"wp-block-heading\">Hidrata bien tu piel<\/h3>\n\n\n\n<p>Mant\u00e9n tu piel bien hidratada entre sesiones, utiliza una crema hidratante a diario adecuada para pieles sensibles y que no contenga fragancias o ingredientes irritantes. Y los tres d\u00edas posteriores a la sesi\u00f3n de depilaci\u00f3n l\u00e1ser es importante utilizar nuestra <a href=\"https:\/\/agenciaseolocal.eu\/bedda\/beneficios-crema-postdepil-vs-aloe-vera-otras-cremas-tras-depilacion-laser\/\">crema espec\u00edfica post depil<\/a>, la cual ayudar\u00e1 a reducir irritaciones y enrojecimiento. Despu\u00e9s continuar utilizando la crema hidratante a diario hasta el d\u00eda anterior a la siguiente sesi\u00f3n de depilaci\u00f3n l\u00e1ser.<\/p>\n\n\n\n<h3 class=\"wp-block-heading\">Evita el calor y el sudor<\/h3>\n\n\n\n<p>Despu\u00e9s del tratamiento,&nbsp;<strong>evita las duchas calientes, los ba\u00f1os de vapor, las saunas y actividades que te hagan sudar excesivamente<\/strong>. La piel tratada est\u00e1 m\u00e1s sensible y es propensa a reacciones desfavorables. Adem\u00e1s, usa ropa suelta y transpirable para permitir la ventilaci\u00f3n adecuada de la piel.<\/p>\n","protected":false},"excerpt":{"rendered":"<p>La depilaci\u00f3n l\u00e1ser es una&nbsp;opci\u00f3n cada vez m\u00e1s popular para eliminar el vello no deseado de forma permanente. Sin embargo, muchas personas con pieles sensibles dudan de su viabilidad. En este art\u00edculo de&nbsp;Centros bedda, exploraremos si es posible realizar la depilaci\u00f3n l\u00e1ser en una piel sensible y conoceremos las caracter\u00edsticas de este tipo de piel.&nbsp; [&hellip;]<\/p>\n","protected":false},"author":3,"featured_media":987515256,"comment_status":"open","ping_status":"closed","sticky":false,"template":"","format":"standard","meta":{"_et_pb_use_builder":"off","_et_pb_old_content":"","_et_gb_content_width":"","_joinchat":[],"footnotes":""},"categories":[51,65],"tags":[],"class_list":["post-987516943","post","type-post","status-publish","format-standard","has-post-thumbnail","hentry","category-blog","category-depilacion"],"yoast_head":"<!-- This site is optimized with the Yoast SEO plugin v25.9 - https:\/\/yoast.com\/wordpress\/plugins\/seo\/ -->\n<title>Depilaci\u00f3n l\u00e1ser en pieles sensibles | Centros bedda<\/title>\n<meta name=\"description\" content=\"Entra ahora en el blog de Centros bedda y descubre c\u00f3mo funciona la depilaci\u00f3n l\u00e1ser en las pieles sensibles. \u00a1Te lo contamos todo!\" \/>\n<meta name=\"robots\" content=\"noindex, follow, max-snippet:-1, max-image-preview:large, max-video-preview:-1\" \/>\n<meta property=\"og:locale\" content=\"es_ES\" \/>\n<meta property=\"og:type\" content=\"article\" \/>\n<meta property=\"og:title\" content=\"Depilaci\u00f3n l\u00e1ser en pieles sensibles | Centros bedda\" \/>\n<meta property=\"og:description\" content=\"Entra ahora en el blog de Centros bedda y descubre c\u00f3mo funciona la depilaci\u00f3n l\u00e1ser en las pieles sensibles. \u00a1Te lo contamos todo!\" \/>\n<meta property=\"og:url\" content=\"https:\/\/agenciaseolocal.eu\/bedda\/depilacion-laser-pieles-sensibles\/\" \/>\n<meta property=\"og:site_name\" content=\"Centros bedda\" \/>\n<meta property=\"article:publisher\" content=\"https:\/\/www.facebook.com\/centrobedda\" \/>\n<meta property=\"article:published_time\" content=\"2024-08-06T09:08:29+00:00\" \/>\n<meta property=\"og:image\" content=\"https:\/\/agenciaseolocal.eu\/bedda\/wp-content\/uploads\/2024\/03\/foliculitis-despues-de-depilacion-laser.jpg\" \/>\n\t<meta property=\"og:image:width\" content=\"1700\" \/>\n\t<meta property=\"og:image:height\" content=\"600\" \/>\n\t<meta property=\"og:image:type\" content=\"image\/jpeg\" \/>\n<meta name=\"author\" content=\"Centros bedda\" \/>\n<meta name=\"twitter:card\" content=\"summary_large_image\" \/>\n<meta name=\"twitter:creator\" content=\"@centrosbedda\" \/>\n<meta name=\"twitter:site\" content=\"@centrosbedda\" \/>\n<meta name=\"twitter:label1\" content=\"Escrito por\" \/>\n\t<meta name=\"twitter:data1\" content=\"Centros bedda\" \/>\n\t<meta name=\"twitter:label2\" content=\"Tiempo de lectura\" \/>\n\t<meta name=\"twitter:data2\" content=\"5 minutos\" \/>\n<!-- \/ Yoast SEO plugin. -->","yoast_head_json":{"title":"Depilaci\u00f3n l\u00e1ser en pieles sensibles | Centros bedda","description":"Entra ahora en el blog de Centros bedda y descubre c\u00f3mo funciona la depilaci\u00f3n l\u00e1ser en las pieles sensibles. \u00a1Te lo contamos todo!","robots":{"index":"noindex","follow":"follow","max-snippet":"max-snippet:-1","max-image-preview":"max-image-preview:large","max-video-preview":"max-video-preview:-1"},"og_locale":"es_ES","og_type":"article","og_title":"Depilaci\u00f3n l\u00e1ser en pieles sensibles | Centros bedda","og_description":"Entra ahora en el blog de Centros bedda y descubre c\u00f3mo funciona la depilaci\u00f3n l\u00e1ser en las pieles sensibles. \u00a1Te lo contamos todo!","og_url":"https:\/\/agenciaseolocal.eu\/bedda\/depilacion-laser-pieles-sensibles\/","og_site_name":"Centros bedda","article_publisher":"https:\/\/www.facebook.com\/centrobedda","article_published_time":"2024-08-06T09:08:29+00:00","og_image":[{"width":1700,"height":600,"url":"https:\/\/agenciaseolocal.eu\/bedda\/wp-content\/uploads\/2024\/03\/foliculitis-despues-de-depilacion-laser.jpg","type":"image\/jpeg"}],"author":"Centros bedda","twitter_card":"summary_large_image","twitter_creator":"@centrosbedda","twitter_site":"@centrosbedda","twitter_misc":{"Escrito por":"Centros bedda","Tiempo de lectura":"5 minutos"},"schema":{"@context":"https:\/\/schema.org","@graph":[{"@type":"Article","@id":"https:\/\/agenciaseolocal.eu\/bedda\/depilacion-laser-pieles-sensibles\/#article","isPartOf":{"@id":"https:\/\/agenciaseolocal.eu\/bedda\/depilacion-laser-pieles-sensibles\/"},"author":{"name":"Centros bedda","@id":"https:\/\/agenciaseolocal.eu\/bedda\/#\/schema\/person\/ca3010faf67f189fd2de8d61a763fc8b"},"headline":"Depilaci\u00f3n l\u00e1ser en pieles sensibles","datePublished":"2024-08-06T09:08:29+00:00","mainEntityOfPage":{"@id":"https:\/\/agenciaseolocal.eu\/bedda\/depilacion-laser-pieles-sensibles\/"},"wordCount":1109,"commentCount":0,"publisher":{"@id":"https:\/\/agenciaseolocal.eu\/bedda\/#organization"},"image":{"@id":"https:\/\/agenciaseolocal.eu\/bedda\/depilacion-laser-pieles-sensibles\/#primaryimage"},"thumbnailUrl":"https:\/\/agenciaseolocal.eu\/bedda\/wp-content\/uploads\/2024\/03\/foliculitis-despues-de-depilacion-laser.jpg","articleSection":["Blog","Depilaci\u00f3n"],"inLanguage":"es","potentialAction":[{"@type":"CommentAction","name":"Comment","target":["https:\/\/agenciaseolocal.eu\/bedda\/depilacion-laser-pieles-sensibles\/#respond"]}]},{"@type":"WebPage","@id":"https:\/\/agenciaseolocal.eu\/bedda\/depilacion-laser-pieles-sensibles\/","url":"https:\/\/agenciaseolocal.eu\/bedda\/depilacion-laser-pieles-sensibles\/","name":"Depilaci\u00f3n l\u00e1ser en pieles sensibles | Centros bedda","isPartOf":{"@id":"https:\/\/agenciaseolocal.eu\/bedda\/#website"},"primaryImageOfPage":{"@id":"https:\/\/agenciaseolocal.eu\/bedda\/depilacion-laser-pieles-sensibles\/#primaryimage"},"image":{"@id":"https:\/\/agenciaseolocal.eu\/bedda\/depilacion-laser-pieles-sensibles\/#primaryimage"},"thumbnailUrl":"https:\/\/agenciaseolocal.eu\/bedda\/wp-content\/uploads\/2024\/03\/foliculitis-despues-de-depilacion-laser.jpg","datePublished":"2024-08-06T09:08:29+00:00","description":"Entra ahora en el blog de Centros bedda y descubre c\u00f3mo funciona la depilaci\u00f3n l\u00e1ser en las pieles sensibles. \u00a1Te lo contamos todo!","breadcrumb":{"@id":"https:\/\/agenciaseolocal.eu\/bedda\/depilacion-laser-pieles-sensibles\/#breadcrumb"},"inLanguage":"es","potentialAction":[{"@type":"ReadAction","target":["https:\/\/agenciaseolocal.eu\/bedda\/depilacion-laser-pieles-sensibles\/"]}]},{"@type":"ImageObject","inLanguage":"es","@id":"https:\/\/agenciaseolocal.eu\/bedda\/depilacion-laser-pieles-sensibles\/#primaryimage","url":"https:\/\/agenciaseolocal.eu\/bedda\/wp-content\/uploads\/2024\/03\/foliculitis-despues-de-depilacion-laser.jpg","contentUrl":"https:\/\/agenciaseolocal.eu\/bedda\/wp-content\/uploads\/2024\/03\/foliculitis-despues-de-depilacion-laser.jpg","width":1700,"height":600,"caption":"foliculitis despu\u00e9s de depilaci\u00f3n laser"},{"@type":"BreadcrumbList","@id":"https:\/\/agenciaseolocal.eu\/bedda\/depilacion-laser-pieles-sensibles\/#breadcrumb","itemListElement":[{"@type":"ListItem","position":1,"name":"Portada","item":"https:\/\/agenciaseolocal.eu\/bedda\/"},{"@type":"ListItem","position":2,"name":"Depilaci\u00f3n l\u00e1ser en pieles sensibles"}]},{"@type":"WebSite","@id":"https:\/\/agenciaseolocal.eu\/bedda\/#website","url":"https:\/\/agenciaseolocal.eu\/bedda\/","name":"Centros bedda","description":"Centro de depilaci\u00f3n l\u00e1ser","publisher":{"@id":"https:\/\/agenciaseolocal.eu\/bedda\/#organization"},"potentialAction":[{"@type":"SearchAction","target":{"@type":"EntryPoint","urlTemplate":"https:\/\/agenciaseolocal.eu\/bedda\/?s={search_term_string}"},"query-input":{"@type":"PropertyValueSpecification","valueRequired":true,"valueName":"search_term_string"}}],"inLanguage":"es"},{"@type":"Organization","@id":"https:\/\/agenciaseolocal.eu\/bedda\/#organization","name":"Centros bedda","url":"https:\/\/agenciaseolocal.eu\/bedda\/","logo":{"@type":"ImageObject","inLanguage":"es","@id":"https:\/\/agenciaseolocal.eu\/bedda\/#\/schema\/logo\/image\/","url":"https:\/\/agenciaseolocal.eu\/bedda\/wp-content\/uploads\/2024\/04\/centros-bedda-depilacion-laser-logo.png","contentUrl":"https:\/\/agenciaseolocal.eu\/bedda\/wp-content\/uploads\/2024\/04\/centros-bedda-depilacion-laser-logo.png","width":220,"height":220,"caption":"Centros bedda"},"image":{"@id":"https:\/\/agenciaseolocal.eu\/bedda\/#\/schema\/logo\/image\/"},"sameAs":["https:\/\/www.facebook.com\/centrobedda","https:\/\/x.com\/centrosbedda","https:\/\/www.youtube.com\/channel\/UCV57tDnQcnHfTici1funk4g?app=desktop","https:\/\/www.instagram.com\/centrosbedda\/","https:\/\/www.linkedin.com\/company\/centros-bedda\/"]},{"@type":"Person","@id":"https:\/\/agenciaseolocal.eu\/bedda\/#\/schema\/person\/ca3010faf67f189fd2de8d61a763fc8b","name":"Centros bedda","image":{"@type":"ImageObject","inLanguage":"es","@id":"https:\/\/agenciaseolocal.eu\/bedda\/#\/schema\/person\/image\/","url":"https:\/\/secure.gravatar.com\/avatar\/ea1f00b0a249719594f6b50ee5d3214c2c192531d8f80f789208e2aa9605ac08?s=96&d=mm&r=g","contentUrl":"https:\/\/secure.gravatar.com\/avatar\/ea1f00b0a249719594f6b50ee5d3214c2c192531d8f80f789208e2aa9605ac08?s=96&d=mm&r=g","caption":"Centros bedda"},"url":"https:\/\/agenciaseolocal.eu\/bedda\/author\/mktpmp_gedfwb31y\/"}]}},"_links":{"self":[{"href":"https:\/\/agenciaseolocal.eu\/bedda\/wp-json\/wp\/v2\/posts\/987516943","targetHints":{"allow":["GET"]}}],"collection":[{"href":"https:\/\/agenciaseolocal.eu\/bedda\/wp-json\/wp\/v2\/posts"}],"about":[{"href":"https:\/\/agenciaseolocal.eu\/bedda\/wp-json\/wp\/v2\/types\/post"}],"author":[{"embeddable":true,"href":"https:\/\/agenciaseolocal.eu\/bedda\/wp-json\/wp\/v2\/users\/3"}],"replies":[{"embeddable":true,"href":"https:\/\/agenciaseolocal.eu\/bedda\/wp-json\/wp\/v2\/comments?post=987516943"}],"version-history":[{"count":2,"href":"https:\/\/agenciaseolocal.eu\/bedda\/wp-json\/wp\/v2\/posts\/987516943\/revisions"}],"predecessor-version":[{"id":987517141,"href":"https:\/\/agenciaseolocal.eu\/bedda\/wp-json\/wp\/v2\/posts\/987516943\/revisions\/987517141"}],"wp:featuredmedia":[{"embeddable":true,"href":"https:\/\/agenciaseolocal.eu\/bedda\/wp-json\/wp\/v2\/media\/987515256"}],"wp:attachment":[{"href":"https:\/\/agenciaseolocal.eu\/bedda\/wp-json\/wp\/v2\/media?parent=987516943"}],"wp:term":[{"taxonomy":"category","embeddable":true,"href":"https:\/\/agenciaseolocal.eu\/bedda\/wp-json\/wp\/v2\/categories?post=987516943"},{"taxonomy":"post_tag","embeddable":true,"href":"https:\/\/agenciaseolocal.eu\/bedda\/wp-json\/wp\/v2\/tags?post=987516943"}],"curies":[{"name":"wp","href":"https:\/\/api.w.org\/{rel}","templated":true}]}}