{"id":987516949,"date":"2024-08-07T11:33:18","date_gmt":"2024-08-07T09:33:18","guid":{"rendered":"https:\/\/centrosbedda.com\/?p=987516949"},"modified":"2024-07-17T14:40:05","modified_gmt":"2024-07-17T12:40:05","slug":"depilacion-laser-vitiligo-compatibles","status":"publish","type":"post","link":"https:\/\/agenciaseolocal.eu\/bedda\/depilacion-laser-vitiligo-compatibles\/","title":{"rendered":"Depilaci\u00f3n l\u00e1ser y vit\u00edligo: \u00bfCompatibles?"},"content":{"rendered":"\n<p>La depilaci\u00f3n l\u00e1ser es un m\u00e9todo cada vez m\u00e1s popular para eliminar el vello no deseado de manera permanente, al ser&nbsp;<strong>eficaz, duradero y una soluci\u00f3n permanente<\/strong>. Sin embargo, \u00bfes compatible la depilaci\u00f3n l\u00e1ser con el vit\u00edligo? En este art\u00edculo de&nbsp;<a href=\"https:\/\/agenciaseolocal.eu\/bedda\/\">Centros bedda<\/a>, exploraremos esta pregunta y te daremos algunas recomendaciones si padeces de esta condici\u00f3n de la piel.<\/p>\n\n\n\n<h2 class=\"wp-block-heading\">\u00bfQu\u00e9 es el vit\u00edligo?<\/h2>\n\n\n\n<p>Para comprender mejor c\u00f3mo el vit\u00edligo puede afectar la&nbsp;<a href=\"https:\/\/agenciaseolocal.eu\/bedda\/depilacion-laser-mujer\/\">depilaci\u00f3n l\u00e1ser en mujeres<\/a>&nbsp;y hombres, primero necesitamos entender qu\u00e9 es esta afecci\u00f3n de la piel. El vit\u00edligo es una enfermedad cr\u00f3nica de origen desconocido que se caracteriza por la despigmentaci\u00f3n de la piel. Esto significa que las c\u00e9lulas encargadas de producir melanina, el pigmento responsable del color de la piel, dejan de funcionar correctamente.&nbsp;<\/p>\n\n\n\n<p><strong>El vit\u00edligo puede afectar a cualquier persona, sin importar su edad, g\u00e9nero o raza<\/strong>. Aunque no existe una cura definitiva para el vit\u00edligo, existen diferentes tratamientos que pueden ayudar a reducir la apariencia de las manchas y mejorar la calidad de vida de quienes lo padecen.<\/p>\n\n\n\n<p>Las manchas de vit\u00edligo pueden variar en tama\u00f1o y forma, y su aparici\u00f3n puede ser impredecible. Aunque no son dolorosas ni contagiosas, las personas que las padecen a menudo experimentan dificultades emocionales debido a los cambios en su apariencia f\u00edsica. Es importante destacar que el vit\u00edligo no solo afecta la piel, sino tambi\u00e9n el cabello y las membranas mucosas, lo que puede llevar a la despigmentaci\u00f3n del vello y a la p\u00e9rdida de color en zonas como los labios o la boca.<\/p>\n\n\n\n<h2 class=\"wp-block-heading\">\u00bfEs recomendable la depilaci\u00f3n l\u00e1ser si padecemos vit\u00edligo?<\/h2>\n\n\n\n<p>La depilaci\u00f3n l\u00e1ser funciona mediante la\u00a0<strong>aplicaci\u00f3n de pulsos de luz que son absorbidos por la melanina del vello<\/strong>, lo que destruye de forma selectiva el fol\u00edculo piloso. Por lo que en las zonas afectadas por vit\u00edligo, al carecer de melanina en la piel y pigmento en el vello para absorber la luz, el tratamiento de depilaci\u00f3n l\u00e1ser es ineficaz, ya que el pelo en estas \u00e1reas es cano y no se puede eliminar.<\/p>\n\n\n\n<p>Sin embargo, esto no significa que la depilaci\u00f3n l\u00e1ser est\u00e9 contraindicada en personas con vit\u00edligo. En Centros bedda, nuestras especialistas eval\u00faan las zonas y podemos realizar la depilaci\u00f3n l\u00e1ser evitando justo el \u00e1rea en la que tengas vit\u00edligo, y podemos realizar el tratamiento en las zonas pr\u00f3ximas y el resto del cuerpo sin tener ninguna contraindicaci\u00f3n para el vit\u00edligo.<\/p>\n\n\n\n<p>El vit\u00edligo es una enfermedad de la piel que se caracteriza por la&nbsp;<strong>p\u00e9rdida de pigmentaci\u00f3n en ciertas \u00e1reas<\/strong>, lo que resulta en manchas blancas irregulares en la piel. Aunque no es una enfermedad dolorosa ni contagiosa, puede tener un impacto significativo en la autoestima y la calidad de vida de quienes la padecen.<\/p>\n\n\n\n<h2 class=\"wp-block-heading\">Medidas a realizar antes de una sesi\u00f3n l\u00e1ser con vit\u00edligo<\/h2>\n\n\n\n<h3 class=\"wp-block-heading\">Mant\u00e9n tu piel hidratada<\/h3>\n\n\n\n<p>El vit\u00edligo puede hacer que la piel sea m\u00e1s seca y sensible. Antes de someterte a una sesi\u00f3n de depilaci\u00f3n l\u00e1ser, aseg\u00farate de mantener tu piel bien hidratada. Esto ayudar\u00e1 a protegerla y a minimizar posibles irritaciones o efectos secundarios.<\/p>\n\n\n\n<p>Es importante destacar que la hidrataci\u00f3n de la piel no solo beneficia el proceso de depilaci\u00f3n l\u00e1ser, sino que tambi\u00e9n&nbsp;<strong>contribuye a mejorar la salud general de la piel<\/strong>, promoviendo su elasticidad y luminosidad. Utilizar cremas hidratantes espec\u00edficas para pieles sensibles puede ser de gran ayuda en el cuidado diario de la piel afectada por vit\u00edligo.<\/p>\n\n\n\n<h3 class=\"wp-block-heading\">No utilices cremas ni maquillaje el d\u00eda del tratamiento<\/h3>\n\n\n\n<p>El uso de cremas o maquillaje puede interferir con la efectividad de la depilaci\u00f3n l\u00e1ser. Por eso, es recomendable no utilizar ning\u00fan producto en las \u00e1reas a tratar el d\u00eda de la sesi\u00f3n. Esto garantizar\u00e1 que la piel est\u00e9 limpia y libre de cualquier sustancia que pueda afectar los resultados.<\/p>\n\n\n\n<p>Adem\u00e1s, evitar el uso de cremas o maquillaje antes de la sesi\u00f3n l\u00e1ser&nbsp;<strong>ayuda a reducir el riesgo de posibles reacciones al\u00e9rgicas o irritaciones en la piel<\/strong>. Permitir que la piel respire y se encuentre en su estado natural facilita el proceso de depilaci\u00f3n y minimiza las probabilidades de efectos secundarios no deseados.<\/p>\n\n\n\n<h3 class=\"wp-block-heading\">Usa protecci\u00f3n solar<\/h3>\n\n\n\n<p>El vit\u00edligo hace que las \u00e1reas despigmentadas de la piel sean m\u00e1s sensibles a los efectos del sol. Antes y despu\u00e9s de una sesi\u00f3n de depilaci\u00f3n l\u00e1ser, es importante utilizar protector solar en las \u00e1reas afectadas. Esto ayudar\u00e1 a proteger la piel y a evitar posibles quemaduras o irritaciones.<\/p>\n\n\n\n<p><strong>La exposici\u00f3n al sol sin protecci\u00f3n puede agravar las manchas de vit\u00edligo y causar da\u00f1os en la piel<\/strong>. Por ello, es fundamental aplicar protector solar con un alto factor de protecci\u00f3n en las zonas afectadas, incluso en d\u00edas nublados o durante actividades en interiores, para mantener la piel protegida y prevenir complicaciones en el tratamiento l\u00e1ser.<\/p>\n\n\n\n<h2 class=\"wp-block-heading\">Por qu\u00e9 elegir Centros bedda para la depilaci\u00f3n l\u00e1ser<\/h2>\n\n\n\n<p>Si est\u00e1s considerando someterte a un tratamiento de depilaci\u00f3n l\u00e1ser y padeces vit\u00edligo, es fundamental elegir un centro especializado que cuente con profesionales con experiencia en el tratamiento de esta condici\u00f3n de la piel. En Centros bedda, te ofrecemos un enfoque personalizado y seguro para la&nbsp;<a href=\"https:\/\/agenciaseolocal.eu\/bedda\/depilacion-laser-hombre\/\">depilaci\u00f3n l\u00e1ser en hombres<\/a>&nbsp;y mujeres, teniendo en cuenta tus necesidades individuales y garantizando los mejores resultados posibles.<\/p>\n\n\n\n<p>Nuestro equipo de expertos est\u00e1 capacitado en el uso de tecnolog\u00eda l\u00e1ser y cuenta con experiencia trabajando con personas que padecen vit\u00edligo. Esto nos permite&nbsp;<strong>adaptar el tratamiento a tus necesidades espec\u00edficas, maximizando los resultados y minimizando cualquier riesgo<\/strong>&nbsp;o posible irritaci\u00f3n de la piel. \u00a1No lo dudes m\u00e1s y&nbsp;<a href=\"https:\/\/agenciaseolocal.eu\/bedda\/contactanos\/\">cont\u00e1ctanos<\/a>!<\/p>\n","protected":false},"excerpt":{"rendered":"<p>La depilaci\u00f3n l\u00e1ser es un m\u00e9todo cada vez m\u00e1s popular para eliminar el vello no deseado de manera permanente, al ser&nbsp;eficaz, duradero y una soluci\u00f3n permanente. Sin embargo, \u00bfes compatible la depilaci\u00f3n l\u00e1ser con el vit\u00edligo? En este art\u00edculo de&nbsp;Centros bedda, exploraremos esta pregunta y te daremos algunas recomendaciones si padeces de esta condici\u00f3n de [&hellip;]<\/p>\n","protected":false},"author":3,"featured_media":987516952,"comment_status":"open","ping_status":"closed","sticky":false,"template":"","format":"standard","meta":{"_et_pb_use_builder":"off","_et_pb_old_content":"","_et_gb_content_width":"","_joinchat":[],"footnotes":""},"categories":[51,65],"tags":[],"class_list":["post-987516949","post","type-post","status-publish","format-standard","has-post-thumbnail","hentry","category-blog","category-depilacion"],"yoast_head":"<!-- This site is optimized with the Yoast SEO plugin v25.9 - https:\/\/yoast.com\/wordpress\/plugins\/seo\/ -->\n<title>Depilaci\u00f3n l\u00e1ser y vit\u00edligo: \u00bfcompatibles? | bedda<\/title>\n<meta name=\"description\" content=\"Entra ahora en el blog de Centros bedda y descubre si la enfermedad de vit\u00edligo es compatibles con la depilaci\u00f3n l\u00e1ser. \u00a1Te lo contamos todo!\" \/>\n<meta name=\"robots\" content=\"noindex, follow, max-snippet:-1, max-image-preview:large, max-video-preview:-1\" \/>\n<meta property=\"og:locale\" content=\"es_ES\" \/>\n<meta property=\"og:type\" content=\"article\" \/>\n<meta property=\"og:title\" content=\"Depilaci\u00f3n l\u00e1ser y vit\u00edligo: \u00bfcompatibles? | bedda\" \/>\n<meta property=\"og:description\" content=\"Entra ahora en el blog de Centros bedda y descubre si la enfermedad de vit\u00edligo es compatibles con la depilaci\u00f3n l\u00e1ser. \u00a1Te lo contamos todo!\" \/>\n<meta property=\"og:url\" content=\"https:\/\/agenciaseolocal.eu\/bedda\/depilacion-laser-vitiligo-compatibles\/\" \/>\n<meta property=\"og:site_name\" content=\"Centros bedda\" \/>\n<meta property=\"article:publisher\" content=\"https:\/\/www.facebook.com\/centrobedda\" \/>\n<meta property=\"article:published_time\" content=\"2024-08-07T09:33:18+00:00\" \/>\n<meta property=\"og:image\" content=\"https:\/\/agenciaseolocal.eu\/bedda\/wp-content\/uploads\/2024\/07\/mano-con-vitiligo.webp\" \/>\n\t<meta property=\"og:image:width\" content=\"2000\" \/>\n\t<meta property=\"og:image:height\" content=\"700\" \/>\n\t<meta property=\"og:image:type\" content=\"image\/webp\" \/>\n<meta name=\"author\" content=\"Centros bedda\" \/>\n<meta name=\"twitter:card\" content=\"summary_large_image\" \/>\n<meta name=\"twitter:creator\" content=\"@centrosbedda\" \/>\n<meta name=\"twitter:site\" content=\"@centrosbedda\" \/>\n<meta name=\"twitter:label1\" content=\"Escrito por\" \/>\n\t<meta name=\"twitter:data1\" content=\"Centros bedda\" \/>\n\t<meta name=\"twitter:label2\" content=\"Tiempo de lectura\" \/>\n\t<meta name=\"twitter:data2\" content=\"5 minutos\" \/>\n<!-- \/ Yoast SEO plugin. -->","yoast_head_json":{"title":"Depilaci\u00f3n l\u00e1ser y vit\u00edligo: \u00bfcompatibles? | bedda","description":"Entra ahora en el blog de Centros bedda y descubre si la enfermedad de vit\u00edligo es compatibles con la depilaci\u00f3n l\u00e1ser. \u00a1Te lo contamos todo!","robots":{"index":"noindex","follow":"follow","max-snippet":"max-snippet:-1","max-image-preview":"max-image-preview:large","max-video-preview":"max-video-preview:-1"},"og_locale":"es_ES","og_type":"article","og_title":"Depilaci\u00f3n l\u00e1ser y vit\u00edligo: \u00bfcompatibles? | bedda","og_description":"Entra ahora en el blog de Centros bedda y descubre si la enfermedad de vit\u00edligo es compatibles con la depilaci\u00f3n l\u00e1ser. \u00a1Te lo contamos todo!","og_url":"https:\/\/agenciaseolocal.eu\/bedda\/depilacion-laser-vitiligo-compatibles\/","og_site_name":"Centros bedda","article_publisher":"https:\/\/www.facebook.com\/centrobedda","article_published_time":"2024-08-07T09:33:18+00:00","og_image":[{"width":2000,"height":700,"url":"https:\/\/agenciaseolocal.eu\/bedda\/wp-content\/uploads\/2024\/07\/mano-con-vitiligo.webp","type":"image\/webp"}],"author":"Centros bedda","twitter_card":"summary_large_image","twitter_creator":"@centrosbedda","twitter_site":"@centrosbedda","twitter_misc":{"Escrito por":"Centros bedda","Tiempo de lectura":"5 minutos"},"schema":{"@context":"https:\/\/schema.org","@graph":[{"@type":"Article","@id":"https:\/\/agenciaseolocal.eu\/bedda\/depilacion-laser-vitiligo-compatibles\/#article","isPartOf":{"@id":"https:\/\/agenciaseolocal.eu\/bedda\/depilacion-laser-vitiligo-compatibles\/"},"author":{"name":"Centros bedda","@id":"https:\/\/agenciaseolocal.eu\/bedda\/#\/schema\/person\/ca3010faf67f189fd2de8d61a763fc8b"},"headline":"Depilaci\u00f3n l\u00e1ser y vit\u00edligo: \u00bfCompatibles?","datePublished":"2024-08-07T09:33:18+00:00","mainEntityOfPage":{"@id":"https:\/\/agenciaseolocal.eu\/bedda\/depilacion-laser-vitiligo-compatibles\/"},"wordCount":1036,"commentCount":0,"publisher":{"@id":"https:\/\/agenciaseolocal.eu\/bedda\/#organization"},"image":{"@id":"https:\/\/agenciaseolocal.eu\/bedda\/depilacion-laser-vitiligo-compatibles\/#primaryimage"},"thumbnailUrl":"https:\/\/agenciaseolocal.eu\/bedda\/wp-content\/uploads\/2024\/07\/mano-con-vitiligo.webp","articleSection":["Blog","Depilaci\u00f3n"],"inLanguage":"es","potentialAction":[{"@type":"CommentAction","name":"Comment","target":["https:\/\/agenciaseolocal.eu\/bedda\/depilacion-laser-vitiligo-compatibles\/#respond"]}]},{"@type":"WebPage","@id":"https:\/\/agenciaseolocal.eu\/bedda\/depilacion-laser-vitiligo-compatibles\/","url":"https:\/\/agenciaseolocal.eu\/bedda\/depilacion-laser-vitiligo-compatibles\/","name":"Depilaci\u00f3n l\u00e1ser y vit\u00edligo: \u00bfcompatibles? | bedda","isPartOf":{"@id":"https:\/\/agenciaseolocal.eu\/bedda\/#website"},"primaryImageOfPage":{"@id":"https:\/\/agenciaseolocal.eu\/bedda\/depilacion-laser-vitiligo-compatibles\/#primaryimage"},"image":{"@id":"https:\/\/agenciaseolocal.eu\/bedda\/depilacion-laser-vitiligo-compatibles\/#primaryimage"},"thumbnailUrl":"https:\/\/agenciaseolocal.eu\/bedda\/wp-content\/uploads\/2024\/07\/mano-con-vitiligo.webp","datePublished":"2024-08-07T09:33:18+00:00","description":"Entra ahora en el blog de Centros bedda y descubre si la enfermedad de vit\u00edligo es compatibles con la depilaci\u00f3n l\u00e1ser. \u00a1Te lo contamos todo!","breadcrumb":{"@id":"https:\/\/agenciaseolocal.eu\/bedda\/depilacion-laser-vitiligo-compatibles\/#breadcrumb"},"inLanguage":"es","potentialAction":[{"@type":"ReadAction","target":["https:\/\/agenciaseolocal.eu\/bedda\/depilacion-laser-vitiligo-compatibles\/"]}]},{"@type":"ImageObject","inLanguage":"es","@id":"https:\/\/agenciaseolocal.eu\/bedda\/depilacion-laser-vitiligo-compatibles\/#primaryimage","url":"https:\/\/agenciaseolocal.eu\/bedda\/wp-content\/uploads\/2024\/07\/mano-con-vitiligo.webp","contentUrl":"https:\/\/agenciaseolocal.eu\/bedda\/wp-content\/uploads\/2024\/07\/mano-con-vitiligo.webp","width":2000,"height":700,"caption":"mano con vitiligo"},{"@type":"BreadcrumbList","@id":"https:\/\/agenciaseolocal.eu\/bedda\/depilacion-laser-vitiligo-compatibles\/#breadcrumb","itemListElement":[{"@type":"ListItem","position":1,"name":"Portada","item":"https:\/\/agenciaseolocal.eu\/bedda\/"},{"@type":"ListItem","position":2,"name":"Depilaci\u00f3n l\u00e1ser y vit\u00edligo: \u00bfCompatibles?"}]},{"@type":"WebSite","@id":"https:\/\/agenciaseolocal.eu\/bedda\/#website","url":"https:\/\/agenciaseolocal.eu\/bedda\/","name":"Centros bedda","description":"Centro de depilaci\u00f3n l\u00e1ser","publisher":{"@id":"https:\/\/agenciaseolocal.eu\/bedda\/#organization"},"potentialAction":[{"@type":"SearchAction","target":{"@type":"EntryPoint","urlTemplate":"https:\/\/agenciaseolocal.eu\/bedda\/?s={search_term_string}"},"query-input":{"@type":"PropertyValueSpecification","valueRequired":true,"valueName":"search_term_string"}}],"inLanguage":"es"},{"@type":"Organization","@id":"https:\/\/agenciaseolocal.eu\/bedda\/#organization","name":"Centros bedda","url":"https:\/\/agenciaseolocal.eu\/bedda\/","logo":{"@type":"ImageObject","inLanguage":"es","@id":"https:\/\/agenciaseolocal.eu\/bedda\/#\/schema\/logo\/image\/","url":"https:\/\/agenciaseolocal.eu\/bedda\/wp-content\/uploads\/2024\/04\/centros-bedda-depilacion-laser-logo.png","contentUrl":"https:\/\/agenciaseolocal.eu\/bedda\/wp-content\/uploads\/2024\/04\/centros-bedda-depilacion-laser-logo.png","width":220,"height":220,"caption":"Centros bedda"},"image":{"@id":"https:\/\/agenciaseolocal.eu\/bedda\/#\/schema\/logo\/image\/"},"sameAs":["https:\/\/www.facebook.com\/centrobedda","https:\/\/x.com\/centrosbedda","https:\/\/www.youtube.com\/channel\/UCV57tDnQcnHfTici1funk4g?app=desktop","https:\/\/www.instagram.com\/centrosbedda\/","https:\/\/www.linkedin.com\/company\/centros-bedda\/"]},{"@type":"Person","@id":"https:\/\/agenciaseolocal.eu\/bedda\/#\/schema\/person\/ca3010faf67f189fd2de8d61a763fc8b","name":"Centros bedda","image":{"@type":"ImageObject","inLanguage":"es","@id":"https:\/\/agenciaseolocal.eu\/bedda\/#\/schema\/person\/image\/","url":"https:\/\/secure.gravatar.com\/avatar\/ea1f00b0a249719594f6b50ee5d3214c2c192531d8f80f789208e2aa9605ac08?s=96&d=mm&r=g","contentUrl":"https:\/\/secure.gravatar.com\/avatar\/ea1f00b0a249719594f6b50ee5d3214c2c192531d8f80f789208e2aa9605ac08?s=96&d=mm&r=g","caption":"Centros bedda"},"url":"https:\/\/agenciaseolocal.eu\/bedda\/author\/mktpmp_gedfwb31y\/"}]}},"_links":{"self":[{"href":"https:\/\/agenciaseolocal.eu\/bedda\/wp-json\/wp\/v2\/posts\/987516949","targetHints":{"allow":["GET"]}}],"collection":[{"href":"https:\/\/agenciaseolocal.eu\/bedda\/wp-json\/wp\/v2\/posts"}],"about":[{"href":"https:\/\/agenciaseolocal.eu\/bedda\/wp-json\/wp\/v2\/types\/post"}],"author":[{"embeddable":true,"href":"https:\/\/agenciaseolocal.eu\/bedda\/wp-json\/wp\/v2\/users\/3"}],"replies":[{"embeddable":true,"href":"https:\/\/agenciaseolocal.eu\/bedda\/wp-json\/wp\/v2\/comments?post=987516949"}],"version-history":[{"count":2,"href":"https:\/\/agenciaseolocal.eu\/bedda\/wp-json\/wp\/v2\/posts\/987516949\/revisions"}],"predecessor-version":[{"id":987517144,"href":"https:\/\/agenciaseolocal.eu\/bedda\/wp-json\/wp\/v2\/posts\/987516949\/revisions\/987517144"}],"wp:featuredmedia":[{"embeddable":true,"href":"https:\/\/agenciaseolocal.eu\/bedda\/wp-json\/wp\/v2\/media\/987516952"}],"wp:attachment":[{"href":"https:\/\/agenciaseolocal.eu\/bedda\/wp-json\/wp\/v2\/media?parent=987516949"}],"wp:term":[{"taxonomy":"category","embeddable":true,"href":"https:\/\/agenciaseolocal.eu\/bedda\/wp-json\/wp\/v2\/categories?post=987516949"},{"taxonomy":"post_tag","embeddable":true,"href":"https:\/\/agenciaseolocal.eu\/bedda\/wp-json\/wp\/v2\/tags?post=987516949"}],"curies":[{"name":"wp","href":"https:\/\/api.w.org\/{rel}","templated":true}]}}