{"id":987516950,"date":"2024-08-08T11:33:30","date_gmt":"2024-08-08T09:33:30","guid":{"rendered":"https:\/\/centrosbedda.com\/?p=987516950"},"modified":"2024-07-04T11:44:54","modified_gmt":"2024-07-04T09:44:54","slug":"como-tener-piel-lisa-perfecta-verano","status":"publish","type":"post","link":"https:\/\/agenciaseolocal.eu\/bedda\/como-tener-piel-lisa-perfecta-verano\/","title":{"rendered":"C\u00f3mo tener una piel lisa y perfecta en verano"},"content":{"rendered":"\n<p>Durante el verano, nuestra piel se enfrenta a diferentes desaf\u00edos debido al calor, la humedad y la exposici\u00f3n al sol. Para mantenerla en \u00f3ptimas condiciones,&nbsp;<strong>es importante seguir una rutina adecuada de cuidado y adoptar medidas preventivas<\/strong>. En este art\u00edculo de&nbsp;<a href=\"https:\/\/agenciaseolocal.eu\/bedda\/\">Centros bedda<\/a>&nbsp;encontrar\u00e1s algunos consejos \u00fatiles para tener una piel lisa y perfecta durante la temporada estival.<\/p>\n\n\n\n<h2 class=\"wp-block-heading\">\u00bfC\u00f3mo puedo tener una piel lisa y perfecta durante verano?<\/h2>\n\n\n\n<p>Para lograr una piel lisa y perfecta durante el verano, es fundamental&nbsp;<strong>adoptar una rutina de cuidado adaptada a la temporada<\/strong>. La hidrataci\u00f3n constante es clave para mantener la piel suave y flexible, al igual que protegerla de los da\u00f1inos rayos UV con productos adecuados.<\/p>\n\n\n\n<p>Las altas temperaturas y la exposici\u00f3n solar pueden incrementar la producci\u00f3n de grasa y el riesgo de imperfecciones, por lo que es vital prestar atenci\u00f3n a la limpieza diaria. Adem\u00e1s, una dieta rica en antioxidantes puede contribuir significativamente a la salud de la piel, manteni\u00e9ndola radiante y libre de impurezas durante toda la temporada estival.<\/p>\n\n\n\n<h2 class=\"wp-block-heading\">Consejos para tener la mejor piel en verano<\/h2>\n\n\n\n<p>Los siguientes consejos te ayudar\u00e1n a mantener tu piel sana y radiante durante esta temporada:<\/p>\n\n\n\n<h3 class=\"wp-block-heading\">Limpia y exfolia bien tu piel<\/h3>\n\n\n\n<p>La limpieza diaria de la piel es fundamental para eliminar impurezas y c\u00e9lulas muertas que pueden obstruir los poros y causar imperfecciones. Utiliza un limpiador suave y agua tibia para lavar tu rostro dos veces al d\u00eda.&nbsp;<strong>Recuerda secar suavemente tu piel con una toalla limpia<\/strong>.<\/p>\n\n\n\n<p>Adem\u00e1s de la limpieza, la exfoliaci\u00f3n regular tambi\u00e9n es esencial para eliminar las c\u00e9lulas muertas y mejorar la textura de la piel. Utiliza un exfoliante suave una o dos veces por semana, seg\u00fan las necesidades de tu piel.<\/p>\n\n\n\n<p>La piel es el \u00f3rgano m\u00e1s grande del cuerpo humano y act\u00faa como barrera protectora contra el medio ambiente. Est\u00e1 compuesta por varias capas, siendo la capa m\u00e1s externa la epidermis, que es la que estamos limpiando y exfoliando.&nbsp;<strong>La exfoliaci\u00f3n ayuda a eliminar las c\u00e9lulas muertas de la epidermis<\/strong>, permitiendo que la piel respire y se renueve de manera m\u00e1s efectiva.<\/p>\n\n\n\n<h3 class=\"wp-block-heading\">Utiliza siempre protecci\u00f3n solar<\/h3>\n\n\n\n<p>La exposici\u00f3n al sol puede da\u00f1ar nuestra piel y acelerar el envejecimiento. Es fundamental utilizar protector solar diariamente, incluso en d\u00edas nublados. Opta por un protector solar de amplio espectro con un factor de protecci\u00f3n solar (FPS) de al menos 30 y apl\u00edcalo generosamente en todas las \u00e1reas expuestas de tu cuerpo, especialmente en el rostro y el cuello. No olvides reaplicarlo cada dos horas y despu\u00e9s de nadar o sudar.<\/p>\n\n\n\n<p>Adem\u00e1s, es importante recordar que la radiaci\u00f3n ultravioleta (UV) puede penetrar a trav\u00e9s de las nubes, por lo que<strong>&nbsp;la protecci\u00f3n solar es necesaria incluso en d\u00edas nublados<\/strong>. La exposici\u00f3n prolongada al sol sin protecci\u00f3n puede provocar quemaduras solares, da\u00f1o celular e incluso aumentar el riesgo de desarrollar c\u00e1ncer de piel. Por lo tanto, incorporar el uso de protector solar en tu rutina diaria de cuidado de la piel es esencial para mantenerla sana y protegida.<\/p>\n\n\n\n<h3 class=\"wp-block-heading\">Corrige tus manchas<\/h3>\n\n\n\n<p>Las manchas en la piel son comunes durante el verano debido a la exposici\u00f3n al sol. Para corregir o prevenir las manchas, puedes utilizar productos despigmentantes o consultarlo con un dermat\u00f3logo. Adem\u00e1s,&nbsp;<strong>evita el sol en las horas de mayor intensidad, entre las 10 de la ma\u00f1ana y las 4 de la tarde<\/strong>, para reducir el riesgo de hiperpigmentaci\u00f3n.<\/p>\n\n\n\n<p>Es importante recordar que la hiperpigmentaci\u00f3n puede ser causada no solo por la exposici\u00f3n al sol, sino tambi\u00e9n por factores hormonales, como el embarazo o el uso de anticonceptivos. En estos casos, es fundamental abordar la causa subyacente para tratar eficazmente las manchas en la piel.<\/p>\n\n\n\n<h3 class=\"wp-block-heading\">Utiliza crema hidratante<\/h3>\n\n\n\n<p>La hidrataci\u00f3n es clave para mantener la piel en buen estado. Durante el verano, la piel tiende a deshidratarse m\u00e1s f\u00e1cilmente debido al calor y la exposici\u00f3n al sol.&nbsp;<strong>Utiliza una crema hidratante ligera y libre de aceite que se adapte a tu tipo de piel para mantenerla suave, flexible y bien nutrida<\/strong>. No olvides aplicarla en todo el cuerpo, incluyendo las \u00e1reas m\u00e1s olvidadas como los pies y las manos.<\/p>\n\n\n\n<p>Adem\u00e1s de aplicar crema hidratante, es importante recordar que la ingesta de agua tambi\u00e9n juega un papel fundamental en la hidrataci\u00f3n de la piel. Beber la cantidad adecuada de agua diariamente ayuda a mantener la piel hidratada desde el interior, lo que se reflejar\u00e1 en su apariencia externa. Complementa el uso de crema hidratante con una adecuada hidrataci\u00f3n interna para obtener mejores resultados y una piel radiante.<\/p>\n\n\n\n<h3 class=\"wp-block-heading\">Lleva a cabo una alimentaci\u00f3n adecuada<\/h3>\n\n\n\n<p>La alimentaci\u00f3n tambi\u00e9n juega un papel importante en la salud de nuestra piel.&nbsp;<strong>Incorpora alimentos ricos en antioxidantes<\/strong>, como frutas y verduras de colores brillantes, que ayudan a proteger la piel contra los da\u00f1os causados por los radicales libres. Adem\u00e1s, aseg\u00farate de mantener una adecuada hidrataci\u00f3n bebiendo suficiente agua a lo largo del d\u00eda.<\/p>\n\n\n\n<p>Adem\u00e1s de consumir alimentos ricos en antioxidantes, es importante incluir en tu dieta alimentos con \u00e1cidos grasos esenciales, como los presentes en el salm\u00f3n, las nueces y el aguacate. Estos \u00e1cidos grasos ayudan a mantener la piel hidratada y flexible, contribuyendo a una apariencia m\u00e1s saludable y juvenil.&nbsp;<\/p>\n\n\n\n<h3 class=\"wp-block-heading\">Utiliza ropa con tejidos frescos que permitan la transpiraci\u00f3n<\/h3>\n\n\n\n<p>La elecci\u00f3n de la ropa adecuada puede ayudar a mantener la piel fresca y evitar la acumulaci\u00f3n de sudor y bacterias. Opta por&nbsp;<strong>tejidos naturales y ligeros, como el algod\u00f3n o el lino, que permiten la transpiraci\u00f3n y evitan la irritaci\u00f3n de la piel<\/strong>. Adem\u00e1s, utiliza ropa holgada y de colores claros para evitar el exceso de calor.<\/p>\n\n\n\n<p>Siguiendo estos consejos simples pero efectivos, podr\u00e1s cuidar tu piel durante el verano y lucir una piel lisa y perfecta en esta temporada. Recuerda que cada persona es \u00fanica, por lo que es importante adaptar estos consejos a tus necesidades individuales y consultar a un dermat\u00f3logo si tienes alguna preocupaci\u00f3n o afecci\u00f3n cut\u00e1nea.<\/p>\n","protected":false},"excerpt":{"rendered":"<p>Durante el verano, nuestra piel se enfrenta a diferentes desaf\u00edos debido al calor, la humedad y la exposici\u00f3n al sol. Para mantenerla en \u00f3ptimas condiciones,&nbsp;es importante seguir una rutina adecuada de cuidado y adoptar medidas preventivas. En este art\u00edculo de&nbsp;Centros bedda&nbsp;encontrar\u00e1s algunos consejos \u00fatiles para tener una piel lisa y perfecta durante la temporada estival. [&hellip;]<\/p>\n","protected":false},"author":3,"featured_media":987516954,"comment_status":"open","ping_status":"closed","sticky":false,"template":"","format":"standard","meta":{"_et_pb_use_builder":"off","_et_pb_old_content":"","_et_gb_content_width":"","_joinchat":[],"footnotes":""},"categories":[51,50],"tags":[],"class_list":["post-987516950","post","type-post","status-publish","format-standard","has-post-thumbnail","hentry","category-blog","category-facial"],"yoast_head":"<!-- This site is optimized with the Yoast SEO plugin v25.9 - https:\/\/yoast.com\/wordpress\/plugins\/seo\/ -->\n<title>C\u00f3mo tener una piel lisa y perfecta en verano | bedda<\/title>\n<meta name=\"description\" content=\"Entra ahora en el blog de Centros bedda y descubre c\u00f3mo puedes tener una piel lisa y perfecta durante el verano. \u00a1Te lo contamos todo!\" \/>\n<meta name=\"robots\" content=\"noindex, follow, max-snippet:-1, max-image-preview:large, max-video-preview:-1\" \/>\n<meta property=\"og:locale\" content=\"es_ES\" \/>\n<meta property=\"og:type\" content=\"article\" \/>\n<meta property=\"og:title\" content=\"C\u00f3mo tener una piel lisa y perfecta en verano | bedda\" \/>\n<meta property=\"og:description\" content=\"Entra ahora en el blog de Centros bedda y descubre c\u00f3mo puedes tener una piel lisa y perfecta durante el verano. \u00a1Te lo contamos todo!\" \/>\n<meta property=\"og:url\" content=\"https:\/\/agenciaseolocal.eu\/bedda\/como-tener-piel-lisa-perfecta-verano\/\" \/>\n<meta property=\"og:site_name\" content=\"Centros bedda\" \/>\n<meta property=\"article:publisher\" content=\"https:\/\/www.facebook.com\/centrobedda\" \/>\n<meta property=\"article:published_time\" content=\"2024-08-08T09:33:30+00:00\" \/>\n<meta property=\"og:image\" content=\"https:\/\/agenciaseolocal.eu\/bedda\/wp-content\/uploads\/2024\/07\/chica-cibujo-sol-crema-en-la-cara.jpeg\" \/>\n\t<meta property=\"og:image:width\" content=\"2000\" \/>\n\t<meta property=\"og:image:height\" content=\"700\" \/>\n\t<meta property=\"og:image:type\" content=\"image\/jpeg\" \/>\n<meta name=\"author\" content=\"Centros bedda\" \/>\n<meta name=\"twitter:card\" content=\"summary_large_image\" \/>\n<meta name=\"twitter:creator\" content=\"@centrosbedda\" \/>\n<meta name=\"twitter:site\" content=\"@centrosbedda\" \/>\n<meta name=\"twitter:label1\" content=\"Escrito por\" \/>\n\t<meta name=\"twitter:data1\" content=\"Centros bedda\" \/>\n\t<meta name=\"twitter:label2\" content=\"Tiempo de lectura\" \/>\n\t<meta name=\"twitter:data2\" content=\"5 minutos\" \/>\n<!-- \/ Yoast SEO plugin. -->","yoast_head_json":{"title":"C\u00f3mo tener una piel lisa y perfecta en verano | bedda","description":"Entra ahora en el blog de Centros bedda y descubre c\u00f3mo puedes tener una piel lisa y perfecta durante el verano. \u00a1Te lo contamos todo!","robots":{"index":"noindex","follow":"follow","max-snippet":"max-snippet:-1","max-image-preview":"max-image-preview:large","max-video-preview":"max-video-preview:-1"},"og_locale":"es_ES","og_type":"article","og_title":"C\u00f3mo tener una piel lisa y perfecta en verano | bedda","og_description":"Entra ahora en el blog de Centros bedda y descubre c\u00f3mo puedes tener una piel lisa y perfecta durante el verano. \u00a1Te lo contamos todo!","og_url":"https:\/\/agenciaseolocal.eu\/bedda\/como-tener-piel-lisa-perfecta-verano\/","og_site_name":"Centros bedda","article_publisher":"https:\/\/www.facebook.com\/centrobedda","article_published_time":"2024-08-08T09:33:30+00:00","og_image":[{"width":2000,"height":700,"url":"https:\/\/agenciaseolocal.eu\/bedda\/wp-content\/uploads\/2024\/07\/chica-cibujo-sol-crema-en-la-cara.jpeg","type":"image\/jpeg"}],"author":"Centros bedda","twitter_card":"summary_large_image","twitter_creator":"@centrosbedda","twitter_site":"@centrosbedda","twitter_misc":{"Escrito por":"Centros bedda","Tiempo de lectura":"5 minutos"},"schema":{"@context":"https:\/\/schema.org","@graph":[{"@type":"Article","@id":"https:\/\/agenciaseolocal.eu\/bedda\/como-tener-piel-lisa-perfecta-verano\/#article","isPartOf":{"@id":"https:\/\/agenciaseolocal.eu\/bedda\/como-tener-piel-lisa-perfecta-verano\/"},"author":{"name":"Centros bedda","@id":"https:\/\/agenciaseolocal.eu\/bedda\/#\/schema\/person\/ca3010faf67f189fd2de8d61a763fc8b"},"headline":"C\u00f3mo tener una piel lisa y perfecta en verano","datePublished":"2024-08-08T09:33:30+00:00","mainEntityOfPage":{"@id":"https:\/\/agenciaseolocal.eu\/bedda\/como-tener-piel-lisa-perfecta-verano\/"},"wordCount":1072,"commentCount":0,"publisher":{"@id":"https:\/\/agenciaseolocal.eu\/bedda\/#organization"},"image":{"@id":"https:\/\/agenciaseolocal.eu\/bedda\/como-tener-piel-lisa-perfecta-verano\/#primaryimage"},"thumbnailUrl":"https:\/\/agenciaseolocal.eu\/bedda\/wp-content\/uploads\/2024\/07\/chica-cibujo-sol-crema-en-la-cara.jpeg","articleSection":["Blog","Facial"],"inLanguage":"es","potentialAction":[{"@type":"CommentAction","name":"Comment","target":["https:\/\/agenciaseolocal.eu\/bedda\/como-tener-piel-lisa-perfecta-verano\/#respond"]}]},{"@type":"WebPage","@id":"https:\/\/agenciaseolocal.eu\/bedda\/como-tener-piel-lisa-perfecta-verano\/","url":"https:\/\/agenciaseolocal.eu\/bedda\/como-tener-piel-lisa-perfecta-verano\/","name":"C\u00f3mo tener una piel lisa y perfecta en verano | bedda","isPartOf":{"@id":"https:\/\/agenciaseolocal.eu\/bedda\/#website"},"primaryImageOfPage":{"@id":"https:\/\/agenciaseolocal.eu\/bedda\/como-tener-piel-lisa-perfecta-verano\/#primaryimage"},"image":{"@id":"https:\/\/agenciaseolocal.eu\/bedda\/como-tener-piel-lisa-perfecta-verano\/#primaryimage"},"thumbnailUrl":"https:\/\/agenciaseolocal.eu\/bedda\/wp-content\/uploads\/2024\/07\/chica-cibujo-sol-crema-en-la-cara.jpeg","datePublished":"2024-08-08T09:33:30+00:00","description":"Entra ahora en el blog de Centros bedda y descubre c\u00f3mo puedes tener una piel lisa y perfecta durante el verano. \u00a1Te lo contamos todo!","breadcrumb":{"@id":"https:\/\/agenciaseolocal.eu\/bedda\/como-tener-piel-lisa-perfecta-verano\/#breadcrumb"},"inLanguage":"es","potentialAction":[{"@type":"ReadAction","target":["https:\/\/agenciaseolocal.eu\/bedda\/como-tener-piel-lisa-perfecta-verano\/"]}]},{"@type":"ImageObject","inLanguage":"es","@id":"https:\/\/agenciaseolocal.eu\/bedda\/como-tener-piel-lisa-perfecta-verano\/#primaryimage","url":"https:\/\/agenciaseolocal.eu\/bedda\/wp-content\/uploads\/2024\/07\/chica-cibujo-sol-crema-en-la-cara.jpeg","contentUrl":"https:\/\/agenciaseolocal.eu\/bedda\/wp-content\/uploads\/2024\/07\/chica-cibujo-sol-crema-en-la-cara.jpeg","width":2000,"height":700,"caption":"chica dibujo sol crema en la cara"},{"@type":"BreadcrumbList","@id":"https:\/\/agenciaseolocal.eu\/bedda\/como-tener-piel-lisa-perfecta-verano\/#breadcrumb","itemListElement":[{"@type":"ListItem","position":1,"name":"Portada","item":"https:\/\/agenciaseolocal.eu\/bedda\/"},{"@type":"ListItem","position":2,"name":"C\u00f3mo tener una piel lisa y perfecta en verano"}]},{"@type":"WebSite","@id":"https:\/\/agenciaseolocal.eu\/bedda\/#website","url":"https:\/\/agenciaseolocal.eu\/bedda\/","name":"Centros bedda","description":"Centro de depilaci\u00f3n l\u00e1ser","publisher":{"@id":"https:\/\/agenciaseolocal.eu\/bedda\/#organization"},"potentialAction":[{"@type":"SearchAction","target":{"@type":"EntryPoint","urlTemplate":"https:\/\/agenciaseolocal.eu\/bedda\/?s={search_term_string}"},"query-input":{"@type":"PropertyValueSpecification","valueRequired":true,"valueName":"search_term_string"}}],"inLanguage":"es"},{"@type":"Organization","@id":"https:\/\/agenciaseolocal.eu\/bedda\/#organization","name":"Centros bedda","url":"https:\/\/agenciaseolocal.eu\/bedda\/","logo":{"@type":"ImageObject","inLanguage":"es","@id":"https:\/\/agenciaseolocal.eu\/bedda\/#\/schema\/logo\/image\/","url":"https:\/\/agenciaseolocal.eu\/bedda\/wp-content\/uploads\/2024\/04\/centros-bedda-depilacion-laser-logo.png","contentUrl":"https:\/\/agenciaseolocal.eu\/bedda\/wp-content\/uploads\/2024\/04\/centros-bedda-depilacion-laser-logo.png","width":220,"height":220,"caption":"Centros bedda"},"image":{"@id":"https:\/\/agenciaseolocal.eu\/bedda\/#\/schema\/logo\/image\/"},"sameAs":["https:\/\/www.facebook.com\/centrobedda","https:\/\/x.com\/centrosbedda","https:\/\/www.youtube.com\/channel\/UCV57tDnQcnHfTici1funk4g?app=desktop","https:\/\/www.instagram.com\/centrosbedda\/","https:\/\/www.linkedin.com\/company\/centros-bedda\/"]},{"@type":"Person","@id":"https:\/\/agenciaseolocal.eu\/bedda\/#\/schema\/person\/ca3010faf67f189fd2de8d61a763fc8b","name":"Centros bedda","image":{"@type":"ImageObject","inLanguage":"es","@id":"https:\/\/agenciaseolocal.eu\/bedda\/#\/schema\/person\/image\/","url":"https:\/\/secure.gravatar.com\/avatar\/ea1f00b0a249719594f6b50ee5d3214c2c192531d8f80f789208e2aa9605ac08?s=96&d=mm&r=g","contentUrl":"https:\/\/secure.gravatar.com\/avatar\/ea1f00b0a249719594f6b50ee5d3214c2c192531d8f80f789208e2aa9605ac08?s=96&d=mm&r=g","caption":"Centros bedda"},"url":"https:\/\/agenciaseolocal.eu\/bedda\/author\/mktpmp_gedfwb31y\/"}]}},"_links":{"self":[{"href":"https:\/\/agenciaseolocal.eu\/bedda\/wp-json\/wp\/v2\/posts\/987516950","targetHints":{"allow":["GET"]}}],"collection":[{"href":"https:\/\/agenciaseolocal.eu\/bedda\/wp-json\/wp\/v2\/posts"}],"about":[{"href":"https:\/\/agenciaseolocal.eu\/bedda\/wp-json\/wp\/v2\/types\/post"}],"author":[{"embeddable":true,"href":"https:\/\/agenciaseolocal.eu\/bedda\/wp-json\/wp\/v2\/users\/3"}],"replies":[{"embeddable":true,"href":"https:\/\/agenciaseolocal.eu\/bedda\/wp-json\/wp\/v2\/comments?post=987516950"}],"version-history":[{"count":1,"href":"https:\/\/agenciaseolocal.eu\/bedda\/wp-json\/wp\/v2\/posts\/987516950\/revisions"}],"predecessor-version":[{"id":987516955,"href":"https:\/\/agenciaseolocal.eu\/bedda\/wp-json\/wp\/v2\/posts\/987516950\/revisions\/987516955"}],"wp:featuredmedia":[{"embeddable":true,"href":"https:\/\/agenciaseolocal.eu\/bedda\/wp-json\/wp\/v2\/media\/987516954"}],"wp:attachment":[{"href":"https:\/\/agenciaseolocal.eu\/bedda\/wp-json\/wp\/v2\/media?parent=987516950"}],"wp:term":[{"taxonomy":"category","embeddable":true,"href":"https:\/\/agenciaseolocal.eu\/bedda\/wp-json\/wp\/v2\/categories?post=987516950"},{"taxonomy":"post_tag","embeddable":true,"href":"https:\/\/agenciaseolocal.eu\/bedda\/wp-json\/wp\/v2\/tags?post=987516950"}],"curies":[{"name":"wp","href":"https:\/\/api.w.org\/{rel}","templated":true}]}}