{"id":987516959,"date":"2024-08-13T11:46:36","date_gmt":"2024-08-13T09:46:36","guid":{"rendered":"https:\/\/centrosbedda.com\/?p=987516959"},"modified":"2024-07-04T11:59:16","modified_gmt":"2024-07-04T09:59:16","slug":"por-que-sale-vello-espalda","status":"publish","type":"post","link":"https:\/\/agenciaseolocal.eu\/bedda\/por-que-sale-vello-espalda\/","title":{"rendered":"\u00bfPor qu\u00e9 sale vello en la espalda?"},"content":{"rendered":"\n<p>Si te has preguntado alguna vez por qu\u00e9 sale vello en la espalda, no est\u00e1s solo.&nbsp;<strong>Muchas personas, tanto hombres como mujeres, se enfrentan al desaf\u00edo de tener vello en esta \u00e1rea del cuerpo<\/strong>. En este art\u00edculo de&nbsp;<a href=\"https:\/\/agenciaseolocal.eu\/bedda\/\">Centros bedda<\/a>, exploraremos las posibles causas de este fen\u00f3meno, as\u00ed como las opciones de tratamiento disponibles para aquellos que deseen eliminarlo.&nbsp;<\/p>\n\n\n\n<h2 class=\"wp-block-heading\">\u00bfPor qu\u00e9 salen pelos en la espalda?<\/h2>\n\n\n\n<p>Existen varias razones por las cuales puede haber vello en tu espalda. Algunas de las causas m\u00e1s comunes son los cambios hormonales, la gen\u00e9tica, la medicaci\u00f3n y las patolog\u00edas o afecciones previas.<\/p>\n\n\n\n<h3 class=\"wp-block-heading\">Cambios hormonales<\/h3>\n\n\n\n<p>Los cambios hormonales pueden desempe\u00f1ar un papel importante en la aparici\u00f3n del vello en la espalda. Durante la pubertad, por ejemplo,&nbsp;<strong>los niveles de hormonas como la testosterona aumentan, lo que puede estimular el crecimiento del vello<\/strong>&nbsp;en diferentes \u00e1reas del cuerpo, incluida la espalda.<\/p>\n\n\n\n<h3 class=\"wp-block-heading\">Gen\u00e9tica<\/h3>\n\n\n\n<p>Tu gen\u00e9tica tambi\u00e9n puede influir en la presencia de vello en la espalda. Algunas personas tienen una predisposici\u00f3n gen\u00e9tica a tener m\u00e1s vello en ciertas \u00e1reas del cuerpo, incluyendo la espalda.<\/p>\n\n\n\n<h3 class=\"wp-block-heading\">Medicaci\u00f3n<\/h3>\n\n\n\n<p><strong>Algunos medicamentos, como los esteroides, pueden estimular el crecimiento del vello<\/strong>&nbsp;en todo el cuerpo, incluyendo la espalda. Si est\u00e1s tomando alg\u00fan tipo de medicaci\u00f3n y has notado un aumento en el vello de tu espalda, es posible que esto se deba a la medicaci\u00f3n que est\u00e1s usando.<\/p>\n\n\n\n<h3 class=\"wp-block-heading\">Patolog\u00edas o afecciones previas<\/h3>\n\n\n\n<p>Ciertas patolog\u00edas o afecciones m\u00e9dicas, como el s\u00edndrome del ovario poliqu\u00edstico (SOP) o el hipertricosis, pueden provocar el crecimiento excesivo del vello en diferentes \u00e1reas del cuerpo, incluida la espalda.<\/p>\n\n\n\n<h2 class=\"wp-block-heading\">\u00bfEs normal que tenga vello en la espalda?<\/h2>\n\n\n\n<p>Tener vello en la espalda es completamente normal y&nbsp;<strong>no representa ning\u00fan problema de salud en la mayor\u00eda de los casos<\/strong>. Es importante recordar que todos tenemos vello en nuestro cuerpo, y su presencia puede variar de una persona a otra.<\/p>\n\n\n\n<p>Si te sientes inc\u00f3modo con el vello en tu espalda y deseas eliminarlo, existen varias opciones disponibles. Una de las soluciones m\u00e1s efectivas y duraderas es la depilaci\u00f3n l\u00e1ser de diodo.<\/p>\n\n\n\n<p>El vello en la espalda, al igual que en otras partes del cuerpo, cumple una funci\u00f3n importante en el organismo.&nbsp;<strong>Ayuda a regular la temperatura corporal y protege la piel de factores externos<\/strong>&nbsp;como la radiaci\u00f3n solar. En algunos casos, el exceso de vello en la espalda puede estar relacionado con desequilibrios hormonales, por lo que es recomendable consultar a un especialista si notas cambios significativos en la cantidad o textura del vello.<\/p>\n\n\n\n<h2 class=\"wp-block-heading\">C\u00f3mo puedo eliminar el vello de la espalda adecuadamente<\/h2>\n\n\n\n<p>La depilaci\u00f3n l\u00e1ser de diodo es un m\u00e9todo de eliminaci\u00f3n de vello seguro y eficaz. Este procedimiento utiliza pulsos de luz l\u00e1ser para destruir los fol\u00edculos pilosos, impidiendo as\u00ed el crecimiento futuro del vello.<\/p>\n\n\n\n<p>Una de las ventajas de utilizar la&nbsp;<a href=\"https:\/\/agenciaseolocal.eu\/bedda\/tratamientos\/depilacion-laser-espalda-completa-mujer\/\">depilaci\u00f3n l\u00e1ser de espalda para mujeres<\/a>&nbsp;es su<strong>&nbsp;capacidad para tratar grandes \u00e1reas de la espalda de manera r\u00e1pida y precisa<\/strong>. Adem\u00e1s, este m\u00e9todo es relativamente indoloro y tiene resultados duraderos. Sin embargo, es importante se\u00f1alar que pueden ser necesarias varias sesiones para lograr los resultados deseados.<\/p>\n\n\n\n<p>Es recomendable que busques un profesional titulado para realizar el tratamiento de&nbsp;<a href=\"https:\/\/agenciaseolocal.eu\/bedda\/tratamientos\/depilacion-laser-espalda-completa-hombre\/\">depilaci\u00f3n l\u00e1ser de espalda para hombres<\/a>. Ellos evaluar\u00e1n tu tipo de vello y piel, y determinar\u00e1n la cantidad de sesiones necesarias para obtener los mejores resultados.<\/p>\n\n\n\n<h2 class=\"wp-block-heading\">Ventajas de utilizar la depilaci\u00f3n l\u00e1ser de diodo para eliminar vello en la espalda<\/h2>\n\n\n\n<p>La depilaci\u00f3n l\u00e1ser de diodo ofrece muchas ventajas en comparaci\u00f3n con otros m\u00e9todos de eliminaci\u00f3n de vello, especialmente cuando se trata de la espalda. Estas son algunas de las ventajas m\u00e1s destacables:<\/p>\n\n\n\n<ul class=\"wp-block-list\">\n<li>Resultados duraderos: A diferencia de otros m\u00e9todos temporales como la cera o la cuchilla,\u00a0<strong>la depilaci\u00f3n l\u00e1ser de diodo destruye los fol\u00edculos pilosos<\/strong>, lo que impide el crecimiento futuro del vello.<\/li>\n\n\n\n<li>Tratamiento r\u00e1pido: Gracias a su capacidad para tratar \u00e1reas grandes de la espalda de manera r\u00e1pida, la depilaci\u00f3n l\u00e1ser de diodo es un m\u00e9todo eficiente y conveniente.<\/li>\n\n\n\n<li>Menor molestia: Aunque cada persona tiene un umbral de dolor diferente,\u00a0<strong>la depilaci\u00f3n l\u00e1ser de diodo suele ser menos dolorosa en comparaci\u00f3n con otros m\u00e9todos<\/strong>, como la cera.<\/li>\n\n\n\n<li>Seguridad: Cuando se realiza correctamente por un profesional, la depilaci\u00f3n l\u00e1ser de diodo es un procedimiento seguro.<\/li>\n<\/ul>\n","protected":false},"excerpt":{"rendered":"<p>Si te has preguntado alguna vez por qu\u00e9 sale vello en la espalda, no est\u00e1s solo.&nbsp;Muchas personas, tanto hombres como mujeres, se enfrentan al desaf\u00edo de tener vello en esta \u00e1rea del cuerpo. En este art\u00edculo de&nbsp;Centros bedda, exploraremos las posibles causas de este fen\u00f3meno, as\u00ed como las opciones de tratamiento disponibles para aquellos que [&hellip;]<\/p>\n","protected":false},"author":3,"featured_media":987516963,"comment_status":"open","ping_status":"closed","sticky":false,"template":"","format":"standard","meta":{"_et_pb_use_builder":"off","_et_pb_old_content":"","_et_gb_content_width":"","_joinchat":[],"footnotes":""},"categories":[51,65],"tags":[],"class_list":["post-987516959","post","type-post","status-publish","format-standard","has-post-thumbnail","hentry","category-blog","category-depilacion"],"yoast_head":"<!-- This site is optimized with the Yoast SEO plugin v25.9 - https:\/\/yoast.com\/wordpress\/plugins\/seo\/ -->\n<title>\u00bfPor qu\u00e9 sale vello en la espalda? | Centros bedda<\/title>\n<meta name=\"description\" content=\"Entra ahora en el blog de Centros bedda y descubre por qu\u00e9 sale vello en la zona de la espalda. \u00a1Te lo contamos todo sobre este hecho!\" \/>\n<meta name=\"robots\" content=\"noindex, follow, max-snippet:-1, max-image-preview:large, max-video-preview:-1\" \/>\n<meta property=\"og:locale\" content=\"es_ES\" \/>\n<meta property=\"og:type\" content=\"article\" \/>\n<meta property=\"og:title\" content=\"\u00bfPor qu\u00e9 sale vello en la espalda? | Centros bedda\" \/>\n<meta property=\"og:description\" content=\"Entra ahora en el blog de Centros bedda y descubre por qu\u00e9 sale vello en la zona de la espalda. \u00a1Te lo contamos todo sobre este hecho!\" \/>\n<meta property=\"og:url\" content=\"https:\/\/agenciaseolocal.eu\/bedda\/por-que-sale-vello-espalda\/\" \/>\n<meta property=\"og:site_name\" content=\"Centros bedda\" \/>\n<meta property=\"article:publisher\" content=\"https:\/\/www.facebook.com\/centrobedda\" \/>\n<meta property=\"article:published_time\" content=\"2024-08-13T09:46:36+00:00\" \/>\n<meta property=\"og:image\" content=\"https:\/\/agenciaseolocal.eu\/bedda\/wp-content\/uploads\/2024\/07\/hombre-tocandose-la-espalda.webp\" \/>\n\t<meta property=\"og:image:width\" content=\"2000\" \/>\n\t<meta property=\"og:image:height\" content=\"700\" \/>\n\t<meta property=\"og:image:type\" content=\"image\/webp\" \/>\n<meta name=\"author\" content=\"Centros bedda\" \/>\n<meta name=\"twitter:card\" content=\"summary_large_image\" \/>\n<meta name=\"twitter:creator\" content=\"@centrosbedda\" \/>\n<meta name=\"twitter:site\" content=\"@centrosbedda\" \/>\n<meta name=\"twitter:label1\" content=\"Escrito por\" \/>\n\t<meta name=\"twitter:data1\" content=\"Centros bedda\" \/>\n\t<meta name=\"twitter:label2\" content=\"Tiempo de lectura\" \/>\n\t<meta name=\"twitter:data2\" content=\"4 minutos\" \/>\n<!-- \/ Yoast SEO plugin. -->","yoast_head_json":{"title":"\u00bfPor qu\u00e9 sale vello en la espalda? | Centros bedda","description":"Entra ahora en el blog de Centros bedda y descubre por qu\u00e9 sale vello en la zona de la espalda. \u00a1Te lo contamos todo sobre este hecho!","robots":{"index":"noindex","follow":"follow","max-snippet":"max-snippet:-1","max-image-preview":"max-image-preview:large","max-video-preview":"max-video-preview:-1"},"og_locale":"es_ES","og_type":"article","og_title":"\u00bfPor qu\u00e9 sale vello en la espalda? | Centros bedda","og_description":"Entra ahora en el blog de Centros bedda y descubre por qu\u00e9 sale vello en la zona de la espalda. \u00a1Te lo contamos todo sobre este hecho!","og_url":"https:\/\/agenciaseolocal.eu\/bedda\/por-que-sale-vello-espalda\/","og_site_name":"Centros bedda","article_publisher":"https:\/\/www.facebook.com\/centrobedda","article_published_time":"2024-08-13T09:46:36+00:00","og_image":[{"width":2000,"height":700,"url":"https:\/\/agenciaseolocal.eu\/bedda\/wp-content\/uploads\/2024\/07\/hombre-tocandose-la-espalda.webp","type":"image\/webp"}],"author":"Centros bedda","twitter_card":"summary_large_image","twitter_creator":"@centrosbedda","twitter_site":"@centrosbedda","twitter_misc":{"Escrito por":"Centros bedda","Tiempo de lectura":"4 minutos"},"schema":{"@context":"https:\/\/schema.org","@graph":[{"@type":"Article","@id":"https:\/\/agenciaseolocal.eu\/bedda\/por-que-sale-vello-espalda\/#article","isPartOf":{"@id":"https:\/\/agenciaseolocal.eu\/bedda\/por-que-sale-vello-espalda\/"},"author":{"name":"Centros bedda","@id":"https:\/\/agenciaseolocal.eu\/bedda\/#\/schema\/person\/ca3010faf67f189fd2de8d61a763fc8b"},"headline":"\u00bfPor qu\u00e9 sale vello en la espalda?","datePublished":"2024-08-13T09:46:36+00:00","mainEntityOfPage":{"@id":"https:\/\/agenciaseolocal.eu\/bedda\/por-que-sale-vello-espalda\/"},"wordCount":792,"commentCount":0,"publisher":{"@id":"https:\/\/agenciaseolocal.eu\/bedda\/#organization"},"image":{"@id":"https:\/\/agenciaseolocal.eu\/bedda\/por-que-sale-vello-espalda\/#primaryimage"},"thumbnailUrl":"https:\/\/agenciaseolocal.eu\/bedda\/wp-content\/uploads\/2024\/07\/hombre-tocandose-la-espalda.webp","articleSection":["Blog","Depilaci\u00f3n"],"inLanguage":"es","potentialAction":[{"@type":"CommentAction","name":"Comment","target":["https:\/\/agenciaseolocal.eu\/bedda\/por-que-sale-vello-espalda\/#respond"]}]},{"@type":"WebPage","@id":"https:\/\/agenciaseolocal.eu\/bedda\/por-que-sale-vello-espalda\/","url":"https:\/\/agenciaseolocal.eu\/bedda\/por-que-sale-vello-espalda\/","name":"\u00bfPor qu\u00e9 sale vello en la espalda? | Centros bedda","isPartOf":{"@id":"https:\/\/agenciaseolocal.eu\/bedda\/#website"},"primaryImageOfPage":{"@id":"https:\/\/agenciaseolocal.eu\/bedda\/por-que-sale-vello-espalda\/#primaryimage"},"image":{"@id":"https:\/\/agenciaseolocal.eu\/bedda\/por-que-sale-vello-espalda\/#primaryimage"},"thumbnailUrl":"https:\/\/agenciaseolocal.eu\/bedda\/wp-content\/uploads\/2024\/07\/hombre-tocandose-la-espalda.webp","datePublished":"2024-08-13T09:46:36+00:00","description":"Entra ahora en el blog de Centros bedda y descubre por qu\u00e9 sale vello en la zona de la espalda. \u00a1Te lo contamos todo sobre este hecho!","breadcrumb":{"@id":"https:\/\/agenciaseolocal.eu\/bedda\/por-que-sale-vello-espalda\/#breadcrumb"},"inLanguage":"es","potentialAction":[{"@type":"ReadAction","target":["https:\/\/agenciaseolocal.eu\/bedda\/por-que-sale-vello-espalda\/"]}]},{"@type":"ImageObject","inLanguage":"es","@id":"https:\/\/agenciaseolocal.eu\/bedda\/por-que-sale-vello-espalda\/#primaryimage","url":"https:\/\/agenciaseolocal.eu\/bedda\/wp-content\/uploads\/2024\/07\/hombre-tocandose-la-espalda.webp","contentUrl":"https:\/\/agenciaseolocal.eu\/bedda\/wp-content\/uploads\/2024\/07\/hombre-tocandose-la-espalda.webp","width":2000,"height":700,"caption":"hombre tocandose la espalda"},{"@type":"BreadcrumbList","@id":"https:\/\/agenciaseolocal.eu\/bedda\/por-que-sale-vello-espalda\/#breadcrumb","itemListElement":[{"@type":"ListItem","position":1,"name":"Portada","item":"https:\/\/agenciaseolocal.eu\/bedda\/"},{"@type":"ListItem","position":2,"name":"\u00bfPor qu\u00e9 sale vello en la espalda?"}]},{"@type":"WebSite","@id":"https:\/\/agenciaseolocal.eu\/bedda\/#website","url":"https:\/\/agenciaseolocal.eu\/bedda\/","name":"Centros bedda","description":"Centro de depilaci\u00f3n l\u00e1ser","publisher":{"@id":"https:\/\/agenciaseolocal.eu\/bedda\/#organization"},"potentialAction":[{"@type":"SearchAction","target":{"@type":"EntryPoint","urlTemplate":"https:\/\/agenciaseolocal.eu\/bedda\/?s={search_term_string}"},"query-input":{"@type":"PropertyValueSpecification","valueRequired":true,"valueName":"search_term_string"}}],"inLanguage":"es"},{"@type":"Organization","@id":"https:\/\/agenciaseolocal.eu\/bedda\/#organization","name":"Centros bedda","url":"https:\/\/agenciaseolocal.eu\/bedda\/","logo":{"@type":"ImageObject","inLanguage":"es","@id":"https:\/\/agenciaseolocal.eu\/bedda\/#\/schema\/logo\/image\/","url":"https:\/\/agenciaseolocal.eu\/bedda\/wp-content\/uploads\/2024\/04\/centros-bedda-depilacion-laser-logo.png","contentUrl":"https:\/\/agenciaseolocal.eu\/bedda\/wp-content\/uploads\/2024\/04\/centros-bedda-depilacion-laser-logo.png","width":220,"height":220,"caption":"Centros bedda"},"image":{"@id":"https:\/\/agenciaseolocal.eu\/bedda\/#\/schema\/logo\/image\/"},"sameAs":["https:\/\/www.facebook.com\/centrobedda","https:\/\/x.com\/centrosbedda","https:\/\/www.youtube.com\/channel\/UCV57tDnQcnHfTici1funk4g?app=desktop","https:\/\/www.instagram.com\/centrosbedda\/","https:\/\/www.linkedin.com\/company\/centros-bedda\/"]},{"@type":"Person","@id":"https:\/\/agenciaseolocal.eu\/bedda\/#\/schema\/person\/ca3010faf67f189fd2de8d61a763fc8b","name":"Centros bedda","image":{"@type":"ImageObject","inLanguage":"es","@id":"https:\/\/agenciaseolocal.eu\/bedda\/#\/schema\/person\/image\/","url":"https:\/\/secure.gravatar.com\/avatar\/ea1f00b0a249719594f6b50ee5d3214c2c192531d8f80f789208e2aa9605ac08?s=96&d=mm&r=g","contentUrl":"https:\/\/secure.gravatar.com\/avatar\/ea1f00b0a249719594f6b50ee5d3214c2c192531d8f80f789208e2aa9605ac08?s=96&d=mm&r=g","caption":"Centros bedda"},"url":"https:\/\/agenciaseolocal.eu\/bedda\/author\/mktpmp_gedfwb31y\/"}]}},"_links":{"self":[{"href":"https:\/\/agenciaseolocal.eu\/bedda\/wp-json\/wp\/v2\/posts\/987516959","targetHints":{"allow":["GET"]}}],"collection":[{"href":"https:\/\/agenciaseolocal.eu\/bedda\/wp-json\/wp\/v2\/posts"}],"about":[{"href":"https:\/\/agenciaseolocal.eu\/bedda\/wp-json\/wp\/v2\/types\/post"}],"author":[{"embeddable":true,"href":"https:\/\/agenciaseolocal.eu\/bedda\/wp-json\/wp\/v2\/users\/3"}],"replies":[{"embeddable":true,"href":"https:\/\/agenciaseolocal.eu\/bedda\/wp-json\/wp\/v2\/comments?post=987516959"}],"version-history":[{"count":1,"href":"https:\/\/agenciaseolocal.eu\/bedda\/wp-json\/wp\/v2\/posts\/987516959\/revisions"}],"predecessor-version":[{"id":987516964,"href":"https:\/\/agenciaseolocal.eu\/bedda\/wp-json\/wp\/v2\/posts\/987516959\/revisions\/987516964"}],"wp:featuredmedia":[{"embeddable":true,"href":"https:\/\/agenciaseolocal.eu\/bedda\/wp-json\/wp\/v2\/media\/987516963"}],"wp:attachment":[{"href":"https:\/\/agenciaseolocal.eu\/bedda\/wp-json\/wp\/v2\/media?parent=987516959"}],"wp:term":[{"taxonomy":"category","embeddable":true,"href":"https:\/\/agenciaseolocal.eu\/bedda\/wp-json\/wp\/v2\/categories?post=987516959"},{"taxonomy":"post_tag","embeddable":true,"href":"https:\/\/agenciaseolocal.eu\/bedda\/wp-json\/wp\/v2\/tags?post=987516959"}],"curies":[{"name":"wp","href":"https:\/\/api.w.org\/{rel}","templated":true}]}}