{"id":987516983,"date":"2024-08-21T10:59:31","date_gmt":"2024-08-21T08:59:31","guid":{"rendered":"https:\/\/centrosbedda.com\/?p=987516983"},"modified":"2024-07-29T13:31:30","modified_gmt":"2024-07-29T11:31:30","slug":"por-que-no-arrancar-vellos-raiz-antes-depilacion-laser","status":"publish","type":"post","link":"https:\/\/agenciaseolocal.eu\/bedda\/por-que-no-arrancar-vellos-raiz-antes-depilacion-laser\/","title":{"rendered":"Por qu\u00e9 no arrancar los vellos de ra\u00edz antes de la depilaci\u00f3n l\u00e1ser"},"content":{"rendered":"\n<p>Antes de someterse a la depilaci\u00f3n l\u00e1ser, es importante&nbsp;<strong>comprender por qu\u00e9 no se debe arrancar los vellos de ra\u00edz antes de la depilaci\u00f3n l\u00e1ser<\/strong>. En este art\u00edculo de&nbsp;<a href=\"https:\/\/agenciaseolocal.eu\/bedda\/\">Centros bedda<\/a>, exploraremos c\u00f3mo funciona la depilaci\u00f3n l\u00e1ser, la importancia de la ra\u00edz del vello en el tratamiento l\u00e1ser, y los efectos negativos de arrancar los vellos de ra\u00edz antes de la sesi\u00f3n l\u00e1ser.&nbsp;<\/p>\n\n\n\n<h2 class=\"wp-block-heading\">\u00bfC\u00f3mo funciona la depilaci\u00f3n l\u00e1ser?<\/h2>\n\n\n\n<p>La&nbsp;<a href=\"https:\/\/agenciaseolocal.eu\/bedda\/depilacion-laser-hombre\/\">depilaci\u00f3n l\u00e1ser para hombres<\/a>&nbsp;y mujeres utiliza pulsos de luz intensa para eliminar el vello no deseado de forma permanente. La luz del l\u00e1ser es absorbida por la melanina, el pigmento que le da color al vello. Una vez que la luz es absorbida por la melanina, se convierte en calor, destruyendo el fol\u00edculo piloso sin da\u00f1ar la piel circundante. A medida que se realiza el tratamiento, los vellos se debilitan y disminuyen en cantidad, dejando la piel suave y sin vello.<\/p>\n\n\n\n<p>Es importante destacar que&nbsp;<strong>el l\u00e1ser no puede eliminar el vello en una sola sesi\u00f3n<\/strong>, ya que el vello tiene diferentes fases de crecimiento. Para obtener resultados \u00f3ptimos, se recomiendan varias sesiones de depilaci\u00f3n l\u00e1ser para abordar los vellos en diferentes etapas de crecimiento.<\/p>\n\n\n\n<p>La&nbsp;<a href=\"https:\/\/agenciaseolocal.eu\/bedda\/depilacion-laser-mujer\/\">depilaci\u00f3n l\u00e1ser para mujeres<\/a>&nbsp;y hombres es un procedimiento seguro y efectivo, pero es fundamental seguir las recomendaciones del especialista para minimizar cualquier riesgo. Antes de someterse a este tratamiento, es importante evitar la exposici\u00f3n al sol y no realizar depilaci\u00f3n con cera, ya que esto puede interferir con el proceso de eliminaci\u00f3n del vello mediante l\u00e1ser.<\/p>\n\n\n\n<h2 class=\"wp-block-heading\">Importancia de la ra\u00edz del vello en el tratamiento l\u00e1ser<\/h2>\n\n\n\n<p>La ra\u00edz del vello es fundamental para el \u00e9xito de la depilaci\u00f3n l\u00e1ser. Durante el tratamiento, el l\u00e1ser se dirige a la melanina en la ra\u00edz del vello.<strong>&nbsp;Si se arranca los vellos de ra\u00edz antes de la sesi\u00f3n l\u00e1ser, el l\u00e1ser no podr\u00e1 utilizar la melanina para destruir el fol\u00edculo piloso<\/strong>. Como resultado, el tratamiento ser\u00e1 menos efectivo y se necesitar\u00e1n m\u00e1s sesiones para lograr resultados satisfactorios.<\/p>\n\n\n\n<p>Adem\u00e1s, arrancar los vellos de ra\u00edz puede causar irritaci\u00f3n, enrojecimiento e incluso infecciones en la piel. Esto puede dificultar la realizaci\u00f3n del tratamiento l\u00e1ser, ya que la piel necesita estar en buen estado para garantizar la seguridad y eficacia del l\u00e1ser.<\/p>\n\n\n\n<p>Es importante mencionar que&nbsp;<strong>la ra\u00edz del vello es la parte de la estructura capilar que se encuentra debajo de la piel y que est\u00e1 conectada al fol\u00edculo piloso<\/strong>. Esta ra\u00edz es la encargada de nutrir y hacer crecer el vello, por lo que su presencia es esencial para que el l\u00e1ser pueda actuar de manera efectiva.<\/p>\n\n\n\n<h2 class=\"wp-block-heading\">Efectos de arrancar los vellos de ra\u00edz antes de la sesi\u00f3n l\u00e1ser<\/h2>\n\n\n\n<p>Arrancar los vellos de ra\u00edz antes de la sesi\u00f3n l\u00e1ser puede tener consecuencias negativas en el proceso de depilaci\u00f3n l\u00e1ser. Como mencionamos anteriormente, arrancar los vellos de ra\u00edz afecta la capacidad del l\u00e1ser para destruir el fol\u00edculo piloso.  <\/p>\n\n\n\n<p>Por lo tanto, es recomendable evitar arrancar los vellos de ra\u00edz antes de la depilaci\u00f3n l\u00e1ser para obtener los mejores resultados posibles.<\/p>\n\n\n\n<p>La depilaci\u00f3n l\u00e1ser es un procedimiento cosm\u00e9tico popular que utiliza pulsos de luz para eliminar el vello no deseado de forma permanente. Este tratamiento es efectivo en diferentes \u00e1reas del cuerpo, como las piernas, axilas, rostro y zona del bikini. La luz del l\u00e1ser es absorbida por el pigmento en el fol\u00edculo piloso, lo que da\u00f1a el fol\u00edculo y evita que el vello vuelva a crecer.<\/p>\n\n\n\n<h2 class=\"wp-block-heading\">Consejos para maximizar los resultados de la depilaci\u00f3n l\u00e1ser<\/h2>\n\n\n\n<p>Para maximizar los resultados de la depilaci\u00f3n l\u00e1ser, es importante seguir algunos consejos importantes. En primer lugar, es recomendable&nbsp;<strong>evitar la exposici\u00f3n al sol antes y despu\u00e9s del tratamiento l\u00e1ser<\/strong>. La piel bronceada puede afectar la eficacia del l\u00e1ser y aumentar el riesgo de quemaduras. Adem\u00e1s, se recomienda&nbsp;<strong>mantener la piel hidratada y protegida<\/strong>, utilizando cremas o lociones recomendadas por un profesional de la est\u00e9tica.<\/p>\n\n\n\n<p>Tambi\u00e9n es importante&nbsp;<strong>seguir las recomendaciones espec\u00edficas del especialista&nbsp;<\/strong>en depilaci\u00f3n l\u00e1ser. Esto puede incluir evitar ciertos productos o procedimientos antes del tratamiento, as\u00ed como seguir una rutina de cuidado posterior para optimizar los resultados. Un especialista podr\u00e1 ofrecerte la mejor orientaci\u00f3n personalizada seg\u00fan las necesidades individuales.<\/p>\n","protected":false},"excerpt":{"rendered":"<p>Antes de someterse a la depilaci\u00f3n l\u00e1ser, es importante&nbsp;comprender por qu\u00e9 no se debe arrancar los vellos de ra\u00edz antes de la depilaci\u00f3n l\u00e1ser. En este art\u00edculo de&nbsp;Centros bedda, exploraremos c\u00f3mo funciona la depilaci\u00f3n l\u00e1ser, la importancia de la ra\u00edz del vello en el tratamiento l\u00e1ser, y los efectos negativos de arrancar los vellos de [&hellip;]<\/p>\n","protected":false},"author":3,"featured_media":987516997,"comment_status":"open","ping_status":"closed","sticky":false,"template":"","format":"standard","meta":{"_et_pb_use_builder":"off","_et_pb_old_content":"","_et_gb_content_width":"","_joinchat":[],"footnotes":""},"categories":[51,65],"tags":[],"class_list":["post-987516983","post","type-post","status-publish","format-standard","has-post-thumbnail","hentry","category-blog","category-depilacion"],"yoast_head":"<!-- This site is optimized with the Yoast SEO plugin v25.9 - https:\/\/yoast.com\/wordpress\/plugins\/seo\/ -->\n<title>Por qu\u00e9 no arrancar vello ra\u00edz antes depilaci\u00f3n | bedda<\/title>\n<meta name=\"description\" content=\"Entra ahora en el blog de Centros bedda y descubre por qu\u00e9 no debes arrancarte los vellos de ra\u00edz antes de la depilaci\u00f3n l\u00e1ser. \u00a1Te lo contamos!\" \/>\n<meta name=\"robots\" content=\"noindex, follow, max-snippet:-1, max-image-preview:large, max-video-preview:-1\" \/>\n<meta property=\"og:locale\" content=\"es_ES\" \/>\n<meta property=\"og:type\" content=\"article\" \/>\n<meta property=\"og:title\" content=\"Por qu\u00e9 no arrancar vello ra\u00edz antes depilaci\u00f3n | bedda\" \/>\n<meta property=\"og:description\" content=\"Entra ahora en el blog de Centros bedda y descubre por qu\u00e9 no debes arrancarte los vellos de ra\u00edz antes de la depilaci\u00f3n l\u00e1ser. \u00a1Te lo contamos!\" \/>\n<meta property=\"og:url\" content=\"https:\/\/agenciaseolocal.eu\/bedda\/por-que-no-arrancar-vellos-raiz-antes-depilacion-laser\/\" \/>\n<meta property=\"og:site_name\" content=\"Centros bedda\" \/>\n<meta property=\"article:publisher\" content=\"https:\/\/www.facebook.com\/centrobedda\" \/>\n<meta property=\"article:published_time\" content=\"2024-08-21T08:59:31+00:00\" \/>\n<meta property=\"og:image\" content=\"https:\/\/agenciaseolocal.eu\/bedda\/wp-content\/uploads\/2024\/07\/persona-depilandose-piernas-maquinilla.webp\" \/>\n\t<meta property=\"og:image:width\" content=\"2000\" \/>\n\t<meta property=\"og:image:height\" content=\"600\" \/>\n\t<meta property=\"og:image:type\" content=\"image\/webp\" \/>\n<meta name=\"author\" content=\"Centros bedda\" \/>\n<meta name=\"twitter:card\" content=\"summary_large_image\" \/>\n<meta name=\"twitter:creator\" content=\"@centrosbedda\" \/>\n<meta name=\"twitter:site\" content=\"@centrosbedda\" \/>\n<meta name=\"twitter:label1\" content=\"Escrito por\" \/>\n\t<meta name=\"twitter:data1\" content=\"Centros bedda\" \/>\n\t<meta name=\"twitter:label2\" content=\"Tiempo de lectura\" \/>\n\t<meta name=\"twitter:data2\" content=\"4 minutos\" \/>\n<!-- \/ Yoast SEO plugin. -->","yoast_head_json":{"title":"Por qu\u00e9 no arrancar vello ra\u00edz antes depilaci\u00f3n | bedda","description":"Entra ahora en el blog de Centros bedda y descubre por qu\u00e9 no debes arrancarte los vellos de ra\u00edz antes de la depilaci\u00f3n l\u00e1ser. \u00a1Te lo contamos!","robots":{"index":"noindex","follow":"follow","max-snippet":"max-snippet:-1","max-image-preview":"max-image-preview:large","max-video-preview":"max-video-preview:-1"},"og_locale":"es_ES","og_type":"article","og_title":"Por qu\u00e9 no arrancar vello ra\u00edz antes depilaci\u00f3n | bedda","og_description":"Entra ahora en el blog de Centros bedda y descubre por qu\u00e9 no debes arrancarte los vellos de ra\u00edz antes de la depilaci\u00f3n l\u00e1ser. \u00a1Te lo contamos!","og_url":"https:\/\/agenciaseolocal.eu\/bedda\/por-que-no-arrancar-vellos-raiz-antes-depilacion-laser\/","og_site_name":"Centros bedda","article_publisher":"https:\/\/www.facebook.com\/centrobedda","article_published_time":"2024-08-21T08:59:31+00:00","og_image":[{"width":2000,"height":600,"url":"https:\/\/agenciaseolocal.eu\/bedda\/wp-content\/uploads\/2024\/07\/persona-depilandose-piernas-maquinilla.webp","type":"image\/webp"}],"author":"Centros bedda","twitter_card":"summary_large_image","twitter_creator":"@centrosbedda","twitter_site":"@centrosbedda","twitter_misc":{"Escrito por":"Centros bedda","Tiempo de lectura":"4 minutos"},"schema":{"@context":"https:\/\/schema.org","@graph":[{"@type":"Article","@id":"https:\/\/agenciaseolocal.eu\/bedda\/por-que-no-arrancar-vellos-raiz-antes-depilacion-laser\/#article","isPartOf":{"@id":"https:\/\/agenciaseolocal.eu\/bedda\/por-que-no-arrancar-vellos-raiz-antes-depilacion-laser\/"},"author":{"name":"Centros bedda","@id":"https:\/\/agenciaseolocal.eu\/bedda\/#\/schema\/person\/ca3010faf67f189fd2de8d61a763fc8b"},"headline":"Por qu\u00e9 no arrancar los vellos de ra\u00edz antes de la depilaci\u00f3n l\u00e1ser","datePublished":"2024-08-21T08:59:31+00:00","mainEntityOfPage":{"@id":"https:\/\/agenciaseolocal.eu\/bedda\/por-que-no-arrancar-vellos-raiz-antes-depilacion-laser\/"},"wordCount":811,"commentCount":0,"publisher":{"@id":"https:\/\/agenciaseolocal.eu\/bedda\/#organization"},"image":{"@id":"https:\/\/agenciaseolocal.eu\/bedda\/por-que-no-arrancar-vellos-raiz-antes-depilacion-laser\/#primaryimage"},"thumbnailUrl":"https:\/\/agenciaseolocal.eu\/bedda\/wp-content\/uploads\/2024\/07\/persona-depilandose-piernas-maquinilla.webp","articleSection":["Blog","Depilaci\u00f3n"],"inLanguage":"es","potentialAction":[{"@type":"CommentAction","name":"Comment","target":["https:\/\/agenciaseolocal.eu\/bedda\/por-que-no-arrancar-vellos-raiz-antes-depilacion-laser\/#respond"]}]},{"@type":"WebPage","@id":"https:\/\/agenciaseolocal.eu\/bedda\/por-que-no-arrancar-vellos-raiz-antes-depilacion-laser\/","url":"https:\/\/agenciaseolocal.eu\/bedda\/por-que-no-arrancar-vellos-raiz-antes-depilacion-laser\/","name":"Por qu\u00e9 no arrancar vello ra\u00edz antes depilaci\u00f3n | bedda","isPartOf":{"@id":"https:\/\/agenciaseolocal.eu\/bedda\/#website"},"primaryImageOfPage":{"@id":"https:\/\/agenciaseolocal.eu\/bedda\/por-que-no-arrancar-vellos-raiz-antes-depilacion-laser\/#primaryimage"},"image":{"@id":"https:\/\/agenciaseolocal.eu\/bedda\/por-que-no-arrancar-vellos-raiz-antes-depilacion-laser\/#primaryimage"},"thumbnailUrl":"https:\/\/agenciaseolocal.eu\/bedda\/wp-content\/uploads\/2024\/07\/persona-depilandose-piernas-maquinilla.webp","datePublished":"2024-08-21T08:59:31+00:00","description":"Entra ahora en el blog de Centros bedda y descubre por qu\u00e9 no debes arrancarte los vellos de ra\u00edz antes de la depilaci\u00f3n l\u00e1ser. \u00a1Te lo contamos!","breadcrumb":{"@id":"https:\/\/agenciaseolocal.eu\/bedda\/por-que-no-arrancar-vellos-raiz-antes-depilacion-laser\/#breadcrumb"},"inLanguage":"es","potentialAction":[{"@type":"ReadAction","target":["https:\/\/agenciaseolocal.eu\/bedda\/por-que-no-arrancar-vellos-raiz-antes-depilacion-laser\/"]}]},{"@type":"ImageObject","inLanguage":"es","@id":"https:\/\/agenciaseolocal.eu\/bedda\/por-que-no-arrancar-vellos-raiz-antes-depilacion-laser\/#primaryimage","url":"https:\/\/agenciaseolocal.eu\/bedda\/wp-content\/uploads\/2024\/07\/persona-depilandose-piernas-maquinilla.webp","contentUrl":"https:\/\/agenciaseolocal.eu\/bedda\/wp-content\/uploads\/2024\/07\/persona-depilandose-piernas-maquinilla.webp","width":2000,"height":600,"caption":"persona depilandose piernas maquinilla"},{"@type":"BreadcrumbList","@id":"https:\/\/agenciaseolocal.eu\/bedda\/por-que-no-arrancar-vellos-raiz-antes-depilacion-laser\/#breadcrumb","itemListElement":[{"@type":"ListItem","position":1,"name":"Portada","item":"https:\/\/agenciaseolocal.eu\/bedda\/"},{"@type":"ListItem","position":2,"name":"Por qu\u00e9 no arrancar los vellos de ra\u00edz antes de la depilaci\u00f3n l\u00e1ser"}]},{"@type":"WebSite","@id":"https:\/\/agenciaseolocal.eu\/bedda\/#website","url":"https:\/\/agenciaseolocal.eu\/bedda\/","name":"Centros bedda","description":"Centro de depilaci\u00f3n l\u00e1ser","publisher":{"@id":"https:\/\/agenciaseolocal.eu\/bedda\/#organization"},"potentialAction":[{"@type":"SearchAction","target":{"@type":"EntryPoint","urlTemplate":"https:\/\/agenciaseolocal.eu\/bedda\/?s={search_term_string}"},"query-input":{"@type":"PropertyValueSpecification","valueRequired":true,"valueName":"search_term_string"}}],"inLanguage":"es"},{"@type":"Organization","@id":"https:\/\/agenciaseolocal.eu\/bedda\/#organization","name":"Centros bedda","url":"https:\/\/agenciaseolocal.eu\/bedda\/","logo":{"@type":"ImageObject","inLanguage":"es","@id":"https:\/\/agenciaseolocal.eu\/bedda\/#\/schema\/logo\/image\/","url":"https:\/\/agenciaseolocal.eu\/bedda\/wp-content\/uploads\/2024\/04\/centros-bedda-depilacion-laser-logo.png","contentUrl":"https:\/\/agenciaseolocal.eu\/bedda\/wp-content\/uploads\/2024\/04\/centros-bedda-depilacion-laser-logo.png","width":220,"height":220,"caption":"Centros bedda"},"image":{"@id":"https:\/\/agenciaseolocal.eu\/bedda\/#\/schema\/logo\/image\/"},"sameAs":["https:\/\/www.facebook.com\/centrobedda","https:\/\/x.com\/centrosbedda","https:\/\/www.youtube.com\/channel\/UCV57tDnQcnHfTici1funk4g?app=desktop","https:\/\/www.instagram.com\/centrosbedda\/","https:\/\/www.linkedin.com\/company\/centros-bedda\/"]},{"@type":"Person","@id":"https:\/\/agenciaseolocal.eu\/bedda\/#\/schema\/person\/ca3010faf67f189fd2de8d61a763fc8b","name":"Centros bedda","image":{"@type":"ImageObject","inLanguage":"es","@id":"https:\/\/agenciaseolocal.eu\/bedda\/#\/schema\/person\/image\/","url":"https:\/\/secure.gravatar.com\/avatar\/ea1f00b0a249719594f6b50ee5d3214c2c192531d8f80f789208e2aa9605ac08?s=96&d=mm&r=g","contentUrl":"https:\/\/secure.gravatar.com\/avatar\/ea1f00b0a249719594f6b50ee5d3214c2c192531d8f80f789208e2aa9605ac08?s=96&d=mm&r=g","caption":"Centros bedda"},"url":"https:\/\/agenciaseolocal.eu\/bedda\/author\/mktpmp_gedfwb31y\/"}]}},"_links":{"self":[{"href":"https:\/\/agenciaseolocal.eu\/bedda\/wp-json\/wp\/v2\/posts\/987516983","targetHints":{"allow":["GET"]}}],"collection":[{"href":"https:\/\/agenciaseolocal.eu\/bedda\/wp-json\/wp\/v2\/posts"}],"about":[{"href":"https:\/\/agenciaseolocal.eu\/bedda\/wp-json\/wp\/v2\/types\/post"}],"author":[{"embeddable":true,"href":"https:\/\/agenciaseolocal.eu\/bedda\/wp-json\/wp\/v2\/users\/3"}],"replies":[{"embeddable":true,"href":"https:\/\/agenciaseolocal.eu\/bedda\/wp-json\/wp\/v2\/comments?post=987516983"}],"version-history":[{"count":2,"href":"https:\/\/agenciaseolocal.eu\/bedda\/wp-json\/wp\/v2\/posts\/987516983\/revisions"}],"predecessor-version":[{"id":987517299,"href":"https:\/\/agenciaseolocal.eu\/bedda\/wp-json\/wp\/v2\/posts\/987516983\/revisions\/987517299"}],"wp:featuredmedia":[{"embeddable":true,"href":"https:\/\/agenciaseolocal.eu\/bedda\/wp-json\/wp\/v2\/media\/987516997"}],"wp:attachment":[{"href":"https:\/\/agenciaseolocal.eu\/bedda\/wp-json\/wp\/v2\/media?parent=987516983"}],"wp:term":[{"taxonomy":"category","embeddable":true,"href":"https:\/\/agenciaseolocal.eu\/bedda\/wp-json\/wp\/v2\/categories?post=987516983"},{"taxonomy":"post_tag","embeddable":true,"href":"https:\/\/agenciaseolocal.eu\/bedda\/wp-json\/wp\/v2\/tags?post=987516983"}],"curies":[{"name":"wp","href":"https:\/\/api.w.org\/{rel}","templated":true}]}}