{"id":987516984,"date":"2024-08-22T11:02:01","date_gmt":"2024-08-22T09:02:01","guid":{"rendered":"https:\/\/centrosbedda.com\/?p=987516984"},"modified":"2024-07-05T11:32:05","modified_gmt":"2024-07-05T09:32:05","slug":"5-zonas-mas-olvidadas-depilacion-laser","status":"publish","type":"post","link":"https:\/\/agenciaseolocal.eu\/bedda\/5-zonas-mas-olvidadas-depilacion-laser\/","title":{"rendered":"5 zonas m\u00e1s olvidadas en la depilaci\u00f3n l\u00e1ser"},"content":{"rendered":"\n<p>La&nbsp;<a href=\"https:\/\/agenciaseolocal.eu\/bedda\/\">depilaci\u00f3n l\u00e1ser<\/a>&nbsp;se ha convertido en una&nbsp;<strong>t\u00e9cnica muy popular para eliminar el vello no deseado de manera eficiente y duradera<\/strong>. Sin embargo, en muchas ocasiones, ciertas \u00e1reas del cuerpo son olvidadas durante las sesiones de depilaci\u00f3n l\u00e1ser.&nbsp;<\/p>\n\n\n\n<h2 class=\"wp-block-heading\">\u00bfPor qu\u00e9 es tan popular la depilaci\u00f3n l\u00e1ser?<\/h2>\n\n\n\n<p>Antes de adentrarnos en las zonas olvidadas, es importante entender por qu\u00e9 la depilaci\u00f3n l\u00e1ser se ha vuelto tan popular en los \u00faltimos a\u00f1os. Este m\u00e9todo utiliza pulsos de luz para destruir el fol\u00edculo piloso, evitando que el vello vuelva a crecer.<\/p>\n\n\n\n<p>A diferencia de otros m\u00e9todos de depilaci\u00f3n, como la cera o la maquinilla de afeitar,&nbsp;<strong>la depilaci\u00f3n l\u00e1ser ofrece resultados duraderos y una reducci\u00f3n significativa del vello en la zona tratada<\/strong>. Adem\u00e1s, es una opci\u00f3n menos dolorosa y m\u00e1s conveniente a largo plazo.<\/p>\n\n\n\n<p>La depilaci\u00f3n l\u00e1ser tambi\u00e9n es conocida por ser efectiva en diferentes tipos de piel y vello, lo que la convierte en una opci\u00f3n vers\u00e1til para personas de diversas caracter\u00edsticas. Aunque se necesitan varias sesiones para lograr resultados \u00f3ptimos, muchas personas encuentran que vale la pena la inversi\u00f3n de tiempo y dinero debido a la comodidad y eficacia del tratamiento.<\/p>\n\n\n\n<h2 class=\"wp-block-heading\">5 zonas m\u00e1s olvidadas en las sesiones l\u00e1ser<\/h2>\n\n\n\n<h3 class=\"wp-block-heading\">Dedos de los pies<\/h3>\n\n\n\n<p>Aunque pueda parecer una zona insignificante,&nbsp;<strong>depilar los dedos de los pies es fundamental para obtener un acabado impecable en la depilaci\u00f3n l\u00e1ser<\/strong>. Al dejar esta \u00e1rea sin tratar, se genera un contraste entre la piel suave y sin vello del resto del cuerpo y los dedos con vello. Es crucial prestar atenci\u00f3n a esta zona para obtener un resultado homog\u00e9neo en todas las \u00e1reas tratadas.<\/p>\n\n\n\n<h3 class=\"wp-block-heading\">L\u00ednea alba<\/h3>\n\n\n\n<p>Otra zona que a menudo es olvidada es la&nbsp;<a href=\"https:\/\/agenciaseolocal.eu\/bedda\/tratamientos\/depilacion-laser-linea-alba-mujer\/\">depilaci\u00f3n l\u00e1ser de l\u00ednea alba<\/a>, tambi\u00e9n conocida como la l\u00ednea vertical que aparece en el abdomen desde el ombligo hasta el pubis. Es importante tratar esta \u00e1rea para lograr una apariencia uniforme en todo el abdomen y evitar una l\u00ednea de demarcaci\u00f3n evidente. La&nbsp;<a href=\"https:\/\/agenciaseolocal.eu\/bedda\/depilacion-laser-mujer\/\">depilaci\u00f3n l\u00e1ser para mujeres<\/a>&nbsp;puede ayudarte a eliminar el vello no deseado y obtener una l\u00ednea alba suave y sin vellos.<\/p>\n\n\n\n<h3 class=\"wp-block-heading\">Abdomen<\/h3>\n\n\n\n<p>A pesar de que el abdomen es una de las \u00e1reas m\u00e1s comunes de depilaci\u00f3n l\u00e1ser, a menudo se olvidan ciertas partes, especialmente en los hombres. La&nbsp;<a href=\"https:\/\/agenciaseolocal.eu\/bedda\/tratamientos\/depilacion-laser-abdomen-hombre\/\">depilaci\u00f3n l\u00e1ser para abdomen<\/a>&nbsp;puede&nbsp;<strong>ayudarte a deshacerte del vello en toda el \u00e1rea abdominal<\/strong>,&nbsp;<strong>incluyendo el vello que se encuentra alrededor del ombligo y en la zona baja del abdomen<\/strong>. No olvides mencionar a tu especialista en&nbsp;<a href=\"https:\/\/agenciaseolocal.eu\/bedda\/depilacion-laser-hombre\/\">depilaci\u00f3n l\u00e1ser para hombres<\/a>&nbsp;que deseas incluir estas zonas en tu sesi\u00f3n.<\/p>\n\n\n\n<h3 class=\"wp-block-heading\">Areolas<\/h3>\n\n\n\n<p>Cuando se habla de depilaci\u00f3n l\u00e1ser, a menudo se piensa en las axilas, las piernas y la zona del bikini. Sin embargo, las areolas, es decir, los pezones, tambi\u00e9n son una zona olvidada en muchas sesiones. La&nbsp;<a href=\"https:\/\/agenciaseolocal.eu\/bedda\/tratamientos\/depilacion-laser-areolas-mujer\/\">depilaci\u00f3n l\u00e1ser en areolas<\/a>&nbsp;puede ser una gran opci\u00f3n para eliminar el vello no deseado en esta \u00e1rea sensible y lograr una apariencia m\u00e1s limpia y est\u00e9tica.<\/p>\n\n\n\n<h3 class=\"wp-block-heading\">Zona intergl\u00fatea y perianal<\/h3>\n\n\n\n<p>Por \u00faltimo, pero no menos importante, la zona intergl\u00fatea y perianal tambi\u00e9n son \u00e1reas frecuentemente olvidadas en la depilaci\u00f3n l\u00e1ser. Esta \u00e1rea, situada entre los gl\u00fateos y alrededor del ano,&nbsp;<strong>puede ser especialmente molesta si se deja sin depilar<\/strong>. La&nbsp;<a href=\"https:\/\/agenciaseolocal.eu\/bedda\/tratamientos\/depilacion-laser-intergluteo-hombre\/\">depilaci\u00f3n l\u00e1ser en zona intergl\u00fatea<\/a>&nbsp;puede darte comodidad y una apariencia m\u00e1s limpia en esta \u00e1rea tan particular.<\/p>\n\n\n\n<h2 class=\"wp-block-heading\">Centros bedda, expertos en depilaci\u00f3n l\u00e1ser<\/h2>\n\n\n\n<p>En Centros bedda nos especializamos en depilaci\u00f3n l\u00e1ser de calidad utilizando tecnolog\u00eda avanzada para garantizar resultados efectivos y duraderos. Nuestro equipo de profesionales personaliza cada tratamiento seg\u00fan tus necesidades, asegurando una experiencia segura y confortable.<\/p>\n\n\n\n<p><strong>Priorizamos tu satisfacci\u00f3n, ofreci\u00e9ndote un entorno acogedor y asesoramiento continuo<\/strong>. Con una s\u00f3lida reputaci\u00f3n en el sector, somos la elecci\u00f3n ideal para eliminar el vello no deseado. Si buscas soluciones seguras y permanentes,&nbsp;<a href=\"https:\/\/agenciaseolocal.eu\/bedda\/contactanos\/\">contacta con nosotros<\/a>&nbsp;y descubre c\u00f3mo podemos ayudarte a lograr una piel suave y sin vello.<\/p>\n","protected":false},"excerpt":{"rendered":"<p>La&nbsp;depilaci\u00f3n l\u00e1ser&nbsp;se ha convertido en una&nbsp;t\u00e9cnica muy popular para eliminar el vello no deseado de manera eficiente y duradera. Sin embargo, en muchas ocasiones, ciertas \u00e1reas del cuerpo son olvidadas durante las sesiones de depilaci\u00f3n l\u00e1ser.&nbsp; \u00bfPor qu\u00e9 es tan popular la depilaci\u00f3n l\u00e1ser? Antes de adentrarnos en las zonas olvidadas, es importante entender por [&hellip;]<\/p>\n","protected":false},"author":3,"featured_media":987515258,"comment_status":"open","ping_status":"closed","sticky":false,"template":"","format":"standard","meta":{"_et_pb_use_builder":"off","_et_pb_old_content":"","_et_gb_content_width":"","_joinchat":[],"footnotes":""},"categories":[51,65],"tags":[],"class_list":["post-987516984","post","type-post","status-publish","format-standard","has-post-thumbnail","hentry","category-blog","category-depilacion"],"yoast_head":"<!-- This site is optimized with the Yoast SEO plugin v25.9 - https:\/\/yoast.com\/wordpress\/plugins\/seo\/ -->\n<title>5 zonas m\u00e1s olvidadas en la depilaci\u00f3n l\u00e1ser | bedda<\/title>\n<meta name=\"description\" content=\"Entra ahora en el blog de Centros bedda y descubre las cinco zonas del cuerpo m\u00e1s olvidadas a la hora de realizar la depilaci\u00f3n l\u00e1ser. \u00a1Te lo contamos!\" \/>\n<meta name=\"robots\" content=\"noindex, follow, max-snippet:-1, max-image-preview:large, max-video-preview:-1\" \/>\n<meta property=\"og:locale\" content=\"es_ES\" \/>\n<meta property=\"og:type\" content=\"article\" \/>\n<meta property=\"og:title\" content=\"5 zonas m\u00e1s olvidadas en la depilaci\u00f3n l\u00e1ser | bedda\" \/>\n<meta property=\"og:description\" content=\"Entra ahora en el blog de Centros bedda y descubre las cinco zonas del cuerpo m\u00e1s olvidadas a la hora de realizar la depilaci\u00f3n l\u00e1ser. \u00a1Te lo contamos!\" \/>\n<meta property=\"og:url\" content=\"https:\/\/agenciaseolocal.eu\/bedda\/5-zonas-mas-olvidadas-depilacion-laser\/\" \/>\n<meta property=\"og:site_name\" content=\"Centros bedda\" \/>\n<meta property=\"article:publisher\" content=\"https:\/\/www.facebook.com\/centrobedda\" \/>\n<meta property=\"article:published_time\" content=\"2024-08-22T09:02:01+00:00\" \/>\n<meta property=\"og:image\" content=\"https:\/\/agenciaseolocal.eu\/bedda\/wp-content\/uploads\/2024\/03\/mujer-con-piel-perfecta-tocandose-cuello.jpg\" \/>\n\t<meta property=\"og:image:width\" content=\"1699\" \/>\n\t<meta property=\"og:image:height\" content=\"600\" \/>\n\t<meta property=\"og:image:type\" content=\"image\/jpeg\" \/>\n<meta name=\"author\" content=\"Centros bedda\" \/>\n<meta name=\"twitter:card\" content=\"summary_large_image\" \/>\n<meta name=\"twitter:creator\" content=\"@centrosbedda\" \/>\n<meta name=\"twitter:site\" content=\"@centrosbedda\" \/>\n<meta name=\"twitter:label1\" content=\"Escrito por\" \/>\n\t<meta name=\"twitter:data1\" content=\"Centros bedda\" \/>\n\t<meta name=\"twitter:label2\" content=\"Tiempo de lectura\" \/>\n\t<meta name=\"twitter:data2\" content=\"4 minutos\" \/>\n<!-- \/ Yoast SEO plugin. -->","yoast_head_json":{"title":"5 zonas m\u00e1s olvidadas en la depilaci\u00f3n l\u00e1ser | bedda","description":"Entra ahora en el blog de Centros bedda y descubre las cinco zonas del cuerpo m\u00e1s olvidadas a la hora de realizar la depilaci\u00f3n l\u00e1ser. \u00a1Te lo contamos!","robots":{"index":"noindex","follow":"follow","max-snippet":"max-snippet:-1","max-image-preview":"max-image-preview:large","max-video-preview":"max-video-preview:-1"},"og_locale":"es_ES","og_type":"article","og_title":"5 zonas m\u00e1s olvidadas en la depilaci\u00f3n l\u00e1ser | bedda","og_description":"Entra ahora en el blog de Centros bedda y descubre las cinco zonas del cuerpo m\u00e1s olvidadas a la hora de realizar la depilaci\u00f3n l\u00e1ser. \u00a1Te lo contamos!","og_url":"https:\/\/agenciaseolocal.eu\/bedda\/5-zonas-mas-olvidadas-depilacion-laser\/","og_site_name":"Centros bedda","article_publisher":"https:\/\/www.facebook.com\/centrobedda","article_published_time":"2024-08-22T09:02:01+00:00","og_image":[{"width":1699,"height":600,"url":"https:\/\/agenciaseolocal.eu\/bedda\/wp-content\/uploads\/2024\/03\/mujer-con-piel-perfecta-tocandose-cuello.jpg","type":"image\/jpeg"}],"author":"Centros bedda","twitter_card":"summary_large_image","twitter_creator":"@centrosbedda","twitter_site":"@centrosbedda","twitter_misc":{"Escrito por":"Centros bedda","Tiempo de lectura":"4 minutos"},"schema":{"@context":"https:\/\/schema.org","@graph":[{"@type":"Article","@id":"https:\/\/agenciaseolocal.eu\/bedda\/5-zonas-mas-olvidadas-depilacion-laser\/#article","isPartOf":{"@id":"https:\/\/agenciaseolocal.eu\/bedda\/5-zonas-mas-olvidadas-depilacion-laser\/"},"author":{"name":"Centros bedda","@id":"https:\/\/agenciaseolocal.eu\/bedda\/#\/schema\/person\/ca3010faf67f189fd2de8d61a763fc8b"},"headline":"5 zonas m\u00e1s olvidadas en la depilaci\u00f3n l\u00e1ser","datePublished":"2024-08-22T09:02:01+00:00","mainEntityOfPage":{"@id":"https:\/\/agenciaseolocal.eu\/bedda\/5-zonas-mas-olvidadas-depilacion-laser\/"},"wordCount":753,"commentCount":0,"publisher":{"@id":"https:\/\/agenciaseolocal.eu\/bedda\/#organization"},"image":{"@id":"https:\/\/agenciaseolocal.eu\/bedda\/5-zonas-mas-olvidadas-depilacion-laser\/#primaryimage"},"thumbnailUrl":"https:\/\/agenciaseolocal.eu\/bedda\/wp-content\/uploads\/2024\/03\/mujer-con-piel-perfecta-tocandose-cuello.jpg","articleSection":["Blog","Depilaci\u00f3n"],"inLanguage":"es","potentialAction":[{"@type":"CommentAction","name":"Comment","target":["https:\/\/agenciaseolocal.eu\/bedda\/5-zonas-mas-olvidadas-depilacion-laser\/#respond"]}]},{"@type":"WebPage","@id":"https:\/\/agenciaseolocal.eu\/bedda\/5-zonas-mas-olvidadas-depilacion-laser\/","url":"https:\/\/agenciaseolocal.eu\/bedda\/5-zonas-mas-olvidadas-depilacion-laser\/","name":"5 zonas m\u00e1s olvidadas en la depilaci\u00f3n l\u00e1ser | bedda","isPartOf":{"@id":"https:\/\/agenciaseolocal.eu\/bedda\/#website"},"primaryImageOfPage":{"@id":"https:\/\/agenciaseolocal.eu\/bedda\/5-zonas-mas-olvidadas-depilacion-laser\/#primaryimage"},"image":{"@id":"https:\/\/agenciaseolocal.eu\/bedda\/5-zonas-mas-olvidadas-depilacion-laser\/#primaryimage"},"thumbnailUrl":"https:\/\/agenciaseolocal.eu\/bedda\/wp-content\/uploads\/2024\/03\/mujer-con-piel-perfecta-tocandose-cuello.jpg","datePublished":"2024-08-22T09:02:01+00:00","description":"Entra ahora en el blog de Centros bedda y descubre las cinco zonas del cuerpo m\u00e1s olvidadas a la hora de realizar la depilaci\u00f3n l\u00e1ser. \u00a1Te lo contamos!","breadcrumb":{"@id":"https:\/\/agenciaseolocal.eu\/bedda\/5-zonas-mas-olvidadas-depilacion-laser\/#breadcrumb"},"inLanguage":"es","potentialAction":[{"@type":"ReadAction","target":["https:\/\/agenciaseolocal.eu\/bedda\/5-zonas-mas-olvidadas-depilacion-laser\/"]}]},{"@type":"ImageObject","inLanguage":"es","@id":"https:\/\/agenciaseolocal.eu\/bedda\/5-zonas-mas-olvidadas-depilacion-laser\/#primaryimage","url":"https:\/\/agenciaseolocal.eu\/bedda\/wp-content\/uploads\/2024\/03\/mujer-con-piel-perfecta-tocandose-cuello.jpg","contentUrl":"https:\/\/agenciaseolocal.eu\/bedda\/wp-content\/uploads\/2024\/03\/mujer-con-piel-perfecta-tocandose-cuello.jpg","width":1699,"height":600,"caption":"mujer con piel perfecta toc\u00e1ndose cuello"},{"@type":"BreadcrumbList","@id":"https:\/\/agenciaseolocal.eu\/bedda\/5-zonas-mas-olvidadas-depilacion-laser\/#breadcrumb","itemListElement":[{"@type":"ListItem","position":1,"name":"Portada","item":"https:\/\/agenciaseolocal.eu\/bedda\/"},{"@type":"ListItem","position":2,"name":"5 zonas m\u00e1s olvidadas en la depilaci\u00f3n l\u00e1ser"}]},{"@type":"WebSite","@id":"https:\/\/agenciaseolocal.eu\/bedda\/#website","url":"https:\/\/agenciaseolocal.eu\/bedda\/","name":"Centros bedda","description":"Centro de depilaci\u00f3n l\u00e1ser","publisher":{"@id":"https:\/\/agenciaseolocal.eu\/bedda\/#organization"},"potentialAction":[{"@type":"SearchAction","target":{"@type":"EntryPoint","urlTemplate":"https:\/\/agenciaseolocal.eu\/bedda\/?s={search_term_string}"},"query-input":{"@type":"PropertyValueSpecification","valueRequired":true,"valueName":"search_term_string"}}],"inLanguage":"es"},{"@type":"Organization","@id":"https:\/\/agenciaseolocal.eu\/bedda\/#organization","name":"Centros bedda","url":"https:\/\/agenciaseolocal.eu\/bedda\/","logo":{"@type":"ImageObject","inLanguage":"es","@id":"https:\/\/agenciaseolocal.eu\/bedda\/#\/schema\/logo\/image\/","url":"https:\/\/agenciaseolocal.eu\/bedda\/wp-content\/uploads\/2024\/04\/centros-bedda-depilacion-laser-logo.png","contentUrl":"https:\/\/agenciaseolocal.eu\/bedda\/wp-content\/uploads\/2024\/04\/centros-bedda-depilacion-laser-logo.png","width":220,"height":220,"caption":"Centros bedda"},"image":{"@id":"https:\/\/agenciaseolocal.eu\/bedda\/#\/schema\/logo\/image\/"},"sameAs":["https:\/\/www.facebook.com\/centrobedda","https:\/\/x.com\/centrosbedda","https:\/\/www.youtube.com\/channel\/UCV57tDnQcnHfTici1funk4g?app=desktop","https:\/\/www.instagram.com\/centrosbedda\/","https:\/\/www.linkedin.com\/company\/centros-bedda\/"]},{"@type":"Person","@id":"https:\/\/agenciaseolocal.eu\/bedda\/#\/schema\/person\/ca3010faf67f189fd2de8d61a763fc8b","name":"Centros bedda","image":{"@type":"ImageObject","inLanguage":"es","@id":"https:\/\/agenciaseolocal.eu\/bedda\/#\/schema\/person\/image\/","url":"https:\/\/secure.gravatar.com\/avatar\/ea1f00b0a249719594f6b50ee5d3214c2c192531d8f80f789208e2aa9605ac08?s=96&d=mm&r=g","contentUrl":"https:\/\/secure.gravatar.com\/avatar\/ea1f00b0a249719594f6b50ee5d3214c2c192531d8f80f789208e2aa9605ac08?s=96&d=mm&r=g","caption":"Centros bedda"},"url":"https:\/\/agenciaseolocal.eu\/bedda\/author\/mktpmp_gedfwb31y\/"}]}},"_links":{"self":[{"href":"https:\/\/agenciaseolocal.eu\/bedda\/wp-json\/wp\/v2\/posts\/987516984","targetHints":{"allow":["GET"]}}],"collection":[{"href":"https:\/\/agenciaseolocal.eu\/bedda\/wp-json\/wp\/v2\/posts"}],"about":[{"href":"https:\/\/agenciaseolocal.eu\/bedda\/wp-json\/wp\/v2\/types\/post"}],"author":[{"embeddable":true,"href":"https:\/\/agenciaseolocal.eu\/bedda\/wp-json\/wp\/v2\/users\/3"}],"replies":[{"embeddable":true,"href":"https:\/\/agenciaseolocal.eu\/bedda\/wp-json\/wp\/v2\/comments?post=987516984"}],"version-history":[{"count":1,"href":"https:\/\/agenciaseolocal.eu\/bedda\/wp-json\/wp\/v2\/posts\/987516984\/revisions"}],"predecessor-version":[{"id":987516999,"href":"https:\/\/agenciaseolocal.eu\/bedda\/wp-json\/wp\/v2\/posts\/987516984\/revisions\/987516999"}],"wp:featuredmedia":[{"embeddable":true,"href":"https:\/\/agenciaseolocal.eu\/bedda\/wp-json\/wp\/v2\/media\/987515258"}],"wp:attachment":[{"href":"https:\/\/agenciaseolocal.eu\/bedda\/wp-json\/wp\/v2\/media?parent=987516984"}],"wp:term":[{"taxonomy":"category","embeddable":true,"href":"https:\/\/agenciaseolocal.eu\/bedda\/wp-json\/wp\/v2\/categories?post=987516984"},{"taxonomy":"post_tag","embeddable":true,"href":"https:\/\/agenciaseolocal.eu\/bedda\/wp-json\/wp\/v2\/tags?post=987516984"}],"curies":[{"name":"wp","href":"https:\/\/api.w.org\/{rel}","templated":true}]}}