{"id":987516985,"date":"2024-08-23T11:03:40","date_gmt":"2024-08-23T09:03:40","guid":{"rendered":"https:\/\/centrosbedda.com\/?p=987516985"},"modified":"2024-07-29T13:33:49","modified_gmt":"2024-07-29T11:33:49","slug":"depilacion-laser-acne-compatibles","status":"publish","type":"post","link":"https:\/\/agenciaseolocal.eu\/bedda\/depilacion-laser-acne-compatibles\/","title":{"rendered":"Depilaci\u00f3n l\u00e1ser y acn\u00e9: \u00bfCompatibles?"},"content":{"rendered":"\n<p>La depilaci\u00f3n l\u00e1ser es un&nbsp;<strong>tratamiento est\u00e9tico cada vez m\u00e1s popular para eliminar el vello no deseado de forma duradera<\/strong>. Sin embargo, muchas personas se preguntan si este tratamiento es compatible con el acn\u00e9. En este art\u00edculo de&nbsp;<a href=\"https:\/\/agenciaseolocal.eu\/bedda\/\">Centros bedda<\/a>, exploraremos esta pregunta y veremos c\u00f3mo la depilaci\u00f3n l\u00e1ser puede afectar el acn\u00e9 y viceversa.<\/p>\n\n\n\n<h2 class=\"wp-block-heading\">\u00bfEs compatible la depilaci\u00f3n l\u00e1ser con acn\u00e9?<\/h2>\n\n\n\n<p>Antes de responder a esta pregunta, es importante entender que la depilaci\u00f3n l\u00e1ser y el acn\u00e9 son dos condiciones diferentes que afectan a la piel. La depilaci\u00f3n l\u00e1ser se realiza mediante la aplicaci\u00f3n de pulsos de luz intensa en el fol\u00edculo piloso, lo que debilita el vello y eventualmente lo elimina. Por otro lado, el acn\u00e9 es una afecci\u00f3n inflamatoria que se produce cuando los poros de la piel se obstruyen con sebo y c\u00e9lulas muertas, causando puntos negros, espinillas y granos.<\/p>\n\n\n\n<p>A primera vista, puede parecer que la depilaci\u00f3n l\u00e1ser no tendr\u00eda ning\u00fan efecto en el acn\u00e9. Sin embargo,&nbsp;<strong>algunos estudios sugieren que el tratamiento con depilaci\u00f3n l\u00e1ser puede tener un impacto positivo en la reducci\u00f3n del acn\u00e9<\/strong>. Esto se debe a que la luz emitida durante la depilaci\u00f3n l\u00e1ser puede penetrar en las capas m\u00e1s profundas de la piel, reduciendo la inflamaci\u00f3n y matando las bacterias que causan el acn\u00e9.<\/p>\n\n\n\n<p>La relaci\u00f3n entre la depilaci\u00f3n l\u00e1ser y el acn\u00e9 ha generado inter\u00e9s en la comunidad cient\u00edfica, ya que se ha observado que algunos pacientes experimentan una mejora en su condici\u00f3n de acn\u00e9 despu\u00e9s de someterse a sesiones de&nbsp;<a href=\"https:\/\/agenciaseolocal.eu\/bedda\/depilacion-laser-hombre\/\">depilaci\u00f3n l\u00e1ser para hombres<\/a>&nbsp;y mujeres. Se cree que la acci\u00f3n de la luz sobre las gl\u00e1ndulas seb\u00e1ceas puede regular la producci\u00f3n de sebo, lo que a su vez puede ayudar a prevenir la obstrucci\u00f3n de los poros y la formaci\u00f3n de nuevas lesiones de acn\u00e9.<\/p>\n\n\n\n<p>Hay ciertos casos en los que la depilaci\u00f3n l\u00e1ser puede no ser compatible con el acn\u00e9, cuando la zona est\u00e1 muy afectada o est\u00e1 en brote de acn\u00e9 y est\u00e1 infectado, por ello es importante realizar una valoraci\u00f3n previa de la zona nuestros t\u00e9cnicos especialistas.<\/p>\n\n\n\n<p>Si la zona a depilar presenta infecci\u00f3n, p\u00fastulas o heridas provocadas por el acn\u00e9, es recomendable no realizar la sesi\u00f3n de depilaci\u00f3n l\u00e1ser, podemos posponer la sesi\u00f3n y reagendarla para otro momento en el que la zona est\u00e9 recuperada.<\/p>\n\n\n\n<h2 class=\"wp-block-heading\">\u00bfLa depilaci\u00f3n l\u00e1ser con acn\u00e9 ayuda a reducirlo?<\/h2>\n\n\n\n<p>Aunque la&nbsp;<a href=\"https:\/\/agenciaseolocal.eu\/bedda\/depilacion-laser-mujer\/\">depilaci\u00f3n l\u00e1ser para mujeres<\/a>&nbsp;y hombres puede ayudar a reducir el acn\u00e9,&nbsp;<strong>no se puede considerar como un tratamiento espec\u00edfico para esta afecci\u00f3n<\/strong>. La depilaci\u00f3n l\u00e1ser se centra en eliminar el vello no deseado y puede tener efectos secundarios m\u00ednimos en la piel, como enrojecimiento o sensibilidad temporal. Sin embargo, antes de someterse a la depilaci\u00f3n l\u00e1ser, es importante consultar a un dermat\u00f3logo para determinar si es la mejor opci\u00f3n para tratar el acn\u00e9.<\/p>\n\n\n\n<p>Es posible que la depilaci\u00f3n l\u00e1ser ayude a reducir el acn\u00e9 al disminuir la producci\u00f3n de sebo en los fol\u00edculos pilosos y minimizar la inflamaci\u00f3n de la piel. Sin embargo, es importante tener en cuenta que los resultados pueden variar de una persona a otra y no todos los pacientes experimentar\u00e1n una mejora significativa en su acn\u00e9 despu\u00e9s del tratamiento con depilaci\u00f3n l\u00e1ser.<\/p>\n\n\n\n<p>La depilaci\u00f3n l\u00e1ser funciona emitiendo pulsos de luz que son absorbidos por el pigmento en los fol\u00edculos pilosos, lo que da\u00f1a el fol\u00edculo y evita que el vello vuelva a crecer. Este proceso tambi\u00e9n puede tener un&nbsp;<strong>efecto positivo en el acn\u00e9 al reducir la producci\u00f3n de sebo<\/strong>, una sustancia aceitosa que puede obstruir los poros y causar brotes de acn\u00e9.&nbsp;<\/p>\n\n\n\n<h2 class=\"wp-block-heading\">Beneficios de la depilaci\u00f3n l\u00e1ser facial para tu piel<\/h2>\n\n\n\n<p>Adem\u00e1s de la posible reducci\u00f3n del acn\u00e9, la depilaci\u00f3n l\u00e1ser facial puede ofrecer otros beneficios para tu piel. A continuaci\u00f3n, destacaremos algunos de ellos:<\/p>\n\n\n\n<h3 class=\"wp-block-heading\">Mayor suavidad<\/h3>\n\n\n\n<p>Despu\u00e9s de varias sesiones de depilaci\u00f3n l\u00e1ser facial, notar\u00e1s que&nbsp;<strong>tu piel se vuelve m\u00e1s suave y libre de vello no deseado<\/strong>. Esto se debe a que el tratamiento elimina de manera efectiva el vello en la ra\u00edz, debilit\u00e1ndolo y eventualmente evitando su crecimiento.<\/p>\n\n\n\n<h3 class=\"wp-block-heading\">Mejora a la hora de afeitarse<\/h3>\n\n\n\n<p>Si tienes el h\u00e1bito de afeitarte el vello facial, la depilaci\u00f3n l\u00e1ser puede ser una opci\u00f3n a considerar. A medida que el vello se debilita y se reduce, notar\u00e1s que el afeitado se vuelve m\u00e1s f\u00e1cil y menos irritante. Ya no tendr\u00e1s que preocuparte por los cortes o la irritaci\u00f3n causados por las cuchillas de afeitar.<\/p>\n\n\n\n<h3 class=\"wp-block-heading\">Facilidad a la hora de usar cosm\u00e9ticos<\/h3>\n\n\n\n<p>La depilaci\u00f3n l\u00e1ser facial tambi\u00e9n&nbsp;<strong>puede facilitar la aplicaci\u00f3n de productos cosm\u00e9ticos, como maquillaje o cremas hidratantes<\/strong>. Al eliminar el vello no deseado, tu piel estar\u00e1 lista para recibir y absorber mejor los productos, lo que puede mejorar la eficacia de tu rutina de cuidado facial.<\/p>\n\n\n\n<h2 class=\"wp-block-heading\">Centros bedda, expertos en depilaci\u00f3n l\u00e1ser facial<\/h2>\n\n\n\n<p>Si est\u00e1s considerando someterte a la&nbsp;<a href=\"https:\/\/agenciaseolocal.eu\/bedda\/tratamientos\/depilacion-laser-facial-mujer\/\">depilaci\u00f3n l\u00e1ser facial para mujeres<\/a>&nbsp;y hombres, es importante buscar un centro especializado y seguro. Los centros bedda son reconocidos como expertos en depilaci\u00f3n l\u00e1ser facial. Con la ayuda de profesionales y tecnolog\u00eda avanzada, puedes estar seguro de que recibir\u00e1s un tratamiento seguro y efectivo para lograr los resultados deseados. \u00a1No lo dudes m\u00e1s y&nbsp;<a href=\"https:\/\/agenciaseolocal.eu\/bedda\/contactanos\/\">cont\u00e1ctanos<\/a>!<\/p>\n","protected":false},"excerpt":{"rendered":"<p>La depilaci\u00f3n l\u00e1ser es un&nbsp;tratamiento est\u00e9tico cada vez m\u00e1s popular para eliminar el vello no deseado de forma duradera. Sin embargo, muchas personas se preguntan si este tratamiento es compatible con el acn\u00e9. En este art\u00edculo de&nbsp;Centros bedda, exploraremos esta pregunta y veremos c\u00f3mo la depilaci\u00f3n l\u00e1ser puede afectar el acn\u00e9 y viceversa. \u00bfEs compatible [&hellip;]<\/p>\n","protected":false},"author":3,"featured_media":987517000,"comment_status":"open","ping_status":"closed","sticky":false,"template":"","format":"standard","meta":{"_et_pb_use_builder":"off","_et_pb_old_content":"","_et_gb_content_width":"","_joinchat":[],"footnotes":""},"categories":[51,65],"tags":[],"class_list":["post-987516985","post","type-post","status-publish","format-standard","has-post-thumbnail","hentry","category-blog","category-depilacion"],"yoast_head":"<!-- This site is optimized with the Yoast SEO plugin v25.9 - https:\/\/yoast.com\/wordpress\/plugins\/seo\/ -->\n<title>Depilaci\u00f3n l\u00e1ser y acn\u00e9: \u00bfCompatibles? | Centros bedda<\/title>\n<meta name=\"description\" content=\"Entra ahora en el blog de Centros bedda y descubre si el acn\u00e9 es compatible con la depilaci\u00f3n l\u00e1ser. \u00a1Te lo contamos absolutamente todo!\" \/>\n<meta name=\"robots\" content=\"noindex, follow, max-snippet:-1, max-image-preview:large, max-video-preview:-1\" \/>\n<meta property=\"og:locale\" content=\"es_ES\" \/>\n<meta property=\"og:type\" content=\"article\" \/>\n<meta property=\"og:title\" content=\"Depilaci\u00f3n l\u00e1ser y acn\u00e9: \u00bfCompatibles? | Centros bedda\" \/>\n<meta property=\"og:description\" content=\"Entra ahora en el blog de Centros bedda y descubre si el acn\u00e9 es compatible con la depilaci\u00f3n l\u00e1ser. \u00a1Te lo contamos absolutamente todo!\" \/>\n<meta property=\"og:url\" content=\"https:\/\/agenciaseolocal.eu\/bedda\/depilacion-laser-acne-compatibles\/\" \/>\n<meta property=\"og:site_name\" content=\"Centros bedda\" \/>\n<meta property=\"article:publisher\" content=\"https:\/\/www.facebook.com\/centrobedda\" \/>\n<meta property=\"article:published_time\" content=\"2024-08-23T09:03:40+00:00\" \/>\n<meta property=\"og:image\" content=\"https:\/\/agenciaseolocal.eu\/bedda\/wp-content\/uploads\/2024\/07\/chica-joven-acne-en-la-cara.webp\" \/>\n\t<meta property=\"og:image:width\" content=\"1919\" \/>\n\t<meta property=\"og:image:height\" content=\"600\" \/>\n\t<meta property=\"og:image:type\" content=\"image\/webp\" \/>\n<meta name=\"author\" content=\"Centros bedda\" \/>\n<meta name=\"twitter:card\" content=\"summary_large_image\" \/>\n<meta name=\"twitter:creator\" content=\"@centrosbedda\" \/>\n<meta name=\"twitter:site\" content=\"@centrosbedda\" \/>\n<meta name=\"twitter:label1\" content=\"Escrito por\" \/>\n\t<meta name=\"twitter:data1\" content=\"Centros bedda\" \/>\n\t<meta name=\"twitter:label2\" content=\"Tiempo de lectura\" \/>\n\t<meta name=\"twitter:data2\" content=\"5 minutos\" \/>\n<!-- \/ Yoast SEO plugin. -->","yoast_head_json":{"title":"Depilaci\u00f3n l\u00e1ser y acn\u00e9: \u00bfCompatibles? | Centros bedda","description":"Entra ahora en el blog de Centros bedda y descubre si el acn\u00e9 es compatible con la depilaci\u00f3n l\u00e1ser. \u00a1Te lo contamos absolutamente todo!","robots":{"index":"noindex","follow":"follow","max-snippet":"max-snippet:-1","max-image-preview":"max-image-preview:large","max-video-preview":"max-video-preview:-1"},"og_locale":"es_ES","og_type":"article","og_title":"Depilaci\u00f3n l\u00e1ser y acn\u00e9: \u00bfCompatibles? | Centros bedda","og_description":"Entra ahora en el blog de Centros bedda y descubre si el acn\u00e9 es compatible con la depilaci\u00f3n l\u00e1ser. \u00a1Te lo contamos absolutamente todo!","og_url":"https:\/\/agenciaseolocal.eu\/bedda\/depilacion-laser-acne-compatibles\/","og_site_name":"Centros bedda","article_publisher":"https:\/\/www.facebook.com\/centrobedda","article_published_time":"2024-08-23T09:03:40+00:00","og_image":[{"width":1919,"height":600,"url":"https:\/\/agenciaseolocal.eu\/bedda\/wp-content\/uploads\/2024\/07\/chica-joven-acne-en-la-cara.webp","type":"image\/webp"}],"author":"Centros bedda","twitter_card":"summary_large_image","twitter_creator":"@centrosbedda","twitter_site":"@centrosbedda","twitter_misc":{"Escrito por":"Centros bedda","Tiempo de lectura":"5 minutos"},"schema":{"@context":"https:\/\/schema.org","@graph":[{"@type":"Article","@id":"https:\/\/agenciaseolocal.eu\/bedda\/depilacion-laser-acne-compatibles\/#article","isPartOf":{"@id":"https:\/\/agenciaseolocal.eu\/bedda\/depilacion-laser-acne-compatibles\/"},"author":{"name":"Centros bedda","@id":"https:\/\/agenciaseolocal.eu\/bedda\/#\/schema\/person\/ca3010faf67f189fd2de8d61a763fc8b"},"headline":"Depilaci\u00f3n l\u00e1ser y acn\u00e9: \u00bfCompatibles?","datePublished":"2024-08-23T09:03:40+00:00","mainEntityOfPage":{"@id":"https:\/\/agenciaseolocal.eu\/bedda\/depilacion-laser-acne-compatibles\/"},"wordCount":998,"commentCount":0,"publisher":{"@id":"https:\/\/agenciaseolocal.eu\/bedda\/#organization"},"image":{"@id":"https:\/\/agenciaseolocal.eu\/bedda\/depilacion-laser-acne-compatibles\/#primaryimage"},"thumbnailUrl":"https:\/\/agenciaseolocal.eu\/bedda\/wp-content\/uploads\/2024\/07\/chica-joven-acne-en-la-cara.webp","articleSection":["Blog","Depilaci\u00f3n"],"inLanguage":"es","potentialAction":[{"@type":"CommentAction","name":"Comment","target":["https:\/\/agenciaseolocal.eu\/bedda\/depilacion-laser-acne-compatibles\/#respond"]}]},{"@type":"WebPage","@id":"https:\/\/agenciaseolocal.eu\/bedda\/depilacion-laser-acne-compatibles\/","url":"https:\/\/agenciaseolocal.eu\/bedda\/depilacion-laser-acne-compatibles\/","name":"Depilaci\u00f3n l\u00e1ser y acn\u00e9: \u00bfCompatibles? | Centros bedda","isPartOf":{"@id":"https:\/\/agenciaseolocal.eu\/bedda\/#website"},"primaryImageOfPage":{"@id":"https:\/\/agenciaseolocal.eu\/bedda\/depilacion-laser-acne-compatibles\/#primaryimage"},"image":{"@id":"https:\/\/agenciaseolocal.eu\/bedda\/depilacion-laser-acne-compatibles\/#primaryimage"},"thumbnailUrl":"https:\/\/agenciaseolocal.eu\/bedda\/wp-content\/uploads\/2024\/07\/chica-joven-acne-en-la-cara.webp","datePublished":"2024-08-23T09:03:40+00:00","description":"Entra ahora en el blog de Centros bedda y descubre si el acn\u00e9 es compatible con la depilaci\u00f3n l\u00e1ser. \u00a1Te lo contamos absolutamente todo!","breadcrumb":{"@id":"https:\/\/agenciaseolocal.eu\/bedda\/depilacion-laser-acne-compatibles\/#breadcrumb"},"inLanguage":"es","potentialAction":[{"@type":"ReadAction","target":["https:\/\/agenciaseolocal.eu\/bedda\/depilacion-laser-acne-compatibles\/"]}]},{"@type":"ImageObject","inLanguage":"es","@id":"https:\/\/agenciaseolocal.eu\/bedda\/depilacion-laser-acne-compatibles\/#primaryimage","url":"https:\/\/agenciaseolocal.eu\/bedda\/wp-content\/uploads\/2024\/07\/chica-joven-acne-en-la-cara.webp","contentUrl":"https:\/\/agenciaseolocal.eu\/bedda\/wp-content\/uploads\/2024\/07\/chica-joven-acne-en-la-cara.webp","width":1919,"height":600,"caption":"chica joven acne en la cara"},{"@type":"BreadcrumbList","@id":"https:\/\/agenciaseolocal.eu\/bedda\/depilacion-laser-acne-compatibles\/#breadcrumb","itemListElement":[{"@type":"ListItem","position":1,"name":"Portada","item":"https:\/\/agenciaseolocal.eu\/bedda\/"},{"@type":"ListItem","position":2,"name":"Depilaci\u00f3n l\u00e1ser y acn\u00e9: \u00bfCompatibles?"}]},{"@type":"WebSite","@id":"https:\/\/agenciaseolocal.eu\/bedda\/#website","url":"https:\/\/agenciaseolocal.eu\/bedda\/","name":"Centros bedda","description":"Centro de depilaci\u00f3n l\u00e1ser","publisher":{"@id":"https:\/\/agenciaseolocal.eu\/bedda\/#organization"},"potentialAction":[{"@type":"SearchAction","target":{"@type":"EntryPoint","urlTemplate":"https:\/\/agenciaseolocal.eu\/bedda\/?s={search_term_string}"},"query-input":{"@type":"PropertyValueSpecification","valueRequired":true,"valueName":"search_term_string"}}],"inLanguage":"es"},{"@type":"Organization","@id":"https:\/\/agenciaseolocal.eu\/bedda\/#organization","name":"Centros bedda","url":"https:\/\/agenciaseolocal.eu\/bedda\/","logo":{"@type":"ImageObject","inLanguage":"es","@id":"https:\/\/agenciaseolocal.eu\/bedda\/#\/schema\/logo\/image\/","url":"https:\/\/agenciaseolocal.eu\/bedda\/wp-content\/uploads\/2024\/04\/centros-bedda-depilacion-laser-logo.png","contentUrl":"https:\/\/agenciaseolocal.eu\/bedda\/wp-content\/uploads\/2024\/04\/centros-bedda-depilacion-laser-logo.png","width":220,"height":220,"caption":"Centros bedda"},"image":{"@id":"https:\/\/agenciaseolocal.eu\/bedda\/#\/schema\/logo\/image\/"},"sameAs":["https:\/\/www.facebook.com\/centrobedda","https:\/\/x.com\/centrosbedda","https:\/\/www.youtube.com\/channel\/UCV57tDnQcnHfTici1funk4g?app=desktop","https:\/\/www.instagram.com\/centrosbedda\/","https:\/\/www.linkedin.com\/company\/centros-bedda\/"]},{"@type":"Person","@id":"https:\/\/agenciaseolocal.eu\/bedda\/#\/schema\/person\/ca3010faf67f189fd2de8d61a763fc8b","name":"Centros bedda","image":{"@type":"ImageObject","inLanguage":"es","@id":"https:\/\/agenciaseolocal.eu\/bedda\/#\/schema\/person\/image\/","url":"https:\/\/secure.gravatar.com\/avatar\/ea1f00b0a249719594f6b50ee5d3214c2c192531d8f80f789208e2aa9605ac08?s=96&d=mm&r=g","contentUrl":"https:\/\/secure.gravatar.com\/avatar\/ea1f00b0a249719594f6b50ee5d3214c2c192531d8f80f789208e2aa9605ac08?s=96&d=mm&r=g","caption":"Centros bedda"},"url":"https:\/\/agenciaseolocal.eu\/bedda\/author\/mktpmp_gedfwb31y\/"}]}},"_links":{"self":[{"href":"https:\/\/agenciaseolocal.eu\/bedda\/wp-json\/wp\/v2\/posts\/987516985","targetHints":{"allow":["GET"]}}],"collection":[{"href":"https:\/\/agenciaseolocal.eu\/bedda\/wp-json\/wp\/v2\/posts"}],"about":[{"href":"https:\/\/agenciaseolocal.eu\/bedda\/wp-json\/wp\/v2\/types\/post"}],"author":[{"embeddable":true,"href":"https:\/\/agenciaseolocal.eu\/bedda\/wp-json\/wp\/v2\/users\/3"}],"replies":[{"embeddable":true,"href":"https:\/\/agenciaseolocal.eu\/bedda\/wp-json\/wp\/v2\/comments?post=987516985"}],"version-history":[{"count":2,"href":"https:\/\/agenciaseolocal.eu\/bedda\/wp-json\/wp\/v2\/posts\/987516985\/revisions"}],"predecessor-version":[{"id":987517301,"href":"https:\/\/agenciaseolocal.eu\/bedda\/wp-json\/wp\/v2\/posts\/987516985\/revisions\/987517301"}],"wp:featuredmedia":[{"embeddable":true,"href":"https:\/\/agenciaseolocal.eu\/bedda\/wp-json\/wp\/v2\/media\/987517000"}],"wp:attachment":[{"href":"https:\/\/agenciaseolocal.eu\/bedda\/wp-json\/wp\/v2\/media?parent=987516985"}],"wp:term":[{"taxonomy":"category","embeddable":true,"href":"https:\/\/agenciaseolocal.eu\/bedda\/wp-json\/wp\/v2\/categories?post=987516985"},{"taxonomy":"post_tag","embeddable":true,"href":"https:\/\/agenciaseolocal.eu\/bedda\/wp-json\/wp\/v2\/tags?post=987516985"}],"curies":[{"name":"wp","href":"https:\/\/api.w.org\/{rel}","templated":true}]}}